{"id":6144,"date":"2015-10-20T13:38:41","date_gmt":"2015-10-20T11:38:41","guid":{"rendered":"http:\/\/www.naturparkmagazin.de\/vdn\/?p=6144"},"modified":"2015-10-21T10:55:32","modified_gmt":"2015-10-21T08:55:32","slug":"anton-auerhahn","status":"publish","type":"post","link":"https:\/\/www.naturparkmagazin.de\/vdn\/anton-auerhahn\/","title":{"rendered":"Anton Auerhahn"},"content":{"rendered":"<div id=\"attachment_6153\" style=\"width: 310px\" class=\"wp-caption aligncenter\"><a href=\"https:\/\/www.naturparkmagazin.de\/vdn\/wp-content\/uploads\/sites\/3\/auerhahn-b.jpg\"><img aria-describedby=\"caption-attachment-6153\" decoding=\"async\" loading=\"lazy\" class=\"size-full wp-image-6153\" src=\"https:\/\/www.naturparkmagazin.de\/vdn\/wp-content\/uploads\/sites\/3\/auerhahn-b.jpg\" alt=\"Auerhahn \u00a9 VDN\/Hotelmama\" width=\"300\" height=\"500\" srcset=\"https:\/\/www.naturparkmagazin.de\/vdn\/wp-content\/uploads\/sites\/3\/auerhahn-b.jpg 300w, https:\/\/www.naturparkmagazin.de\/vdn\/wp-content\/uploads\/sites\/3\/auerhahn-b-200x333.jpg 200w\" sizes=\"(max-width: 300px) 100vw, 300px\" \/><\/a><p id=\"caption-attachment-6153\" class=\"wp-caption-text\">Auerhahn \u00a9 VDN\/Hotelmama<\/p><\/div>\n<p>lebt hoch oben auf dem Feldberg im Naturpark S\u00fcdschwarzwald. Eines Tages ist er wie vom Erdboden verschwunden. Bei der Suche nach Anton Auerhahn durch den Wichtelwald kann man auf den Stationen des Wichtelpfades viel \u00fcber die Lebensweise von Anton und Auerh\u00fchner erfahren. Und eines sei schon verraten: Die Geschichte geht Gott sei Dank gut aus!<\/p>\n<p>Der Wichtelpfad im Wichtelwald liegt im Naturschutzgebiet Feldberg. Der Pfad ist ungef\u00e4hr 1,8 km lang und wendet sich vor allem an Kinder zwischen 4 und 10 Jahren. Da der Weg f\u00fcr Kinderwagen nicht geeignet ist, k\u00f6nnen im Haus der Natur R\u00fcckentragen ausgeliehen werden.<\/p>\n<p>Der Pfad beginnt in Feldberg-Ort zwischen Feldberger Hof und Caf\u00e9 Waldvogel. Witterungsbedingt ist er nur zwischen Mai und Oktober begehbar &#8211; in der \u00fcbrigen Zeit halten Wichtel ohnehin Winterschlaf. Besuchen Sie den Wichtelweg auch im Internet unter <a href=\"http:\/\/www.wichtelpfad.info\">www.wichtelpfad.info<\/a>.<\/p>\n<p>Bei unserem <a href=\"https:\/\/www.naturparkmagazin.de\/vdn\/das-auerhahn-quiz\/\" target=\"_blank\">Auerhahn-Quiz unter Naturpark-Entdecker<\/a> kann man vieles \u00fcber Anton Auerhahn erfahren und wer uns das richtige L\u00f6sungswort schickt, kann einen der sch\u00f6nen Preise gewinnen.<\/p>\n","protected":false},"excerpt":{"rendered":"<p>lebt hoch oben auf dem Feldberg im Naturpark S\u00fcdschwarzwald. Eines Tages ist er wie vom Erdboden verschwunden. Bei der Suche nach Anton durch den Wichtelwald kann man viel \u00fcber die Lebensweise der Auerh\u00fchner erfahren. <\/p>\n","protected":false},"author":51,"featured_media":6155,"comment_status":"open","ping_status":"open","sticky":false,"template":"","format":"standard","meta":{"_links_to":"","_links_to_target":""},"categories":[8],"tags":[316,35,33,86,81],"yoast_head":"<!-- This site is optimized with the Yoast SEO plugin v19.10 - https:\/\/yoast.com\/wordpress\/plugins\/seo\/ -->\n<title>Anton Auerhahn<\/title>\n<meta name=\"description\" content=\"lebt hoch oben auf dem Feldberg im Naturpark S\u00fcdschwarzwald. Eines Tages ist er wie vom Erdboden verschwunden. Bei der Suche nach Anton durch den Wichtelwald kann man viel \u00fcber die Lebensweise der Auerh\u00fchner erfahren.\" \/>\n<meta name=\"robots\" content=\"index, follow, max-snippet:-1, max-image-preview:large, max-video-preview:-1\" \/>\n<link rel=\"canonical\" href=\"https:\/\/www.naturparkmagazin.de\/vdn\/anton-auerhahn\/\" \/>\n<meta property=\"og:locale\" content=\"de_DE\" \/>\n<meta property=\"og:type\" content=\"article\" \/>\n<meta property=\"og:title\" content=\"Anton Auerhahn\" \/>\n<meta property=\"og:description\" content=\"lebt hoch oben auf dem Feldberg im Naturpark S\u00fcdschwarzwald. Eines Tages ist er wie vom Erdboden verschwunden. Bei der Suche nach Anton durch den Wichtelwald kann man viel \u00fcber die Lebensweise der Auerh\u00fchner erfahren.\" \/>\n<meta property=\"og:url\" content=\"https:\/\/www.naturparkmagazin.de\/vdn\/anton-auerhahn\/\" \/>\n<meta property=\"og:site_name\" content=\"Verband Deutscher Naturparke\" \/>\n<meta property=\"article:published_time\" content=\"2015-10-20T11:38:41+00:00\" \/>\n<meta property=\"article:modified_time\" content=\"2015-10-21T08:55:32+00:00\" \/>\n<meta property=\"og:image\" content=\"https:\/\/www.naturparkmagazin.de\/vdn\/wp-content\/uploads\/sites\/3\/auerhahn.jpg\" \/>\n\t<meta property=\"og:image:width\" content=\"250\" \/>\n\t<meta property=\"og:image:height\" content=\"250\" \/>\n\t<meta property=\"og:image:type\" content=\"image\/jpeg\" \/>\n<meta name=\"author\" content=\"beatrixlosem\" \/>\n<meta name=\"twitter:label1\" content=\"Verfasst von\" \/>\n\t<meta name=\"twitter:data1\" content=\"beatrixlosem\" \/>\n\t<meta name=\"twitter:label2\" content=\"Gesch\u00e4tzte Lesezeit\" \/>\n\t<meta name=\"twitter:data2\" content=\"1\u00a0Minute\" \/>\n<script type=\"application\/ld+json\" class=\"yoast-schema-graph\">{\"@context\":\"https:\/\/schema.org\",\"@graph\":[{\"@type\":\"WebPage\",\"@id\":\"https:\/\/www.naturparkmagazin.de\/vdn\/anton-auerhahn\/\",\"url\":\"https:\/\/www.naturparkmagazin.de\/vdn\/anton-auerhahn\/\",\"name\":\"Anton Auerhahn\",\"isPartOf\":{\"@id\":\"https:\/\/www.naturparkmagazin.de\/vdn\/#website\"},\"datePublished\":\"2015-10-20T11:38:41+00:00\",\"dateModified\":\"2015-10-21T08:55:32+00:00\",\"author\":{\"@id\":\"https:\/\/www.naturparkmagazin.de\/vdn\/#\/schema\/person\/d71357578c318b6db03be60b1f60396b\"},\"description\":\"lebt hoch oben auf dem Feldberg im Naturpark S\u00fcdschwarzwald. Eines Tages ist er wie vom Erdboden verschwunden. Bei der Suche nach Anton durch den Wichtelwald kann man viel \u00fcber die Lebensweise der Auerh\u00fchner erfahren.\",\"breadcrumb\":{\"@id\":\"https:\/\/www.naturparkmagazin.de\/vdn\/anton-auerhahn\/#breadcrumb\"},\"inLanguage\":\"de\",\"potentialAction\":[{\"@type\":\"ReadAction\",\"target\":[\"https:\/\/www.naturparkmagazin.de\/vdn\/anton-auerhahn\/\"]}]},{\"@type\":\"BreadcrumbList\",\"@id\":\"https:\/\/www.naturparkmagazin.de\/vdn\/anton-auerhahn\/#breadcrumb\",\"itemListElement\":[{\"@type\":\"ListItem\",\"position\":1,\"name\":\"Home\",\"item\":\"https:\/\/www.naturparkmagazin.de\/vdn\/\"},{\"@type\":\"ListItem\",\"position\":2,\"name\":\"Anton Auerhahn\"}]},{\"@type\":\"WebSite\",\"@id\":\"https:\/\/www.naturparkmagazin.de\/vdn\/#website\",\"url\":\"https:\/\/www.naturparkmagazin.de\/vdn\/\",\"name\":\"Verband Deutscher Naturparke\",\"description\":\"Eine weitere Naturparkmagazin.de Netzwerk Seite\",\"potentialAction\":[{\"@type\":\"SearchAction\",\"target\":{\"@type\":\"EntryPoint\",\"urlTemplate\":\"https:\/\/www.naturparkmagazin.de\/vdn\/?s={search_term_string}\"},\"query-input\":\"required name=search_term_string\"}],\"inLanguage\":\"de\"},{\"@type\":\"Person\",\"@id\":\"https:\/\/www.naturparkmagazin.de\/vdn\/#\/schema\/person\/d71357578c318b6db03be60b1f60396b\",\"name\":\"beatrixlosem\",\"url\":\"https:\/\/www.naturparkmagazin.de\/vdn\/author\/beatrixlosem\/\"}]}<\/script>\n<!-- \/ Yoast SEO plugin. -->","yoast_head_json":{"title":"Anton Auerhahn","description":"lebt hoch oben auf dem Feldberg im Naturpark S\u00fcdschwarzwald. Eines Tages ist er wie vom Erdboden verschwunden. Bei der Suche nach Anton durch den Wichtelwald kann man viel \u00fcber die Lebensweise der Auerh\u00fchner erfahren.","robots":{"index":"index","follow":"follow","max-snippet":"max-snippet:-1","max-image-preview":"max-image-preview:large","max-video-preview":"max-video-preview:-1"},"canonical":"https:\/\/www.naturparkmagazin.de\/vdn\/anton-auerhahn\/","og_locale":"de_DE","og_type":"article","og_title":"Anton Auerhahn","og_description":"lebt hoch oben auf dem Feldberg im Naturpark S\u00fcdschwarzwald. Eines Tages ist er wie vom Erdboden verschwunden. Bei der Suche nach Anton durch den Wichtelwald kann man viel \u00fcber die Lebensweise der Auerh\u00fchner erfahren.","og_url":"https:\/\/www.naturparkmagazin.de\/vdn\/anton-auerhahn\/","og_site_name":"Verband Deutscher Naturparke","article_published_time":"2015-10-20T11:38:41+00:00","article_modified_time":"2015-10-21T08:55:32+00:00","og_image":[{"width":250,"height":250,"url":"https:\/\/www.naturparkmagazin.de\/vdn\/wp-content\/uploads\/sites\/3\/auerhahn.jpg","type":"image\/jpeg"}],"author":"beatrixlosem","twitter_misc":{"Verfasst von":"beatrixlosem","Gesch\u00e4tzte Lesezeit":"1\u00a0Minute"},"schema":{"@context":"https:\/\/schema.org","@graph":[{"@type":"WebPage","@id":"https:\/\/www.naturparkmagazin.de\/vdn\/anton-auerhahn\/","url":"https:\/\/www.naturparkmagazin.de\/vdn\/anton-auerhahn\/","name":"Anton Auerhahn","isPartOf":{"@id":"https:\/\/www.naturparkmagazin.de\/vdn\/#website"},"datePublished":"2015-10-20T11:38:41+00:00","dateModified":"2015-10-21T08:55:32+00:00","author":{"@id":"https:\/\/www.naturparkmagazin.de\/vdn\/#\/schema\/person\/d71357578c318b6db03be60b1f60396b"},"description":"lebt hoch oben auf dem Feldberg im Naturpark S\u00fcdschwarzwald. Eines Tages ist er wie vom Erdboden verschwunden. Bei der Suche nach Anton durch den Wichtelwald kann man viel \u00fcber die Lebensweise der Auerh\u00fchner erfahren.","breadcrumb":{"@id":"https:\/\/www.naturparkmagazin.de\/vdn\/anton-auerhahn\/#breadcrumb"},"inLanguage":"de","potentialAction":[{"@type":"ReadAction","target":["https:\/\/www.naturparkmagazin.de\/vdn\/anton-auerhahn\/"]}]},{"@type":"BreadcrumbList","@id":"https:\/\/www.naturparkmagazin.de\/vdn\/anton-auerhahn\/#breadcrumb","itemListElement":[{"@type":"ListItem","position":1,"name":"Home","item":"https:\/\/www.naturparkmagazin.de\/vdn\/"},{"@type":"ListItem","position":2,"name":"Anton Auerhahn"}]},{"@type":"WebSite","@id":"https:\/\/www.naturparkmagazin.de\/vdn\/#website","url":"https:\/\/www.naturparkmagazin.de\/vdn\/","name":"Verband Deutscher Naturparke","description":"Eine weitere Naturparkmagazin.de Netzwerk Seite","potentialAction":[{"@type":"SearchAction","target":{"@type":"EntryPoint","urlTemplate":"https:\/\/www.naturparkmagazin.de\/vdn\/?s={search_term_string}"},"query-input":"required name=search_term_string"}],"inLanguage":"de"},{"@type":"Person","@id":"https:\/\/www.naturparkmagazin.de\/vdn\/#\/schema\/person\/d71357578c318b6db03be60b1f60396b","name":"beatrixlosem","url":"https:\/\/www.naturparkmagazin.de\/vdn\/author\/beatrixlosem\/"}]}},"_links":{"self":[{"href":"https:\/\/www.naturparkmagazin.de\/vdn\/wp-json\/wp\/v2\/posts\/6144"}],"collection":[{"href":"https:\/\/www.naturparkmagazin.de\/vdn\/wp-json\/wp\/v2\/posts"}],"about":[{"href":"https:\/\/www.naturparkmagazin.de\/vdn\/wp-json\/wp\/v2\/types\/post"}],"author":[{"embeddable":true,"href":"https:\/\/www.naturparkmagazin.de\/vdn\/wp-json\/wp\/v2\/users\/51"}],"replies":[{"embeddable":true,"href":"https:\/\/www.naturparkmagazin.de\/vdn\/wp-json\/wp\/v2\/comments?post=6144"}],"version-history":[{"count":5,"href":"https:\/\/www.naturparkmagazin.de\/vdn\/wp-json\/wp\/v2\/posts\/6144\/revisions"}],"predecessor-version":[{"id":6154,"href":"https:\/\/www.naturparkmagazin.de\/vdn\/wp-json\/wp\/v2\/posts\/6144\/revisions\/6154"}],"wp:featuredmedia":[{"embeddable":true,"href":"https:\/\/www.naturparkmagazin.de\/vdn\/wp-json\/wp\/v2\/media\/6155"}],"wp:attachment":[{"href":"https:\/\/www.naturparkmagazin.de\/vdn\/wp-json\/wp\/v2\/media?parent=6144"}],"wp:term":[{"taxonomy":"category","embeddable":true,"href":"https:\/\/www.naturparkmagazin.de\/vdn\/wp-json\/wp\/v2\/categories?post=6144"},{"taxonomy":"post_tag","embeddable":true,"href":"https:\/\/www.naturparkmagazin.de\/vdn\/wp-json\/wp\/v2\/tags?post=6144"}],"curies":[{"name":"wp","href":"https:\/\/api.w.org\/{rel}","templated":true}]}}