{"id":6190,"date":"2015-11-18T09:38:34","date_gmt":"2015-11-18T08:38:34","guid":{"rendered":"http:\/\/www.naturparkmagazin.de\/vdn\/?p=6190"},"modified":"2015-11-26T14:53:25","modified_gmt":"2015-11-26T13:53:25","slug":"detlef-lins","status":"publish","type":"post","link":"https:\/\/www.naturparkmagazin.de\/vdn\/detlef-lins\/","title":{"rendered":"Detlef Lins"},"content":{"rendered":"<div id=\"attachment_6191\" style=\"width: 310px\" class=\"wp-caption aligncenter\"><a href=\"https:\/\/www.naturparkmagazin.de\/vdn\/wp-content\/uploads\/sites\/3\/Portraitfoto-Lins-Beitrag.jpg\"><img aria-describedby=\"caption-attachment-6191\" decoding=\"async\" loading=\"lazy\" class=\"size-full wp-image-6191\" src=\"https:\/\/www.naturparkmagazin.de\/vdn\/wp-content\/uploads\/sites\/3\/Portraitfoto-Lins-Beitrag.jpg\" alt=\"\u00a9 Detlef Lins\" width=\"300\" height=\"499\" srcset=\"https:\/\/www.naturparkmagazin.de\/vdn\/wp-content\/uploads\/sites\/3\/Portraitfoto-Lins-Beitrag.jpg 300w, https:\/\/www.naturparkmagazin.de\/vdn\/wp-content\/uploads\/sites\/3\/Portraitfoto-Lins-Beitrag-200x333.jpg 200w\" sizes=\"(max-width: 300px) 100vw, 300px\" \/><\/a><p id=\"caption-attachment-6191\" class=\"wp-caption-text\">\u00a9 Detlef Lins<\/p><\/div>\n<p>&nbsp;<\/p>\n<p>ist Gesch\u00e4ftsf\u00fchrer des im April 2015 neu gegr\u00fcndeten Vereins \u201eNaturpark Sauerland-Rothaargebirge e.V.\u201c, der in der kommenden Woche auch die offizielle Anerkennung f\u00fcr den Naturpark Sauerland-Rothaargebirge durch das Land NRW erhalten wird. Der neue Naturpark ist ein Zusammenschluss der Naturparke Homert, Ebbegebirge und Rothaargebirge. Was seine neue Aufgabe besonders reizvoll und spannend macht, verr\u00e4t er uns gerne.<\/p>\n<p>\u201eDie Gestaltung des neuen Naturparks Sauerland-Rothaargebirge ist eine spannende Aufgabe! Er ist der zweitgr\u00f6\u00dfte Naturpark Deutschlands. Aber der Naturpark Sauerland-Rothaargebirge soll nicht durch Gr\u00f6\u00dfe, sondern durch Qualit\u00e4ten \u00fcberzeugen! Unsere Aufgabe wird zun\u00e4chst sein, zu entscheiden, welche Infrastruktur wir aus den vorherigen Naturparken Homert, Ebbegebirge und Rothaargebirge \u00fcbernehmen werden. Danach gilt es, im Rahmen des zu erarbeitenden Naturparkplans gute Projekte zu initiieren und hochwertige Angebote f\u00fcr Freunde der Natur zu schaffen.<\/p>\n<p>Ein motiviertes Team mit einer Gesch\u00e4ftsstelle in Bad Fredeburg und vier Regionalmanagern in der Fl\u00e4che stehen f\u00fcr diesen Prozess bereit und freuen sich auf die neue Herausforderung!\u201c<\/p>\n<p>&nbsp;<\/p>\n<p>&nbsp;<\/p>\n<p><strong><em>Zur Person:<\/em><\/strong>\n<em>Detlef Lins ist 49 Jahre alt, verheiratet und wohnt mit Frau und 3 T\u00f6chtern in Sundern. Seine Hobbys sind Wanderungen mit der Familie und Labradorh\u00fcndin Nala, Fu\u00dfball und Lesen.<\/em><\/p>\n<p><em>Nach seiner Ausbildung zum Beamten des mittleren Dienstes und zum Diplom Verwaltungswirt war er unter anderem bei der Stadt Sundern in der Bauverwaltung und Liegenschaften und Geb\u00e4udewirtschaft t\u00e4tig.<\/em><\/p>\n<p><em>Bis 2009 war er Betriebsleitender Gesch\u00e4ftsf\u00fchrer der Sorpesee GmbH, danach bis Oktober 2015 B\u00fcrgermeister der Stadt Sundern.<\/em><\/p>\n<p><em>Seit 01.11.2015 ist Detlef Lins Gesch\u00e4ftsf\u00fchrer des Naturparks Sauerland-Rothaargebirge<\/em><\/p>\n<p><em>\u00a0<\/em><\/p>\n<p>&nbsp;<\/p>\n","protected":false},"excerpt":{"rendered":"<p>ist Gesch\u00e4ftsf\u00fchrer des im April 2015 neu gegr\u00fcndeten Vereins \u201eNaturpark Sauerland-Rothaargebirge e.V.\u201c, der in der kommenden Woche auch die offizielle Anerkennung f\u00fcr den Naturpark Sauerland-Rothaargebirge durch das Land NRW erhalten wird. Was seine neue Aufgabe besonders reizvoll und spannend macht, verr\u00e4t er uns gerne. <\/p>\n","protected":false},"author":51,"featured_media":6192,"comment_status":"open","ping_status":"open","sticky":false,"template":"","format":"standard","meta":{"_links_to":"","_links_to_target":""},"categories":[8],"tags":[316,3155,81,535],"yoast_head":"<!-- This site is optimized with the Yoast SEO plugin v19.10 - https:\/\/yoast.com\/wordpress\/plugins\/seo\/ -->\n<title>Detlef Lins<\/title>\n<meta name=\"description\" content=\"ist Gesch\u00e4ftsf\u00fchrer des im April 2015 neu gegr\u00fcndeten Vereins \u201eNaturpark Sauerland-Rothaargebirge e.V.\u201c, der in der kommenden Woche auch die offizielle Anerkennung f\u00fcr den Naturpark Sauerland-Rothaargebirge durch das Land NRW erhalten wird. Was seine neue Aufgabe besonders reizvoll und spannend macht, verr\u00e4t er uns gerne.\" \/>\n<meta name=\"robots\" content=\"index, follow, max-snippet:-1, max-image-preview:large, max-video-preview:-1\" \/>\n<link rel=\"canonical\" href=\"https:\/\/www.naturparkmagazin.de\/vdn\/detlef-lins\/\" \/>\n<meta property=\"og:locale\" content=\"de_DE\" \/>\n<meta property=\"og:type\" content=\"article\" \/>\n<meta property=\"og:title\" content=\"Detlef Lins\" \/>\n<meta property=\"og:description\" content=\"ist Gesch\u00e4ftsf\u00fchrer des im April 2015 neu gegr\u00fcndeten Vereins \u201eNaturpark Sauerland-Rothaargebirge e.V.\u201c, der in der kommenden Woche auch die offizielle Anerkennung f\u00fcr den Naturpark Sauerland-Rothaargebirge durch das Land NRW erhalten wird. Was seine neue Aufgabe besonders reizvoll und spannend macht, verr\u00e4t er uns gerne.\" \/>\n<meta property=\"og:url\" content=\"https:\/\/www.naturparkmagazin.de\/vdn\/detlef-lins\/\" \/>\n<meta property=\"og:site_name\" content=\"Verband Deutscher Naturparke\" \/>\n<meta property=\"article:published_time\" content=\"2015-11-18T08:38:34+00:00\" \/>\n<meta property=\"article:modified_time\" content=\"2015-11-26T13:53:25+00:00\" \/>\n<meta property=\"og:image\" content=\"https:\/\/www.naturparkmagazin.de\/vdn\/wp-content\/uploads\/sites\/3\/Portraitfoto-Lins-200x200.jpg\" \/>\n\t<meta property=\"og:image:width\" content=\"200\" \/>\n\t<meta property=\"og:image:height\" content=\"200\" \/>\n\t<meta property=\"og:image:type\" content=\"image\/jpeg\" \/>\n<meta name=\"author\" content=\"beatrixlosem\" \/>\n<meta name=\"twitter:label1\" content=\"Verfasst von\" \/>\n\t<meta name=\"twitter:data1\" content=\"beatrixlosem\" \/>\n\t<meta name=\"twitter:label2\" content=\"Gesch\u00e4tzte Lesezeit\" \/>\n\t<meta name=\"twitter:data2\" content=\"1\u00a0Minute\" \/>\n<script type=\"application\/ld+json\" class=\"yoast-schema-graph\">{\"@context\":\"https:\/\/schema.org\",\"@graph\":[{\"@type\":\"WebPage\",\"@id\":\"https:\/\/www.naturparkmagazin.de\/vdn\/detlef-lins\/\",\"url\":\"https:\/\/www.naturparkmagazin.de\/vdn\/detlef-lins\/\",\"name\":\"Detlef Lins\",\"isPartOf\":{\"@id\":\"https:\/\/www.naturparkmagazin.de\/vdn\/#website\"},\"datePublished\":\"2015-11-18T08:38:34+00:00\",\"dateModified\":\"2015-11-26T13:53:25+00:00\",\"author\":{\"@id\":\"https:\/\/www.naturparkmagazin.de\/vdn\/#\/schema\/person\/d71357578c318b6db03be60b1f60396b\"},\"description\":\"ist Gesch\u00e4ftsf\u00fchrer des im April 2015 neu gegr\u00fcndeten Vereins \u201eNaturpark Sauerland-Rothaargebirge e.V.\u201c, der in der kommenden Woche auch die offizielle Anerkennung f\u00fcr den Naturpark Sauerland-Rothaargebirge durch das Land NRW erhalten wird. Was seine neue Aufgabe besonders reizvoll und spannend macht, verr\u00e4t er uns gerne.\",\"breadcrumb\":{\"@id\":\"https:\/\/www.naturparkmagazin.de\/vdn\/detlef-lins\/#breadcrumb\"},\"inLanguage\":\"de\",\"potentialAction\":[{\"@type\":\"ReadAction\",\"target\":[\"https:\/\/www.naturparkmagazin.de\/vdn\/detlef-lins\/\"]}]},{\"@type\":\"BreadcrumbList\",\"@id\":\"https:\/\/www.naturparkmagazin.de\/vdn\/detlef-lins\/#breadcrumb\",\"itemListElement\":[{\"@type\":\"ListItem\",\"position\":1,\"name\":\"Home\",\"item\":\"https:\/\/www.naturparkmagazin.de\/vdn\/\"},{\"@type\":\"ListItem\",\"position\":2,\"name\":\"Detlef Lins\"}]},{\"@type\":\"WebSite\",\"@id\":\"https:\/\/www.naturparkmagazin.de\/vdn\/#website\",\"url\":\"https:\/\/www.naturparkmagazin.de\/vdn\/\",\"name\":\"Verband Deutscher Naturparke\",\"description\":\"Eine weitere Naturparkmagazin.de Netzwerk Seite\",\"potentialAction\":[{\"@type\":\"SearchAction\",\"target\":{\"@type\":\"EntryPoint\",\"urlTemplate\":\"https:\/\/www.naturparkmagazin.de\/vdn\/?s={search_term_string}\"},\"query-input\":\"required name=search_term_string\"}],\"inLanguage\":\"de\"},{\"@type\":\"Person\",\"@id\":\"https:\/\/www.naturparkmagazin.de\/vdn\/#\/schema\/person\/d71357578c318b6db03be60b1f60396b\",\"name\":\"beatrixlosem\",\"url\":\"https:\/\/www.naturparkmagazin.de\/vdn\/author\/beatrixlosem\/\"}]}<\/script>\n<!-- \/ Yoast SEO plugin. -->","yoast_head_json":{"title":"Detlef Lins","description":"ist Gesch\u00e4ftsf\u00fchrer des im April 2015 neu gegr\u00fcndeten Vereins \u201eNaturpark Sauerland-Rothaargebirge e.V.\u201c, der in der kommenden Woche auch die offizielle Anerkennung f\u00fcr den Naturpark Sauerland-Rothaargebirge durch das Land NRW erhalten wird. Was seine neue Aufgabe besonders reizvoll und spannend macht, verr\u00e4t er uns gerne.","robots":{"index":"index","follow":"follow","max-snippet":"max-snippet:-1","max-image-preview":"max-image-preview:large","max-video-preview":"max-video-preview:-1"},"canonical":"https:\/\/www.naturparkmagazin.de\/vdn\/detlef-lins\/","og_locale":"de_DE","og_type":"article","og_title":"Detlef Lins","og_description":"ist Gesch\u00e4ftsf\u00fchrer des im April 2015 neu gegr\u00fcndeten Vereins \u201eNaturpark Sauerland-Rothaargebirge e.V.\u201c, der in der kommenden Woche auch die offizielle Anerkennung f\u00fcr den Naturpark Sauerland-Rothaargebirge durch das Land NRW erhalten wird. Was seine neue Aufgabe besonders reizvoll und spannend macht, verr\u00e4t er uns gerne.","og_url":"https:\/\/www.naturparkmagazin.de\/vdn\/detlef-lins\/","og_site_name":"Verband Deutscher Naturparke","article_published_time":"2015-11-18T08:38:34+00:00","article_modified_time":"2015-11-26T13:53:25+00:00","og_image":[{"width":200,"height":200,"url":"https:\/\/www.naturparkmagazin.de\/vdn\/wp-content\/uploads\/sites\/3\/Portraitfoto-Lins-200x200.jpg","type":"image\/jpeg"}],"author":"beatrixlosem","twitter_misc":{"Verfasst von":"beatrixlosem","Gesch\u00e4tzte Lesezeit":"1\u00a0Minute"},"schema":{"@context":"https:\/\/schema.org","@graph":[{"@type":"WebPage","@id":"https:\/\/www.naturparkmagazin.de\/vdn\/detlef-lins\/","url":"https:\/\/www.naturparkmagazin.de\/vdn\/detlef-lins\/","name":"Detlef Lins","isPartOf":{"@id":"https:\/\/www.naturparkmagazin.de\/vdn\/#website"},"datePublished":"2015-11-18T08:38:34+00:00","dateModified":"2015-11-26T13:53:25+00:00","author":{"@id":"https:\/\/www.naturparkmagazin.de\/vdn\/#\/schema\/person\/d71357578c318b6db03be60b1f60396b"},"description":"ist Gesch\u00e4ftsf\u00fchrer des im April 2015 neu gegr\u00fcndeten Vereins \u201eNaturpark Sauerland-Rothaargebirge e.V.\u201c, der in der kommenden Woche auch die offizielle Anerkennung f\u00fcr den Naturpark Sauerland-Rothaargebirge durch das Land NRW erhalten wird. Was seine neue Aufgabe besonders reizvoll und spannend macht, verr\u00e4t er uns gerne.","breadcrumb":{"@id":"https:\/\/www.naturparkmagazin.de\/vdn\/detlef-lins\/#breadcrumb"},"inLanguage":"de","potentialAction":[{"@type":"ReadAction","target":["https:\/\/www.naturparkmagazin.de\/vdn\/detlef-lins\/"]}]},{"@type":"BreadcrumbList","@id":"https:\/\/www.naturparkmagazin.de\/vdn\/detlef-lins\/#breadcrumb","itemListElement":[{"@type":"ListItem","position":1,"name":"Home","item":"https:\/\/www.naturparkmagazin.de\/vdn\/"},{"@type":"ListItem","position":2,"name":"Detlef Lins"}]},{"@type":"WebSite","@id":"https:\/\/www.naturparkmagazin.de\/vdn\/#website","url":"https:\/\/www.naturparkmagazin.de\/vdn\/","name":"Verband Deutscher Naturparke","description":"Eine weitere Naturparkmagazin.de Netzwerk Seite","potentialAction":[{"@type":"SearchAction","target":{"@type":"EntryPoint","urlTemplate":"https:\/\/www.naturparkmagazin.de\/vdn\/?s={search_term_string}"},"query-input":"required name=search_term_string"}],"inLanguage":"de"},{"@type":"Person","@id":"https:\/\/www.naturparkmagazin.de\/vdn\/#\/schema\/person\/d71357578c318b6db03be60b1f60396b","name":"beatrixlosem","url":"https:\/\/www.naturparkmagazin.de\/vdn\/author\/beatrixlosem\/"}]}},"_links":{"self":[{"href":"https:\/\/www.naturparkmagazin.de\/vdn\/wp-json\/wp\/v2\/posts\/6190"}],"collection":[{"href":"https:\/\/www.naturparkmagazin.de\/vdn\/wp-json\/wp\/v2\/posts"}],"about":[{"href":"https:\/\/www.naturparkmagazin.de\/vdn\/wp-json\/wp\/v2\/types\/post"}],"author":[{"embeddable":true,"href":"https:\/\/www.naturparkmagazin.de\/vdn\/wp-json\/wp\/v2\/users\/51"}],"replies":[{"embeddable":true,"href":"https:\/\/www.naturparkmagazin.de\/vdn\/wp-json\/wp\/v2\/comments?post=6190"}],"version-history":[{"count":8,"href":"https:\/\/www.naturparkmagazin.de\/vdn\/wp-json\/wp\/v2\/posts\/6190\/revisions"}],"predecessor-version":[{"id":6322,"href":"https:\/\/www.naturparkmagazin.de\/vdn\/wp-json\/wp\/v2\/posts\/6190\/revisions\/6322"}],"wp:featuredmedia":[{"embeddable":true,"href":"https:\/\/www.naturparkmagazin.de\/vdn\/wp-json\/wp\/v2\/media\/6192"}],"wp:attachment":[{"href":"https:\/\/www.naturparkmagazin.de\/vdn\/wp-json\/wp\/v2\/media?parent=6190"}],"wp:term":[{"taxonomy":"category","embeddable":true,"href":"https:\/\/www.naturparkmagazin.de\/vdn\/wp-json\/wp\/v2\/categories?post=6190"},{"taxonomy":"post_tag","embeddable":true,"href":"https:\/\/www.naturparkmagazin.de\/vdn\/wp-json\/wp\/v2\/tags?post=6190"}],"curies":[{"name":"wp","href":"https:\/\/api.w.org\/{rel}","templated":true}]}}