{"id":6217,"date":"2015-11-18T09:00:21","date_gmt":"2015-11-18T08:00:21","guid":{"rendered":"http:\/\/www.naturparkmagazin.de\/vdn\/?p=6217"},"modified":"2015-11-27T10:34:52","modified_gmt":"2015-11-27T09:34:52","slug":"alte-tradition-weihnachtsbaum-fuer-den-deutschen-bundestag","status":"publish","type":"post","link":"https:\/\/www.naturparkmagazin.de\/vdn\/alte-tradition-weihnachtsbaum-fuer-den-deutschen-bundestag\/","title":{"rendered":"\u201eAlte Tradition\u201c \u2500 Weihnachtsbaum f\u00fcr den Deutschen Bundestag"},"content":{"rendered":"<div id=\"attachment_6328\" style=\"width: 510px\" class=\"wp-caption aligncenter\"><a href=\"https:\/\/www.naturparkmagazin.de\/vdn\/wp-content\/uploads\/sites\/3\/\u00dcbergabe-Weihnachtsbaum_1_beitrag.jpg\"><img aria-describedby=\"caption-attachment-6328\" decoding=\"async\" loading=\"lazy\" class=\"size-full wp-image-6328\" src=\"https:\/\/www.naturparkmagazin.de\/vdn\/wp-content\/uploads\/sites\/3\/\u00dcbergabe-Weihnachtsbaum_1_beitrag.jpg\" alt=\"\u00dcbergabe Weihnachtsbaum - Foto: Naturpark Sauerland-Rothaargebirge\/Kerstin Berens\" width=\"500\" height=\"300\" srcset=\"https:\/\/www.naturparkmagazin.de\/vdn\/wp-content\/uploads\/sites\/3\/\u00dcbergabe-Weihnachtsbaum_1_beitrag.jpg 500w, https:\/\/www.naturparkmagazin.de\/vdn\/wp-content\/uploads\/sites\/3\/\u00dcbergabe-Weihnachtsbaum_1_beitrag-300x180.jpg 300w, https:\/\/www.naturparkmagazin.de\/vdn\/wp-content\/uploads\/sites\/3\/\u00dcbergabe-Weihnachtsbaum_1_beitrag-200x120.jpg 200w\" sizes=\"(max-width: 500px) 100vw, 500px\" \/><\/a><p id=\"caption-attachment-6328\" class=\"wp-caption-text\">\u00dcbergabe Weihnachtsbaum &#8211; Foto: Naturpark Sauerland-Rothaargebirge\/Kerstin Berens<\/p><\/div>\n<p>Einen ganz besonderen Weihnachtsgru\u00df \u00fcberbrachte der Naturparkverein Sauerland-Rothaargebirge dem Deutschen Bundestag: einen Weihnachtsbaum.<\/p>\n<div id=\"attachment_6329\" style=\"width: 510px\" class=\"wp-caption aligncenter\"><a href=\"https:\/\/www.naturparkmagazin.de\/vdn\/wp-content\/uploads\/sites\/3\/\u00dcbergabe-Weihnachtsbaum_Ansprache-Arndt.jpg\"><img aria-describedby=\"caption-attachment-6329\" decoding=\"async\" loading=\"lazy\" class=\"wp-image-6329 size-full\" src=\"https:\/\/www.naturparkmagazin.de\/vdn\/wp-content\/uploads\/sites\/3\/\u00dcbergabe-Weihnachtsbaum_Ansprache-Arndt.jpg\" alt=\"Ansprache von VDN-Pr\u00e4sident Dr. Michael Arndt - Foto: Naturpark Sauerland-Rothaargebirge\/Kerstin Berens\" width=\"500\" height=\"300\" srcset=\"https:\/\/www.naturparkmagazin.de\/vdn\/wp-content\/uploads\/sites\/3\/\u00dcbergabe-Weihnachtsbaum_Ansprache-Arndt.jpg 500w, https:\/\/www.naturparkmagazin.de\/vdn\/wp-content\/uploads\/sites\/3\/\u00dcbergabe-Weihnachtsbaum_Ansprache-Arndt-300x180.jpg 300w, https:\/\/www.naturparkmagazin.de\/vdn\/wp-content\/uploads\/sites\/3\/\u00dcbergabe-Weihnachtsbaum_Ansprache-Arndt-200x120.jpg 200w\" sizes=\"(max-width: 500px) 100vw, 500px\" \/><\/a><p id=\"caption-attachment-6329\" class=\"wp-caption-text\">Ansprache von VDN-Pr\u00e4sident Dr. Michael Arndt &#8211; Foto: Naturpark Sauerland-Rothaargebirge\/Kerstin Berens<\/p><\/div>\n<p>\u00dcberreicht wurde die sechs Meter hohe Bio-Nordmanntanne an die Vizepr\u00e4sidentin des Deutschen Bundestages, Petra Pau, MdB, vom Vorsitzenden des Naturparkvereins, B\u00fcrgermeister Bernd Fuhrmann, der Zweiten Vorsitzenden, Kreisdirektorin Barbara Dienstel-K\u00fcmper, und dem Gesch\u00e4ftsf\u00fchrer Detlef Lins, gemeinsam mit dem Pr\u00e4sidenten des Verbandes Deutscher Naturparke e. V. (VDN) Dr. Michael Arndt.<\/p>\n<div id=\"attachment_6330\" style=\"width: 510px\" class=\"wp-caption aligncenter\"><a href=\"https:\/\/www.naturparkmagazin.de\/vdn\/wp-content\/uploads\/sites\/3\/\u00dcbergabe-Weihnachtsbaum_Kinder-stellen-Baumschmuck-vor.jpg\"><img aria-describedby=\"caption-attachment-6330\" decoding=\"async\" loading=\"lazy\" class=\"size-full wp-image-6330\" src=\"https:\/\/www.naturparkmagazin.de\/vdn\/wp-content\/uploads\/sites\/3\/\u00dcbergabe-Weihnachtsbaum_Kinder-stellen-Baumschmuck-vor.jpg\" alt=\"Kinder stellen den Baumschmuck vor -  Foto: Naturpark Sauerland-Rothaargebirge\/Kerstin Berens\" width=\"500\" height=\"300\" srcset=\"https:\/\/www.naturparkmagazin.de\/vdn\/wp-content\/uploads\/sites\/3\/\u00dcbergabe-Weihnachtsbaum_Kinder-stellen-Baumschmuck-vor.jpg 500w, https:\/\/www.naturparkmagazin.de\/vdn\/wp-content\/uploads\/sites\/3\/\u00dcbergabe-Weihnachtsbaum_Kinder-stellen-Baumschmuck-vor-300x180.jpg 300w, https:\/\/www.naturparkmagazin.de\/vdn\/wp-content\/uploads\/sites\/3\/\u00dcbergabe-Weihnachtsbaum_Kinder-stellen-Baumschmuck-vor-200x120.jpg 200w\" sizes=\"(max-width: 500px) 100vw, 500px\" \/><\/a><p id=\"caption-attachment-6330\" class=\"wp-caption-text\">Kinder stellen den Baumschmuck vor &#8211; Foto: Naturpark Sauerland-Rothaargebirge\/Kerstin Berens<\/p><\/div>\n<p>Sch\u00fclerinnen und Sch\u00fcler der Spandauer Grundschule aus Siegen haben mit selbst gebasteltem Baumbehang dem diesj\u00e4hrigen Weihnachtsbaum im Bundestag ein buntes Kleid verpasst und ein weihnachtliches Programm einstudiert. Ein f\u00fcnfk\u00f6pfiges Ensemble des M\u00e4rkischen Sinfonieorchesters aus Iserlohn-Letmathe begleitete die M\u00e4dchen und Jungen musikalisch bei der \u00dcbergabe des liebevoll geschm\u00fcckten Baumes.<\/p>\n<p>Der im April 2015 gegr\u00fcndete Verein \u201eNaturpark Sauerland-Rothaargebirge e.V., der am 30. November auch die offizielle Anerkennung f\u00fcr den Naturpark Sauerland-Rothaargebirge durch das Land NRW erh\u00e4lt, ist aus einem Zusammenschluss der bisherigen Naturparke \u201eRothaargebirge\u201c, \u201eHomert\u201c und \u201eEbbegebirge\u201c entstanden. Der Naturpark Sauerland-Rothaargebirge ist mit 3.826 km\u00b2 Fl\u00e4che der zweitgr\u00f6\u00dfte Naturpark in Deutschland.<\/p>\n<p>&nbsp;<\/p>\n<p><a href=\"http:\/\/www.naturparke.de\/system\/articledownloads\/459\/original\/PM_11-2015-2_Weihnachtsbaum_2015.pdf?1448547014\" target=\"_blank\">Hier k\u00f6nnen Sie die Pressemitteilung aufrufen\n<\/a>\n<a href=\"http:\/\/www.naturparke.de\/press\/photos\" target=\"_blank\">Hier k\u00f6nnen Sie unter &#8222;Veranstaltungen&#8220; Fotos von der \u00dcbergabe des Weihnachtsbaumes 2015 anschauen.<\/a><\/p>\n<p>&nbsp;<\/p>\n","protected":false},"excerpt":{"rendered":"<p>Einen ganz besonderen Weihnachtsgru\u00df \u00fcberbrachte der Naturparkverein Sauerland-Rothaargebirge dem Deutschen Bundestag: einen Weihnachtsbaum.<\/p>\n","protected":false},"author":51,"featured_media":6332,"comment_status":"open","ping_status":"open","sticky":false,"template":"","format":"standard","meta":{"_links_to":"","_links_to_target":""},"categories":[7],"tags":[],"yoast_head":"<!-- This site is optimized with the Yoast SEO plugin v19.10 - https:\/\/yoast.com\/wordpress\/plugins\/seo\/ -->\n<title>\u201eAlte Tradition\u201c \u2500 Weihnachtsbaum f\u00fcr den Deutschen Bundestag<\/title>\n<meta name=\"description\" content=\"Einen ganz besonderen Weihnachtsgru\u00df \u00fcberbrachte der Naturparkverein Sauerland-Rothaargebirge dem Deutschen Bundestag: einen Weihnachtsbaum.\" \/>\n<meta name=\"robots\" content=\"index, follow, max-snippet:-1, max-image-preview:large, max-video-preview:-1\" \/>\n<link rel=\"canonical\" href=\"https:\/\/www.naturparkmagazin.de\/vdn\/alte-tradition-weihnachtsbaum-fuer-den-deutschen-bundestag\/\" \/>\n<meta property=\"og:locale\" content=\"de_DE\" \/>\n<meta property=\"og:type\" content=\"article\" \/>\n<meta property=\"og:title\" content=\"\u201eAlte Tradition\u201c \u2500 Weihnachtsbaum f\u00fcr den Deutschen Bundestag\" \/>\n<meta property=\"og:description\" content=\"Einen ganz besonderen Weihnachtsgru\u00df \u00fcberbrachte der Naturparkverein Sauerland-Rothaargebirge dem Deutschen Bundestag: einen Weihnachtsbaum.\" \/>\n<meta property=\"og:url\" content=\"https:\/\/www.naturparkmagazin.de\/vdn\/alte-tradition-weihnachtsbaum-fuer-den-deutschen-bundestag\/\" \/>\n<meta property=\"og:site_name\" content=\"Verband Deutscher Naturparke\" \/>\n<meta property=\"article:published_time\" content=\"2015-11-18T08:00:21+00:00\" \/>\n<meta property=\"article:modified_time\" content=\"2015-11-27T09:34:52+00:00\" \/>\n<meta property=\"og:image\" content=\"https:\/\/www.naturparkmagazin.de\/vdn\/wp-content\/uploads\/sites\/3\/\u00dcbergabe-Weihnachtsbaum_1_beitragsbild.jpg\" \/>\n\t<meta property=\"og:image:width\" content=\"200\" \/>\n\t<meta property=\"og:image:height\" content=\"200\" \/>\n\t<meta property=\"og:image:type\" content=\"image\/jpeg\" \/>\n<meta name=\"author\" content=\"beatrixlosem\" \/>\n<meta name=\"twitter:label1\" content=\"Verfasst von\" \/>\n\t<meta name=\"twitter:data1\" content=\"beatrixlosem\" \/>\n\t<meta name=\"twitter:label2\" content=\"Gesch\u00e4tzte Lesezeit\" \/>\n\t<meta name=\"twitter:data2\" content=\"1\u00a0Minute\" \/>\n<script type=\"application\/ld+json\" class=\"yoast-schema-graph\">{\"@context\":\"https:\/\/schema.org\",\"@graph\":[{\"@type\":\"WebPage\",\"@id\":\"https:\/\/www.naturparkmagazin.de\/vdn\/alte-tradition-weihnachtsbaum-fuer-den-deutschen-bundestag\/\",\"url\":\"https:\/\/www.naturparkmagazin.de\/vdn\/alte-tradition-weihnachtsbaum-fuer-den-deutschen-bundestag\/\",\"name\":\"\u201eAlte Tradition\u201c \u2500 Weihnachtsbaum f\u00fcr den Deutschen Bundestag\",\"isPartOf\":{\"@id\":\"https:\/\/www.naturparkmagazin.de\/vdn\/#website\"},\"datePublished\":\"2015-11-18T08:00:21+00:00\",\"dateModified\":\"2015-11-27T09:34:52+00:00\",\"author\":{\"@id\":\"https:\/\/www.naturparkmagazin.de\/vdn\/#\/schema\/person\/d71357578c318b6db03be60b1f60396b\"},\"description\":\"Einen ganz besonderen Weihnachtsgru\u00df \u00fcberbrachte der Naturparkverein Sauerland-Rothaargebirge dem Deutschen Bundestag: einen Weihnachtsbaum.\",\"breadcrumb\":{\"@id\":\"https:\/\/www.naturparkmagazin.de\/vdn\/alte-tradition-weihnachtsbaum-fuer-den-deutschen-bundestag\/#breadcrumb\"},\"inLanguage\":\"de\",\"potentialAction\":[{\"@type\":\"ReadAction\",\"target\":[\"https:\/\/www.naturparkmagazin.de\/vdn\/alte-tradition-weihnachtsbaum-fuer-den-deutschen-bundestag\/\"]}]},{\"@type\":\"BreadcrumbList\",\"@id\":\"https:\/\/www.naturparkmagazin.de\/vdn\/alte-tradition-weihnachtsbaum-fuer-den-deutschen-bundestag\/#breadcrumb\",\"itemListElement\":[{\"@type\":\"ListItem\",\"position\":1,\"name\":\"Home\",\"item\":\"https:\/\/www.naturparkmagazin.de\/vdn\/\"},{\"@type\":\"ListItem\",\"position\":2,\"name\":\"\u201eAlte Tradition\u201c \u2500 Weihnachtsbaum f\u00fcr den Deutschen Bundestag\"}]},{\"@type\":\"WebSite\",\"@id\":\"https:\/\/www.naturparkmagazin.de\/vdn\/#website\",\"url\":\"https:\/\/www.naturparkmagazin.de\/vdn\/\",\"name\":\"Verband Deutscher Naturparke\",\"description\":\"Eine weitere Naturparkmagazin.de Netzwerk Seite\",\"potentialAction\":[{\"@type\":\"SearchAction\",\"target\":{\"@type\":\"EntryPoint\",\"urlTemplate\":\"https:\/\/www.naturparkmagazin.de\/vdn\/?s={search_term_string}\"},\"query-input\":\"required name=search_term_string\"}],\"inLanguage\":\"de\"},{\"@type\":\"Person\",\"@id\":\"https:\/\/www.naturparkmagazin.de\/vdn\/#\/schema\/person\/d71357578c318b6db03be60b1f60396b\",\"name\":\"beatrixlosem\",\"url\":\"https:\/\/www.naturparkmagazin.de\/vdn\/author\/beatrixlosem\/\"}]}<\/script>\n<!-- \/ Yoast SEO plugin. -->","yoast_head_json":{"title":"\u201eAlte Tradition\u201c \u2500 Weihnachtsbaum f\u00fcr den Deutschen Bundestag","description":"Einen ganz besonderen Weihnachtsgru\u00df \u00fcberbrachte der Naturparkverein Sauerland-Rothaargebirge dem Deutschen Bundestag: einen Weihnachtsbaum.","robots":{"index":"index","follow":"follow","max-snippet":"max-snippet:-1","max-image-preview":"max-image-preview:large","max-video-preview":"max-video-preview:-1"},"canonical":"https:\/\/www.naturparkmagazin.de\/vdn\/alte-tradition-weihnachtsbaum-fuer-den-deutschen-bundestag\/","og_locale":"de_DE","og_type":"article","og_title":"\u201eAlte Tradition\u201c \u2500 Weihnachtsbaum f\u00fcr den Deutschen Bundestag","og_description":"Einen ganz besonderen Weihnachtsgru\u00df \u00fcberbrachte der Naturparkverein Sauerland-Rothaargebirge dem Deutschen Bundestag: einen Weihnachtsbaum.","og_url":"https:\/\/www.naturparkmagazin.de\/vdn\/alte-tradition-weihnachtsbaum-fuer-den-deutschen-bundestag\/","og_site_name":"Verband Deutscher Naturparke","article_published_time":"2015-11-18T08:00:21+00:00","article_modified_time":"2015-11-27T09:34:52+00:00","og_image":[{"width":200,"height":200,"url":"https:\/\/www.naturparkmagazin.de\/vdn\/wp-content\/uploads\/sites\/3\/\u00dcbergabe-Weihnachtsbaum_1_beitragsbild.jpg","type":"image\/jpeg"}],"author":"beatrixlosem","twitter_misc":{"Verfasst von":"beatrixlosem","Gesch\u00e4tzte Lesezeit":"1\u00a0Minute"},"schema":{"@context":"https:\/\/schema.org","@graph":[{"@type":"WebPage","@id":"https:\/\/www.naturparkmagazin.de\/vdn\/alte-tradition-weihnachtsbaum-fuer-den-deutschen-bundestag\/","url":"https:\/\/www.naturparkmagazin.de\/vdn\/alte-tradition-weihnachtsbaum-fuer-den-deutschen-bundestag\/","name":"\u201eAlte Tradition\u201c \u2500 Weihnachtsbaum f\u00fcr den Deutschen Bundestag","isPartOf":{"@id":"https:\/\/www.naturparkmagazin.de\/vdn\/#website"},"datePublished":"2015-11-18T08:00:21+00:00","dateModified":"2015-11-27T09:34:52+00:00","author":{"@id":"https:\/\/www.naturparkmagazin.de\/vdn\/#\/schema\/person\/d71357578c318b6db03be60b1f60396b"},"description":"Einen ganz besonderen Weihnachtsgru\u00df \u00fcberbrachte der Naturparkverein Sauerland-Rothaargebirge dem Deutschen Bundestag: einen Weihnachtsbaum.","breadcrumb":{"@id":"https:\/\/www.naturparkmagazin.de\/vdn\/alte-tradition-weihnachtsbaum-fuer-den-deutschen-bundestag\/#breadcrumb"},"inLanguage":"de","potentialAction":[{"@type":"ReadAction","target":["https:\/\/www.naturparkmagazin.de\/vdn\/alte-tradition-weihnachtsbaum-fuer-den-deutschen-bundestag\/"]}]},{"@type":"BreadcrumbList","@id":"https:\/\/www.naturparkmagazin.de\/vdn\/alte-tradition-weihnachtsbaum-fuer-den-deutschen-bundestag\/#breadcrumb","itemListElement":[{"@type":"ListItem","position":1,"name":"Home","item":"https:\/\/www.naturparkmagazin.de\/vdn\/"},{"@type":"ListItem","position":2,"name":"\u201eAlte Tradition\u201c \u2500 Weihnachtsbaum f\u00fcr den Deutschen Bundestag"}]},{"@type":"WebSite","@id":"https:\/\/www.naturparkmagazin.de\/vdn\/#website","url":"https:\/\/www.naturparkmagazin.de\/vdn\/","name":"Verband Deutscher Naturparke","description":"Eine weitere Naturparkmagazin.de Netzwerk Seite","potentialAction":[{"@type":"SearchAction","target":{"@type":"EntryPoint","urlTemplate":"https:\/\/www.naturparkmagazin.de\/vdn\/?s={search_term_string}"},"query-input":"required name=search_term_string"}],"inLanguage":"de"},{"@type":"Person","@id":"https:\/\/www.naturparkmagazin.de\/vdn\/#\/schema\/person\/d71357578c318b6db03be60b1f60396b","name":"beatrixlosem","url":"https:\/\/www.naturparkmagazin.de\/vdn\/author\/beatrixlosem\/"}]}},"_links":{"self":[{"href":"https:\/\/www.naturparkmagazin.de\/vdn\/wp-json\/wp\/v2\/posts\/6217"}],"collection":[{"href":"https:\/\/www.naturparkmagazin.de\/vdn\/wp-json\/wp\/v2\/posts"}],"about":[{"href":"https:\/\/www.naturparkmagazin.de\/vdn\/wp-json\/wp\/v2\/types\/post"}],"author":[{"embeddable":true,"href":"https:\/\/www.naturparkmagazin.de\/vdn\/wp-json\/wp\/v2\/users\/51"}],"replies":[{"embeddable":true,"href":"https:\/\/www.naturparkmagazin.de\/vdn\/wp-json\/wp\/v2\/comments?post=6217"}],"version-history":[{"count":8,"href":"https:\/\/www.naturparkmagazin.de\/vdn\/wp-json\/wp\/v2\/posts\/6217\/revisions"}],"predecessor-version":[{"id":6323,"href":"https:\/\/www.naturparkmagazin.de\/vdn\/wp-json\/wp\/v2\/posts\/6217\/revisions\/6323"}],"wp:featuredmedia":[{"embeddable":true,"href":"https:\/\/www.naturparkmagazin.de\/vdn\/wp-json\/wp\/v2\/media\/6332"}],"wp:attachment":[{"href":"https:\/\/www.naturparkmagazin.de\/vdn\/wp-json\/wp\/v2\/media?parent=6217"}],"wp:term":[{"taxonomy":"category","embeddable":true,"href":"https:\/\/www.naturparkmagazin.de\/vdn\/wp-json\/wp\/v2\/categories?post=6217"},{"taxonomy":"post_tag","embeddable":true,"href":"https:\/\/www.naturparkmagazin.de\/vdn\/wp-json\/wp\/v2\/tags?post=6217"}],"curies":[{"name":"wp","href":"https:\/\/api.w.org\/{rel}","templated":true}]}}