{"id":6344,"date":"2015-12-14T10:22:58","date_gmt":"2015-12-14T09:22:58","guid":{"rendered":"http:\/\/www.naturparkmagazin.de\/vdn\/?p=6344"},"modified":"2015-12-14T10:22:58","modified_gmt":"2015-12-14T09:22:58","slug":"liebe-leserin-lieber-leser-29","status":"publish","type":"post","link":"https:\/\/www.naturparkmagazin.de\/vdn\/liebe-leserin-lieber-leser-29\/","title":{"rendered":"Liebe Leserin, lieber Leser,"},"content":{"rendered":"<p>das Jahr 2016 steht ganz im Zeichen der Naturparke. Die Deutsche Zentrale f\u00fcr Tourismus (DZT) stellt im kommenden Jahr in ihrer internationalen Themenkampagne \u201eFaszination Natururlaub in Deutschland\u201c die Naturparke, Nationalparke und Biosph\u00e4renreservate in den Fokus, um auf Deutschland als Naturreiseziel aufmerksam zu machen. Dies ist f\u00fcr eine gro\u00dfe Chance, die Naturerlebnisangebote der Naturparke auch im Inland noch bekannter zu machen. Daher stellt der Verband Deutscher Naturparke (VDN) 2016 die Naturerlebnisangebote der Naturparke in einer Kampagne unter dem Motto \u201eFaszination Natur\u201c auch auf www.naturparke.de vor.<\/p>\n<p>Wir bedanken uns bei allen, die uns im vergangenen Jahr mit Hand und Herz, pers\u00f6nlichem Engagement und Ideenreichtum in unserer Arbeit unterst\u00fctzt haben! Wir w\u00fcnschen Ihnen und Ihren Familien einen guten Start in das neue Jahr 2016.<\/p>\n<p>Ihr Naturparkteam<\/p>\n","protected":false},"excerpt":{"rendered":"<p>das Jahr 2016 steht ganz im Zeichen der Naturparke. Die Deutsche Zentrale f\u00fcr Tourismus (DZT) stellt im kommenden Jahr in ihrer internationalen Themenkampagne \u201eFaszination Natururlaub in Deutschland\u201c die Naturparke, Nationalparke und Biosph\u00e4renreservate in den Fokus, um auf Deutschland als Naturreiseziel aufmerksam zu machen. Dies ist f\u00fcr eine gro\u00dfe Chance, die Naturerlebnisangebote der Naturparke auch im<\/p>\n","protected":false},"author":14,"featured_media":0,"comment_status":"open","ping_status":"open","sticky":false,"template":"","format":"standard","meta":{"_links_to":"","_links_to_target":""},"categories":[52],"tags":[],"yoast_head":"<!-- This site is optimized with the Yoast SEO plugin v19.10 - https:\/\/yoast.com\/wordpress\/plugins\/seo\/ -->\n<title>Liebe Leserin, lieber Leser,<\/title>\n<meta name=\"description\" content=\"das Jahr 2016 steht ganz im Zeichen der Naturparke. Die Deutsche Zentrale f\u00fcr Tourismus (DZT) stellt im kommenden Jahr in ihrer internationalen\" \/>\n<meta name=\"robots\" content=\"index, follow, max-snippet:-1, max-image-preview:large, max-video-preview:-1\" \/>\n<link rel=\"canonical\" href=\"https:\/\/www.naturparkmagazin.de\/vdn\/liebe-leserin-lieber-leser-29\/\" \/>\n<meta property=\"og:locale\" content=\"de_DE\" \/>\n<meta property=\"og:type\" content=\"article\" \/>\n<meta property=\"og:title\" content=\"Liebe Leserin, lieber Leser,\" \/>\n<meta property=\"og:description\" content=\"das Jahr 2016 steht ganz im Zeichen der Naturparke. Die Deutsche Zentrale f\u00fcr Tourismus (DZT) stellt im kommenden Jahr in ihrer internationalen\" \/>\n<meta property=\"og:url\" content=\"https:\/\/www.naturparkmagazin.de\/vdn\/liebe-leserin-lieber-leser-29\/\" \/>\n<meta property=\"og:site_name\" content=\"Verband Deutscher Naturparke\" \/>\n<meta property=\"article:published_time\" content=\"2015-12-14T09:22:58+00:00\" \/>\n<meta name=\"author\" content=\"vdnnational\" \/>\n<meta name=\"twitter:label1\" content=\"Verfasst von\" \/>\n\t<meta name=\"twitter:data1\" content=\"vdnnational\" \/>\n\t<meta name=\"twitter:label2\" content=\"Gesch\u00e4tzte Lesezeit\" \/>\n\t<meta name=\"twitter:data2\" content=\"1\u00a0Minute\" \/>\n<script type=\"application\/ld+json\" class=\"yoast-schema-graph\">{\"@context\":\"https:\/\/schema.org\",\"@graph\":[{\"@type\":\"WebPage\",\"@id\":\"https:\/\/www.naturparkmagazin.de\/vdn\/liebe-leserin-lieber-leser-29\/\",\"url\":\"https:\/\/www.naturparkmagazin.de\/vdn\/liebe-leserin-lieber-leser-29\/\",\"name\":\"Liebe Leserin, lieber Leser,\",\"isPartOf\":{\"@id\":\"https:\/\/www.naturparkmagazin.de\/vdn\/#website\"},\"datePublished\":\"2015-12-14T09:22:58+00:00\",\"dateModified\":\"2015-12-14T09:22:58+00:00\",\"author\":{\"@id\":\"https:\/\/www.naturparkmagazin.de\/vdn\/#\/schema\/person\/e28d931df83318a48d52ae72b08d2bfb\"},\"description\":\"das Jahr 2016 steht ganz im Zeichen der Naturparke. Die Deutsche Zentrale f\u00fcr Tourismus (DZT) stellt im kommenden Jahr in ihrer internationalen\",\"breadcrumb\":{\"@id\":\"https:\/\/www.naturparkmagazin.de\/vdn\/liebe-leserin-lieber-leser-29\/#breadcrumb\"},\"inLanguage\":\"de\",\"potentialAction\":[{\"@type\":\"ReadAction\",\"target\":[\"https:\/\/www.naturparkmagazin.de\/vdn\/liebe-leserin-lieber-leser-29\/\"]}]},{\"@type\":\"BreadcrumbList\",\"@id\":\"https:\/\/www.naturparkmagazin.de\/vdn\/liebe-leserin-lieber-leser-29\/#breadcrumb\",\"itemListElement\":[{\"@type\":\"ListItem\",\"position\":1,\"name\":\"Home\",\"item\":\"https:\/\/www.naturparkmagazin.de\/vdn\/\"},{\"@type\":\"ListItem\",\"position\":2,\"name\":\"Liebe Leserin, lieber Leser,\"}]},{\"@type\":\"WebSite\",\"@id\":\"https:\/\/www.naturparkmagazin.de\/vdn\/#website\",\"url\":\"https:\/\/www.naturparkmagazin.de\/vdn\/\",\"name\":\"Verband Deutscher Naturparke\",\"description\":\"Eine weitere Naturparkmagazin.de Netzwerk Seite\",\"potentialAction\":[{\"@type\":\"SearchAction\",\"target\":{\"@type\":\"EntryPoint\",\"urlTemplate\":\"https:\/\/www.naturparkmagazin.de\/vdn\/?s={search_term_string}\"},\"query-input\":\"required name=search_term_string\"}],\"inLanguage\":\"de\"},{\"@type\":\"Person\",\"@id\":\"https:\/\/www.naturparkmagazin.de\/vdn\/#\/schema\/person\/e28d931df83318a48d52ae72b08d2bfb\",\"name\":\"vdnnational\",\"url\":\"https:\/\/www.naturparkmagazin.de\/vdn\/author\/vdnnational\/\"}]}<\/script>\n<!-- \/ Yoast SEO plugin. -->","yoast_head_json":{"title":"Liebe Leserin, lieber Leser,","description":"das Jahr 2016 steht ganz im Zeichen der Naturparke. Die Deutsche Zentrale f\u00fcr Tourismus (DZT) stellt im kommenden Jahr in ihrer internationalen","robots":{"index":"index","follow":"follow","max-snippet":"max-snippet:-1","max-image-preview":"max-image-preview:large","max-video-preview":"max-video-preview:-1"},"canonical":"https:\/\/www.naturparkmagazin.de\/vdn\/liebe-leserin-lieber-leser-29\/","og_locale":"de_DE","og_type":"article","og_title":"Liebe Leserin, lieber Leser,","og_description":"das Jahr 2016 steht ganz im Zeichen der Naturparke. Die Deutsche Zentrale f\u00fcr Tourismus (DZT) stellt im kommenden Jahr in ihrer internationalen","og_url":"https:\/\/www.naturparkmagazin.de\/vdn\/liebe-leserin-lieber-leser-29\/","og_site_name":"Verband Deutscher Naturparke","article_published_time":"2015-12-14T09:22:58+00:00","author":"vdnnational","twitter_misc":{"Verfasst von":"vdnnational","Gesch\u00e4tzte Lesezeit":"1\u00a0Minute"},"schema":{"@context":"https:\/\/schema.org","@graph":[{"@type":"WebPage","@id":"https:\/\/www.naturparkmagazin.de\/vdn\/liebe-leserin-lieber-leser-29\/","url":"https:\/\/www.naturparkmagazin.de\/vdn\/liebe-leserin-lieber-leser-29\/","name":"Liebe Leserin, lieber Leser,","isPartOf":{"@id":"https:\/\/www.naturparkmagazin.de\/vdn\/#website"},"datePublished":"2015-12-14T09:22:58+00:00","dateModified":"2015-12-14T09:22:58+00:00","author":{"@id":"https:\/\/www.naturparkmagazin.de\/vdn\/#\/schema\/person\/e28d931df83318a48d52ae72b08d2bfb"},"description":"das Jahr 2016 steht ganz im Zeichen der Naturparke. Die Deutsche Zentrale f\u00fcr Tourismus (DZT) stellt im kommenden Jahr in ihrer internationalen","breadcrumb":{"@id":"https:\/\/www.naturparkmagazin.de\/vdn\/liebe-leserin-lieber-leser-29\/#breadcrumb"},"inLanguage":"de","potentialAction":[{"@type":"ReadAction","target":["https:\/\/www.naturparkmagazin.de\/vdn\/liebe-leserin-lieber-leser-29\/"]}]},{"@type":"BreadcrumbList","@id":"https:\/\/www.naturparkmagazin.de\/vdn\/liebe-leserin-lieber-leser-29\/#breadcrumb","itemListElement":[{"@type":"ListItem","position":1,"name":"Home","item":"https:\/\/www.naturparkmagazin.de\/vdn\/"},{"@type":"ListItem","position":2,"name":"Liebe Leserin, lieber Leser,"}]},{"@type":"WebSite","@id":"https:\/\/www.naturparkmagazin.de\/vdn\/#website","url":"https:\/\/www.naturparkmagazin.de\/vdn\/","name":"Verband Deutscher Naturparke","description":"Eine weitere Naturparkmagazin.de Netzwerk Seite","potentialAction":[{"@type":"SearchAction","target":{"@type":"EntryPoint","urlTemplate":"https:\/\/www.naturparkmagazin.de\/vdn\/?s={search_term_string}"},"query-input":"required name=search_term_string"}],"inLanguage":"de"},{"@type":"Person","@id":"https:\/\/www.naturparkmagazin.de\/vdn\/#\/schema\/person\/e28d931df83318a48d52ae72b08d2bfb","name":"vdnnational","url":"https:\/\/www.naturparkmagazin.de\/vdn\/author\/vdnnational\/"}]}},"_links":{"self":[{"href":"https:\/\/www.naturparkmagazin.de\/vdn\/wp-json\/wp\/v2\/posts\/6344"}],"collection":[{"href":"https:\/\/www.naturparkmagazin.de\/vdn\/wp-json\/wp\/v2\/posts"}],"about":[{"href":"https:\/\/www.naturparkmagazin.de\/vdn\/wp-json\/wp\/v2\/types\/post"}],"author":[{"embeddable":true,"href":"https:\/\/www.naturparkmagazin.de\/vdn\/wp-json\/wp\/v2\/users\/14"}],"replies":[{"embeddable":true,"href":"https:\/\/www.naturparkmagazin.de\/vdn\/wp-json\/wp\/v2\/comments?post=6344"}],"version-history":[{"count":1,"href":"https:\/\/www.naturparkmagazin.de\/vdn\/wp-json\/wp\/v2\/posts\/6344\/revisions"}],"predecessor-version":[{"id":6345,"href":"https:\/\/www.naturparkmagazin.de\/vdn\/wp-json\/wp\/v2\/posts\/6344\/revisions\/6345"}],"wp:attachment":[{"href":"https:\/\/www.naturparkmagazin.de\/vdn\/wp-json\/wp\/v2\/media?parent=6344"}],"wp:term":[{"taxonomy":"category","embeddable":true,"href":"https:\/\/www.naturparkmagazin.de\/vdn\/wp-json\/wp\/v2\/categories?post=6344"},{"taxonomy":"post_tag","embeddable":true,"href":"https:\/\/www.naturparkmagazin.de\/vdn\/wp-json\/wp\/v2\/tags?post=6344"}],"curies":[{"name":"wp","href":"https:\/\/api.w.org\/{rel}","templated":true}]}}