{"id":6353,"date":"2015-12-14T10:37:45","date_gmt":"2015-12-14T09:37:45","guid":{"rendered":"http:\/\/www.naturparkmagazin.de\/vdn\/?p=6353"},"modified":"2015-12-21T14:49:00","modified_gmt":"2015-12-21T13:49:00","slug":"gut-gezaehlt-stunde-der-wintervoegel-2016","status":"publish","type":"post","link":"https:\/\/www.naturparkmagazin.de\/vdn\/gut-gezaehlt-stunde-der-wintervoegel-2016\/","title":{"rendered":"\u201eGut gez\u00e4hlt\u201c \u2013 Stunde der Winterv\u00f6gel 2016"},"content":{"rendered":"<div id=\"attachment_6356\" style=\"width: 510px\" class=\"wp-caption aligncenter\"><a href=\"https:\/\/www.naturparkmagazin.de\/vdn\/wp-content\/uploads\/sites\/3\/img-0066a_Beitrag.jpg\"><img aria-describedby=\"caption-attachment-6356\" decoding=\"async\" loading=\"lazy\" class=\"size-full wp-image-6356\" src=\"https:\/\/www.naturparkmagazin.de\/vdn\/wp-content\/uploads\/sites\/3\/img-0066a_Beitrag.jpg\" alt=\"Copyright: VDN\/Dieter Becker\" width=\"500\" height=\"700\" srcset=\"https:\/\/www.naturparkmagazin.de\/vdn\/wp-content\/uploads\/sites\/3\/img-0066a_Beitrag.jpg 500w, https:\/\/www.naturparkmagazin.de\/vdn\/wp-content\/uploads\/sites\/3\/img-0066a_Beitrag-300x420.jpg 300w, https:\/\/www.naturparkmagazin.de\/vdn\/wp-content\/uploads\/sites\/3\/img-0066a_Beitrag-200x280.jpg 200w\" sizes=\"(max-width: 500px) 100vw, 500px\" \/><\/a><p id=\"caption-attachment-6356\" class=\"wp-caption-text\">Copyright: VDN\/Dieter Becker<\/p><\/div>\n<p>Vom 8. bis 10. Januar 2016 findet bereits zum sechsten Male die bundesweite \u201eStunde der Winterv\u00f6gel\u201c statt: Der Naturschutzbund Deutschland (NABU) und sein bayerischer Partner Landesbund f\u00fcr Vogelschutz (LBV) rufen Naturfreunde auf, eine Stunde lang die V\u00f6gel am Futterh\u00e4uschen, im Garten, auf dem Balkon oder im Park zu z\u00e4hlen und zu melden.<\/p>\n<p>2015 wurden bei der Aktion im Durchschnitt 39 V\u00f6gel je Garten notiert. Dabei baute der Haussperling seine im Vorwinter erstmals eroberte Spitzenposition gegen\u00fcber der Kohlmeise weiter aus. Auf den Bronzerang r\u00fcckte der Feldsperling vor, gefolgt von Blaumeise, Amsel, Gr\u00fcnfink und Buchfink. Elster, Rabenkr\u00e4he und Rotkehlchen.<\/p>\n<div id=\"attachment_6357\" style=\"width: 510px\" class=\"wp-caption aligncenter\"><a href=\"https:\/\/www.naturparkmagazin.de\/vdn\/wp-content\/uploads\/sites\/3\/Vgel_im_Winter04_beitrag.jpg\"><img aria-describedby=\"caption-attachment-6357\" decoding=\"async\" loading=\"lazy\" class=\"size-full wp-image-6357\" src=\"https:\/\/www.naturparkmagazin.de\/vdn\/wp-content\/uploads\/sites\/3\/Vgel_im_Winter04_beitrag.jpg\" alt=\"Rotkehlchen im Winter - Copyright: VDN\/Uwmich\" width=\"500\" height=\"300\" srcset=\"https:\/\/www.naturparkmagazin.de\/vdn\/wp-content\/uploads\/sites\/3\/Vgel_im_Winter04_beitrag.jpg 500w, https:\/\/www.naturparkmagazin.de\/vdn\/wp-content\/uploads\/sites\/3\/Vgel_im_Winter04_beitrag-300x180.jpg 300w, https:\/\/www.naturparkmagazin.de\/vdn\/wp-content\/uploads\/sites\/3\/Vgel_im_Winter04_beitrag-200x120.jpg 200w\" sizes=\"(max-width: 500px) 100vw, 500px\" \/><\/a><p id=\"caption-attachment-6357\" class=\"wp-caption-text\">Rotkehlchen im Winter &#8211; Copyright: VDN\/Uwmich<\/p><\/div>\n<p>Die \u201eStunde der Winterv\u00f6gel\u201c ist eine der gr\u00f6\u00dften \u201eMitmach\u201c-Aktionen Deutschlands, bei der m\u00f6glichst viele Menschen gemeinsam gro\u00dfe Datenmengen sammeln und so wichtige Hinweise auf die Entwicklung der heimischen Vogelarten geben. Die Langzeitstudie liefert Natursch\u00fctzern eine F\u00fclle wertvoller Informationen zum Schutz der Artenvielfalt. 2015 hatten bei der Aktion 77.000 Vogelfreunde \u00fcber 2 Millionen Winterv\u00f6gel gez\u00e4hlt .<\/p>\n<p><a href=\"https:\/\/www.nabu.de\/tiere-und-pflanzen\/aktionen-und-projekte\/stunde-der-wintervoegel\/index.html\" target=\"_blank\">&gt;&gt; Hier finden Sie weitere Infos zur \u201eStunde der Winterv\u00f6gel\u201c 2015<\/a><\/p>\n<p><a href=\"https:\/\/www.nabu.de\/imperia\/md\/content\/nabude\/vogelschutz\/sdw\/151028-nabu-flyer-stunde-der-wintervoegel2016.pdf\" target=\"_blank\">&gt;&gt; Hier k\u00f6nnen Sie den Infoflyer zur \u201eStunde der Winterv\u00f6gel\u201c 2015 downloaden<\/a><\/p>\n<p><a href=\"https:\/\/www.nabu.de\/imperia\/md\/content\/nabude\/vogelschutz\/sdw\/151028-nabu-zaehlhilfe-stunde-der-wintervoegel2016.pdf\" target=\"_blank\">&gt;&gt; hier k\u00f6nnen Sie eine Z\u00e4hlhilfe zur \u201eStunde der Winterv\u00f6gel\u201c 2015 downloaden<\/a><\/p>\n<p>&nbsp;<\/p>\n<p>&nbsp;<\/p>\n","protected":false},"excerpt":{"rendered":"<p>Wer gleich zu Beginn des Jahres auf Entdeckungsreise gehen will, dem sei die Aktion \u201eStunde der Winterv\u00f6gel\u201c empfohlen, die NABU und LBV vom 8. bis 10. Januar 2016 bereits zum sechsten Male durchf\u00fchren.<\/p>\n","protected":false},"author":14,"featured_media":6358,"comment_status":"open","ping_status":"open","sticky":false,"template":"","format":"standard","meta":{"_links_to":"","_links_to_target":""},"categories":[7],"tags":[],"yoast_head":"<!-- This site is optimized with the Yoast SEO plugin v19.10 - https:\/\/yoast.com\/wordpress\/plugins\/seo\/ -->\n<title>\u201eGut gez\u00e4hlt\u201c \u2013 Stunde der Winterv\u00f6gel 2016<\/title>\n<meta name=\"description\" content=\"Wer gleich zu Beginn des Jahres auf Entdeckungsreise gehen will, dem sei die Aktion \u201eStunde der Winterv\u00f6gel\u201c empfohlen, die NABU und LBV vom 8. bis 10. Januar 2016 bereits zum sechsten Male durchf\u00fchren.\" \/>\n<meta name=\"robots\" content=\"index, follow, max-snippet:-1, max-image-preview:large, max-video-preview:-1\" \/>\n<link rel=\"canonical\" href=\"https:\/\/www.naturparkmagazin.de\/vdn\/gut-gezaehlt-stunde-der-wintervoegel-2016\/\" \/>\n<meta property=\"og:locale\" content=\"de_DE\" \/>\n<meta property=\"og:type\" content=\"article\" \/>\n<meta property=\"og:title\" content=\"\u201eGut gez\u00e4hlt\u201c \u2013 Stunde der Winterv\u00f6gel 2016\" \/>\n<meta property=\"og:description\" content=\"Wer gleich zu Beginn des Jahres auf Entdeckungsreise gehen will, dem sei die Aktion \u201eStunde der Winterv\u00f6gel\u201c empfohlen, die NABU und LBV vom 8. bis 10. Januar 2016 bereits zum sechsten Male durchf\u00fchren.\" \/>\n<meta property=\"og:url\" content=\"https:\/\/www.naturparkmagazin.de\/vdn\/gut-gezaehlt-stunde-der-wintervoegel-2016\/\" \/>\n<meta property=\"og:site_name\" content=\"Verband Deutscher Naturparke\" \/>\n<meta property=\"article:published_time\" content=\"2015-12-14T09:37:45+00:00\" \/>\n<meta property=\"article:modified_time\" content=\"2015-12-21T13:49:00+00:00\" \/>\n<meta property=\"og:image\" content=\"https:\/\/www.naturparkmagazin.de\/vdn\/wp-content\/uploads\/sites\/3\/Vgel_im_Winter04_beitragsbild.jpg\" \/>\n\t<meta property=\"og:image:width\" content=\"200\" \/>\n\t<meta property=\"og:image:height\" content=\"200\" \/>\n\t<meta property=\"og:image:type\" content=\"image\/jpeg\" \/>\n<meta name=\"author\" content=\"vdnnational\" \/>\n<meta name=\"twitter:label1\" content=\"Verfasst von\" \/>\n\t<meta name=\"twitter:data1\" content=\"vdnnational\" \/>\n\t<meta name=\"twitter:label2\" content=\"Gesch\u00e4tzte Lesezeit\" \/>\n\t<meta name=\"twitter:data2\" content=\"1\u00a0Minute\" \/>\n<script type=\"application\/ld+json\" class=\"yoast-schema-graph\">{\"@context\":\"https:\/\/schema.org\",\"@graph\":[{\"@type\":\"WebPage\",\"@id\":\"https:\/\/www.naturparkmagazin.de\/vdn\/gut-gezaehlt-stunde-der-wintervoegel-2016\/\",\"url\":\"https:\/\/www.naturparkmagazin.de\/vdn\/gut-gezaehlt-stunde-der-wintervoegel-2016\/\",\"name\":\"\u201eGut gez\u00e4hlt\u201c \u2013 Stunde der Winterv\u00f6gel 2016\",\"isPartOf\":{\"@id\":\"https:\/\/www.naturparkmagazin.de\/vdn\/#website\"},\"datePublished\":\"2015-12-14T09:37:45+00:00\",\"dateModified\":\"2015-12-21T13:49:00+00:00\",\"author\":{\"@id\":\"https:\/\/www.naturparkmagazin.de\/vdn\/#\/schema\/person\/e28d931df83318a48d52ae72b08d2bfb\"},\"description\":\"Wer gleich zu Beginn des Jahres auf Entdeckungsreise gehen will, dem sei die Aktion \u201eStunde der Winterv\u00f6gel\u201c empfohlen, die NABU und LBV vom 8. bis 10. Januar 2016 bereits zum sechsten Male durchf\u00fchren.\",\"breadcrumb\":{\"@id\":\"https:\/\/www.naturparkmagazin.de\/vdn\/gut-gezaehlt-stunde-der-wintervoegel-2016\/#breadcrumb\"},\"inLanguage\":\"de\",\"potentialAction\":[{\"@type\":\"ReadAction\",\"target\":[\"https:\/\/www.naturparkmagazin.de\/vdn\/gut-gezaehlt-stunde-der-wintervoegel-2016\/\"]}]},{\"@type\":\"BreadcrumbList\",\"@id\":\"https:\/\/www.naturparkmagazin.de\/vdn\/gut-gezaehlt-stunde-der-wintervoegel-2016\/#breadcrumb\",\"itemListElement\":[{\"@type\":\"ListItem\",\"position\":1,\"name\":\"Home\",\"item\":\"https:\/\/www.naturparkmagazin.de\/vdn\/\"},{\"@type\":\"ListItem\",\"position\":2,\"name\":\"\u201eGut gez\u00e4hlt\u201c \u2013 Stunde der Winterv\u00f6gel 2016\"}]},{\"@type\":\"WebSite\",\"@id\":\"https:\/\/www.naturparkmagazin.de\/vdn\/#website\",\"url\":\"https:\/\/www.naturparkmagazin.de\/vdn\/\",\"name\":\"Verband Deutscher Naturparke\",\"description\":\"Eine weitere Naturparkmagazin.de Netzwerk Seite\",\"potentialAction\":[{\"@type\":\"SearchAction\",\"target\":{\"@type\":\"EntryPoint\",\"urlTemplate\":\"https:\/\/www.naturparkmagazin.de\/vdn\/?s={search_term_string}\"},\"query-input\":\"required name=search_term_string\"}],\"inLanguage\":\"de\"},{\"@type\":\"Person\",\"@id\":\"https:\/\/www.naturparkmagazin.de\/vdn\/#\/schema\/person\/e28d931df83318a48d52ae72b08d2bfb\",\"name\":\"vdnnational\",\"url\":\"https:\/\/www.naturparkmagazin.de\/vdn\/author\/vdnnational\/\"}]}<\/script>\n<!-- \/ Yoast SEO plugin. -->","yoast_head_json":{"title":"\u201eGut gez\u00e4hlt\u201c \u2013 Stunde der Winterv\u00f6gel 2016","description":"Wer gleich zu Beginn des Jahres auf Entdeckungsreise gehen will, dem sei die Aktion \u201eStunde der Winterv\u00f6gel\u201c empfohlen, die NABU und LBV vom 8. bis 10. Januar 2016 bereits zum sechsten Male durchf\u00fchren.","robots":{"index":"index","follow":"follow","max-snippet":"max-snippet:-1","max-image-preview":"max-image-preview:large","max-video-preview":"max-video-preview:-1"},"canonical":"https:\/\/www.naturparkmagazin.de\/vdn\/gut-gezaehlt-stunde-der-wintervoegel-2016\/","og_locale":"de_DE","og_type":"article","og_title":"\u201eGut gez\u00e4hlt\u201c \u2013 Stunde der Winterv\u00f6gel 2016","og_description":"Wer gleich zu Beginn des Jahres auf Entdeckungsreise gehen will, dem sei die Aktion \u201eStunde der Winterv\u00f6gel\u201c empfohlen, die NABU und LBV vom 8. bis 10. Januar 2016 bereits zum sechsten Male durchf\u00fchren.","og_url":"https:\/\/www.naturparkmagazin.de\/vdn\/gut-gezaehlt-stunde-der-wintervoegel-2016\/","og_site_name":"Verband Deutscher Naturparke","article_published_time":"2015-12-14T09:37:45+00:00","article_modified_time":"2015-12-21T13:49:00+00:00","og_image":[{"width":200,"height":200,"url":"https:\/\/www.naturparkmagazin.de\/vdn\/wp-content\/uploads\/sites\/3\/Vgel_im_Winter04_beitragsbild.jpg","type":"image\/jpeg"}],"author":"vdnnational","twitter_misc":{"Verfasst von":"vdnnational","Gesch\u00e4tzte Lesezeit":"1\u00a0Minute"},"schema":{"@context":"https:\/\/schema.org","@graph":[{"@type":"WebPage","@id":"https:\/\/www.naturparkmagazin.de\/vdn\/gut-gezaehlt-stunde-der-wintervoegel-2016\/","url":"https:\/\/www.naturparkmagazin.de\/vdn\/gut-gezaehlt-stunde-der-wintervoegel-2016\/","name":"\u201eGut gez\u00e4hlt\u201c \u2013 Stunde der Winterv\u00f6gel 2016","isPartOf":{"@id":"https:\/\/www.naturparkmagazin.de\/vdn\/#website"},"datePublished":"2015-12-14T09:37:45+00:00","dateModified":"2015-12-21T13:49:00+00:00","author":{"@id":"https:\/\/www.naturparkmagazin.de\/vdn\/#\/schema\/person\/e28d931df83318a48d52ae72b08d2bfb"},"description":"Wer gleich zu Beginn des Jahres auf Entdeckungsreise gehen will, dem sei die Aktion \u201eStunde der Winterv\u00f6gel\u201c empfohlen, die NABU und LBV vom 8. bis 10. Januar 2016 bereits zum sechsten Male durchf\u00fchren.","breadcrumb":{"@id":"https:\/\/www.naturparkmagazin.de\/vdn\/gut-gezaehlt-stunde-der-wintervoegel-2016\/#breadcrumb"},"inLanguage":"de","potentialAction":[{"@type":"ReadAction","target":["https:\/\/www.naturparkmagazin.de\/vdn\/gut-gezaehlt-stunde-der-wintervoegel-2016\/"]}]},{"@type":"BreadcrumbList","@id":"https:\/\/www.naturparkmagazin.de\/vdn\/gut-gezaehlt-stunde-der-wintervoegel-2016\/#breadcrumb","itemListElement":[{"@type":"ListItem","position":1,"name":"Home","item":"https:\/\/www.naturparkmagazin.de\/vdn\/"},{"@type":"ListItem","position":2,"name":"\u201eGut gez\u00e4hlt\u201c \u2013 Stunde der Winterv\u00f6gel 2016"}]},{"@type":"WebSite","@id":"https:\/\/www.naturparkmagazin.de\/vdn\/#website","url":"https:\/\/www.naturparkmagazin.de\/vdn\/","name":"Verband Deutscher Naturparke","description":"Eine weitere Naturparkmagazin.de Netzwerk Seite","potentialAction":[{"@type":"SearchAction","target":{"@type":"EntryPoint","urlTemplate":"https:\/\/www.naturparkmagazin.de\/vdn\/?s={search_term_string}"},"query-input":"required name=search_term_string"}],"inLanguage":"de"},{"@type":"Person","@id":"https:\/\/www.naturparkmagazin.de\/vdn\/#\/schema\/person\/e28d931df83318a48d52ae72b08d2bfb","name":"vdnnational","url":"https:\/\/www.naturparkmagazin.de\/vdn\/author\/vdnnational\/"}]}},"_links":{"self":[{"href":"https:\/\/www.naturparkmagazin.de\/vdn\/wp-json\/wp\/v2\/posts\/6353"}],"collection":[{"href":"https:\/\/www.naturparkmagazin.de\/vdn\/wp-json\/wp\/v2\/posts"}],"about":[{"href":"https:\/\/www.naturparkmagazin.de\/vdn\/wp-json\/wp\/v2\/types\/post"}],"author":[{"embeddable":true,"href":"https:\/\/www.naturparkmagazin.de\/vdn\/wp-json\/wp\/v2\/users\/14"}],"replies":[{"embeddable":true,"href":"https:\/\/www.naturparkmagazin.de\/vdn\/wp-json\/wp\/v2\/comments?post=6353"}],"version-history":[{"count":5,"href":"https:\/\/www.naturparkmagazin.de\/vdn\/wp-json\/wp\/v2\/posts\/6353\/revisions"}],"predecessor-version":[{"id":6460,"href":"https:\/\/www.naturparkmagazin.de\/vdn\/wp-json\/wp\/v2\/posts\/6353\/revisions\/6460"}],"wp:featuredmedia":[{"embeddable":true,"href":"https:\/\/www.naturparkmagazin.de\/vdn\/wp-json\/wp\/v2\/media\/6358"}],"wp:attachment":[{"href":"https:\/\/www.naturparkmagazin.de\/vdn\/wp-json\/wp\/v2\/media?parent=6353"}],"wp:term":[{"taxonomy":"category","embeddable":true,"href":"https:\/\/www.naturparkmagazin.de\/vdn\/wp-json\/wp\/v2\/categories?post=6353"},{"taxonomy":"post_tag","embeddable":true,"href":"https:\/\/www.naturparkmagazin.de\/vdn\/wp-json\/wp\/v2\/tags?post=6353"}],"curies":[{"name":"wp","href":"https:\/\/api.w.org\/{rel}","templated":true}]}}