{"id":6408,"date":"2015-12-14T10:01:48","date_gmt":"2015-12-14T09:01:48","guid":{"rendered":"http:\/\/www.naturparkmagazin.de\/vdn\/?p=6408"},"modified":"2015-12-21T10:39:48","modified_gmt":"2015-12-21T09:39:48","slug":"jahressiegerbild-unsere-galaxie-ueber-dem-wasserfall","status":"publish","type":"post","link":"https:\/\/www.naturparkmagazin.de\/vdn\/jahressiegerbild-unsere-galaxie-ueber-dem-wasserfall\/","title":{"rendered":"Jahressiegerbild: \u201eUnsere Galaxie \u00fcber dem Wasserfall\u201c"},"content":{"rendered":"<div id=\"attachment_6411\" style=\"width: 510px\" class=\"wp-caption aligncenter\"><a href=\"https:\/\/www.naturparkmagazin.de\/vdn\/wp-content\/uploads\/sites\/3\/mg-7631-panorama-ausschnitt-beitrag.jpg\"><img aria-describedby=\"caption-attachment-6411\" decoding=\"async\" loading=\"lazy\" class=\"size-full wp-image-6411\" src=\"https:\/\/www.naturparkmagazin.de\/vdn\/wp-content\/uploads\/sites\/3\/mg-7631-panorama-ausschnitt-beitrag.jpg\" alt=\"Wasserfall Milchstrasse \u00a9 VDN\/ Thomas Raffler\" width=\"500\" height=\"300\" srcset=\"https:\/\/www.naturparkmagazin.de\/vdn\/wp-content\/uploads\/sites\/3\/mg-7631-panorama-ausschnitt-beitrag.jpg 500w, https:\/\/www.naturparkmagazin.de\/vdn\/wp-content\/uploads\/sites\/3\/mg-7631-panorama-ausschnitt-beitrag-300x180.jpg 300w, https:\/\/www.naturparkmagazin.de\/vdn\/wp-content\/uploads\/sites\/3\/mg-7631-panorama-ausschnitt-beitrag-200x120.jpg 200w\" sizes=\"(max-width: 500px) 100vw, 500px\" \/><\/a><p id=\"caption-attachment-6411\" class=\"wp-caption-text\">Buchenegger Wasserfall Milchstrasse \u00a9 VDN\/ Thomas Raffler<\/p><\/div>\n<p>In einer n\u00e4chtlichen Inszenierung setzt k\u00fcnstliches Licht die Sch\u00f6nheit eines der Buchenegger Wasserf\u00e4lle mit der abstrakten Unendlichkeit des Kosmos in Beziehung. Nun wurde die Aufnahme zum Jahressiegerbild im Fotowettbewerb \u201eAugenblick Natur!\u201c 2015 gek\u00fcrt.<\/p>\n<p>Die Jury: \u201eIm Nachthimmel unz\u00e4hliger Sterne scheint sich die Milchstra\u00dfe dem gezackten Verlauf der irdischen Baumwipfel anzupassen und \u00fcber dem Wasserfall ihre hellste Strahlkraft zu entwickeln. Von diesem Zentrum der Farben, Kontraste und Sichtbarkeit aus verliert sich das Licht zu den Bildr\u00e4ndern hin in tiefem Schwarz. Nachhaltig sind wir beeindruckt von dieser Aufnahme zum damaligen Monatsthema &#8222;Nachts im Naturpark&#8220; und gratulieren Thomas Raffler herzlich zum Gewinn des Fotowettbewerbs &#8222;Augenblick Natur!&#8220; 2015\u201c.<\/p>\n<p>Jury und VDN-Team begl\u00fcckw\u00fcnschen ganz herzlich zum verdienten Jahressieg und danken allen Teilnehmern am Wettbewerb 2015. Wir freuen uns bereits auf Ihre \u201eAugenblicke Natur!\u201c 2016!<\/p>\n<p>Alle pr\u00e4mierten Bilder und mehr finden Sie auch auf<a href=\"http:\/\/www.naturparkfotos.de\" target=\"_blank\"> www.naturparkfotos.de<\/a><\/p>\n<p><a href=\"http:\/\/www.naturparke.de\/system\/articledownloads\/464\/original\/PM_Fotowettbewerb_Jahressieger_2015.pdf?1450273284\">Hier k\u00f6nnen Sie die Pressemitteilung lesen<\/a><\/p>\n<p>&nbsp;<\/p>\n<p>&nbsp;<\/p>\n","protected":false},"excerpt":{"rendered":"<p>Thomas Rafflers Bild \u201eUnsere Galaxie \u00fcber dem Wasserfall\u201c aus dem Naturpark Nagelfluhkette wurde zum Jahressiegerbild im Fotowettbewerb \u201eAugenblick Natur!\u201c 2015 gek\u00fcrt.<\/p>\n","protected":false},"author":51,"featured_media":6410,"comment_status":"open","ping_status":"open","sticky":false,"template":"","format":"standard","meta":{"_links_to":"","_links_to_target":""},"categories":[10],"tags":[508,3150,88,81,3154,3149,94,41],"yoast_head":"<!-- This site is optimized with the Yoast SEO plugin v19.10 - https:\/\/yoast.com\/wordpress\/plugins\/seo\/ -->\n<title>Jahressiegerbild: \u201eUnsere Galaxie \u00fcber dem Wasserfall\u201c<\/title>\n<meta name=\"description\" content=\"Thomas Rafflers Bild \u201eUnsere Galaxie \u00fcber dem Wasserfall\u201c aus dem Naturpark Nagelfluhkette wurde zum Jahressiegerbild im Fotowettbewerb \u201eAugenblick Natur!\u201c 2015 gek\u00fcrt.\" \/>\n<meta name=\"robots\" content=\"index, follow, max-snippet:-1, max-image-preview:large, max-video-preview:-1\" \/>\n<link rel=\"canonical\" href=\"https:\/\/www.naturparkmagazin.de\/vdn\/jahressiegerbild-unsere-galaxie-ueber-dem-wasserfall\/\" \/>\n<meta property=\"og:locale\" content=\"de_DE\" \/>\n<meta property=\"og:type\" content=\"article\" \/>\n<meta property=\"og:title\" content=\"Jahressiegerbild: \u201eUnsere Galaxie \u00fcber dem Wasserfall\u201c\" \/>\n<meta property=\"og:description\" content=\"Thomas Rafflers Bild \u201eUnsere Galaxie \u00fcber dem Wasserfall\u201c aus dem Naturpark Nagelfluhkette wurde zum Jahressiegerbild im Fotowettbewerb \u201eAugenblick Natur!\u201c 2015 gek\u00fcrt.\" \/>\n<meta property=\"og:url\" content=\"https:\/\/www.naturparkmagazin.de\/vdn\/jahressiegerbild-unsere-galaxie-ueber-dem-wasserfall\/\" \/>\n<meta property=\"og:site_name\" content=\"Verband Deutscher Naturparke\" \/>\n<meta property=\"article:published_time\" content=\"2015-12-14T09:01:48+00:00\" \/>\n<meta property=\"article:modified_time\" content=\"2015-12-21T09:39:48+00:00\" \/>\n<meta property=\"og:image\" content=\"https:\/\/www.naturparkmagazin.de\/vdn\/wp-content\/uploads\/sites\/3\/mg-7631-panorama-ausschnitt-beitrags.jpg\" \/>\n\t<meta property=\"og:image:width\" content=\"200\" \/>\n\t<meta property=\"og:image:height\" content=\"200\" \/>\n\t<meta property=\"og:image:type\" content=\"image\/jpeg\" \/>\n<meta name=\"author\" content=\"beatrixlosem\" \/>\n<meta name=\"twitter:label1\" content=\"Verfasst von\" \/>\n\t<meta name=\"twitter:data1\" content=\"beatrixlosem\" \/>\n\t<meta name=\"twitter:label2\" content=\"Gesch\u00e4tzte Lesezeit\" \/>\n\t<meta name=\"twitter:data2\" content=\"1\u00a0Minute\" \/>\n<script type=\"application\/ld+json\" class=\"yoast-schema-graph\">{\"@context\":\"https:\/\/schema.org\",\"@graph\":[{\"@type\":\"WebPage\",\"@id\":\"https:\/\/www.naturparkmagazin.de\/vdn\/jahressiegerbild-unsere-galaxie-ueber-dem-wasserfall\/\",\"url\":\"https:\/\/www.naturparkmagazin.de\/vdn\/jahressiegerbild-unsere-galaxie-ueber-dem-wasserfall\/\",\"name\":\"Jahressiegerbild: \u201eUnsere Galaxie \u00fcber dem Wasserfall\u201c\",\"isPartOf\":{\"@id\":\"https:\/\/www.naturparkmagazin.de\/vdn\/#website\"},\"datePublished\":\"2015-12-14T09:01:48+00:00\",\"dateModified\":\"2015-12-21T09:39:48+00:00\",\"author\":{\"@id\":\"https:\/\/www.naturparkmagazin.de\/vdn\/#\/schema\/person\/d71357578c318b6db03be60b1f60396b\"},\"description\":\"Thomas Rafflers Bild \u201eUnsere Galaxie \u00fcber dem Wasserfall\u201c aus dem Naturpark Nagelfluhkette wurde zum Jahressiegerbild im Fotowettbewerb \u201eAugenblick Natur!\u201c 2015 gek\u00fcrt.\",\"breadcrumb\":{\"@id\":\"https:\/\/www.naturparkmagazin.de\/vdn\/jahressiegerbild-unsere-galaxie-ueber-dem-wasserfall\/#breadcrumb\"},\"inLanguage\":\"de\",\"potentialAction\":[{\"@type\":\"ReadAction\",\"target\":[\"https:\/\/www.naturparkmagazin.de\/vdn\/jahressiegerbild-unsere-galaxie-ueber-dem-wasserfall\/\"]}]},{\"@type\":\"BreadcrumbList\",\"@id\":\"https:\/\/www.naturparkmagazin.de\/vdn\/jahressiegerbild-unsere-galaxie-ueber-dem-wasserfall\/#breadcrumb\",\"itemListElement\":[{\"@type\":\"ListItem\",\"position\":1,\"name\":\"Home\",\"item\":\"https:\/\/www.naturparkmagazin.de\/vdn\/\"},{\"@type\":\"ListItem\",\"position\":2,\"name\":\"Jahressiegerbild: \u201eUnsere Galaxie \u00fcber dem Wasserfall\u201c\"}]},{\"@type\":\"WebSite\",\"@id\":\"https:\/\/www.naturparkmagazin.de\/vdn\/#website\",\"url\":\"https:\/\/www.naturparkmagazin.de\/vdn\/\",\"name\":\"Verband Deutscher Naturparke\",\"description\":\"Eine weitere Naturparkmagazin.de Netzwerk Seite\",\"potentialAction\":[{\"@type\":\"SearchAction\",\"target\":{\"@type\":\"EntryPoint\",\"urlTemplate\":\"https:\/\/www.naturparkmagazin.de\/vdn\/?s={search_term_string}\"},\"query-input\":\"required name=search_term_string\"}],\"inLanguage\":\"de\"},{\"@type\":\"Person\",\"@id\":\"https:\/\/www.naturparkmagazin.de\/vdn\/#\/schema\/person\/d71357578c318b6db03be60b1f60396b\",\"name\":\"beatrixlosem\",\"url\":\"https:\/\/www.naturparkmagazin.de\/vdn\/author\/beatrixlosem\/\"}]}<\/script>\n<!-- \/ Yoast SEO plugin. -->","yoast_head_json":{"title":"Jahressiegerbild: \u201eUnsere Galaxie \u00fcber dem Wasserfall\u201c","description":"Thomas Rafflers Bild \u201eUnsere Galaxie \u00fcber dem Wasserfall\u201c aus dem Naturpark Nagelfluhkette wurde zum Jahressiegerbild im Fotowettbewerb \u201eAugenblick Natur!\u201c 2015 gek\u00fcrt.","robots":{"index":"index","follow":"follow","max-snippet":"max-snippet:-1","max-image-preview":"max-image-preview:large","max-video-preview":"max-video-preview:-1"},"canonical":"https:\/\/www.naturparkmagazin.de\/vdn\/jahressiegerbild-unsere-galaxie-ueber-dem-wasserfall\/","og_locale":"de_DE","og_type":"article","og_title":"Jahressiegerbild: \u201eUnsere Galaxie \u00fcber dem Wasserfall\u201c","og_description":"Thomas Rafflers Bild \u201eUnsere Galaxie \u00fcber dem Wasserfall\u201c aus dem Naturpark Nagelfluhkette wurde zum Jahressiegerbild im Fotowettbewerb \u201eAugenblick Natur!\u201c 2015 gek\u00fcrt.","og_url":"https:\/\/www.naturparkmagazin.de\/vdn\/jahressiegerbild-unsere-galaxie-ueber-dem-wasserfall\/","og_site_name":"Verband Deutscher Naturparke","article_published_time":"2015-12-14T09:01:48+00:00","article_modified_time":"2015-12-21T09:39:48+00:00","og_image":[{"width":200,"height":200,"url":"https:\/\/www.naturparkmagazin.de\/vdn\/wp-content\/uploads\/sites\/3\/mg-7631-panorama-ausschnitt-beitrags.jpg","type":"image\/jpeg"}],"author":"beatrixlosem","twitter_misc":{"Verfasst von":"beatrixlosem","Gesch\u00e4tzte Lesezeit":"1\u00a0Minute"},"schema":{"@context":"https:\/\/schema.org","@graph":[{"@type":"WebPage","@id":"https:\/\/www.naturparkmagazin.de\/vdn\/jahressiegerbild-unsere-galaxie-ueber-dem-wasserfall\/","url":"https:\/\/www.naturparkmagazin.de\/vdn\/jahressiegerbild-unsere-galaxie-ueber-dem-wasserfall\/","name":"Jahressiegerbild: \u201eUnsere Galaxie \u00fcber dem Wasserfall\u201c","isPartOf":{"@id":"https:\/\/www.naturparkmagazin.de\/vdn\/#website"},"datePublished":"2015-12-14T09:01:48+00:00","dateModified":"2015-12-21T09:39:48+00:00","author":{"@id":"https:\/\/www.naturparkmagazin.de\/vdn\/#\/schema\/person\/d71357578c318b6db03be60b1f60396b"},"description":"Thomas Rafflers Bild \u201eUnsere Galaxie \u00fcber dem Wasserfall\u201c aus dem Naturpark Nagelfluhkette wurde zum Jahressiegerbild im Fotowettbewerb \u201eAugenblick Natur!\u201c 2015 gek\u00fcrt.","breadcrumb":{"@id":"https:\/\/www.naturparkmagazin.de\/vdn\/jahressiegerbild-unsere-galaxie-ueber-dem-wasserfall\/#breadcrumb"},"inLanguage":"de","potentialAction":[{"@type":"ReadAction","target":["https:\/\/www.naturparkmagazin.de\/vdn\/jahressiegerbild-unsere-galaxie-ueber-dem-wasserfall\/"]}]},{"@type":"BreadcrumbList","@id":"https:\/\/www.naturparkmagazin.de\/vdn\/jahressiegerbild-unsere-galaxie-ueber-dem-wasserfall\/#breadcrumb","itemListElement":[{"@type":"ListItem","position":1,"name":"Home","item":"https:\/\/www.naturparkmagazin.de\/vdn\/"},{"@type":"ListItem","position":2,"name":"Jahressiegerbild: \u201eUnsere Galaxie \u00fcber dem Wasserfall\u201c"}]},{"@type":"WebSite","@id":"https:\/\/www.naturparkmagazin.de\/vdn\/#website","url":"https:\/\/www.naturparkmagazin.de\/vdn\/","name":"Verband Deutscher Naturparke","description":"Eine weitere Naturparkmagazin.de Netzwerk Seite","potentialAction":[{"@type":"SearchAction","target":{"@type":"EntryPoint","urlTemplate":"https:\/\/www.naturparkmagazin.de\/vdn\/?s={search_term_string}"},"query-input":"required name=search_term_string"}],"inLanguage":"de"},{"@type":"Person","@id":"https:\/\/www.naturparkmagazin.de\/vdn\/#\/schema\/person\/d71357578c318b6db03be60b1f60396b","name":"beatrixlosem","url":"https:\/\/www.naturparkmagazin.de\/vdn\/author\/beatrixlosem\/"}]}},"_links":{"self":[{"href":"https:\/\/www.naturparkmagazin.de\/vdn\/wp-json\/wp\/v2\/posts\/6408"}],"collection":[{"href":"https:\/\/www.naturparkmagazin.de\/vdn\/wp-json\/wp\/v2\/posts"}],"about":[{"href":"https:\/\/www.naturparkmagazin.de\/vdn\/wp-json\/wp\/v2\/types\/post"}],"author":[{"embeddable":true,"href":"https:\/\/www.naturparkmagazin.de\/vdn\/wp-json\/wp\/v2\/users\/51"}],"replies":[{"embeddable":true,"href":"https:\/\/www.naturparkmagazin.de\/vdn\/wp-json\/wp\/v2\/comments?post=6408"}],"version-history":[{"count":5,"href":"https:\/\/www.naturparkmagazin.de\/vdn\/wp-json\/wp\/v2\/posts\/6408\/revisions"}],"predecessor-version":[{"id":6457,"href":"https:\/\/www.naturparkmagazin.de\/vdn\/wp-json\/wp\/v2\/posts\/6408\/revisions\/6457"}],"wp:featuredmedia":[{"embeddable":true,"href":"https:\/\/www.naturparkmagazin.de\/vdn\/wp-json\/wp\/v2\/media\/6410"}],"wp:attachment":[{"href":"https:\/\/www.naturparkmagazin.de\/vdn\/wp-json\/wp\/v2\/media?parent=6408"}],"wp:term":[{"taxonomy":"category","embeddable":true,"href":"https:\/\/www.naturparkmagazin.de\/vdn\/wp-json\/wp\/v2\/categories?post=6408"},{"taxonomy":"post_tag","embeddable":true,"href":"https:\/\/www.naturparkmagazin.de\/vdn\/wp-json\/wp\/v2\/tags?post=6408"}],"curies":[{"name":"wp","href":"https:\/\/api.w.org\/{rel}","templated":true}]}}