{"id":6486,"date":"2016-01-15T14:41:49","date_gmt":"2016-01-15T13:41:49","guid":{"rendered":"http:\/\/www.naturparkmagazin.de\/vdn\/?p=6486"},"modified":"2016-01-18T11:25:53","modified_gmt":"2016-01-18T10:25:53","slug":"naerrische-zeiten-fastnachtsbraeuche-in-naturparken","status":"publish","type":"post","link":"https:\/\/www.naturparkmagazin.de\/vdn\/naerrische-zeiten-fastnachtsbraeuche-in-naturparken\/","title":{"rendered":"N\u00e4rrische Zeiten \u2013 Fastnachtsbr\u00e4uche in Naturparken"},"content":{"rendered":"<div id=\"attachment_6488\" style=\"width: 310px\" class=\"wp-caption aligncenter\"><a href=\"https:\/\/www.naturparkmagazin.de\/vdn\/wp-content\/uploads\/sites\/3\/carnival@hans-pixabay-b.jpg\"><img aria-describedby=\"caption-attachment-6488\" decoding=\"async\" loading=\"lazy\" class=\"size-full wp-image-6488\" src=\"https:\/\/www.naturparkmagazin.de\/vdn\/wp-content\/uploads\/sites\/3\/carnival@hans-pixabay-b.jpg\" alt=\"carnival@pixabay\" width=\"300\" height=\"500\" srcset=\"https:\/\/www.naturparkmagazin.de\/vdn\/wp-content\/uploads\/sites\/3\/carnival@hans-pixabay-b.jpg 300w, https:\/\/www.naturparkmagazin.de\/vdn\/wp-content\/uploads\/sites\/3\/carnival@hans-pixabay-b-200x333.jpg 200w\" sizes=\"(max-width: 300px) 100vw, 300px\" \/><\/a><p id=\"caption-attachment-6488\" class=\"wp-caption-text\">carnival@pixabay<\/p><\/div>\n<p>Fr\u00fchling, Sommer Herbst und Winter \u2013 diese vier Jahreszeiten sind jedermann bekannt. Dazu hat sich aber in vielen Regionen Deutschlands sp\u00e4testens seit Anfang des 14. Jahrhunderts eine f\u00fcnfte Jahreszeit etabliert in der regional und lokal unterschiedliches Brauchtum auch aktuell gepflegt wird.\nW\u00e4hrend es \u00fcberall schon nach Punsch und Weihnachtsgeb\u00e4ck duftet, beginnt f\u00fcr die meisten Narren die f\u00fcnfte Jahreszeit schon am 11.11. um 11.11 Uhr und dauert bis zum Aschermittwoch. Nur im S\u00fcdwesten Deutschlands beginnt die Session erst am Dreik\u00f6nigstag, dem 6. Januar. Dabei ist die Bezeichnung f\u00fcr dieses Brauchtum von Region zu Region verschieden. In Baden-W\u00fcrttemberg, Rheinland-Pfalz und Hessen wird von Fastnacht gesprochen, in Bayern, Brandenburg und Th\u00fcringen von Fasching und in Nordrhein-Westfalen von Karneval.<\/p>\n<div id=\"attachment_6491\" style=\"width: 510px\" class=\"wp-caption aligncenter\"><a href=\"https:\/\/www.naturparkmagazin.de\/vdn\/wp-content\/uploads\/sites\/3\/fotolia_38364986b.jpg\"><img aria-describedby=\"caption-attachment-6491\" decoding=\"async\" loading=\"lazy\" class=\"size-full wp-image-6491\" src=\"https:\/\/www.naturparkmagazin.de\/vdn\/wp-content\/uploads\/sites\/3\/fotolia_38364986b.jpg\" alt=\"\u00a9 fotolia\" width=\"500\" height=\"300\" srcset=\"https:\/\/www.naturparkmagazin.de\/vdn\/wp-content\/uploads\/sites\/3\/fotolia_38364986b.jpg 500w, https:\/\/www.naturparkmagazin.de\/vdn\/wp-content\/uploads\/sites\/3\/fotolia_38364986b-300x180.jpg 300w, https:\/\/www.naturparkmagazin.de\/vdn\/wp-content\/uploads\/sites\/3\/fotolia_38364986b-200x120.jpg 200w\" sizes=\"(max-width: 500px) 100vw, 500px\" \/><\/a><p id=\"caption-attachment-6491\" class=\"wp-caption-text\">\u00a9 fotolia<\/p><\/div>\n<p><strong>Ursprung der Namen Fastnacht, Fasching und Karneval<\/strong>\nDer Name Fastnacht stammt vom mittelhochdeutschen Wort vas(e) naht ab und bedeutet so viel wie Unfug treiben zu n\u00e4chtlicher Stunde. Das Wort Karneval stammt vom Lateinischen &#8222;carne&#8220; und &#8222;vale&#8220; ab = &#8222;Fleisch&#8220; lebe wohl, was auf das Fasten hinweisen soll. Das Wort Fasching taucht im Hochdeutschen bereits ab dem 13. Jahrhundert als vaschanc und vaschang auf. Vaschang bedeutete &#8222;Fastenschank\u201c, also das letzte Ausschenken (alkoholische Getr\u00e4nke) vor der Fastenzeit.<\/p>\n<div id=\"attachment_6489\" style=\"width: 510px\" class=\"wp-caption aligncenter\"><a href=\"https:\/\/www.naturparkmagazin.de\/vdn\/wp-content\/uploads\/sites\/3\/carnival-81626_1920b.jpg\"><img aria-describedby=\"caption-attachment-6489\" decoding=\"async\" loading=\"lazy\" class=\"size-full wp-image-6489\" src=\"https:\/\/www.naturparkmagazin.de\/vdn\/wp-content\/uploads\/sites\/3\/carnival-81626_1920b.jpg\" alt=\"carnival \u00a9 pixabay\" width=\"500\" height=\"300\" srcset=\"https:\/\/www.naturparkmagazin.de\/vdn\/wp-content\/uploads\/sites\/3\/carnival-81626_1920b.jpg 500w, https:\/\/www.naturparkmagazin.de\/vdn\/wp-content\/uploads\/sites\/3\/carnival-81626_1920b-300x180.jpg 300w, https:\/\/www.naturparkmagazin.de\/vdn\/wp-content\/uploads\/sites\/3\/carnival-81626_1920b-200x120.jpg 200w\" sizes=\"(max-width: 500px) 100vw, 500px\" \/><\/a><p id=\"caption-attachment-6489\" class=\"wp-caption-text\">carnival \u00a9 pixabay<\/p><\/div>\n<p><strong>Bunte Umz\u00fcge<\/strong>\nIn vielen Naturparkregionen wird die f\u00fcnfte Jahreszeit mit bunten Umz\u00fcgen gefeiert, mancherorts geschaffen, um auf diese Weise politischen Spott und Kritik aller Art los zu werden, aber auch, um das wilde Faschingstreiben in geordnete Bahnen zu lenken. Die Umz\u00fcge beschr\u00e4nken sich l\u00e4ngst nicht auf die bekannten gro\u00dfen in den Naturparken Rheinland oder Rhein-Taunus. Am \u201eTulpensonntag\u201c oder \u201eNelkensamstag\u201c sind sie beispielsweise auch Tradition im Naturpark Schwalm-Nette.<\/p>\n<p><strong>Mummenschanz<\/strong>\nIm s\u00fcdwestdeutschen Raum, beispielsweise den Naturparken Schw\u00e4bisch-Fr\u00e4nkischer Wald, Schwarzwald Mitte Nord und S\u00fcdschwarzwald wird das Brauchtum der Fastnacht als \u201eFasnet\u201c mit &#8222;Mummenschanz&#8220; und &#8222;Guggenmusik&#8220; gefeiert. Die Masken der Narren sind aus Holz, aber auch aus Stoff, Papier, Draht oder Ton und das Charakteristische an dieser Fasnet. Sie stellen u.a. Teufel, wilde Leute, Hexen und Narren dar und sind ein echter Hingucker. Oft werden die Masken von Generation zu Generation vererbt und jedes Jahr getragen.<\/p>\n<p><strong>Schellenr\u00fchren<\/strong>\nIm bayerischen Raum gibt es die jahrhundertealte Tradition, den Winter mit Feuer und gruseligen Gestalten auszutreiben. Dazu werden Schellen und Rasseln benutzt. Im bayerischen Fasching ist immer noch das &#8222;Schellenr\u00fchren&#8220; aktuell. Hierzu wird mit gro\u00dfen Kuhglocken auf dem R\u00fccken, einer Holzmaske auf dem Gesicht, einer z\u00fcnftigen Lederhose und einem wei\u00dfen Hemd unter viel L\u00e4rm und Gel\u00e4ut der Winter verjagt.<\/p>\n<div id=\"attachment_6490\" style=\"width: 510px\" class=\"wp-caption aligncenter\"><a href=\"https:\/\/www.naturparkmagazin.de\/vdn\/wp-content\/uploads\/sites\/3\/fasnet-641256_1920b.jpg\"><img aria-describedby=\"caption-attachment-6490\" decoding=\"async\" loading=\"lazy\" class=\"size-full wp-image-6490\" src=\"https:\/\/www.naturparkmagazin.de\/vdn\/wp-content\/uploads\/sites\/3\/fasnet-641256_1920b.jpg\" alt=\"fasnet \u00a9 pixabay\" width=\"500\" height=\"300\" srcset=\"https:\/\/www.naturparkmagazin.de\/vdn\/wp-content\/uploads\/sites\/3\/fasnet-641256_1920b.jpg 500w, https:\/\/www.naturparkmagazin.de\/vdn\/wp-content\/uploads\/sites\/3\/fasnet-641256_1920b-300x180.jpg 300w, https:\/\/www.naturparkmagazin.de\/vdn\/wp-content\/uploads\/sites\/3\/fasnet-641256_1920b-200x120.jpg 200w\" sizes=\"(max-width: 500px) 100vw, 500px\" \/><\/a><p id=\"caption-attachment-6490\" class=\"wp-caption-text\">fasnet \u00a9 pixabay<\/p><\/div>\n<p>Quelle:\n<a href=\"http:\/\/suite101.de\/article\/faschingsbraeuche-in-deutschland-a98156#.Vpy9j5fIuaY\">Karin Sebelin: \u201eFaschingsbr\u00e4uche in Deutschland\u201c &#8211; Suite101\/07-2013<\/a><\/p>\n<p>&nbsp;<\/p>\n","protected":false},"excerpt":{"rendered":"<p>Ob Karneval, Fastnacht oder Fasching genannt, die n\u00e4rrische Zeit wird in Naturparken mit unterschiedlichem Spektakel \u00fcberall anders gefeiert. <\/p>\n","protected":false},"author":51,"featured_media":6487,"comment_status":"open","ping_status":"open","sticky":false,"template":"","format":"standard","meta":{"_links_to":"","_links_to_target":""},"categories":[51],"tags":[508,565,564,563,81,3154,41],"yoast_head":"<!-- This site is optimized with the Yoast SEO plugin v19.10 - https:\/\/yoast.com\/wordpress\/plugins\/seo\/ -->\n<title>N\u00e4rrische Zeiten \u2013 Fastnachtsbr\u00e4uche in Naturparken<\/title>\n<meta name=\"description\" content=\"Ob Karneval, Fastnacht oder Fasching genannt, die n\u00e4rrische Zeit wird in Naturparken mit unterschiedlichem Spektakel \u00fcberall anders gefeiert.\" \/>\n<meta name=\"robots\" content=\"index, follow, max-snippet:-1, max-image-preview:large, max-video-preview:-1\" \/>\n<link rel=\"canonical\" href=\"https:\/\/www.naturparkmagazin.de\/vdn\/naerrische-zeiten-fastnachtsbraeuche-in-naturparken\/\" \/>\n<meta property=\"og:locale\" content=\"de_DE\" \/>\n<meta property=\"og:type\" content=\"article\" \/>\n<meta property=\"og:title\" content=\"N\u00e4rrische Zeiten \u2013 Fastnachtsbr\u00e4uche in Naturparken\" \/>\n<meta property=\"og:description\" content=\"Ob Karneval, Fastnacht oder Fasching genannt, die n\u00e4rrische Zeit wird in Naturparken mit unterschiedlichem Spektakel \u00fcberall anders gefeiert.\" \/>\n<meta property=\"og:url\" content=\"https:\/\/www.naturparkmagazin.de\/vdn\/naerrische-zeiten-fastnachtsbraeuche-in-naturparken\/\" \/>\n<meta property=\"og:site_name\" content=\"Verband Deutscher Naturparke\" \/>\n<meta property=\"article:published_time\" content=\"2016-01-15T13:41:49+00:00\" \/>\n<meta property=\"article:modified_time\" content=\"2016-01-18T10:25:53+00:00\" \/>\n<meta property=\"og:image\" content=\"https:\/\/www.naturparkmagazin.de\/vdn\/wp-content\/uploads\/sites\/3\/carnival-283337_1920bf.jpg\" \/>\n\t<meta property=\"og:image:width\" content=\"200\" \/>\n\t<meta property=\"og:image:height\" content=\"200\" \/>\n\t<meta property=\"og:image:type\" content=\"image\/jpeg\" \/>\n<meta name=\"author\" content=\"beatrixlosem\" \/>\n<meta name=\"twitter:label1\" content=\"Verfasst von\" \/>\n\t<meta name=\"twitter:data1\" content=\"beatrixlosem\" \/>\n\t<meta name=\"twitter:label2\" content=\"Gesch\u00e4tzte Lesezeit\" \/>\n\t<meta name=\"twitter:data2\" content=\"2\u00a0Minuten\" \/>\n<script type=\"application\/ld+json\" class=\"yoast-schema-graph\">{\"@context\":\"https:\/\/schema.org\",\"@graph\":[{\"@type\":\"WebPage\",\"@id\":\"https:\/\/www.naturparkmagazin.de\/vdn\/naerrische-zeiten-fastnachtsbraeuche-in-naturparken\/\",\"url\":\"https:\/\/www.naturparkmagazin.de\/vdn\/naerrische-zeiten-fastnachtsbraeuche-in-naturparken\/\",\"name\":\"N\u00e4rrische Zeiten \u2013 Fastnachtsbr\u00e4uche in Naturparken\",\"isPartOf\":{\"@id\":\"https:\/\/www.naturparkmagazin.de\/vdn\/#website\"},\"datePublished\":\"2016-01-15T13:41:49+00:00\",\"dateModified\":\"2016-01-18T10:25:53+00:00\",\"author\":{\"@id\":\"https:\/\/www.naturparkmagazin.de\/vdn\/#\/schema\/person\/d71357578c318b6db03be60b1f60396b\"},\"description\":\"Ob Karneval, Fastnacht oder Fasching genannt, die n\u00e4rrische Zeit wird in Naturparken mit unterschiedlichem Spektakel \u00fcberall anders gefeiert.\",\"breadcrumb\":{\"@id\":\"https:\/\/www.naturparkmagazin.de\/vdn\/naerrische-zeiten-fastnachtsbraeuche-in-naturparken\/#breadcrumb\"},\"inLanguage\":\"de\",\"potentialAction\":[{\"@type\":\"ReadAction\",\"target\":[\"https:\/\/www.naturparkmagazin.de\/vdn\/naerrische-zeiten-fastnachtsbraeuche-in-naturparken\/\"]}]},{\"@type\":\"BreadcrumbList\",\"@id\":\"https:\/\/www.naturparkmagazin.de\/vdn\/naerrische-zeiten-fastnachtsbraeuche-in-naturparken\/#breadcrumb\",\"itemListElement\":[{\"@type\":\"ListItem\",\"position\":1,\"name\":\"Home\",\"item\":\"https:\/\/www.naturparkmagazin.de\/vdn\/\"},{\"@type\":\"ListItem\",\"position\":2,\"name\":\"N\u00e4rrische Zeiten \u2013 Fastnachtsbr\u00e4uche in Naturparken\"}]},{\"@type\":\"WebSite\",\"@id\":\"https:\/\/www.naturparkmagazin.de\/vdn\/#website\",\"url\":\"https:\/\/www.naturparkmagazin.de\/vdn\/\",\"name\":\"Verband Deutscher Naturparke\",\"description\":\"Eine weitere Naturparkmagazin.de Netzwerk Seite\",\"potentialAction\":[{\"@type\":\"SearchAction\",\"target\":{\"@type\":\"EntryPoint\",\"urlTemplate\":\"https:\/\/www.naturparkmagazin.de\/vdn\/?s={search_term_string}\"},\"query-input\":\"required name=search_term_string\"}],\"inLanguage\":\"de\"},{\"@type\":\"Person\",\"@id\":\"https:\/\/www.naturparkmagazin.de\/vdn\/#\/schema\/person\/d71357578c318b6db03be60b1f60396b\",\"name\":\"beatrixlosem\",\"url\":\"https:\/\/www.naturparkmagazin.de\/vdn\/author\/beatrixlosem\/\"}]}<\/script>\n<!-- \/ Yoast SEO plugin. -->","yoast_head_json":{"title":"N\u00e4rrische Zeiten \u2013 Fastnachtsbr\u00e4uche in Naturparken","description":"Ob Karneval, Fastnacht oder Fasching genannt, die n\u00e4rrische Zeit wird in Naturparken mit unterschiedlichem Spektakel \u00fcberall anders gefeiert.","robots":{"index":"index","follow":"follow","max-snippet":"max-snippet:-1","max-image-preview":"max-image-preview:large","max-video-preview":"max-video-preview:-1"},"canonical":"https:\/\/www.naturparkmagazin.de\/vdn\/naerrische-zeiten-fastnachtsbraeuche-in-naturparken\/","og_locale":"de_DE","og_type":"article","og_title":"N\u00e4rrische Zeiten \u2013 Fastnachtsbr\u00e4uche in Naturparken","og_description":"Ob Karneval, Fastnacht oder Fasching genannt, die n\u00e4rrische Zeit wird in Naturparken mit unterschiedlichem Spektakel \u00fcberall anders gefeiert.","og_url":"https:\/\/www.naturparkmagazin.de\/vdn\/naerrische-zeiten-fastnachtsbraeuche-in-naturparken\/","og_site_name":"Verband Deutscher Naturparke","article_published_time":"2016-01-15T13:41:49+00:00","article_modified_time":"2016-01-18T10:25:53+00:00","og_image":[{"width":200,"height":200,"url":"https:\/\/www.naturparkmagazin.de\/vdn\/wp-content\/uploads\/sites\/3\/carnival-283337_1920bf.jpg","type":"image\/jpeg"}],"author":"beatrixlosem","twitter_misc":{"Verfasst von":"beatrixlosem","Gesch\u00e4tzte Lesezeit":"2\u00a0Minuten"},"schema":{"@context":"https:\/\/schema.org","@graph":[{"@type":"WebPage","@id":"https:\/\/www.naturparkmagazin.de\/vdn\/naerrische-zeiten-fastnachtsbraeuche-in-naturparken\/","url":"https:\/\/www.naturparkmagazin.de\/vdn\/naerrische-zeiten-fastnachtsbraeuche-in-naturparken\/","name":"N\u00e4rrische Zeiten \u2013 Fastnachtsbr\u00e4uche in Naturparken","isPartOf":{"@id":"https:\/\/www.naturparkmagazin.de\/vdn\/#website"},"datePublished":"2016-01-15T13:41:49+00:00","dateModified":"2016-01-18T10:25:53+00:00","author":{"@id":"https:\/\/www.naturparkmagazin.de\/vdn\/#\/schema\/person\/d71357578c318b6db03be60b1f60396b"},"description":"Ob Karneval, Fastnacht oder Fasching genannt, die n\u00e4rrische Zeit wird in Naturparken mit unterschiedlichem Spektakel \u00fcberall anders gefeiert.","breadcrumb":{"@id":"https:\/\/www.naturparkmagazin.de\/vdn\/naerrische-zeiten-fastnachtsbraeuche-in-naturparken\/#breadcrumb"},"inLanguage":"de","potentialAction":[{"@type":"ReadAction","target":["https:\/\/www.naturparkmagazin.de\/vdn\/naerrische-zeiten-fastnachtsbraeuche-in-naturparken\/"]}]},{"@type":"BreadcrumbList","@id":"https:\/\/www.naturparkmagazin.de\/vdn\/naerrische-zeiten-fastnachtsbraeuche-in-naturparken\/#breadcrumb","itemListElement":[{"@type":"ListItem","position":1,"name":"Home","item":"https:\/\/www.naturparkmagazin.de\/vdn\/"},{"@type":"ListItem","position":2,"name":"N\u00e4rrische Zeiten \u2013 Fastnachtsbr\u00e4uche in Naturparken"}]},{"@type":"WebSite","@id":"https:\/\/www.naturparkmagazin.de\/vdn\/#website","url":"https:\/\/www.naturparkmagazin.de\/vdn\/","name":"Verband Deutscher Naturparke","description":"Eine weitere Naturparkmagazin.de Netzwerk Seite","potentialAction":[{"@type":"SearchAction","target":{"@type":"EntryPoint","urlTemplate":"https:\/\/www.naturparkmagazin.de\/vdn\/?s={search_term_string}"},"query-input":"required name=search_term_string"}],"inLanguage":"de"},{"@type":"Person","@id":"https:\/\/www.naturparkmagazin.de\/vdn\/#\/schema\/person\/d71357578c318b6db03be60b1f60396b","name":"beatrixlosem","url":"https:\/\/www.naturparkmagazin.de\/vdn\/author\/beatrixlosem\/"}]}},"_links":{"self":[{"href":"https:\/\/www.naturparkmagazin.de\/vdn\/wp-json\/wp\/v2\/posts\/6486"}],"collection":[{"href":"https:\/\/www.naturparkmagazin.de\/vdn\/wp-json\/wp\/v2\/posts"}],"about":[{"href":"https:\/\/www.naturparkmagazin.de\/vdn\/wp-json\/wp\/v2\/types\/post"}],"author":[{"embeddable":true,"href":"https:\/\/www.naturparkmagazin.de\/vdn\/wp-json\/wp\/v2\/users\/51"}],"replies":[{"embeddable":true,"href":"https:\/\/www.naturparkmagazin.de\/vdn\/wp-json\/wp\/v2\/comments?post=6486"}],"version-history":[{"count":2,"href":"https:\/\/www.naturparkmagazin.de\/vdn\/wp-json\/wp\/v2\/posts\/6486\/revisions"}],"predecessor-version":[{"id":6546,"href":"https:\/\/www.naturparkmagazin.de\/vdn\/wp-json\/wp\/v2\/posts\/6486\/revisions\/6546"}],"wp:featuredmedia":[{"embeddable":true,"href":"https:\/\/www.naturparkmagazin.de\/vdn\/wp-json\/wp\/v2\/media\/6487"}],"wp:attachment":[{"href":"https:\/\/www.naturparkmagazin.de\/vdn\/wp-json\/wp\/v2\/media?parent=6486"}],"wp:term":[{"taxonomy":"category","embeddable":true,"href":"https:\/\/www.naturparkmagazin.de\/vdn\/wp-json\/wp\/v2\/categories?post=6486"},{"taxonomy":"post_tag","embeddable":true,"href":"https:\/\/www.naturparkmagazin.de\/vdn\/wp-json\/wp\/v2\/tags?post=6486"}],"curies":[{"name":"wp","href":"https:\/\/api.w.org\/{rel}","templated":true}]}}