{"id":6493,"date":"2016-01-15T14:47:06","date_gmt":"2016-01-15T13:47:06","guid":{"rendered":"http:\/\/www.naturparkmagazin.de\/vdn\/?p=6493"},"modified":"2016-01-28T12:25:54","modified_gmt":"2016-01-28T11:25:54","slug":"karneval-frieda-maske-selbst-gebastelt","status":"publish","type":"post","link":"https:\/\/www.naturparkmagazin.de\/vdn\/karneval-frieda-maske-selbst-gebastelt\/","title":{"rendered":"Karneval: Frieda \u2013 Maske selbst gebastelt"},"content":{"rendered":"<div id=\"attachment_6494\" style=\"width: 210px\" class=\"wp-caption aligncenter\"><a href=\"https:\/\/www.naturparkmagazin.de\/vdn\/wp-content\/uploads\/sites\/3\/Frieda-Fuchs.jpeg\"><img aria-describedby=\"caption-attachment-6494\" decoding=\"async\" loading=\"lazy\" class=\"wp-image-6494 size-full\" src=\"https:\/\/www.naturparkmagazin.de\/vdn\/wp-content\/uploads\/sites\/3\/Frieda-Fuchs.jpeg\" alt=\"\" width=\"200\" height=\"200\" srcset=\"https:\/\/www.naturparkmagazin.de\/vdn\/wp-content\/uploads\/sites\/3\/Frieda-Fuchs.jpeg 200w, https:\/\/www.naturparkmagazin.de\/vdn\/wp-content\/uploads\/sites\/3\/Frieda-Fuchs-30x30.jpeg 30w\" sizes=\"(max-width: 200px) 100vw, 200px\" \/><\/a><p id=\"caption-attachment-6494\" class=\"wp-caption-text\">Frieda Fuchs \u00a9 VDN<\/p><\/div>\n<p>Zun\u00e4chst braucht ihr festes Tonpapier in Farbe und wei\u00df. Au\u00dferdem Stifte, Schere, Kleber, Nadel, Gummiband, Perlen, Mosaiksteinchen zum aufkleben, Federn und alle Dinge die euch gefallen und die sich zum Verzieren eignen.\nZuerst zeichnet ihr eine Maske auf ein Blatt, egal ob wei\u00df oder farbig. Verschiedene Vorlagen findet man auch zum Ausdrucken im Internet. Schneidet die Au\u00dfenform und Augen, Mund und Nase aus. Dann geht\u00b4s an die Verzierung. Alles was euch gef\u00e4llt ist erlaubt. Wenn euch die eigenen Ideen ausgehen, schaut euch die unz\u00e4hligen Tierarten im Naturpark an. Egal ob sie sich hoch oben in den L\u00fcften wohl f\u00fchlen, wie Fridolin Fischadler oder sich lieber in Hecken verstecken wie Igor Igel.<\/p>\n<div id=\"attachment_6496\" style=\"width: 510px\" class=\"wp-caption aligncenter\"><a href=\"https:\/\/www.naturparkmagazin.de\/vdn\/wp-content\/uploads\/sites\/3\/Frieda.jpg\"><img aria-describedby=\"caption-attachment-6496\" decoding=\"async\" loading=\"lazy\" class=\"size-full wp-image-6496\" src=\"https:\/\/www.naturparkmagazin.de\/vdn\/wp-content\/uploads\/sites\/3\/Frieda.jpg\" alt=\"Maskenvorlage Frieda Fuchs \u00a9 VDN\" width=\"500\" height=\"345\" srcset=\"https:\/\/www.naturparkmagazin.de\/vdn\/wp-content\/uploads\/sites\/3\/Frieda.jpg 500w, https:\/\/www.naturparkmagazin.de\/vdn\/wp-content\/uploads\/sites\/3\/Frieda-300x207.jpg 300w, https:\/\/www.naturparkmagazin.de\/vdn\/wp-content\/uploads\/sites\/3\/Frieda-200x138.jpg 200w\" sizes=\"(max-width: 500px) 100vw, 500px\" \/><\/a><p id=\"caption-attachment-6496\" class=\"wp-caption-text\">Maskenvorlage Frieda Fuchs \u00a9 VDN<\/p><\/div>\n<p>Hier haben wir eine Frieda Fuchs Maske, die ihr euch ausdrucken k\u00f6nnt. Schneidet die Schnauze\/Nase extra aus, knickt die drei wei\u00dfen Fl\u00e4chen nach unten und klebt sie gebogen auf der gestrichelten Linie entlang fest. Dann braucht ihr f\u00fcr eure Nase ein Loch, das unter\/hinter der Fuchsnase ist. Schneidet einfach das wei\u00dfe vom Mund aus und eventuell nach oben etwas mehr. Dieses Loch ist ja von der Schnauze verdeckt.\nNun braucht ihr noch den Gummi zum Aufsetzen der Maske. Stecht rechts und links ein kleines Loch und zieht ein Gummiband durch.\nViel Spa\u00df und eine sch\u00f6ne Faschingszeit.<\/p>\n<p>&nbsp;<\/p>\n<p>&nbsp;<\/p>\n","protected":false},"excerpt":{"rendered":"<p>Ein sch\u00f6nes Karnevalskost\u00fcm wird mit einer kreativen Maske perfekt. Mit unserer Frieda-Fuchs Maske werdet ihr zu einem der f\u00fcnf Naturpark-Freunde. Wie ihr sie selbst basteln k\u00f6nnt, erfahrt ihr hier.<\/p>\n","protected":false},"author":51,"featured_media":6494,"comment_status":"open","ping_status":"open","sticky":false,"template":"","format":"standard","meta":{"_links_to":"","_links_to_target":""},"categories":[617],"tags":[508,571,565,564,563,568,33,238,569,3154,41,570],"yoast_head":"<!-- This site is optimized with the Yoast SEO plugin v19.10 - https:\/\/yoast.com\/wordpress\/plugins\/seo\/ -->\n<title>Karneval: Frieda \u2013 Maske selbst gebastelt<\/title>\n<meta name=\"description\" content=\"Ein sch\u00f6nes Karnevalskost\u00fcm wird mit einer kreativen Maske perfekt. Mit unserer Frieda-Fuchs Maske werdet ihr zu einem der f\u00fcnf Naturpark-Freunde. Wie ihr sie selbst basteln k\u00f6nnt, erfahrt ihr hier.\" \/>\n<meta name=\"robots\" content=\"index, follow, max-snippet:-1, max-image-preview:large, max-video-preview:-1\" \/>\n<link rel=\"canonical\" href=\"https:\/\/www.naturparkmagazin.de\/vdn\/karneval-frieda-maske-selbst-gebastelt\/\" \/>\n<meta property=\"og:locale\" content=\"de_DE\" \/>\n<meta property=\"og:type\" content=\"article\" \/>\n<meta property=\"og:title\" content=\"Karneval: Frieda \u2013 Maske selbst gebastelt\" \/>\n<meta property=\"og:description\" content=\"Ein sch\u00f6nes Karnevalskost\u00fcm wird mit einer kreativen Maske perfekt. Mit unserer Frieda-Fuchs Maske werdet ihr zu einem der f\u00fcnf Naturpark-Freunde. Wie ihr sie selbst basteln k\u00f6nnt, erfahrt ihr hier.\" \/>\n<meta property=\"og:url\" content=\"https:\/\/www.naturparkmagazin.de\/vdn\/karneval-frieda-maske-selbst-gebastelt\/\" \/>\n<meta property=\"og:site_name\" content=\"Verband Deutscher Naturparke\" \/>\n<meta property=\"article:published_time\" content=\"2016-01-15T13:47:06+00:00\" \/>\n<meta property=\"article:modified_time\" content=\"2016-01-28T11:25:54+00:00\" \/>\n<meta property=\"og:image\" content=\"https:\/\/www.naturparkmagazin.de\/vdn\/wp-content\/uploads\/sites\/3\/Frieda-Fuchs.jpeg\" \/>\n\t<meta property=\"og:image:width\" content=\"200\" \/>\n\t<meta property=\"og:image:height\" content=\"200\" \/>\n\t<meta property=\"og:image:type\" content=\"image\/jpeg\" \/>\n<meta name=\"author\" content=\"beatrixlosem\" \/>\n<meta name=\"twitter:label1\" content=\"Verfasst von\" \/>\n\t<meta name=\"twitter:data1\" content=\"beatrixlosem\" \/>\n\t<meta name=\"twitter:label2\" content=\"Gesch\u00e4tzte Lesezeit\" \/>\n\t<meta name=\"twitter:data2\" content=\"1\u00a0Minute\" \/>\n<script type=\"application\/ld+json\" class=\"yoast-schema-graph\">{\"@context\":\"https:\/\/schema.org\",\"@graph\":[{\"@type\":\"WebPage\",\"@id\":\"https:\/\/www.naturparkmagazin.de\/vdn\/karneval-frieda-maske-selbst-gebastelt\/\",\"url\":\"https:\/\/www.naturparkmagazin.de\/vdn\/karneval-frieda-maske-selbst-gebastelt\/\",\"name\":\"Karneval: Frieda \u2013 Maske selbst gebastelt\",\"isPartOf\":{\"@id\":\"https:\/\/www.naturparkmagazin.de\/vdn\/#website\"},\"datePublished\":\"2016-01-15T13:47:06+00:00\",\"dateModified\":\"2016-01-28T11:25:54+00:00\",\"author\":{\"@id\":\"https:\/\/www.naturparkmagazin.de\/vdn\/#\/schema\/person\/d71357578c318b6db03be60b1f60396b\"},\"description\":\"Ein sch\u00f6nes Karnevalskost\u00fcm wird mit einer kreativen Maske perfekt. Mit unserer Frieda-Fuchs Maske werdet ihr zu einem der f\u00fcnf Naturpark-Freunde. Wie ihr sie selbst basteln k\u00f6nnt, erfahrt ihr hier.\",\"breadcrumb\":{\"@id\":\"https:\/\/www.naturparkmagazin.de\/vdn\/karneval-frieda-maske-selbst-gebastelt\/#breadcrumb\"},\"inLanguage\":\"de\",\"potentialAction\":[{\"@type\":\"ReadAction\",\"target\":[\"https:\/\/www.naturparkmagazin.de\/vdn\/karneval-frieda-maske-selbst-gebastelt\/\"]}]},{\"@type\":\"BreadcrumbList\",\"@id\":\"https:\/\/www.naturparkmagazin.de\/vdn\/karneval-frieda-maske-selbst-gebastelt\/#breadcrumb\",\"itemListElement\":[{\"@type\":\"ListItem\",\"position\":1,\"name\":\"Home\",\"item\":\"https:\/\/www.naturparkmagazin.de\/vdn\/\"},{\"@type\":\"ListItem\",\"position\":2,\"name\":\"Karneval: Frieda \u2013 Maske selbst gebastelt\"}]},{\"@type\":\"WebSite\",\"@id\":\"https:\/\/www.naturparkmagazin.de\/vdn\/#website\",\"url\":\"https:\/\/www.naturparkmagazin.de\/vdn\/\",\"name\":\"Verband Deutscher Naturparke\",\"description\":\"Eine weitere Naturparkmagazin.de Netzwerk Seite\",\"potentialAction\":[{\"@type\":\"SearchAction\",\"target\":{\"@type\":\"EntryPoint\",\"urlTemplate\":\"https:\/\/www.naturparkmagazin.de\/vdn\/?s={search_term_string}\"},\"query-input\":\"required name=search_term_string\"}],\"inLanguage\":\"de\"},{\"@type\":\"Person\",\"@id\":\"https:\/\/www.naturparkmagazin.de\/vdn\/#\/schema\/person\/d71357578c318b6db03be60b1f60396b\",\"name\":\"beatrixlosem\",\"url\":\"https:\/\/www.naturparkmagazin.de\/vdn\/author\/beatrixlosem\/\"}]}<\/script>\n<!-- \/ Yoast SEO plugin. -->","yoast_head_json":{"title":"Karneval: Frieda \u2013 Maske selbst gebastelt","description":"Ein sch\u00f6nes Karnevalskost\u00fcm wird mit einer kreativen Maske perfekt. Mit unserer Frieda-Fuchs Maske werdet ihr zu einem der f\u00fcnf Naturpark-Freunde. Wie ihr sie selbst basteln k\u00f6nnt, erfahrt ihr hier.","robots":{"index":"index","follow":"follow","max-snippet":"max-snippet:-1","max-image-preview":"max-image-preview:large","max-video-preview":"max-video-preview:-1"},"canonical":"https:\/\/www.naturparkmagazin.de\/vdn\/karneval-frieda-maske-selbst-gebastelt\/","og_locale":"de_DE","og_type":"article","og_title":"Karneval: Frieda \u2013 Maske selbst gebastelt","og_description":"Ein sch\u00f6nes Karnevalskost\u00fcm wird mit einer kreativen Maske perfekt. Mit unserer Frieda-Fuchs Maske werdet ihr zu einem der f\u00fcnf Naturpark-Freunde. Wie ihr sie selbst basteln k\u00f6nnt, erfahrt ihr hier.","og_url":"https:\/\/www.naturparkmagazin.de\/vdn\/karneval-frieda-maske-selbst-gebastelt\/","og_site_name":"Verband Deutscher Naturparke","article_published_time":"2016-01-15T13:47:06+00:00","article_modified_time":"2016-01-28T11:25:54+00:00","og_image":[{"width":200,"height":200,"url":"https:\/\/www.naturparkmagazin.de\/vdn\/wp-content\/uploads\/sites\/3\/Frieda-Fuchs.jpeg","type":"image\/jpeg"}],"author":"beatrixlosem","twitter_misc":{"Verfasst von":"beatrixlosem","Gesch\u00e4tzte Lesezeit":"1\u00a0Minute"},"schema":{"@context":"https:\/\/schema.org","@graph":[{"@type":"WebPage","@id":"https:\/\/www.naturparkmagazin.de\/vdn\/karneval-frieda-maske-selbst-gebastelt\/","url":"https:\/\/www.naturparkmagazin.de\/vdn\/karneval-frieda-maske-selbst-gebastelt\/","name":"Karneval: Frieda \u2013 Maske selbst gebastelt","isPartOf":{"@id":"https:\/\/www.naturparkmagazin.de\/vdn\/#website"},"datePublished":"2016-01-15T13:47:06+00:00","dateModified":"2016-01-28T11:25:54+00:00","author":{"@id":"https:\/\/www.naturparkmagazin.de\/vdn\/#\/schema\/person\/d71357578c318b6db03be60b1f60396b"},"description":"Ein sch\u00f6nes Karnevalskost\u00fcm wird mit einer kreativen Maske perfekt. Mit unserer Frieda-Fuchs Maske werdet ihr zu einem der f\u00fcnf Naturpark-Freunde. Wie ihr sie selbst basteln k\u00f6nnt, erfahrt ihr hier.","breadcrumb":{"@id":"https:\/\/www.naturparkmagazin.de\/vdn\/karneval-frieda-maske-selbst-gebastelt\/#breadcrumb"},"inLanguage":"de","potentialAction":[{"@type":"ReadAction","target":["https:\/\/www.naturparkmagazin.de\/vdn\/karneval-frieda-maske-selbst-gebastelt\/"]}]},{"@type":"BreadcrumbList","@id":"https:\/\/www.naturparkmagazin.de\/vdn\/karneval-frieda-maske-selbst-gebastelt\/#breadcrumb","itemListElement":[{"@type":"ListItem","position":1,"name":"Home","item":"https:\/\/www.naturparkmagazin.de\/vdn\/"},{"@type":"ListItem","position":2,"name":"Karneval: Frieda \u2013 Maske selbst gebastelt"}]},{"@type":"WebSite","@id":"https:\/\/www.naturparkmagazin.de\/vdn\/#website","url":"https:\/\/www.naturparkmagazin.de\/vdn\/","name":"Verband Deutscher Naturparke","description":"Eine weitere Naturparkmagazin.de Netzwerk Seite","potentialAction":[{"@type":"SearchAction","target":{"@type":"EntryPoint","urlTemplate":"https:\/\/www.naturparkmagazin.de\/vdn\/?s={search_term_string}"},"query-input":"required name=search_term_string"}],"inLanguage":"de"},{"@type":"Person","@id":"https:\/\/www.naturparkmagazin.de\/vdn\/#\/schema\/person\/d71357578c318b6db03be60b1f60396b","name":"beatrixlosem","url":"https:\/\/www.naturparkmagazin.de\/vdn\/author\/beatrixlosem\/"}]}},"_links":{"self":[{"href":"https:\/\/www.naturparkmagazin.de\/vdn\/wp-json\/wp\/v2\/posts\/6493"}],"collection":[{"href":"https:\/\/www.naturparkmagazin.de\/vdn\/wp-json\/wp\/v2\/posts"}],"about":[{"href":"https:\/\/www.naturparkmagazin.de\/vdn\/wp-json\/wp\/v2\/types\/post"}],"author":[{"embeddable":true,"href":"https:\/\/www.naturparkmagazin.de\/vdn\/wp-json\/wp\/v2\/users\/51"}],"replies":[{"embeddable":true,"href":"https:\/\/www.naturparkmagazin.de\/vdn\/wp-json\/wp\/v2\/comments?post=6493"}],"version-history":[{"count":4,"href":"https:\/\/www.naturparkmagazin.de\/vdn\/wp-json\/wp\/v2\/posts\/6493\/revisions"}],"predecessor-version":[{"id":6563,"href":"https:\/\/www.naturparkmagazin.de\/vdn\/wp-json\/wp\/v2\/posts\/6493\/revisions\/6563"}],"wp:featuredmedia":[{"embeddable":true,"href":"https:\/\/www.naturparkmagazin.de\/vdn\/wp-json\/wp\/v2\/media\/6494"}],"wp:attachment":[{"href":"https:\/\/www.naturparkmagazin.de\/vdn\/wp-json\/wp\/v2\/media?parent=6493"}],"wp:term":[{"taxonomy":"category","embeddable":true,"href":"https:\/\/www.naturparkmagazin.de\/vdn\/wp-json\/wp\/v2\/categories?post=6493"},{"taxonomy":"post_tag","embeddable":true,"href":"https:\/\/www.naturparkmagazin.de\/vdn\/wp-json\/wp\/v2\/tags?post=6493"}],"curies":[{"name":"wp","href":"https:\/\/api.w.org\/{rel}","templated":true}]}}