{"id":6514,"date":"2016-01-15T15:18:23","date_gmt":"2016-01-15T14:18:23","guid":{"rendered":"http:\/\/www.naturparkmagazin.de\/vdn\/?p=6514"},"modified":"2016-01-18T11:28:59","modified_gmt":"2016-01-18T10:28:59","slug":"das-usedomer-winterbadespektakel","status":"publish","type":"post","link":"https:\/\/www.naturparkmagazin.de\/vdn\/das-usedomer-winterbadespektakel\/","title":{"rendered":"Das Usedomer Winterbadespektakel"},"content":{"rendered":"<p><a href=\"https:\/\/www.naturparkmagazin.de\/vdn\/wp-content\/uploads\/sites\/3\/Eisbadenb.jpg\"><img decoding=\"async\" loading=\"lazy\" class=\"aligncenter size-full wp-image-6516\" src=\"https:\/\/www.naturparkmagazin.de\/vdn\/wp-content\/uploads\/sites\/3\/Eisbadenb.jpg\" alt=\"Eisbaden\" width=\"500\" height=\"300\" srcset=\"https:\/\/www.naturparkmagazin.de\/vdn\/wp-content\/uploads\/sites\/3\/Eisbadenb.jpg 500w, https:\/\/www.naturparkmagazin.de\/vdn\/wp-content\/uploads\/sites\/3\/Eisbadenb-300x180.jpg 300w, https:\/\/www.naturparkmagazin.de\/vdn\/wp-content\/uploads\/sites\/3\/Eisbadenb-200x120.jpg 200w\" sizes=\"(max-width: 500px) 100vw, 500px\" \/><\/a><\/p>\n<p>W\u00e4hrend sich die meisten von uns in w\u00e4rmende M\u00e4ntel, Schals und M\u00fctzen mummeln und sich die H\u00e4nde an einem Becher Gl\u00fchwein w\u00e4rmen, dann ist auf Usedom die Zeit f\u00fcr die Eisbader gekommen. Beim 22. Usedomer Winterbadespektakel \u201eZauber der Manege\u201c st\u00fcrzen sich mehr als 250 verkleidete Wasserratten in die kalten Ostseefluten, deren Temperatur zu diesem Zeitpunkt nur wenige Grad \u00fcber null liegen wird.\nFurchtlose Eisbader und neugierige Zuschauer versammeln sich am 13. Februar am Strand links der Ahlbecker Seebr\u00fccke. Traditionell wird ab es 10.30 Uhr Live-Musik mit der Usedomer Kultband Ohrwurm und ein buntes Programm geben.<\/p>\n<p>Um ca. 13.00 Uhr f\u00e4llt der Startschuss f\u00fcr das 22. Usedomer Winterbadespektakel. Dann pr\u00e4sentieren sich alle Eisbader in ihren Kost\u00fcmen, bevor sie um ca.14.00 Uhr in die eiskalte Ostsee spazieren.<\/p>\n<p>Aber was w\u00e4re ein Kost\u00fcmspektakel ohne Gewinner? Alle Eisbader erhalten eine Urkunde \u2013 das au\u00dfergew\u00f6hnlichste Kost\u00fcm, die originellste Eisbadegruppe sowie der J\u00fcngste, \u00c4lteste und der am weitest gereiste Eisbader werden mit Pokalen belohnt<\/p>\n<p>Alle Eisbader, die Lust aufs Mitmachen haben, k\u00f6nnen sich per Telefon unter Tel. 038378 &#8211; 244 22 oder 244 41 anmelden. Die Teilnahme ist kostenlos.<\/p>\n<p><a href=\"https:\/\/www.naturparkmagazin.de\/vdn\/wp-content\/uploads\/sites\/3\/2015_01_07_3k_a3_plakat_eisbadenb.jpg\"><img decoding=\"async\" loading=\"lazy\" class=\"aligncenter size-full wp-image-6515\" src=\"https:\/\/www.naturparkmagazin.de\/vdn\/wp-content\/uploads\/sites\/3\/2015_01_07_3k_a3_plakat_eisbadenb.jpg\" alt=\"2015_01_07_3k_a3_plakat_eisbadenb\" width=\"400\" height=\"500\" srcset=\"https:\/\/www.naturparkmagazin.de\/vdn\/wp-content\/uploads\/sites\/3\/2015_01_07_3k_a3_plakat_eisbadenb.jpg 400w, https:\/\/www.naturparkmagazin.de\/vdn\/wp-content\/uploads\/sites\/3\/2015_01_07_3k_a3_plakat_eisbadenb-300x375.jpg 300w, https:\/\/www.naturparkmagazin.de\/vdn\/wp-content\/uploads\/sites\/3\/2015_01_07_3k_a3_plakat_eisbadenb-200x250.jpg 200w\" sizes=\"(max-width: 400px) 100vw, 400px\" \/><\/a><\/p>\n<p><a href=\"http:\/\/www.kaiserbaeder-auf-usedom.de\/veranstaltungen\/\">Weitere Informationen finden Sie hier:<\/a><\/p>\n<p>&nbsp;<\/p>\n","protected":false},"excerpt":{"rendered":"<p>Das Usedomer Winterbadespektakel ist ein Riesenspa\u00df f\u00fcr echte Wasserratten, die auch kalte Ostseefluten im Februar nicht scheuen. Was dieses Kost\u00fcmspektakel im Seebad Ahlbeck im Naturpark Insel Usedom, das dieses Jahr schon zum 22. Male stattfindet, so einzigartig macht, verraten wir Ihnen gerne.<\/p>\n","protected":false},"author":51,"featured_media":6517,"comment_status":"open","ping_status":"open","sticky":false,"template":"","format":"standard","meta":{"_links_to":"","_links_to_target":""},"categories":[8],"tags":[508,580,565,564,567,563,231,81,566,3154,581,41],"yoast_head":"<!-- This site is optimized with the Yoast SEO plugin v19.10 - https:\/\/yoast.com\/wordpress\/plugins\/seo\/ -->\n<title>Das Usedomer Winterbadespektakel<\/title>\n<meta name=\"description\" content=\"Das Usedomer Winterbadespektakel ist ein Riesenspa\u00df f\u00fcr echte Wasserratten, die auch kalte Ostseefluten im Februar nicht scheuen. Was dieses Kost\u00fcmspektakel im Seebad Ahlbeck im Naturpark Insel Usedom, das dieses Jahr schon zum 22. Male stattfindet, so einzigartig macht, verraten wir Ihnen gerne.\" \/>\n<meta name=\"robots\" content=\"index, follow, max-snippet:-1, max-image-preview:large, max-video-preview:-1\" \/>\n<link rel=\"canonical\" href=\"https:\/\/www.naturparkmagazin.de\/vdn\/das-usedomer-winterbadespektakel\/\" \/>\n<meta property=\"og:locale\" content=\"de_DE\" \/>\n<meta property=\"og:type\" content=\"article\" \/>\n<meta property=\"og:title\" content=\"Das Usedomer Winterbadespektakel\" \/>\n<meta property=\"og:description\" content=\"Das Usedomer Winterbadespektakel ist ein Riesenspa\u00df f\u00fcr echte Wasserratten, die auch kalte Ostseefluten im Februar nicht scheuen. Was dieses Kost\u00fcmspektakel im Seebad Ahlbeck im Naturpark Insel Usedom, das dieses Jahr schon zum 22. Male stattfindet, so einzigartig macht, verraten wir Ihnen gerne.\" \/>\n<meta property=\"og:url\" content=\"https:\/\/www.naturparkmagazin.de\/vdn\/das-usedomer-winterbadespektakel\/\" \/>\n<meta property=\"og:site_name\" content=\"Verband Deutscher Naturparke\" \/>\n<meta property=\"article:published_time\" content=\"2016-01-15T14:18:23+00:00\" \/>\n<meta property=\"article:modified_time\" content=\"2016-01-18T10:28:59+00:00\" \/>\n<meta property=\"og:image\" content=\"https:\/\/www.naturparkmagazin.de\/vdn\/wp-content\/uploads\/sites\/3\/Eisbadenbf.jpg\" \/>\n\t<meta property=\"og:image:width\" content=\"200\" \/>\n\t<meta property=\"og:image:height\" content=\"200\" \/>\n\t<meta property=\"og:image:type\" content=\"image\/jpeg\" \/>\n<meta name=\"author\" content=\"beatrixlosem\" \/>\n<meta name=\"twitter:label1\" content=\"Verfasst von\" \/>\n\t<meta name=\"twitter:data1\" content=\"beatrixlosem\" \/>\n\t<meta name=\"twitter:label2\" content=\"Gesch\u00e4tzte Lesezeit\" \/>\n\t<meta name=\"twitter:data2\" content=\"1\u00a0Minute\" \/>\n<script type=\"application\/ld+json\" class=\"yoast-schema-graph\">{\"@context\":\"https:\/\/schema.org\",\"@graph\":[{\"@type\":\"WebPage\",\"@id\":\"https:\/\/www.naturparkmagazin.de\/vdn\/das-usedomer-winterbadespektakel\/\",\"url\":\"https:\/\/www.naturparkmagazin.de\/vdn\/das-usedomer-winterbadespektakel\/\",\"name\":\"Das Usedomer Winterbadespektakel\",\"isPartOf\":{\"@id\":\"https:\/\/www.naturparkmagazin.de\/vdn\/#website\"},\"datePublished\":\"2016-01-15T14:18:23+00:00\",\"dateModified\":\"2016-01-18T10:28:59+00:00\",\"author\":{\"@id\":\"https:\/\/www.naturparkmagazin.de\/vdn\/#\/schema\/person\/d71357578c318b6db03be60b1f60396b\"},\"description\":\"Das Usedomer Winterbadespektakel ist ein Riesenspa\u00df f\u00fcr echte Wasserratten, die auch kalte Ostseefluten im Februar nicht scheuen. Was dieses Kost\u00fcmspektakel im Seebad Ahlbeck im Naturpark Insel Usedom, das dieses Jahr schon zum 22. Male stattfindet, so einzigartig macht, verraten wir Ihnen gerne.\",\"breadcrumb\":{\"@id\":\"https:\/\/www.naturparkmagazin.de\/vdn\/das-usedomer-winterbadespektakel\/#breadcrumb\"},\"inLanguage\":\"de\",\"potentialAction\":[{\"@type\":\"ReadAction\",\"target\":[\"https:\/\/www.naturparkmagazin.de\/vdn\/das-usedomer-winterbadespektakel\/\"]}]},{\"@type\":\"BreadcrumbList\",\"@id\":\"https:\/\/www.naturparkmagazin.de\/vdn\/das-usedomer-winterbadespektakel\/#breadcrumb\",\"itemListElement\":[{\"@type\":\"ListItem\",\"position\":1,\"name\":\"Home\",\"item\":\"https:\/\/www.naturparkmagazin.de\/vdn\/\"},{\"@type\":\"ListItem\",\"position\":2,\"name\":\"Das Usedomer Winterbadespektakel\"}]},{\"@type\":\"WebSite\",\"@id\":\"https:\/\/www.naturparkmagazin.de\/vdn\/#website\",\"url\":\"https:\/\/www.naturparkmagazin.de\/vdn\/\",\"name\":\"Verband Deutscher Naturparke\",\"description\":\"Eine weitere Naturparkmagazin.de Netzwerk Seite\",\"potentialAction\":[{\"@type\":\"SearchAction\",\"target\":{\"@type\":\"EntryPoint\",\"urlTemplate\":\"https:\/\/www.naturparkmagazin.de\/vdn\/?s={search_term_string}\"},\"query-input\":\"required name=search_term_string\"}],\"inLanguage\":\"de\"},{\"@type\":\"Person\",\"@id\":\"https:\/\/www.naturparkmagazin.de\/vdn\/#\/schema\/person\/d71357578c318b6db03be60b1f60396b\",\"name\":\"beatrixlosem\",\"url\":\"https:\/\/www.naturparkmagazin.de\/vdn\/author\/beatrixlosem\/\"}]}<\/script>\n<!-- \/ Yoast SEO plugin. -->","yoast_head_json":{"title":"Das Usedomer Winterbadespektakel","description":"Das Usedomer Winterbadespektakel ist ein Riesenspa\u00df f\u00fcr echte Wasserratten, die auch kalte Ostseefluten im Februar nicht scheuen. Was dieses Kost\u00fcmspektakel im Seebad Ahlbeck im Naturpark Insel Usedom, das dieses Jahr schon zum 22. Male stattfindet, so einzigartig macht, verraten wir Ihnen gerne.","robots":{"index":"index","follow":"follow","max-snippet":"max-snippet:-1","max-image-preview":"max-image-preview:large","max-video-preview":"max-video-preview:-1"},"canonical":"https:\/\/www.naturparkmagazin.de\/vdn\/das-usedomer-winterbadespektakel\/","og_locale":"de_DE","og_type":"article","og_title":"Das Usedomer Winterbadespektakel","og_description":"Das Usedomer Winterbadespektakel ist ein Riesenspa\u00df f\u00fcr echte Wasserratten, die auch kalte Ostseefluten im Februar nicht scheuen. Was dieses Kost\u00fcmspektakel im Seebad Ahlbeck im Naturpark Insel Usedom, das dieses Jahr schon zum 22. Male stattfindet, so einzigartig macht, verraten wir Ihnen gerne.","og_url":"https:\/\/www.naturparkmagazin.de\/vdn\/das-usedomer-winterbadespektakel\/","og_site_name":"Verband Deutscher Naturparke","article_published_time":"2016-01-15T14:18:23+00:00","article_modified_time":"2016-01-18T10:28:59+00:00","og_image":[{"width":200,"height":200,"url":"https:\/\/www.naturparkmagazin.de\/vdn\/wp-content\/uploads\/sites\/3\/Eisbadenbf.jpg","type":"image\/jpeg"}],"author":"beatrixlosem","twitter_misc":{"Verfasst von":"beatrixlosem","Gesch\u00e4tzte Lesezeit":"1\u00a0Minute"},"schema":{"@context":"https:\/\/schema.org","@graph":[{"@type":"WebPage","@id":"https:\/\/www.naturparkmagazin.de\/vdn\/das-usedomer-winterbadespektakel\/","url":"https:\/\/www.naturparkmagazin.de\/vdn\/das-usedomer-winterbadespektakel\/","name":"Das Usedomer Winterbadespektakel","isPartOf":{"@id":"https:\/\/www.naturparkmagazin.de\/vdn\/#website"},"datePublished":"2016-01-15T14:18:23+00:00","dateModified":"2016-01-18T10:28:59+00:00","author":{"@id":"https:\/\/www.naturparkmagazin.de\/vdn\/#\/schema\/person\/d71357578c318b6db03be60b1f60396b"},"description":"Das Usedomer Winterbadespektakel ist ein Riesenspa\u00df f\u00fcr echte Wasserratten, die auch kalte Ostseefluten im Februar nicht scheuen. Was dieses Kost\u00fcmspektakel im Seebad Ahlbeck im Naturpark Insel Usedom, das dieses Jahr schon zum 22. Male stattfindet, so einzigartig macht, verraten wir Ihnen gerne.","breadcrumb":{"@id":"https:\/\/www.naturparkmagazin.de\/vdn\/das-usedomer-winterbadespektakel\/#breadcrumb"},"inLanguage":"de","potentialAction":[{"@type":"ReadAction","target":["https:\/\/www.naturparkmagazin.de\/vdn\/das-usedomer-winterbadespektakel\/"]}]},{"@type":"BreadcrumbList","@id":"https:\/\/www.naturparkmagazin.de\/vdn\/das-usedomer-winterbadespektakel\/#breadcrumb","itemListElement":[{"@type":"ListItem","position":1,"name":"Home","item":"https:\/\/www.naturparkmagazin.de\/vdn\/"},{"@type":"ListItem","position":2,"name":"Das Usedomer Winterbadespektakel"}]},{"@type":"WebSite","@id":"https:\/\/www.naturparkmagazin.de\/vdn\/#website","url":"https:\/\/www.naturparkmagazin.de\/vdn\/","name":"Verband Deutscher Naturparke","description":"Eine weitere Naturparkmagazin.de Netzwerk Seite","potentialAction":[{"@type":"SearchAction","target":{"@type":"EntryPoint","urlTemplate":"https:\/\/www.naturparkmagazin.de\/vdn\/?s={search_term_string}"},"query-input":"required name=search_term_string"}],"inLanguage":"de"},{"@type":"Person","@id":"https:\/\/www.naturparkmagazin.de\/vdn\/#\/schema\/person\/d71357578c318b6db03be60b1f60396b","name":"beatrixlosem","url":"https:\/\/www.naturparkmagazin.de\/vdn\/author\/beatrixlosem\/"}]}},"_links":{"self":[{"href":"https:\/\/www.naturparkmagazin.de\/vdn\/wp-json\/wp\/v2\/posts\/6514"}],"collection":[{"href":"https:\/\/www.naturparkmagazin.de\/vdn\/wp-json\/wp\/v2\/posts"}],"about":[{"href":"https:\/\/www.naturparkmagazin.de\/vdn\/wp-json\/wp\/v2\/types\/post"}],"author":[{"embeddable":true,"href":"https:\/\/www.naturparkmagazin.de\/vdn\/wp-json\/wp\/v2\/users\/51"}],"replies":[{"embeddable":true,"href":"https:\/\/www.naturparkmagazin.de\/vdn\/wp-json\/wp\/v2\/comments?post=6514"}],"version-history":[{"count":1,"href":"https:\/\/www.naturparkmagazin.de\/vdn\/wp-json\/wp\/v2\/posts\/6514\/revisions"}],"predecessor-version":[{"id":6518,"href":"https:\/\/www.naturparkmagazin.de\/vdn\/wp-json\/wp\/v2\/posts\/6514\/revisions\/6518"}],"wp:featuredmedia":[{"embeddable":true,"href":"https:\/\/www.naturparkmagazin.de\/vdn\/wp-json\/wp\/v2\/media\/6517"}],"wp:attachment":[{"href":"https:\/\/www.naturparkmagazin.de\/vdn\/wp-json\/wp\/v2\/media?parent=6514"}],"wp:term":[{"taxonomy":"category","embeddable":true,"href":"https:\/\/www.naturparkmagazin.de\/vdn\/wp-json\/wp\/v2\/categories?post=6514"},{"taxonomy":"post_tag","embeddable":true,"href":"https:\/\/www.naturparkmagazin.de\/vdn\/wp-json\/wp\/v2\/tags?post=6514"}],"curies":[{"name":"wp","href":"https:\/\/api.w.org\/{rel}","templated":true}]}}