{"id":6568,"date":"2016-02-15T06:49:58","date_gmt":"2016-02-15T05:49:58","guid":{"rendered":"http:\/\/www.naturparkmagazin.de\/vdn\/?p=6568"},"modified":"2016-02-11T10:51:33","modified_gmt":"2016-02-11T09:51:33","slug":"liebe-leserin-lieber-leser-31","status":"publish","type":"post","link":"https:\/\/www.naturparkmagazin.de\/vdn\/liebe-leserin-lieber-leser-31\/","title":{"rendered":"Liebe Leserin, lieber Leser,"},"content":{"rendered":"<p>wenn am 9. M\u00e4rz 2016 die Internationale Tourismusb\u00f6rse (ITB) in Berlin zum 50. Mal ihre Tore \u00f6ffnet, wird &#8222;Natururlaub&#8220; ein wichtiges Thema sein. Die Deutsche Zentrale f\u00fcr Tourismus legt mit ihrer Themenkampagne 2016 \u201eFaszination Natururlaub in Deutschland\u201c einen Schwerpunkt ihrer weltweiten Marketingaktivit\u00e4ten auf die Naturerlebnism\u00f6glichkeiten in den Naturparken, Nationalparken und Biosph\u00e4renreservaten. Als Partner dieser Initiative stellt der Verband Deutscher Naturparke (VDN) die Naturerlebnisangebote der Naturparke unter dem Motto \u201eFaszination Natur\u201c f\u00fcr die interessierten Menschen im Inland vor. Lesen sie mehr hierzu und zu weiteren Themen in der M\u00e4rz-Ausgabe unseres Newsletters.<\/p>\n<p>Viel Spa\u00df beim Lesen w\u00fcnscht<\/p>\n<p>Ihr Naturparkteam<\/p>\n","protected":false},"excerpt":{"rendered":"<p>wenn am 9. M\u00e4rz 2016 die Internationale Tourismusb\u00f6rse (ITB) in Berlin zum 50. Mal ihre Tore \u00f6ffnet, wird &#8222;Natururlaub&#8220; ein wichtiges Thema sein. Die Deutsche Zentrale f\u00fcr Tourismus legt mit ihrer Themenkampagne 2016 \u201eFaszination Natururlaub in Deutschland\u201c einen Schwerpunkt ihrer weltweiten Marketingaktivit\u00e4ten auf die Naturerlebnism\u00f6glichkeiten in den Naturparken, Nationalparken und Biosph\u00e4renreservaten. Als Partner dieser Initiative<\/p>\n","protected":false},"author":14,"featured_media":0,"comment_status":"open","ping_status":"open","sticky":false,"template":"","format":"standard","meta":{"_links_to":"","_links_to_target":""},"categories":[52],"tags":[],"yoast_head":"<!-- This site is optimized with the Yoast SEO plugin v19.10 - https:\/\/yoast.com\/wordpress\/plugins\/seo\/ -->\n<title>Liebe Leserin, lieber Leser,<\/title>\n<meta name=\"description\" content=\"wenn am 9. M\u00e4rz 2016 die Internationale Tourismusb\u00f6rse (ITB) in Berlin zum 50. Mal ihre Tore \u00f6ffnet, wird &quot;Natururlaub&quot; ein wichtiges Thema sein. Die\" \/>\n<meta name=\"robots\" content=\"index, follow, max-snippet:-1, max-image-preview:large, max-video-preview:-1\" \/>\n<link rel=\"canonical\" href=\"https:\/\/www.naturparkmagazin.de\/vdn\/liebe-leserin-lieber-leser-31\/\" \/>\n<meta property=\"og:locale\" content=\"de_DE\" \/>\n<meta property=\"og:type\" content=\"article\" \/>\n<meta property=\"og:title\" content=\"Liebe Leserin, lieber Leser,\" \/>\n<meta property=\"og:description\" content=\"wenn am 9. M\u00e4rz 2016 die Internationale Tourismusb\u00f6rse (ITB) in Berlin zum 50. Mal ihre Tore \u00f6ffnet, wird &quot;Natururlaub&quot; ein wichtiges Thema sein. Die\" \/>\n<meta property=\"og:url\" content=\"https:\/\/www.naturparkmagazin.de\/vdn\/liebe-leserin-lieber-leser-31\/\" \/>\n<meta property=\"og:site_name\" content=\"Verband Deutscher Naturparke\" \/>\n<meta property=\"article:published_time\" content=\"2016-02-15T05:49:58+00:00\" \/>\n<meta property=\"article:modified_time\" content=\"2016-02-11T09:51:33+00:00\" \/>\n<meta name=\"author\" content=\"vdnnational\" \/>\n<meta name=\"twitter:label1\" content=\"Verfasst von\" \/>\n\t<meta name=\"twitter:data1\" content=\"vdnnational\" \/>\n\t<meta name=\"twitter:label2\" content=\"Gesch\u00e4tzte Lesezeit\" \/>\n\t<meta name=\"twitter:data2\" content=\"1\u00a0Minute\" \/>\n<script type=\"application\/ld+json\" class=\"yoast-schema-graph\">{\"@context\":\"https:\/\/schema.org\",\"@graph\":[{\"@type\":\"WebPage\",\"@id\":\"https:\/\/www.naturparkmagazin.de\/vdn\/liebe-leserin-lieber-leser-31\/\",\"url\":\"https:\/\/www.naturparkmagazin.de\/vdn\/liebe-leserin-lieber-leser-31\/\",\"name\":\"Liebe Leserin, lieber Leser,\",\"isPartOf\":{\"@id\":\"https:\/\/www.naturparkmagazin.de\/vdn\/#website\"},\"datePublished\":\"2016-02-15T05:49:58+00:00\",\"dateModified\":\"2016-02-11T09:51:33+00:00\",\"author\":{\"@id\":\"https:\/\/www.naturparkmagazin.de\/vdn\/#\/schema\/person\/e28d931df83318a48d52ae72b08d2bfb\"},\"description\":\"wenn am 9. M\u00e4rz 2016 die Internationale Tourismusb\u00f6rse (ITB) in Berlin zum 50. Mal ihre Tore \u00f6ffnet, wird \\\"Natururlaub\\\" ein wichtiges Thema sein. Die\",\"breadcrumb\":{\"@id\":\"https:\/\/www.naturparkmagazin.de\/vdn\/liebe-leserin-lieber-leser-31\/#breadcrumb\"},\"inLanguage\":\"de\",\"potentialAction\":[{\"@type\":\"ReadAction\",\"target\":[\"https:\/\/www.naturparkmagazin.de\/vdn\/liebe-leserin-lieber-leser-31\/\"]}]},{\"@type\":\"BreadcrumbList\",\"@id\":\"https:\/\/www.naturparkmagazin.de\/vdn\/liebe-leserin-lieber-leser-31\/#breadcrumb\",\"itemListElement\":[{\"@type\":\"ListItem\",\"position\":1,\"name\":\"Home\",\"item\":\"https:\/\/www.naturparkmagazin.de\/vdn\/\"},{\"@type\":\"ListItem\",\"position\":2,\"name\":\"Liebe Leserin, lieber Leser,\"}]},{\"@type\":\"WebSite\",\"@id\":\"https:\/\/www.naturparkmagazin.de\/vdn\/#website\",\"url\":\"https:\/\/www.naturparkmagazin.de\/vdn\/\",\"name\":\"Verband Deutscher Naturparke\",\"description\":\"Eine weitere Naturparkmagazin.de Netzwerk Seite\",\"potentialAction\":[{\"@type\":\"SearchAction\",\"target\":{\"@type\":\"EntryPoint\",\"urlTemplate\":\"https:\/\/www.naturparkmagazin.de\/vdn\/?s={search_term_string}\"},\"query-input\":\"required name=search_term_string\"}],\"inLanguage\":\"de\"},{\"@type\":\"Person\",\"@id\":\"https:\/\/www.naturparkmagazin.de\/vdn\/#\/schema\/person\/e28d931df83318a48d52ae72b08d2bfb\",\"name\":\"vdnnational\",\"url\":\"https:\/\/www.naturparkmagazin.de\/vdn\/author\/vdnnational\/\"}]}<\/script>\n<!-- \/ Yoast SEO plugin. -->","yoast_head_json":{"title":"Liebe Leserin, lieber Leser,","description":"wenn am 9. M\u00e4rz 2016 die Internationale Tourismusb\u00f6rse (ITB) in Berlin zum 50. Mal ihre Tore \u00f6ffnet, wird \"Natururlaub\" ein wichtiges Thema sein. Die","robots":{"index":"index","follow":"follow","max-snippet":"max-snippet:-1","max-image-preview":"max-image-preview:large","max-video-preview":"max-video-preview:-1"},"canonical":"https:\/\/www.naturparkmagazin.de\/vdn\/liebe-leserin-lieber-leser-31\/","og_locale":"de_DE","og_type":"article","og_title":"Liebe Leserin, lieber Leser,","og_description":"wenn am 9. M\u00e4rz 2016 die Internationale Tourismusb\u00f6rse (ITB) in Berlin zum 50. Mal ihre Tore \u00f6ffnet, wird \"Natururlaub\" ein wichtiges Thema sein. Die","og_url":"https:\/\/www.naturparkmagazin.de\/vdn\/liebe-leserin-lieber-leser-31\/","og_site_name":"Verband Deutscher Naturparke","article_published_time":"2016-02-15T05:49:58+00:00","article_modified_time":"2016-02-11T09:51:33+00:00","author":"vdnnational","twitter_misc":{"Verfasst von":"vdnnational","Gesch\u00e4tzte Lesezeit":"1\u00a0Minute"},"schema":{"@context":"https:\/\/schema.org","@graph":[{"@type":"WebPage","@id":"https:\/\/www.naturparkmagazin.de\/vdn\/liebe-leserin-lieber-leser-31\/","url":"https:\/\/www.naturparkmagazin.de\/vdn\/liebe-leserin-lieber-leser-31\/","name":"Liebe Leserin, lieber Leser,","isPartOf":{"@id":"https:\/\/www.naturparkmagazin.de\/vdn\/#website"},"datePublished":"2016-02-15T05:49:58+00:00","dateModified":"2016-02-11T09:51:33+00:00","author":{"@id":"https:\/\/www.naturparkmagazin.de\/vdn\/#\/schema\/person\/e28d931df83318a48d52ae72b08d2bfb"},"description":"wenn am 9. M\u00e4rz 2016 die Internationale Tourismusb\u00f6rse (ITB) in Berlin zum 50. Mal ihre Tore \u00f6ffnet, wird \"Natururlaub\" ein wichtiges Thema sein. Die","breadcrumb":{"@id":"https:\/\/www.naturparkmagazin.de\/vdn\/liebe-leserin-lieber-leser-31\/#breadcrumb"},"inLanguage":"de","potentialAction":[{"@type":"ReadAction","target":["https:\/\/www.naturparkmagazin.de\/vdn\/liebe-leserin-lieber-leser-31\/"]}]},{"@type":"BreadcrumbList","@id":"https:\/\/www.naturparkmagazin.de\/vdn\/liebe-leserin-lieber-leser-31\/#breadcrumb","itemListElement":[{"@type":"ListItem","position":1,"name":"Home","item":"https:\/\/www.naturparkmagazin.de\/vdn\/"},{"@type":"ListItem","position":2,"name":"Liebe Leserin, lieber Leser,"}]},{"@type":"WebSite","@id":"https:\/\/www.naturparkmagazin.de\/vdn\/#website","url":"https:\/\/www.naturparkmagazin.de\/vdn\/","name":"Verband Deutscher Naturparke","description":"Eine weitere Naturparkmagazin.de Netzwerk Seite","potentialAction":[{"@type":"SearchAction","target":{"@type":"EntryPoint","urlTemplate":"https:\/\/www.naturparkmagazin.de\/vdn\/?s={search_term_string}"},"query-input":"required name=search_term_string"}],"inLanguage":"de"},{"@type":"Person","@id":"https:\/\/www.naturparkmagazin.de\/vdn\/#\/schema\/person\/e28d931df83318a48d52ae72b08d2bfb","name":"vdnnational","url":"https:\/\/www.naturparkmagazin.de\/vdn\/author\/vdnnational\/"}]}},"_links":{"self":[{"href":"https:\/\/www.naturparkmagazin.de\/vdn\/wp-json\/wp\/v2\/posts\/6568"}],"collection":[{"href":"https:\/\/www.naturparkmagazin.de\/vdn\/wp-json\/wp\/v2\/posts"}],"about":[{"href":"https:\/\/www.naturparkmagazin.de\/vdn\/wp-json\/wp\/v2\/types\/post"}],"author":[{"embeddable":true,"href":"https:\/\/www.naturparkmagazin.de\/vdn\/wp-json\/wp\/v2\/users\/14"}],"replies":[{"embeddable":true,"href":"https:\/\/www.naturparkmagazin.de\/vdn\/wp-json\/wp\/v2\/comments?post=6568"}],"version-history":[{"count":1,"href":"https:\/\/www.naturparkmagazin.de\/vdn\/wp-json\/wp\/v2\/posts\/6568\/revisions"}],"predecessor-version":[{"id":6569,"href":"https:\/\/www.naturparkmagazin.de\/vdn\/wp-json\/wp\/v2\/posts\/6568\/revisions\/6569"}],"wp:attachment":[{"href":"https:\/\/www.naturparkmagazin.de\/vdn\/wp-json\/wp\/v2\/media?parent=6568"}],"wp:term":[{"taxonomy":"category","embeddable":true,"href":"https:\/\/www.naturparkmagazin.de\/vdn\/wp-json\/wp\/v2\/categories?post=6568"},{"taxonomy":"post_tag","embeddable":true,"href":"https:\/\/www.naturparkmagazin.de\/vdn\/wp-json\/wp\/v2\/tags?post=6568"}],"curies":[{"name":"wp","href":"https:\/\/api.w.org\/{rel}","templated":true}]}}