{"id":6589,"date":"2016-02-15T05:26:59","date_gmt":"2016-02-15T04:26:59","guid":{"rendered":"http:\/\/www.naturparkmagazin.de\/vdn\/?p=6589"},"modified":"2016-02-23T13:22:24","modified_gmt":"2016-02-23T12:22:24","slug":"reisen-neu-gedacht-vdn-auf-der-itb-2016","status":"publish","type":"post","link":"https:\/\/www.naturparkmagazin.de\/vdn\/reisen-neu-gedacht-vdn-auf-der-itb-2016\/","title":{"rendered":"\u201eReisen neu gedacht\u201c \u2013 VDN auf der ITB 2016\u201c"},"content":{"rendered":"<p>&nbsp;<\/p>\n<p>Wenn am 9. M\u00e4rz 2016 die Internationale Tourismusb\u00f6rse (ITB) in Berlin zum 50. Mal ihre Tore \u00f6ffnet, wird Natururlaub ein wichtiges Thema sein. Die Deutsche Zentrale f\u00fcr Tourismus (DZT) legt mit ihrer Themenkampagne 2016 \u201eFaszination Natururlaub in Deutschland\u201c einen Schwerpunkt ihrer weltweiten Marketingaktivit\u00e4ten auf die Naturerlebnism\u00f6glichkeiten in den Naturparken, Nationalparken und Biosph\u00e4renreservaten. Als Partner dieser Initiative stellt der Verband Deutscher Naturparke (VDN) auf der ITB 2016 am Stand der DZT (Halle 12 \/ 102) die Naturerlebnisangebote der Naturparke unter dem Motto \u201eFaszination Natur\u201c f\u00fcr die interessierten Menschen im Inland vor.<\/p>\n<p>In Deutschlands Naturparken finden Sie malerische Landschaften, weite Ausblicke und ein gesundes Klima. Hier k\u00f6nnen Sie besondere Pl\u00e4tze entdecken und zur Ruhe kommen. Das sind beste Voraussetzungen f\u00fcr einen erholsamen Aufenthalt in der Natur, bei dem Sie den Alltagsstress vergessen und die Seele baumeln lassen k\u00f6nnen. Durch spannende F\u00fchrungen und Exkursionen mit unseren Naturpark-F\u00fchrern oder durch einen Besuch des Infozentrums lernen Sie die Natur und die Region richtig kennen und erhalten Einblicke in faszinierende Natur- und Lebensr\u00e4ume.<\/p>\n<p>&gt;&gt; <a href=\"http:\/\/www.naturparke.de\/articles\/465\">Hier<\/a> k\u00f6nnen Sie die Pressemitteilung downloaden<\/p>\n<p>&gt;&gt; <a href=\"http:\/\/www.naturparke.de\/relaxation\/general\">Hier<\/a> erhalten Sie Informationen zu den Naturerlebnisangeboten der Naturparke<\/p>\n","protected":false},"excerpt":{"rendered":"<p>Wenn am 9. M\u00e4rz 2016 die Internationale Tourismusb\u00f6rse (ITB) in Berlin zum 50. Mal ihre Tore \u00f6ffnet, wird Natururlaub ein wichtiges Thema sein.<\/p>\n","protected":false},"author":14,"featured_media":6670,"comment_status":"open","ping_status":"open","sticky":false,"template":"","format":"standard","meta":{"_links_to":"","_links_to_target":""},"categories":[7],"tags":[508,572,589,3155,347,208,81,41,28,95],"yoast_head":"<!-- This site is optimized with the Yoast SEO plugin v19.10 - https:\/\/yoast.com\/wordpress\/plugins\/seo\/ -->\n<title>\u201eReisen neu gedacht\u201c \u2013 VDN auf der ITB 2016\u201c<\/title>\n<meta name=\"description\" content=\"Wenn am 9. M\u00e4rz 2016 die Internationale Tourismusb\u00f6rse (ITB) in Berlin zum 50. Mal ihre Tore \u00f6ffnet, wird Natururlaub ein wichtiges Thema sein.\" \/>\n<meta name=\"robots\" content=\"index, follow, max-snippet:-1, max-image-preview:large, max-video-preview:-1\" \/>\n<link rel=\"canonical\" href=\"https:\/\/www.naturparkmagazin.de\/vdn\/reisen-neu-gedacht-vdn-auf-der-itb-2016\/\" \/>\n<meta property=\"og:locale\" content=\"de_DE\" \/>\n<meta property=\"og:type\" content=\"article\" \/>\n<meta property=\"og:title\" content=\"\u201eReisen neu gedacht\u201c \u2013 VDN auf der ITB 2016\u201c\" \/>\n<meta property=\"og:description\" content=\"Wenn am 9. M\u00e4rz 2016 die Internationale Tourismusb\u00f6rse (ITB) in Berlin zum 50. Mal ihre Tore \u00f6ffnet, wird Natururlaub ein wichtiges Thema sein.\" \/>\n<meta property=\"og:url\" content=\"https:\/\/www.naturparkmagazin.de\/vdn\/reisen-neu-gedacht-vdn-auf-der-itb-2016\/\" \/>\n<meta property=\"og:site_name\" content=\"Verband Deutscher Naturparke\" \/>\n<meta property=\"article:published_time\" content=\"2016-02-15T04:26:59+00:00\" \/>\n<meta property=\"article:modified_time\" content=\"2016-02-23T12:22:24+00:00\" \/>\n<meta property=\"og:image\" content=\"https:\/\/www.naturparkmagazin.de\/vdn\/wp-content\/uploads\/sites\/3\/IMG_6930_beitrgsbild.jpg\" \/>\n\t<meta property=\"og:image:width\" content=\"200\" \/>\n\t<meta property=\"og:image:height\" content=\"200\" \/>\n\t<meta property=\"og:image:type\" content=\"image\/jpeg\" \/>\n<meta name=\"author\" content=\"vdnnational\" \/>\n<meta name=\"twitter:label1\" content=\"Verfasst von\" \/>\n\t<meta name=\"twitter:data1\" content=\"vdnnational\" \/>\n\t<meta name=\"twitter:label2\" content=\"Gesch\u00e4tzte Lesezeit\" \/>\n\t<meta name=\"twitter:data2\" content=\"1\u00a0Minute\" \/>\n<script type=\"application\/ld+json\" class=\"yoast-schema-graph\">{\"@context\":\"https:\/\/schema.org\",\"@graph\":[{\"@type\":\"WebPage\",\"@id\":\"https:\/\/www.naturparkmagazin.de\/vdn\/reisen-neu-gedacht-vdn-auf-der-itb-2016\/\",\"url\":\"https:\/\/www.naturparkmagazin.de\/vdn\/reisen-neu-gedacht-vdn-auf-der-itb-2016\/\",\"name\":\"\u201eReisen neu gedacht\u201c \u2013 VDN auf der ITB 2016\u201c\",\"isPartOf\":{\"@id\":\"https:\/\/www.naturparkmagazin.de\/vdn\/#website\"},\"datePublished\":\"2016-02-15T04:26:59+00:00\",\"dateModified\":\"2016-02-23T12:22:24+00:00\",\"author\":{\"@id\":\"https:\/\/www.naturparkmagazin.de\/vdn\/#\/schema\/person\/e28d931df83318a48d52ae72b08d2bfb\"},\"description\":\"Wenn am 9. M\u00e4rz 2016 die Internationale Tourismusb\u00f6rse (ITB) in Berlin zum 50. Mal ihre Tore \u00f6ffnet, wird Natururlaub ein wichtiges Thema sein.\",\"breadcrumb\":{\"@id\":\"https:\/\/www.naturparkmagazin.de\/vdn\/reisen-neu-gedacht-vdn-auf-der-itb-2016\/#breadcrumb\"},\"inLanguage\":\"de\",\"potentialAction\":[{\"@type\":\"ReadAction\",\"target\":[\"https:\/\/www.naturparkmagazin.de\/vdn\/reisen-neu-gedacht-vdn-auf-der-itb-2016\/\"]}]},{\"@type\":\"BreadcrumbList\",\"@id\":\"https:\/\/www.naturparkmagazin.de\/vdn\/reisen-neu-gedacht-vdn-auf-der-itb-2016\/#breadcrumb\",\"itemListElement\":[{\"@type\":\"ListItem\",\"position\":1,\"name\":\"Home\",\"item\":\"https:\/\/www.naturparkmagazin.de\/vdn\/\"},{\"@type\":\"ListItem\",\"position\":2,\"name\":\"\u201eReisen neu gedacht\u201c \u2013 VDN auf der ITB 2016\u201c\"}]},{\"@type\":\"WebSite\",\"@id\":\"https:\/\/www.naturparkmagazin.de\/vdn\/#website\",\"url\":\"https:\/\/www.naturparkmagazin.de\/vdn\/\",\"name\":\"Verband Deutscher Naturparke\",\"description\":\"Eine weitere Naturparkmagazin.de Netzwerk Seite\",\"potentialAction\":[{\"@type\":\"SearchAction\",\"target\":{\"@type\":\"EntryPoint\",\"urlTemplate\":\"https:\/\/www.naturparkmagazin.de\/vdn\/?s={search_term_string}\"},\"query-input\":\"required name=search_term_string\"}],\"inLanguage\":\"de\"},{\"@type\":\"Person\",\"@id\":\"https:\/\/www.naturparkmagazin.de\/vdn\/#\/schema\/person\/e28d931df83318a48d52ae72b08d2bfb\",\"name\":\"vdnnational\",\"url\":\"https:\/\/www.naturparkmagazin.de\/vdn\/author\/vdnnational\/\"}]}<\/script>\n<!-- \/ Yoast SEO plugin. -->","yoast_head_json":{"title":"\u201eReisen neu gedacht\u201c \u2013 VDN auf der ITB 2016\u201c","description":"Wenn am 9. M\u00e4rz 2016 die Internationale Tourismusb\u00f6rse (ITB) in Berlin zum 50. Mal ihre Tore \u00f6ffnet, wird Natururlaub ein wichtiges Thema sein.","robots":{"index":"index","follow":"follow","max-snippet":"max-snippet:-1","max-image-preview":"max-image-preview:large","max-video-preview":"max-video-preview:-1"},"canonical":"https:\/\/www.naturparkmagazin.de\/vdn\/reisen-neu-gedacht-vdn-auf-der-itb-2016\/","og_locale":"de_DE","og_type":"article","og_title":"\u201eReisen neu gedacht\u201c \u2013 VDN auf der ITB 2016\u201c","og_description":"Wenn am 9. M\u00e4rz 2016 die Internationale Tourismusb\u00f6rse (ITB) in Berlin zum 50. Mal ihre Tore \u00f6ffnet, wird Natururlaub ein wichtiges Thema sein.","og_url":"https:\/\/www.naturparkmagazin.de\/vdn\/reisen-neu-gedacht-vdn-auf-der-itb-2016\/","og_site_name":"Verband Deutscher Naturparke","article_published_time":"2016-02-15T04:26:59+00:00","article_modified_time":"2016-02-23T12:22:24+00:00","og_image":[{"width":200,"height":200,"url":"https:\/\/www.naturparkmagazin.de\/vdn\/wp-content\/uploads\/sites\/3\/IMG_6930_beitrgsbild.jpg","type":"image\/jpeg"}],"author":"vdnnational","twitter_misc":{"Verfasst von":"vdnnational","Gesch\u00e4tzte Lesezeit":"1\u00a0Minute"},"schema":{"@context":"https:\/\/schema.org","@graph":[{"@type":"WebPage","@id":"https:\/\/www.naturparkmagazin.de\/vdn\/reisen-neu-gedacht-vdn-auf-der-itb-2016\/","url":"https:\/\/www.naturparkmagazin.de\/vdn\/reisen-neu-gedacht-vdn-auf-der-itb-2016\/","name":"\u201eReisen neu gedacht\u201c \u2013 VDN auf der ITB 2016\u201c","isPartOf":{"@id":"https:\/\/www.naturparkmagazin.de\/vdn\/#website"},"datePublished":"2016-02-15T04:26:59+00:00","dateModified":"2016-02-23T12:22:24+00:00","author":{"@id":"https:\/\/www.naturparkmagazin.de\/vdn\/#\/schema\/person\/e28d931df83318a48d52ae72b08d2bfb"},"description":"Wenn am 9. M\u00e4rz 2016 die Internationale Tourismusb\u00f6rse (ITB) in Berlin zum 50. Mal ihre Tore \u00f6ffnet, wird Natururlaub ein wichtiges Thema sein.","breadcrumb":{"@id":"https:\/\/www.naturparkmagazin.de\/vdn\/reisen-neu-gedacht-vdn-auf-der-itb-2016\/#breadcrumb"},"inLanguage":"de","potentialAction":[{"@type":"ReadAction","target":["https:\/\/www.naturparkmagazin.de\/vdn\/reisen-neu-gedacht-vdn-auf-der-itb-2016\/"]}]},{"@type":"BreadcrumbList","@id":"https:\/\/www.naturparkmagazin.de\/vdn\/reisen-neu-gedacht-vdn-auf-der-itb-2016\/#breadcrumb","itemListElement":[{"@type":"ListItem","position":1,"name":"Home","item":"https:\/\/www.naturparkmagazin.de\/vdn\/"},{"@type":"ListItem","position":2,"name":"\u201eReisen neu gedacht\u201c \u2013 VDN auf der ITB 2016\u201c"}]},{"@type":"WebSite","@id":"https:\/\/www.naturparkmagazin.de\/vdn\/#website","url":"https:\/\/www.naturparkmagazin.de\/vdn\/","name":"Verband Deutscher Naturparke","description":"Eine weitere Naturparkmagazin.de Netzwerk Seite","potentialAction":[{"@type":"SearchAction","target":{"@type":"EntryPoint","urlTemplate":"https:\/\/www.naturparkmagazin.de\/vdn\/?s={search_term_string}"},"query-input":"required name=search_term_string"}],"inLanguage":"de"},{"@type":"Person","@id":"https:\/\/www.naturparkmagazin.de\/vdn\/#\/schema\/person\/e28d931df83318a48d52ae72b08d2bfb","name":"vdnnational","url":"https:\/\/www.naturparkmagazin.de\/vdn\/author\/vdnnational\/"}]}},"_links":{"self":[{"href":"https:\/\/www.naturparkmagazin.de\/vdn\/wp-json\/wp\/v2\/posts\/6589"}],"collection":[{"href":"https:\/\/www.naturparkmagazin.de\/vdn\/wp-json\/wp\/v2\/posts"}],"about":[{"href":"https:\/\/www.naturparkmagazin.de\/vdn\/wp-json\/wp\/v2\/types\/post"}],"author":[{"embeddable":true,"href":"https:\/\/www.naturparkmagazin.de\/vdn\/wp-json\/wp\/v2\/users\/14"}],"replies":[{"embeddable":true,"href":"https:\/\/www.naturparkmagazin.de\/vdn\/wp-json\/wp\/v2\/comments?post=6589"}],"version-history":[{"count":3,"href":"https:\/\/www.naturparkmagazin.de\/vdn\/wp-json\/wp\/v2\/posts\/6589\/revisions"}],"predecessor-version":[{"id":6619,"href":"https:\/\/www.naturparkmagazin.de\/vdn\/wp-json\/wp\/v2\/posts\/6589\/revisions\/6619"}],"wp:featuredmedia":[{"embeddable":true,"href":"https:\/\/www.naturparkmagazin.de\/vdn\/wp-json\/wp\/v2\/media\/6670"}],"wp:attachment":[{"href":"https:\/\/www.naturparkmagazin.de\/vdn\/wp-json\/wp\/v2\/media?parent=6589"}],"wp:term":[{"taxonomy":"category","embeddable":true,"href":"https:\/\/www.naturparkmagazin.de\/vdn\/wp-json\/wp\/v2\/categories?post=6589"},{"taxonomy":"post_tag","embeddable":true,"href":"https:\/\/www.naturparkmagazin.de\/vdn\/wp-json\/wp\/v2\/tags?post=6589"}],"curies":[{"name":"wp","href":"https:\/\/api.w.org\/{rel}","templated":true}]}}