{"id":6591,"date":"2016-02-15T04:39:48","date_gmt":"2016-02-15T03:39:48","guid":{"rendered":"http:\/\/www.naturparkmagazin.de\/vdn\/?p=6591"},"modified":"2016-02-23T14:30:28","modified_gmt":"2016-02-23T13:30:28","slug":"voneinander-lernen-vdn-startet-europatour","status":"publish","type":"post","link":"https:\/\/www.naturparkmagazin.de\/vdn\/voneinander-lernen-vdn-startet-europatour\/","title":{"rendered":"\u201eVoneinander lernen\u201c \u2013 VDN startet Europatour"},"content":{"rendered":"<div id=\"attachment_5214\" style=\"width: 510px\" class=\"wp-caption aligncenter\"><a href=\"https:\/\/www.naturparkmagazin.de\/vdn\/wp-content\/uploads\/sites\/3\/Logo_beitrag.jpg\"><img aria-describedby=\"caption-attachment-5214\" decoding=\"async\" loading=\"lazy\" class=\"size-full wp-image-5214\" src=\"https:\/\/www.naturparkmagazin.de\/vdn\/wp-content\/uploads\/sites\/3\/Logo_beitrag.jpg\" alt=\"Copyright: VDN\" width=\"500\" height=\"300\" srcset=\"https:\/\/www.naturparkmagazin.de\/vdn\/wp-content\/uploads\/sites\/3\/Logo_beitrag.jpg 500w, https:\/\/www.naturparkmagazin.de\/vdn\/wp-content\/uploads\/sites\/3\/Logo_beitrag-300x180.jpg 300w, https:\/\/www.naturparkmagazin.de\/vdn\/wp-content\/uploads\/sites\/3\/Logo_beitrag-200x120.jpg 200w\" sizes=\"(max-width: 500px) 100vw, 500px\" \/><\/a><p id=\"caption-attachment-5214\" class=\"wp-caption-text\">Copyright: VDN<\/p><\/div>\n<p>&nbsp;<\/p>\n<p>Im Rahmen des Projektes \u201eImpulse der Naturparkarbeit aus europ\u00e4ischen Staaten f\u00fcr die Weiterentwicklung der Naturparke\u201c \u00a0besucht der VDN auf Studienreisen in 11 europ\u00e4ische Staaten die Dachorganisation der Naturparke im jeweiligen Land und zwei exemplarische Parke. Auf der Bereisung werden Informationen zur Arbeit und zum Management der Natur-, Regional, und Landschaftsparke in Europa gesammelt, welche sp\u00e4ter allen Dachorganisationen und Parken in den europ\u00e4ischen Staaten in Form eines umfangreichen Abschlussberichtes zur Verf\u00fcgung gestellt wird. Gleichzeitig informiert der VDN auch \u00fcber die Arbeite der Naturparke in Deutschland. Ziel des Projektes ist es, die Zusammenarbeit der Naturparke in Europa zu st\u00e4rken und die Erfahrungen der Naturparke aus allen europ\u00e4ischen Staaten auszuwerten, um daraus Impulse f\u00fcr die Weiterentwicklung der Arbeit der Naturparke in Deutschland zu gewinnen.<\/p>\n<div id=\"attachment_6671\" style=\"width: 510px\" class=\"wp-caption aligncenter\"><a href=\"https:\/\/www.naturparkmagazin.de\/vdn\/wp-content\/uploads\/sites\/3\/ungarn3.jpg\"><img aria-describedby=\"caption-attachment-6671\" decoding=\"async\" loading=\"lazy\" class=\"size-full wp-image-6671\" src=\"https:\/\/www.naturparkmagazin.de\/vdn\/wp-content\/uploads\/sites\/3\/ungarn3.jpg\" alt=\"Copyright: VDN\" width=\"500\" height=\"300\" srcset=\"https:\/\/www.naturparkmagazin.de\/vdn\/wp-content\/uploads\/sites\/3\/ungarn3.jpg 500w, https:\/\/www.naturparkmagazin.de\/vdn\/wp-content\/uploads\/sites\/3\/ungarn3-300x180.jpg 300w, https:\/\/www.naturparkmagazin.de\/vdn\/wp-content\/uploads\/sites\/3\/ungarn3-200x120.jpg 200w\" sizes=\"(max-width: 500px) 100vw, 500px\" \/><\/a><p id=\"caption-attachment-6671\" class=\"wp-caption-text\">Copyright: VDN<\/p><\/div>\n<p>Mitte Februar startete die \u201eEuropatour\u201c mit Besuchen der Naturparke in \u00d6sterreich, Ungarn und der Schweiz. Im M\u00e4rz wird die Bereisung fortgesetzt mit Luxemburg und Italien.<\/p>\n<p><a href=\"https:\/\/www.facebook.com\/naturparke\" target=\"_blank\">&gt;&gt; Hier k\u00f6nnen Sie die &#8222;Europatouren&#8220; verfolgen<\/a><\/p>\n<p><a href=\"http:\/\/www.european-parks.org\/home\" target=\"_blank\">&gt;&gt; Hier k\u00f6nnen Sie sich \u00fcber das Projekt informieren<\/a><\/p>\n<p>&nbsp;<\/p>\n","protected":false},"excerpt":{"rendered":"<p>Mitte Februar startete der VDN im Rahmen des Europ\u00e4ischen Projektes seine \u201eEuropatour\u201c mit Besuchen der Naturparke in \u00d6sterreich, Ungarn und der Schweiz. <\/p>\n","protected":false},"author":14,"featured_media":6678,"comment_status":"open","ping_status":"open","sticky":false,"template":"","format":"standard","meta":{"_links_to":"","_links_to_target":""},"categories":[7],"tags":[508,596,595,91,231,86,81,3154,251,598,597,41],"yoast_head":"<!-- This site is optimized with the Yoast SEO plugin v19.10 - https:\/\/yoast.com\/wordpress\/plugins\/seo\/ -->\n<title>\u201eVoneinander lernen\u201c \u2013 VDN startet Europatour<\/title>\n<meta name=\"description\" content=\"Mitte Februar startete der VDN im Rahmen des Europ\u00e4ischen Projektes seine \u201eEuropatour\u201c mit Besuchen der Naturparke in \u00d6sterreich, Ungarn und der Schweiz.\" \/>\n<meta name=\"robots\" content=\"index, follow, max-snippet:-1, max-image-preview:large, max-video-preview:-1\" \/>\n<link rel=\"canonical\" href=\"https:\/\/www.naturparkmagazin.de\/vdn\/voneinander-lernen-vdn-startet-europatour\/\" \/>\n<meta property=\"og:locale\" content=\"de_DE\" \/>\n<meta property=\"og:type\" content=\"article\" \/>\n<meta property=\"og:title\" content=\"\u201eVoneinander lernen\u201c \u2013 VDN startet Europatour\" \/>\n<meta property=\"og:description\" content=\"Mitte Februar startete der VDN im Rahmen des Europ\u00e4ischen Projektes seine \u201eEuropatour\u201c mit Besuchen der Naturparke in \u00d6sterreich, Ungarn und der Schweiz.\" \/>\n<meta property=\"og:url\" content=\"https:\/\/www.naturparkmagazin.de\/vdn\/voneinander-lernen-vdn-startet-europatour\/\" \/>\n<meta property=\"og:site_name\" content=\"Verband Deutscher Naturparke\" \/>\n<meta property=\"article:published_time\" content=\"2016-02-15T03:39:48+00:00\" \/>\n<meta property=\"article:modified_time\" content=\"2016-02-23T13:30:28+00:00\" \/>\n<meta property=\"og:image\" content=\"https:\/\/www.naturparkmagazin.de\/vdn\/wp-content\/uploads\/sites\/3\/ungarn3_beitragsbild.jpg\" \/>\n\t<meta property=\"og:image:width\" content=\"200\" \/>\n\t<meta property=\"og:image:height\" content=\"200\" \/>\n\t<meta property=\"og:image:type\" content=\"image\/jpeg\" \/>\n<meta name=\"author\" content=\"vdnnational\" \/>\n<meta name=\"twitter:label1\" content=\"Verfasst von\" \/>\n\t<meta name=\"twitter:data1\" content=\"vdnnational\" \/>\n\t<meta name=\"twitter:label2\" content=\"Gesch\u00e4tzte Lesezeit\" \/>\n\t<meta name=\"twitter:data2\" content=\"1\u00a0Minute\" \/>\n<script type=\"application\/ld+json\" class=\"yoast-schema-graph\">{\"@context\":\"https:\/\/schema.org\",\"@graph\":[{\"@type\":\"WebPage\",\"@id\":\"https:\/\/www.naturparkmagazin.de\/vdn\/voneinander-lernen-vdn-startet-europatour\/\",\"url\":\"https:\/\/www.naturparkmagazin.de\/vdn\/voneinander-lernen-vdn-startet-europatour\/\",\"name\":\"\u201eVoneinander lernen\u201c \u2013 VDN startet Europatour\",\"isPartOf\":{\"@id\":\"https:\/\/www.naturparkmagazin.de\/vdn\/#website\"},\"datePublished\":\"2016-02-15T03:39:48+00:00\",\"dateModified\":\"2016-02-23T13:30:28+00:00\",\"author\":{\"@id\":\"https:\/\/www.naturparkmagazin.de\/vdn\/#\/schema\/person\/e28d931df83318a48d52ae72b08d2bfb\"},\"description\":\"Mitte Februar startete der VDN im Rahmen des Europ\u00e4ischen Projektes seine \u201eEuropatour\u201c mit Besuchen der Naturparke in \u00d6sterreich, Ungarn und der Schweiz.\",\"breadcrumb\":{\"@id\":\"https:\/\/www.naturparkmagazin.de\/vdn\/voneinander-lernen-vdn-startet-europatour\/#breadcrumb\"},\"inLanguage\":\"de\",\"potentialAction\":[{\"@type\":\"ReadAction\",\"target\":[\"https:\/\/www.naturparkmagazin.de\/vdn\/voneinander-lernen-vdn-startet-europatour\/\"]}]},{\"@type\":\"BreadcrumbList\",\"@id\":\"https:\/\/www.naturparkmagazin.de\/vdn\/voneinander-lernen-vdn-startet-europatour\/#breadcrumb\",\"itemListElement\":[{\"@type\":\"ListItem\",\"position\":1,\"name\":\"Home\",\"item\":\"https:\/\/www.naturparkmagazin.de\/vdn\/\"},{\"@type\":\"ListItem\",\"position\":2,\"name\":\"\u201eVoneinander lernen\u201c \u2013 VDN startet Europatour\"}]},{\"@type\":\"WebSite\",\"@id\":\"https:\/\/www.naturparkmagazin.de\/vdn\/#website\",\"url\":\"https:\/\/www.naturparkmagazin.de\/vdn\/\",\"name\":\"Verband Deutscher Naturparke\",\"description\":\"Eine weitere Naturparkmagazin.de Netzwerk Seite\",\"potentialAction\":[{\"@type\":\"SearchAction\",\"target\":{\"@type\":\"EntryPoint\",\"urlTemplate\":\"https:\/\/www.naturparkmagazin.de\/vdn\/?s={search_term_string}\"},\"query-input\":\"required name=search_term_string\"}],\"inLanguage\":\"de\"},{\"@type\":\"Person\",\"@id\":\"https:\/\/www.naturparkmagazin.de\/vdn\/#\/schema\/person\/e28d931df83318a48d52ae72b08d2bfb\",\"name\":\"vdnnational\",\"url\":\"https:\/\/www.naturparkmagazin.de\/vdn\/author\/vdnnational\/\"}]}<\/script>\n<!-- \/ Yoast SEO plugin. -->","yoast_head_json":{"title":"\u201eVoneinander lernen\u201c \u2013 VDN startet Europatour","description":"Mitte Februar startete der VDN im Rahmen des Europ\u00e4ischen Projektes seine \u201eEuropatour\u201c mit Besuchen der Naturparke in \u00d6sterreich, Ungarn und der Schweiz.","robots":{"index":"index","follow":"follow","max-snippet":"max-snippet:-1","max-image-preview":"max-image-preview:large","max-video-preview":"max-video-preview:-1"},"canonical":"https:\/\/www.naturparkmagazin.de\/vdn\/voneinander-lernen-vdn-startet-europatour\/","og_locale":"de_DE","og_type":"article","og_title":"\u201eVoneinander lernen\u201c \u2013 VDN startet Europatour","og_description":"Mitte Februar startete der VDN im Rahmen des Europ\u00e4ischen Projektes seine \u201eEuropatour\u201c mit Besuchen der Naturparke in \u00d6sterreich, Ungarn und der Schweiz.","og_url":"https:\/\/www.naturparkmagazin.de\/vdn\/voneinander-lernen-vdn-startet-europatour\/","og_site_name":"Verband Deutscher Naturparke","article_published_time":"2016-02-15T03:39:48+00:00","article_modified_time":"2016-02-23T13:30:28+00:00","og_image":[{"width":200,"height":200,"url":"https:\/\/www.naturparkmagazin.de\/vdn\/wp-content\/uploads\/sites\/3\/ungarn3_beitragsbild.jpg","type":"image\/jpeg"}],"author":"vdnnational","twitter_misc":{"Verfasst von":"vdnnational","Gesch\u00e4tzte Lesezeit":"1\u00a0Minute"},"schema":{"@context":"https:\/\/schema.org","@graph":[{"@type":"WebPage","@id":"https:\/\/www.naturparkmagazin.de\/vdn\/voneinander-lernen-vdn-startet-europatour\/","url":"https:\/\/www.naturparkmagazin.de\/vdn\/voneinander-lernen-vdn-startet-europatour\/","name":"\u201eVoneinander lernen\u201c \u2013 VDN startet Europatour","isPartOf":{"@id":"https:\/\/www.naturparkmagazin.de\/vdn\/#website"},"datePublished":"2016-02-15T03:39:48+00:00","dateModified":"2016-02-23T13:30:28+00:00","author":{"@id":"https:\/\/www.naturparkmagazin.de\/vdn\/#\/schema\/person\/e28d931df83318a48d52ae72b08d2bfb"},"description":"Mitte Februar startete der VDN im Rahmen des Europ\u00e4ischen Projektes seine \u201eEuropatour\u201c mit Besuchen der Naturparke in \u00d6sterreich, Ungarn und der Schweiz.","breadcrumb":{"@id":"https:\/\/www.naturparkmagazin.de\/vdn\/voneinander-lernen-vdn-startet-europatour\/#breadcrumb"},"inLanguage":"de","potentialAction":[{"@type":"ReadAction","target":["https:\/\/www.naturparkmagazin.de\/vdn\/voneinander-lernen-vdn-startet-europatour\/"]}]},{"@type":"BreadcrumbList","@id":"https:\/\/www.naturparkmagazin.de\/vdn\/voneinander-lernen-vdn-startet-europatour\/#breadcrumb","itemListElement":[{"@type":"ListItem","position":1,"name":"Home","item":"https:\/\/www.naturparkmagazin.de\/vdn\/"},{"@type":"ListItem","position":2,"name":"\u201eVoneinander lernen\u201c \u2013 VDN startet Europatour"}]},{"@type":"WebSite","@id":"https:\/\/www.naturparkmagazin.de\/vdn\/#website","url":"https:\/\/www.naturparkmagazin.de\/vdn\/","name":"Verband Deutscher Naturparke","description":"Eine weitere Naturparkmagazin.de Netzwerk Seite","potentialAction":[{"@type":"SearchAction","target":{"@type":"EntryPoint","urlTemplate":"https:\/\/www.naturparkmagazin.de\/vdn\/?s={search_term_string}"},"query-input":"required name=search_term_string"}],"inLanguage":"de"},{"@type":"Person","@id":"https:\/\/www.naturparkmagazin.de\/vdn\/#\/schema\/person\/e28d931df83318a48d52ae72b08d2bfb","name":"vdnnational","url":"https:\/\/www.naturparkmagazin.de\/vdn\/author\/vdnnational\/"}]}},"_links":{"self":[{"href":"https:\/\/www.naturparkmagazin.de\/vdn\/wp-json\/wp\/v2\/posts\/6591"}],"collection":[{"href":"https:\/\/www.naturparkmagazin.de\/vdn\/wp-json\/wp\/v2\/posts"}],"about":[{"href":"https:\/\/www.naturparkmagazin.de\/vdn\/wp-json\/wp\/v2\/types\/post"}],"author":[{"embeddable":true,"href":"https:\/\/www.naturparkmagazin.de\/vdn\/wp-json\/wp\/v2\/users\/14"}],"replies":[{"embeddable":true,"href":"https:\/\/www.naturparkmagazin.de\/vdn\/wp-json\/wp\/v2\/comments?post=6591"}],"version-history":[{"count":10,"href":"https:\/\/www.naturparkmagazin.de\/vdn\/wp-json\/wp\/v2\/posts\/6591\/revisions"}],"predecessor-version":[{"id":6679,"href":"https:\/\/www.naturparkmagazin.de\/vdn\/wp-json\/wp\/v2\/posts\/6591\/revisions\/6679"}],"wp:featuredmedia":[{"embeddable":true,"href":"https:\/\/www.naturparkmagazin.de\/vdn\/wp-json\/wp\/v2\/media\/6678"}],"wp:attachment":[{"href":"https:\/\/www.naturparkmagazin.de\/vdn\/wp-json\/wp\/v2\/media?parent=6591"}],"wp:term":[{"taxonomy":"category","embeddable":true,"href":"https:\/\/www.naturparkmagazin.de\/vdn\/wp-json\/wp\/v2\/categories?post=6591"},{"taxonomy":"post_tag","embeddable":true,"href":"https:\/\/www.naturparkmagazin.de\/vdn\/wp-json\/wp\/v2\/tags?post=6591"}],"curies":[{"name":"wp","href":"https:\/\/api.w.org\/{rel}","templated":true}]}}