{"id":6603,"date":"2016-02-15T06:46:05","date_gmt":"2016-02-15T05:46:05","guid":{"rendered":"http:\/\/www.naturparkmagazin.de\/vdn\/?p=6603"},"modified":"2016-02-23T12:56:51","modified_gmt":"2016-02-23T11:56:51","slug":"jana-schimke","status":"publish","type":"post","link":"https:\/\/www.naturparkmagazin.de\/vdn\/jana-schimke\/","title":{"rendered":"Jana Schimke"},"content":{"rendered":"<div id=\"attachment_6608\" style=\"width: 630px\" class=\"wp-caption aligncenter\"><a href=\"https:\/\/www.naturparkmagazin.de\/vdn\/wp-content\/uploads\/sites\/3\/foto_karoline_wolf_klein.jpg\"><img aria-describedby=\"caption-attachment-6608\" decoding=\"async\" loading=\"lazy\" class=\"size-large wp-image-6608\" src=\"https:\/\/www.naturparkmagazin.de\/vdn\/wp-content\/uploads\/sites\/3\/foto_karoline_wolf_klein-940x689.jpg\" alt=\"Copyright: Karoline Wolf\" width=\"620\" height=\"454\" srcset=\"https:\/\/www.naturparkmagazin.de\/vdn\/wp-content\/uploads\/sites\/3\/foto_karoline_wolf_klein-940x689.jpg 940w, https:\/\/www.naturparkmagazin.de\/vdn\/wp-content\/uploads\/sites\/3\/foto_karoline_wolf_klein-300x220.jpg 300w, https:\/\/www.naturparkmagazin.de\/vdn\/wp-content\/uploads\/sites\/3\/foto_karoline_wolf_klein-620x455.jpg 620w, https:\/\/www.naturparkmagazin.de\/vdn\/wp-content\/uploads\/sites\/3\/foto_karoline_wolf_klein-95x71.jpg 95w, https:\/\/www.naturparkmagazin.de\/vdn\/wp-content\/uploads\/sites\/3\/foto_karoline_wolf_klein-670x491.jpg 670w, https:\/\/www.naturparkmagazin.de\/vdn\/wp-content\/uploads\/sites\/3\/foto_karoline_wolf_klein-200x147.jpg 200w, https:\/\/www.naturparkmagazin.de\/vdn\/wp-content\/uploads\/sites\/3\/foto_karoline_wolf_klein.jpg 1771w\" sizes=\"(max-width: 620px) 100vw, 620px\" \/><\/a><p id=\"caption-attachment-6608\" class=\"wp-caption-text\">Copyright: Karoline Wolf<\/p><\/div>\n<p>Jana Schimke ist Mitglied des Deutschen Bundestages und die erste Naturpark-Botschafterin des 1998 er\u00f6ffneten Naturparks Dahme-Heideseen. Warum sie Ihren Naturpark unterst\u00fctzt, verr\u00e4t sie uns gerne.<\/p>\n<div id=\"attachment_6640\" style=\"width: 510px\" class=\"wp-caption aligncenter\"><a href=\"https:\/\/www.naturparkmagazin.de\/vdn\/wp-content\/uploads\/sites\/3\/NPDH_Schimke_Urkunde_2015_Irmscher_MAZ_beitrag.jpg\"><img aria-describedby=\"caption-attachment-6640\" decoding=\"async\" loading=\"lazy\" class=\"size-full wp-image-6640\" src=\"https:\/\/www.naturparkmagazin.de\/vdn\/wp-content\/uploads\/sites\/3\/NPDH_Schimke_Urkunde_2015_Irmscher_MAZ_beitrag.jpg\" alt=\"Copyright: Gerlinde Irmscher \" width=\"500\" height=\"400\" srcset=\"https:\/\/www.naturparkmagazin.de\/vdn\/wp-content\/uploads\/sites\/3\/NPDH_Schimke_Urkunde_2015_Irmscher_MAZ_beitrag.jpg 500w, https:\/\/www.naturparkmagazin.de\/vdn\/wp-content\/uploads\/sites\/3\/NPDH_Schimke_Urkunde_2015_Irmscher_MAZ_beitrag-300x240.jpg 300w, https:\/\/www.naturparkmagazin.de\/vdn\/wp-content\/uploads\/sites\/3\/NPDH_Schimke_Urkunde_2015_Irmscher_MAZ_beitrag-200x160.jpg 200w\" sizes=\"(max-width: 500px) 100vw, 500px\" \/><\/a><p id=\"caption-attachment-6640\" class=\"wp-caption-text\">Copyright: Gerlinde Irmscher<\/p><\/div>\n<p>\u201eIn meiner Arbeit erlebe ich regelm\u00e4\u00dfig, wie wenig Wissen heute noch \u00fcber die Zusammenh\u00e4nge in der Natur besteht. Daran setzt die Arbeit der Naturparke und Verb\u00e4nde an. Sie bringen, z.B. im Rahmen der Bildungsarbeit, Kindern und Jugendlichen ein Verst\u00e4ndnis f\u00fcr Naturschutz und kulturelle Erhaltungsma\u00dfnahmen nahe. Als Botschafterin des Naturparks Dahme-Heideseen liegt mir gerade auch diese Arbeit am Herzen, da sie die Zukunft unserer Region ebnen\u201c, so Jana Schimke.<\/p>\n<p>In der Verwaltung des Naturparks Dahme-Heideseen in Prieros \u00fcberreichte am 11. Dezember 2015 Parkleiter Gunnar Heyne der Bundestagsabgeordneten Jana Schimke ihre Naturpark-Botschafterurkunde. Gemeinsam mit Parkleiter Heyne und Ranger Mertke sprach Jana Schimke anschlie\u00dfend \u00fcber die Herausforderungen des Naturschutzes und \u00fcber die zuk\u00fcnftige gemeinsame Zusammenarbeit.<\/p>\n<p>Mehr \u00fcber die Naturpark-Botschafterin Jana Schimke und die Aktion &#8222;Mein Naturpark!&#8220; erfahren Sie<a href=\"http:\/\/www.naturparke.de\/mynatureparks\/ambassador?utf8=%E2%9C%93&amp;search%5Bpark%5D=11&amp;commit=suchen\" target=\"_blank\"> hier <\/a><\/p>\n<p>&nbsp;<\/p>\n","protected":false},"excerpt":{"rendered":"<p>ist Mitglied des Deutschen Bundestages und seit Dezember 2015 die erste Naturpark-Botschafterin des 1998 er\u00f6ffneten Naturparks Dahme-Heideseen. Warum sie Ihren Naturpark unterst\u00fctzt, verr\u00e4t sie uns gerne. <\/p>\n","protected":false},"author":14,"featured_media":6605,"comment_status":"open","ping_status":"open","sticky":false,"template":"","format":"standard","meta":{"_links_to":"","_links_to_target":""},"categories":[8],"tags":[],"yoast_head":"<!-- This site is optimized with the Yoast SEO plugin v19.10 - https:\/\/yoast.com\/wordpress\/plugins\/seo\/ -->\n<title>Jana Schimke<\/title>\n<meta name=\"description\" content=\"ist Mitglied des Deutschen Bundestages und seit Dezember 2015 die erste Naturpark-Botschafterin des 1998 er\u00f6ffneten Naturparks Dahme-Heideseen. Warum sie Ihren Naturpark unterst\u00fctzt, verr\u00e4t sie uns gerne.\" \/>\n<meta name=\"robots\" content=\"index, follow, max-snippet:-1, max-image-preview:large, max-video-preview:-1\" \/>\n<link rel=\"canonical\" href=\"https:\/\/www.naturparkmagazin.de\/vdn\/jana-schimke\/\" \/>\n<meta property=\"og:locale\" content=\"de_DE\" \/>\n<meta property=\"og:type\" content=\"article\" \/>\n<meta property=\"og:title\" content=\"Jana Schimke\" \/>\n<meta property=\"og:description\" content=\"ist Mitglied des Deutschen Bundestages und seit Dezember 2015 die erste Naturpark-Botschafterin des 1998 er\u00f6ffneten Naturparks Dahme-Heideseen. Warum sie Ihren Naturpark unterst\u00fctzt, verr\u00e4t sie uns gerne.\" \/>\n<meta property=\"og:url\" content=\"https:\/\/www.naturparkmagazin.de\/vdn\/jana-schimke\/\" \/>\n<meta property=\"og:site_name\" content=\"Verband Deutscher Naturparke\" \/>\n<meta property=\"article:published_time\" content=\"2016-02-15T05:46:05+00:00\" \/>\n<meta property=\"article:modified_time\" content=\"2016-02-23T11:56:51+00:00\" \/>\n<meta property=\"og:image\" content=\"https:\/\/www.naturparkmagazin.de\/vdn\/wp-content\/uploads\/sites\/3\/foto_karoline_wolf_Beitragsblid.jpg\" \/>\n\t<meta property=\"og:image:width\" content=\"200\" \/>\n\t<meta property=\"og:image:height\" content=\"200\" \/>\n\t<meta property=\"og:image:type\" content=\"image\/jpeg\" \/>\n<meta name=\"author\" content=\"vdnnational\" \/>\n<meta name=\"twitter:label1\" content=\"Verfasst von\" \/>\n\t<meta name=\"twitter:data1\" content=\"vdnnational\" \/>\n\t<meta name=\"twitter:label2\" content=\"Gesch\u00e4tzte Lesezeit\" \/>\n\t<meta name=\"twitter:data2\" content=\"1\u00a0Minute\" \/>\n<script type=\"application\/ld+json\" class=\"yoast-schema-graph\">{\"@context\":\"https:\/\/schema.org\",\"@graph\":[{\"@type\":\"WebPage\",\"@id\":\"https:\/\/www.naturparkmagazin.de\/vdn\/jana-schimke\/\",\"url\":\"https:\/\/www.naturparkmagazin.de\/vdn\/jana-schimke\/\",\"name\":\"Jana Schimke\",\"isPartOf\":{\"@id\":\"https:\/\/www.naturparkmagazin.de\/vdn\/#website\"},\"datePublished\":\"2016-02-15T05:46:05+00:00\",\"dateModified\":\"2016-02-23T11:56:51+00:00\",\"author\":{\"@id\":\"https:\/\/www.naturparkmagazin.de\/vdn\/#\/schema\/person\/e28d931df83318a48d52ae72b08d2bfb\"},\"description\":\"ist Mitglied des Deutschen Bundestages und seit Dezember 2015 die erste Naturpark-Botschafterin des 1998 er\u00f6ffneten Naturparks Dahme-Heideseen. Warum sie Ihren Naturpark unterst\u00fctzt, verr\u00e4t sie uns gerne.\",\"breadcrumb\":{\"@id\":\"https:\/\/www.naturparkmagazin.de\/vdn\/jana-schimke\/#breadcrumb\"},\"inLanguage\":\"de\",\"potentialAction\":[{\"@type\":\"ReadAction\",\"target\":[\"https:\/\/www.naturparkmagazin.de\/vdn\/jana-schimke\/\"]}]},{\"@type\":\"BreadcrumbList\",\"@id\":\"https:\/\/www.naturparkmagazin.de\/vdn\/jana-schimke\/#breadcrumb\",\"itemListElement\":[{\"@type\":\"ListItem\",\"position\":1,\"name\":\"Home\",\"item\":\"https:\/\/www.naturparkmagazin.de\/vdn\/\"},{\"@type\":\"ListItem\",\"position\":2,\"name\":\"Jana Schimke\"}]},{\"@type\":\"WebSite\",\"@id\":\"https:\/\/www.naturparkmagazin.de\/vdn\/#website\",\"url\":\"https:\/\/www.naturparkmagazin.de\/vdn\/\",\"name\":\"Verband Deutscher Naturparke\",\"description\":\"Eine weitere Naturparkmagazin.de Netzwerk Seite\",\"potentialAction\":[{\"@type\":\"SearchAction\",\"target\":{\"@type\":\"EntryPoint\",\"urlTemplate\":\"https:\/\/www.naturparkmagazin.de\/vdn\/?s={search_term_string}\"},\"query-input\":\"required name=search_term_string\"}],\"inLanguage\":\"de\"},{\"@type\":\"Person\",\"@id\":\"https:\/\/www.naturparkmagazin.de\/vdn\/#\/schema\/person\/e28d931df83318a48d52ae72b08d2bfb\",\"name\":\"vdnnational\",\"url\":\"https:\/\/www.naturparkmagazin.de\/vdn\/author\/vdnnational\/\"}]}<\/script>\n<!-- \/ Yoast SEO plugin. -->","yoast_head_json":{"title":"Jana Schimke","description":"ist Mitglied des Deutschen Bundestages und seit Dezember 2015 die erste Naturpark-Botschafterin des 1998 er\u00f6ffneten Naturparks Dahme-Heideseen. Warum sie Ihren Naturpark unterst\u00fctzt, verr\u00e4t sie uns gerne.","robots":{"index":"index","follow":"follow","max-snippet":"max-snippet:-1","max-image-preview":"max-image-preview:large","max-video-preview":"max-video-preview:-1"},"canonical":"https:\/\/www.naturparkmagazin.de\/vdn\/jana-schimke\/","og_locale":"de_DE","og_type":"article","og_title":"Jana Schimke","og_description":"ist Mitglied des Deutschen Bundestages und seit Dezember 2015 die erste Naturpark-Botschafterin des 1998 er\u00f6ffneten Naturparks Dahme-Heideseen. Warum sie Ihren Naturpark unterst\u00fctzt, verr\u00e4t sie uns gerne.","og_url":"https:\/\/www.naturparkmagazin.de\/vdn\/jana-schimke\/","og_site_name":"Verband Deutscher Naturparke","article_published_time":"2016-02-15T05:46:05+00:00","article_modified_time":"2016-02-23T11:56:51+00:00","og_image":[{"width":200,"height":200,"url":"https:\/\/www.naturparkmagazin.de\/vdn\/wp-content\/uploads\/sites\/3\/foto_karoline_wolf_Beitragsblid.jpg","type":"image\/jpeg"}],"author":"vdnnational","twitter_misc":{"Verfasst von":"vdnnational","Gesch\u00e4tzte Lesezeit":"1\u00a0Minute"},"schema":{"@context":"https:\/\/schema.org","@graph":[{"@type":"WebPage","@id":"https:\/\/www.naturparkmagazin.de\/vdn\/jana-schimke\/","url":"https:\/\/www.naturparkmagazin.de\/vdn\/jana-schimke\/","name":"Jana Schimke","isPartOf":{"@id":"https:\/\/www.naturparkmagazin.de\/vdn\/#website"},"datePublished":"2016-02-15T05:46:05+00:00","dateModified":"2016-02-23T11:56:51+00:00","author":{"@id":"https:\/\/www.naturparkmagazin.de\/vdn\/#\/schema\/person\/e28d931df83318a48d52ae72b08d2bfb"},"description":"ist Mitglied des Deutschen Bundestages und seit Dezember 2015 die erste Naturpark-Botschafterin des 1998 er\u00f6ffneten Naturparks Dahme-Heideseen. Warum sie Ihren Naturpark unterst\u00fctzt, verr\u00e4t sie uns gerne.","breadcrumb":{"@id":"https:\/\/www.naturparkmagazin.de\/vdn\/jana-schimke\/#breadcrumb"},"inLanguage":"de","potentialAction":[{"@type":"ReadAction","target":["https:\/\/www.naturparkmagazin.de\/vdn\/jana-schimke\/"]}]},{"@type":"BreadcrumbList","@id":"https:\/\/www.naturparkmagazin.de\/vdn\/jana-schimke\/#breadcrumb","itemListElement":[{"@type":"ListItem","position":1,"name":"Home","item":"https:\/\/www.naturparkmagazin.de\/vdn\/"},{"@type":"ListItem","position":2,"name":"Jana Schimke"}]},{"@type":"WebSite","@id":"https:\/\/www.naturparkmagazin.de\/vdn\/#website","url":"https:\/\/www.naturparkmagazin.de\/vdn\/","name":"Verband Deutscher Naturparke","description":"Eine weitere Naturparkmagazin.de Netzwerk Seite","potentialAction":[{"@type":"SearchAction","target":{"@type":"EntryPoint","urlTemplate":"https:\/\/www.naturparkmagazin.de\/vdn\/?s={search_term_string}"},"query-input":"required name=search_term_string"}],"inLanguage":"de"},{"@type":"Person","@id":"https:\/\/www.naturparkmagazin.de\/vdn\/#\/schema\/person\/e28d931df83318a48d52ae72b08d2bfb","name":"vdnnational","url":"https:\/\/www.naturparkmagazin.de\/vdn\/author\/vdnnational\/"}]}},"_links":{"self":[{"href":"https:\/\/www.naturparkmagazin.de\/vdn\/wp-json\/wp\/v2\/posts\/6603"}],"collection":[{"href":"https:\/\/www.naturparkmagazin.de\/vdn\/wp-json\/wp\/v2\/posts"}],"about":[{"href":"https:\/\/www.naturparkmagazin.de\/vdn\/wp-json\/wp\/v2\/types\/post"}],"author":[{"embeddable":true,"href":"https:\/\/www.naturparkmagazin.de\/vdn\/wp-json\/wp\/v2\/users\/14"}],"replies":[{"embeddable":true,"href":"https:\/\/www.naturparkmagazin.de\/vdn\/wp-json\/wp\/v2\/comments?post=6603"}],"version-history":[{"count":7,"href":"https:\/\/www.naturparkmagazin.de\/vdn\/wp-json\/wp\/v2\/posts\/6603\/revisions"}],"predecessor-version":[{"id":6662,"href":"https:\/\/www.naturparkmagazin.de\/vdn\/wp-json\/wp\/v2\/posts\/6603\/revisions\/6662"}],"wp:featuredmedia":[{"embeddable":true,"href":"https:\/\/www.naturparkmagazin.de\/vdn\/wp-json\/wp\/v2\/media\/6605"}],"wp:attachment":[{"href":"https:\/\/www.naturparkmagazin.de\/vdn\/wp-json\/wp\/v2\/media?parent=6603"}],"wp:term":[{"taxonomy":"category","embeddable":true,"href":"https:\/\/www.naturparkmagazin.de\/vdn\/wp-json\/wp\/v2\/categories?post=6603"},{"taxonomy":"post_tag","embeddable":true,"href":"https:\/\/www.naturparkmagazin.de\/vdn\/wp-json\/wp\/v2\/tags?post=6603"}],"curies":[{"name":"wp","href":"https:\/\/api.w.org\/{rel}","templated":true}]}}