{"id":6732,"date":"2016-03-14T08:16:12","date_gmt":"2016-03-14T07:16:12","guid":{"rendered":"http:\/\/www.naturparkmagazin.de\/vdn\/?p=6732"},"modified":"2016-03-17T11:50:09","modified_gmt":"2016-03-17T10:50:09","slug":"fortsetzung-folgt-europatour-geht-in-naechste-runde","status":"publish","type":"post","link":"https:\/\/www.naturparkmagazin.de\/vdn\/fortsetzung-folgt-europatour-geht-in-naechste-runde\/","title":{"rendered":"&#8222;Fortsetzung folgt&#8220; \u2013 Europatour geht in n\u00e4chste Runde"},"content":{"rendered":"<div id=\"attachment_6884\" style=\"width: 510px\" class=\"wp-caption aligncenter\"><a href=\"https:\/\/www.naturparkmagazin.de\/vdn\/wp-content\/uploads\/sites\/3\/Italien_beitrag.jpg\"><img aria-describedby=\"caption-attachment-6884\" decoding=\"async\" loading=\"lazy\" class=\"size-full wp-image-6884\" src=\"https:\/\/www.naturparkmagazin.de\/vdn\/wp-content\/uploads\/sites\/3\/Italien_beitrag.jpg\" alt=\"Copyright: VDN\" width=\"500\" height=\"300\" srcset=\"https:\/\/www.naturparkmagazin.de\/vdn\/wp-content\/uploads\/sites\/3\/Italien_beitrag.jpg 500w, https:\/\/www.naturparkmagazin.de\/vdn\/wp-content\/uploads\/sites\/3\/Italien_beitrag-300x180.jpg 300w, https:\/\/www.naturparkmagazin.de\/vdn\/wp-content\/uploads\/sites\/3\/Italien_beitrag-200x120.jpg 200w\" sizes=\"(max-width: 500px) 100vw, 500px\" \/><\/a><p id=\"caption-attachment-6884\" class=\"wp-caption-text\">Copyright: VDN<\/p><\/div>\n<p>Nachdem das VDN-Europateam im M\u00e4rz Naturparke in Luxemburg und Italien besucht hatte, steht im April die Bereisung von Naturparken in Kroatien auf der Agenda. Die Europatour im Rahmen des VDN-Projektes \u201eImpulse der Naturparkarbeit aus europ\u00e4ischen Staaten f\u00fcr die Weiterentwicklung der Naturparke\u201c k\u00f6nnen Sie auf <a href=\"https:\/\/www.facebook.com\/naturparke\" target=\"_blank\">facebook <\/a>verfolgen.<\/p>\n<div id=\"attachment_6761\" style=\"width: 510px\" class=\"wp-caption aligncenter\"><a href=\"https:\/\/www.naturparkmagazin.de\/vdn\/wp-content\/uploads\/sites\/3\/Logo-europa_beitrag.jpg\"><img aria-describedby=\"caption-attachment-6761\" decoding=\"async\" loading=\"lazy\" class=\"size-full wp-image-6761\" src=\"https:\/\/www.naturparkmagazin.de\/vdn\/wp-content\/uploads\/sites\/3\/Logo-europa_beitrag.jpg\" alt=\"Copyright: VDN\" width=\"500\" height=\"300\" srcset=\"https:\/\/www.naturparkmagazin.de\/vdn\/wp-content\/uploads\/sites\/3\/Logo-europa_beitrag.jpg 500w, https:\/\/www.naturparkmagazin.de\/vdn\/wp-content\/uploads\/sites\/3\/Logo-europa_beitrag-300x180.jpg 300w, https:\/\/www.naturparkmagazin.de\/vdn\/wp-content\/uploads\/sites\/3\/Logo-europa_beitrag-200x120.jpg 200w\" sizes=\"(max-width: 500px) 100vw, 500px\" \/><\/a><p id=\"caption-attachment-6761\" class=\"wp-caption-text\">Copyright: VDN<\/p><\/div>\n<p><strong>Hintergrund:<\/strong>\nIm Rahmen des Projektes \u201eImpulse der Naturparkarbeit aus europ\u00e4ischen Staaten f\u00fcr die Weiterentwicklung der Naturparke\u201c besucht der VDN auf Studienreisen in 11 europ\u00e4ische Staaten die Dachorganisation der Naturparke im jeweiligen Land und jeweils einige exemplarische Parke. Auf der Bereisung wird Information zur Arbeit und zum Management der Natur-, Regional, und Landschaftsparke in Europa gesammelt, welche sp\u00e4ter allen Dachorganisationen und Parken als umfangreicher Abschlussbericht, Brosch\u00fcre und Buch zur Verf\u00fcgung gestellt wird. Ein weiteres Ziel der Reisen ist der direkte Wissensaustausch vor Ort.<\/p>\n<p><a href=\"https:\/\/www.facebook.com\/naturparke\" target=\"_blank\">Hier<\/a> k\u00f6nnen Sie die Reise verfolgen\n<a href=\"http:\/\/www.european-parks.org\" target=\"_blank\">Hier<\/a> k\u00f6nnen Sie sich \u00fcber das Projekt informieren<\/p>\n<p>&nbsp;<\/p>\n","protected":false},"excerpt":{"rendered":"<p>Nachdem das VDN-Europateam im M\u00e4rz Naturparke und deren Dachorganisationen in Luxemburg und Italien besucht hatte, steht im April die Bereisung von Naturparken in Kroatien auf der Agenda.<\/p>\n","protected":false},"author":51,"featured_media":6885,"comment_status":"open","ping_status":"open","sticky":false,"template":"","format":"standard","meta":{"_links_to":"","_links_to_target":""},"categories":[7],"tags":[],"yoast_head":"<!-- This site is optimized with the Yoast SEO plugin v19.10 - https:\/\/yoast.com\/wordpress\/plugins\/seo\/ -->\n<title>&quot;Fortsetzung folgt&quot; \u2013 Europatour geht in n\u00e4chste Runde<\/title>\n<meta name=\"description\" content=\"Nachdem das VDN-Europateam im M\u00e4rz Naturparke und deren Dachorganisationen in Luxemburg und Italien besucht hatte, steht im April die Bereisung von Naturparken in Kroatien auf der Agenda.\" \/>\n<meta name=\"robots\" content=\"index, follow, max-snippet:-1, max-image-preview:large, max-video-preview:-1\" \/>\n<link rel=\"canonical\" href=\"https:\/\/www.naturparkmagazin.de\/vdn\/fortsetzung-folgt-europatour-geht-in-naechste-runde\/\" \/>\n<meta property=\"og:locale\" content=\"de_DE\" \/>\n<meta property=\"og:type\" content=\"article\" \/>\n<meta property=\"og:title\" content=\"&quot;Fortsetzung folgt&quot; \u2013 Europatour geht in n\u00e4chste Runde\" \/>\n<meta property=\"og:description\" content=\"Nachdem das VDN-Europateam im M\u00e4rz Naturparke und deren Dachorganisationen in Luxemburg und Italien besucht hatte, steht im April die Bereisung von Naturparken in Kroatien auf der Agenda.\" \/>\n<meta property=\"og:url\" content=\"https:\/\/www.naturparkmagazin.de\/vdn\/fortsetzung-folgt-europatour-geht-in-naechste-runde\/\" \/>\n<meta property=\"og:site_name\" content=\"Verband Deutscher Naturparke\" \/>\n<meta property=\"article:published_time\" content=\"2016-03-14T07:16:12+00:00\" \/>\n<meta property=\"article:modified_time\" content=\"2016-03-17T10:50:09+00:00\" \/>\n<meta property=\"og:image\" content=\"https:\/\/www.naturparkmagazin.de\/vdn\/wp-content\/uploads\/sites\/3\/Italien_beitragsbild.jpg\" \/>\n\t<meta property=\"og:image:width\" content=\"200\" \/>\n\t<meta property=\"og:image:height\" content=\"200\" \/>\n\t<meta property=\"og:image:type\" content=\"image\/jpeg\" \/>\n<meta name=\"author\" content=\"beatrixlosem\" \/>\n<meta name=\"twitter:label1\" content=\"Verfasst von\" \/>\n\t<meta name=\"twitter:data1\" content=\"beatrixlosem\" \/>\n\t<meta name=\"twitter:label2\" content=\"Gesch\u00e4tzte Lesezeit\" \/>\n\t<meta name=\"twitter:data2\" content=\"1\u00a0Minute\" \/>\n<script type=\"application\/ld+json\" class=\"yoast-schema-graph\">{\"@context\":\"https:\/\/schema.org\",\"@graph\":[{\"@type\":\"WebPage\",\"@id\":\"https:\/\/www.naturparkmagazin.de\/vdn\/fortsetzung-folgt-europatour-geht-in-naechste-runde\/\",\"url\":\"https:\/\/www.naturparkmagazin.de\/vdn\/fortsetzung-folgt-europatour-geht-in-naechste-runde\/\",\"name\":\"\\\"Fortsetzung folgt\\\" \u2013 Europatour geht in n\u00e4chste Runde\",\"isPartOf\":{\"@id\":\"https:\/\/www.naturparkmagazin.de\/vdn\/#website\"},\"datePublished\":\"2016-03-14T07:16:12+00:00\",\"dateModified\":\"2016-03-17T10:50:09+00:00\",\"author\":{\"@id\":\"https:\/\/www.naturparkmagazin.de\/vdn\/#\/schema\/person\/d71357578c318b6db03be60b1f60396b\"},\"description\":\"Nachdem das VDN-Europateam im M\u00e4rz Naturparke und deren Dachorganisationen in Luxemburg und Italien besucht hatte, steht im April die Bereisung von Naturparken in Kroatien auf der Agenda.\",\"breadcrumb\":{\"@id\":\"https:\/\/www.naturparkmagazin.de\/vdn\/fortsetzung-folgt-europatour-geht-in-naechste-runde\/#breadcrumb\"},\"inLanguage\":\"de\",\"potentialAction\":[{\"@type\":\"ReadAction\",\"target\":[\"https:\/\/www.naturparkmagazin.de\/vdn\/fortsetzung-folgt-europatour-geht-in-naechste-runde\/\"]}]},{\"@type\":\"BreadcrumbList\",\"@id\":\"https:\/\/www.naturparkmagazin.de\/vdn\/fortsetzung-folgt-europatour-geht-in-naechste-runde\/#breadcrumb\",\"itemListElement\":[{\"@type\":\"ListItem\",\"position\":1,\"name\":\"Home\",\"item\":\"https:\/\/www.naturparkmagazin.de\/vdn\/\"},{\"@type\":\"ListItem\",\"position\":2,\"name\":\"&#8222;Fortsetzung folgt&#8220; \u2013 Europatour geht in n\u00e4chste Runde\"}]},{\"@type\":\"WebSite\",\"@id\":\"https:\/\/www.naturparkmagazin.de\/vdn\/#website\",\"url\":\"https:\/\/www.naturparkmagazin.de\/vdn\/\",\"name\":\"Verband Deutscher Naturparke\",\"description\":\"Eine weitere Naturparkmagazin.de Netzwerk Seite\",\"potentialAction\":[{\"@type\":\"SearchAction\",\"target\":{\"@type\":\"EntryPoint\",\"urlTemplate\":\"https:\/\/www.naturparkmagazin.de\/vdn\/?s={search_term_string}\"},\"query-input\":\"required name=search_term_string\"}],\"inLanguage\":\"de\"},{\"@type\":\"Person\",\"@id\":\"https:\/\/www.naturparkmagazin.de\/vdn\/#\/schema\/person\/d71357578c318b6db03be60b1f60396b\",\"name\":\"beatrixlosem\",\"url\":\"https:\/\/www.naturparkmagazin.de\/vdn\/author\/beatrixlosem\/\"}]}<\/script>\n<!-- \/ Yoast SEO plugin. -->","yoast_head_json":{"title":"\"Fortsetzung folgt\" \u2013 Europatour geht in n\u00e4chste Runde","description":"Nachdem das VDN-Europateam im M\u00e4rz Naturparke und deren Dachorganisationen in Luxemburg und Italien besucht hatte, steht im April die Bereisung von Naturparken in Kroatien auf der Agenda.","robots":{"index":"index","follow":"follow","max-snippet":"max-snippet:-1","max-image-preview":"max-image-preview:large","max-video-preview":"max-video-preview:-1"},"canonical":"https:\/\/www.naturparkmagazin.de\/vdn\/fortsetzung-folgt-europatour-geht-in-naechste-runde\/","og_locale":"de_DE","og_type":"article","og_title":"\"Fortsetzung folgt\" \u2013 Europatour geht in n\u00e4chste Runde","og_description":"Nachdem das VDN-Europateam im M\u00e4rz Naturparke und deren Dachorganisationen in Luxemburg und Italien besucht hatte, steht im April die Bereisung von Naturparken in Kroatien auf der Agenda.","og_url":"https:\/\/www.naturparkmagazin.de\/vdn\/fortsetzung-folgt-europatour-geht-in-naechste-runde\/","og_site_name":"Verband Deutscher Naturparke","article_published_time":"2016-03-14T07:16:12+00:00","article_modified_time":"2016-03-17T10:50:09+00:00","og_image":[{"width":200,"height":200,"url":"https:\/\/www.naturparkmagazin.de\/vdn\/wp-content\/uploads\/sites\/3\/Italien_beitragsbild.jpg","type":"image\/jpeg"}],"author":"beatrixlosem","twitter_misc":{"Verfasst von":"beatrixlosem","Gesch\u00e4tzte Lesezeit":"1\u00a0Minute"},"schema":{"@context":"https:\/\/schema.org","@graph":[{"@type":"WebPage","@id":"https:\/\/www.naturparkmagazin.de\/vdn\/fortsetzung-folgt-europatour-geht-in-naechste-runde\/","url":"https:\/\/www.naturparkmagazin.de\/vdn\/fortsetzung-folgt-europatour-geht-in-naechste-runde\/","name":"\"Fortsetzung folgt\" \u2013 Europatour geht in n\u00e4chste Runde","isPartOf":{"@id":"https:\/\/www.naturparkmagazin.de\/vdn\/#website"},"datePublished":"2016-03-14T07:16:12+00:00","dateModified":"2016-03-17T10:50:09+00:00","author":{"@id":"https:\/\/www.naturparkmagazin.de\/vdn\/#\/schema\/person\/d71357578c318b6db03be60b1f60396b"},"description":"Nachdem das VDN-Europateam im M\u00e4rz Naturparke und deren Dachorganisationen in Luxemburg und Italien besucht hatte, steht im April die Bereisung von Naturparken in Kroatien auf der Agenda.","breadcrumb":{"@id":"https:\/\/www.naturparkmagazin.de\/vdn\/fortsetzung-folgt-europatour-geht-in-naechste-runde\/#breadcrumb"},"inLanguage":"de","potentialAction":[{"@type":"ReadAction","target":["https:\/\/www.naturparkmagazin.de\/vdn\/fortsetzung-folgt-europatour-geht-in-naechste-runde\/"]}]},{"@type":"BreadcrumbList","@id":"https:\/\/www.naturparkmagazin.de\/vdn\/fortsetzung-folgt-europatour-geht-in-naechste-runde\/#breadcrumb","itemListElement":[{"@type":"ListItem","position":1,"name":"Home","item":"https:\/\/www.naturparkmagazin.de\/vdn\/"},{"@type":"ListItem","position":2,"name":"&#8222;Fortsetzung folgt&#8220; \u2013 Europatour geht in n\u00e4chste Runde"}]},{"@type":"WebSite","@id":"https:\/\/www.naturparkmagazin.de\/vdn\/#website","url":"https:\/\/www.naturparkmagazin.de\/vdn\/","name":"Verband Deutscher Naturparke","description":"Eine weitere Naturparkmagazin.de Netzwerk Seite","potentialAction":[{"@type":"SearchAction","target":{"@type":"EntryPoint","urlTemplate":"https:\/\/www.naturparkmagazin.de\/vdn\/?s={search_term_string}"},"query-input":"required name=search_term_string"}],"inLanguage":"de"},{"@type":"Person","@id":"https:\/\/www.naturparkmagazin.de\/vdn\/#\/schema\/person\/d71357578c318b6db03be60b1f60396b","name":"beatrixlosem","url":"https:\/\/www.naturparkmagazin.de\/vdn\/author\/beatrixlosem\/"}]}},"_links":{"self":[{"href":"https:\/\/www.naturparkmagazin.de\/vdn\/wp-json\/wp\/v2\/posts\/6732"}],"collection":[{"href":"https:\/\/www.naturparkmagazin.de\/vdn\/wp-json\/wp\/v2\/posts"}],"about":[{"href":"https:\/\/www.naturparkmagazin.de\/vdn\/wp-json\/wp\/v2\/types\/post"}],"author":[{"embeddable":true,"href":"https:\/\/www.naturparkmagazin.de\/vdn\/wp-json\/wp\/v2\/users\/51"}],"replies":[{"embeddable":true,"href":"https:\/\/www.naturparkmagazin.de\/vdn\/wp-json\/wp\/v2\/comments?post=6732"}],"version-history":[{"count":11,"href":"https:\/\/www.naturparkmagazin.de\/vdn\/wp-json\/wp\/v2\/posts\/6732\/revisions"}],"predecessor-version":[{"id":6734,"href":"https:\/\/www.naturparkmagazin.de\/vdn\/wp-json\/wp\/v2\/posts\/6732\/revisions\/6734"}],"wp:featuredmedia":[{"embeddable":true,"href":"https:\/\/www.naturparkmagazin.de\/vdn\/wp-json\/wp\/v2\/media\/6885"}],"wp:attachment":[{"href":"https:\/\/www.naturparkmagazin.de\/vdn\/wp-json\/wp\/v2\/media?parent=6732"}],"wp:term":[{"taxonomy":"category","embeddable":true,"href":"https:\/\/www.naturparkmagazin.de\/vdn\/wp-json\/wp\/v2\/categories?post=6732"},{"taxonomy":"post_tag","embeddable":true,"href":"https:\/\/www.naturparkmagazin.de\/vdn\/wp-json\/wp\/v2\/tags?post=6732"}],"curies":[{"name":"wp","href":"https:\/\/api.w.org\/{rel}","templated":true}]}}