{"id":6771,"date":"2016-03-14T11:58:03","date_gmt":"2016-03-14T10:58:03","guid":{"rendered":"http:\/\/www.naturparkmagazin.de\/vdn\/?p=6771"},"modified":"2016-03-30T11:23:14","modified_gmt":"2016-03-30T09:23:14","slug":"landschaften-voller-leben-fotowettbewerb-augenblick-natur-2016","status":"publish","type":"post","link":"https:\/\/www.naturparkmagazin.de\/vdn\/landschaften-voller-leben-fotowettbewerb-augenblick-natur-2016\/","title":{"rendered":"\u201eLandschaften voller Leben\u201c \u2013 Fotowettbewerb \u201eAugenblick Natur!\u201c 2016"},"content":{"rendered":"<div id=\"attachment_6772\" style=\"width: 510px\" class=\"wp-caption aligncenter\"><a href=\"https:\/\/www.naturparkmagazin.de\/vdn\/wp-content\/uploads\/sites\/3\/dpp4-test-2_beitrag.jpg\"><img aria-describedby=\"caption-attachment-6772\" decoding=\"async\" loading=\"lazy\" class=\"size-full wp-image-6772\" src=\"https:\/\/www.naturparkmagazin.de\/vdn\/wp-content\/uploads\/sites\/3\/dpp4-test-2_beitrag.jpg\" alt=\"Eichelh\u00e4her - Copyright: VDN\/R. Armbruster\" width=\"500\" height=\"300\" srcset=\"https:\/\/www.naturparkmagazin.de\/vdn\/wp-content\/uploads\/sites\/3\/dpp4-test-2_beitrag.jpg 500w, https:\/\/www.naturparkmagazin.de\/vdn\/wp-content\/uploads\/sites\/3\/dpp4-test-2_beitrag-300x180.jpg 300w, https:\/\/www.naturparkmagazin.de\/vdn\/wp-content\/uploads\/sites\/3\/dpp4-test-2_beitrag-200x120.jpg 200w\" sizes=\"(max-width: 500px) 100vw, 500px\" \/><\/a><p id=\"caption-attachment-6772\" class=\"wp-caption-text\">Eichelh\u00e4her &#8211; Copyright: VDN\/R. Armbruster<\/p><\/div>\n<p style=\"text-align: justify\">Wer das Headerfoto im Fotoportal <a href=\"http:\/\/www.naturparkfotos.de\" target=\"_blank\">www.naturparkfotos.de<\/a> sieht, wei\u00df, warum der seit 2007 durchgef\u00fchrte Fotowettbewerb der Naturparke Deutschlands den Titel \u201eAugenblick Natur!\u201c tr\u00e4gt. Mit diesem einmaligen im rechten Augenblick festgehalten Flugbild eines Eichelh\u00e4hers als Sympathietr\u00e4ger l\u00e4dt der Verband Deutscher Naturparke e. V. (VDN) Amateur- und Profi-Fotografen zur Teilnahme am diesj\u00e4hrigen Fotowettbewerb &#8222;Augenblick Natur!&#8220; ein. Gesucht werden wieder ausdrucksstarke Motive aus allen Naturparken Deutschlands \u2013 aufgenommen aus der ganz pers\u00f6nlichen Perspektive der Besucher. Der diesj\u00e4hrige Wettbewerb startet am 01. April und l\u00e4uft bis zum 31. Oktober 2016 Die sch\u00f6nsten Motive werden von den Besuchern des Portals bewertet und die Monatssieger mit attraktiven Gewinnen pr\u00e4miert.<\/p>\n<p style=\"text-align: justify\">So haben Sie als Monatssieger die Chance auf ein Jahresabonnement der Zeitschrift &#8222;NaturFoto\u201c. Der Jahressieger erh\u00e4lt einen Fotoworkshop mit dem Fotojournalisten und Naturfotografen Hans-Peter Schaub. Alle Infos zum aktuellen Wettbewerb finden Sie unter <a href=\"http:\/\/www.naturparkfotos.de\" target=\"_blank\">www.naturparkfotos.de<\/a>.<\/p>\n<p style=\"text-align: justify\"><a href=\"http:\/\/www.naturparke.de\/system\/articledownloads\/469\/original\/PM_03-2016-03_fotowettbewerb_final.pdf?1459268869\" target=\"_blank\">Hier k\u00f6nnen Sie die Pressemitteilung downloaden<\/a><\/p>\n<p style=\"text-align: justify\">\n","protected":false},"excerpt":{"rendered":"<p>Am 1. April 2016 startet die neue Runde des Fotowettbewerbs &#8222;Augenblick Natur!&#8220;. Gesucht werden auch in diesem Jahr wieder ausdrucksstarke Motive aus allen Naturparken Deutschlands.<\/p>\n","protected":false},"author":51,"featured_media":6773,"comment_status":"open","ping_status":"open","sticky":false,"template":"","format":"standard","meta":{"_links_to":"","_links_to_target":""},"categories":[7],"tags":[],"yoast_head":"<!-- This site is optimized with the Yoast SEO plugin v19.10 - https:\/\/yoast.com\/wordpress\/plugins\/seo\/ -->\n<title>\u201eLandschaften voller Leben\u201c \u2013 Fotowettbewerb \u201eAugenblick Natur!\u201c 2016<\/title>\n<meta name=\"description\" content=\"Am 1. April 2016 startet die neue Runde des Fotowettbewerbs &quot;Augenblick Natur!&quot;. Gesucht werden auch in diesem Jahr wieder ausdrucksstarke Motive aus allen Naturparken Deutschlands.\" \/>\n<meta name=\"robots\" content=\"index, follow, max-snippet:-1, max-image-preview:large, max-video-preview:-1\" \/>\n<link rel=\"canonical\" href=\"https:\/\/www.naturparkmagazin.de\/vdn\/landschaften-voller-leben-fotowettbewerb-augenblick-natur-2016\/\" \/>\n<meta property=\"og:locale\" content=\"de_DE\" \/>\n<meta property=\"og:type\" content=\"article\" \/>\n<meta property=\"og:title\" content=\"\u201eLandschaften voller Leben\u201c \u2013 Fotowettbewerb \u201eAugenblick Natur!\u201c 2016\" \/>\n<meta property=\"og:description\" content=\"Am 1. April 2016 startet die neue Runde des Fotowettbewerbs &quot;Augenblick Natur!&quot;. Gesucht werden auch in diesem Jahr wieder ausdrucksstarke Motive aus allen Naturparken Deutschlands.\" \/>\n<meta property=\"og:url\" content=\"https:\/\/www.naturparkmagazin.de\/vdn\/landschaften-voller-leben-fotowettbewerb-augenblick-natur-2016\/\" \/>\n<meta property=\"og:site_name\" content=\"Verband Deutscher Naturparke\" \/>\n<meta property=\"article:published_time\" content=\"2016-03-14T10:58:03+00:00\" \/>\n<meta property=\"article:modified_time\" content=\"2016-03-30T09:23:14+00:00\" \/>\n<meta property=\"og:image\" content=\"https:\/\/www.naturparkmagazin.de\/vdn\/wp-content\/uploads\/sites\/3\/dpp4-test-2_beitragsbild.jpg\" \/>\n\t<meta property=\"og:image:width\" content=\"200\" \/>\n\t<meta property=\"og:image:height\" content=\"200\" \/>\n\t<meta property=\"og:image:type\" content=\"image\/jpeg\" \/>\n<meta name=\"author\" content=\"beatrixlosem\" \/>\n<meta name=\"twitter:label1\" content=\"Verfasst von\" \/>\n\t<meta name=\"twitter:data1\" content=\"beatrixlosem\" \/>\n\t<meta name=\"twitter:label2\" content=\"Gesch\u00e4tzte Lesezeit\" \/>\n\t<meta name=\"twitter:data2\" content=\"1\u00a0Minute\" \/>\n<script type=\"application\/ld+json\" class=\"yoast-schema-graph\">{\"@context\":\"https:\/\/schema.org\",\"@graph\":[{\"@type\":\"WebPage\",\"@id\":\"https:\/\/www.naturparkmagazin.de\/vdn\/landschaften-voller-leben-fotowettbewerb-augenblick-natur-2016\/\",\"url\":\"https:\/\/www.naturparkmagazin.de\/vdn\/landschaften-voller-leben-fotowettbewerb-augenblick-natur-2016\/\",\"name\":\"\u201eLandschaften voller Leben\u201c \u2013 Fotowettbewerb \u201eAugenblick Natur!\u201c 2016\",\"isPartOf\":{\"@id\":\"https:\/\/www.naturparkmagazin.de\/vdn\/#website\"},\"datePublished\":\"2016-03-14T10:58:03+00:00\",\"dateModified\":\"2016-03-30T09:23:14+00:00\",\"author\":{\"@id\":\"https:\/\/www.naturparkmagazin.de\/vdn\/#\/schema\/person\/d71357578c318b6db03be60b1f60396b\"},\"description\":\"Am 1. April 2016 startet die neue Runde des Fotowettbewerbs \\\"Augenblick Natur!\\\". Gesucht werden auch in diesem Jahr wieder ausdrucksstarke Motive aus allen Naturparken Deutschlands.\",\"breadcrumb\":{\"@id\":\"https:\/\/www.naturparkmagazin.de\/vdn\/landschaften-voller-leben-fotowettbewerb-augenblick-natur-2016\/#breadcrumb\"},\"inLanguage\":\"de\",\"potentialAction\":[{\"@type\":\"ReadAction\",\"target\":[\"https:\/\/www.naturparkmagazin.de\/vdn\/landschaften-voller-leben-fotowettbewerb-augenblick-natur-2016\/\"]}]},{\"@type\":\"BreadcrumbList\",\"@id\":\"https:\/\/www.naturparkmagazin.de\/vdn\/landschaften-voller-leben-fotowettbewerb-augenblick-natur-2016\/#breadcrumb\",\"itemListElement\":[{\"@type\":\"ListItem\",\"position\":1,\"name\":\"Home\",\"item\":\"https:\/\/www.naturparkmagazin.de\/vdn\/\"},{\"@type\":\"ListItem\",\"position\":2,\"name\":\"\u201eLandschaften voller Leben\u201c \u2013 Fotowettbewerb \u201eAugenblick Natur!\u201c 2016\"}]},{\"@type\":\"WebSite\",\"@id\":\"https:\/\/www.naturparkmagazin.de\/vdn\/#website\",\"url\":\"https:\/\/www.naturparkmagazin.de\/vdn\/\",\"name\":\"Verband Deutscher Naturparke\",\"description\":\"Eine weitere Naturparkmagazin.de Netzwerk Seite\",\"potentialAction\":[{\"@type\":\"SearchAction\",\"target\":{\"@type\":\"EntryPoint\",\"urlTemplate\":\"https:\/\/www.naturparkmagazin.de\/vdn\/?s={search_term_string}\"},\"query-input\":\"required name=search_term_string\"}],\"inLanguage\":\"de\"},{\"@type\":\"Person\",\"@id\":\"https:\/\/www.naturparkmagazin.de\/vdn\/#\/schema\/person\/d71357578c318b6db03be60b1f60396b\",\"name\":\"beatrixlosem\",\"url\":\"https:\/\/www.naturparkmagazin.de\/vdn\/author\/beatrixlosem\/\"}]}<\/script>\n<!-- \/ Yoast SEO plugin. -->","yoast_head_json":{"title":"\u201eLandschaften voller Leben\u201c \u2013 Fotowettbewerb \u201eAugenblick Natur!\u201c 2016","description":"Am 1. April 2016 startet die neue Runde des Fotowettbewerbs \"Augenblick Natur!\". Gesucht werden auch in diesem Jahr wieder ausdrucksstarke Motive aus allen Naturparken Deutschlands.","robots":{"index":"index","follow":"follow","max-snippet":"max-snippet:-1","max-image-preview":"max-image-preview:large","max-video-preview":"max-video-preview:-1"},"canonical":"https:\/\/www.naturparkmagazin.de\/vdn\/landschaften-voller-leben-fotowettbewerb-augenblick-natur-2016\/","og_locale":"de_DE","og_type":"article","og_title":"\u201eLandschaften voller Leben\u201c \u2013 Fotowettbewerb \u201eAugenblick Natur!\u201c 2016","og_description":"Am 1. April 2016 startet die neue Runde des Fotowettbewerbs \"Augenblick Natur!\". Gesucht werden auch in diesem Jahr wieder ausdrucksstarke Motive aus allen Naturparken Deutschlands.","og_url":"https:\/\/www.naturparkmagazin.de\/vdn\/landschaften-voller-leben-fotowettbewerb-augenblick-natur-2016\/","og_site_name":"Verband Deutscher Naturparke","article_published_time":"2016-03-14T10:58:03+00:00","article_modified_time":"2016-03-30T09:23:14+00:00","og_image":[{"width":200,"height":200,"url":"https:\/\/www.naturparkmagazin.de\/vdn\/wp-content\/uploads\/sites\/3\/dpp4-test-2_beitragsbild.jpg","type":"image\/jpeg"}],"author":"beatrixlosem","twitter_misc":{"Verfasst von":"beatrixlosem","Gesch\u00e4tzte Lesezeit":"1\u00a0Minute"},"schema":{"@context":"https:\/\/schema.org","@graph":[{"@type":"WebPage","@id":"https:\/\/www.naturparkmagazin.de\/vdn\/landschaften-voller-leben-fotowettbewerb-augenblick-natur-2016\/","url":"https:\/\/www.naturparkmagazin.de\/vdn\/landschaften-voller-leben-fotowettbewerb-augenblick-natur-2016\/","name":"\u201eLandschaften voller Leben\u201c \u2013 Fotowettbewerb \u201eAugenblick Natur!\u201c 2016","isPartOf":{"@id":"https:\/\/www.naturparkmagazin.de\/vdn\/#website"},"datePublished":"2016-03-14T10:58:03+00:00","dateModified":"2016-03-30T09:23:14+00:00","author":{"@id":"https:\/\/www.naturparkmagazin.de\/vdn\/#\/schema\/person\/d71357578c318b6db03be60b1f60396b"},"description":"Am 1. April 2016 startet die neue Runde des Fotowettbewerbs \"Augenblick Natur!\". Gesucht werden auch in diesem Jahr wieder ausdrucksstarke Motive aus allen Naturparken Deutschlands.","breadcrumb":{"@id":"https:\/\/www.naturparkmagazin.de\/vdn\/landschaften-voller-leben-fotowettbewerb-augenblick-natur-2016\/#breadcrumb"},"inLanguage":"de","potentialAction":[{"@type":"ReadAction","target":["https:\/\/www.naturparkmagazin.de\/vdn\/landschaften-voller-leben-fotowettbewerb-augenblick-natur-2016\/"]}]},{"@type":"BreadcrumbList","@id":"https:\/\/www.naturparkmagazin.de\/vdn\/landschaften-voller-leben-fotowettbewerb-augenblick-natur-2016\/#breadcrumb","itemListElement":[{"@type":"ListItem","position":1,"name":"Home","item":"https:\/\/www.naturparkmagazin.de\/vdn\/"},{"@type":"ListItem","position":2,"name":"\u201eLandschaften voller Leben\u201c \u2013 Fotowettbewerb \u201eAugenblick Natur!\u201c 2016"}]},{"@type":"WebSite","@id":"https:\/\/www.naturparkmagazin.de\/vdn\/#website","url":"https:\/\/www.naturparkmagazin.de\/vdn\/","name":"Verband Deutscher Naturparke","description":"Eine weitere Naturparkmagazin.de Netzwerk Seite","potentialAction":[{"@type":"SearchAction","target":{"@type":"EntryPoint","urlTemplate":"https:\/\/www.naturparkmagazin.de\/vdn\/?s={search_term_string}"},"query-input":"required name=search_term_string"}],"inLanguage":"de"},{"@type":"Person","@id":"https:\/\/www.naturparkmagazin.de\/vdn\/#\/schema\/person\/d71357578c318b6db03be60b1f60396b","name":"beatrixlosem","url":"https:\/\/www.naturparkmagazin.de\/vdn\/author\/beatrixlosem\/"}]}},"_links":{"self":[{"href":"https:\/\/www.naturparkmagazin.de\/vdn\/wp-json\/wp\/v2\/posts\/6771"}],"collection":[{"href":"https:\/\/www.naturparkmagazin.de\/vdn\/wp-json\/wp\/v2\/posts"}],"about":[{"href":"https:\/\/www.naturparkmagazin.de\/vdn\/wp-json\/wp\/v2\/types\/post"}],"author":[{"embeddable":true,"href":"https:\/\/www.naturparkmagazin.de\/vdn\/wp-json\/wp\/v2\/users\/51"}],"replies":[{"embeddable":true,"href":"https:\/\/www.naturparkmagazin.de\/vdn\/wp-json\/wp\/v2\/comments?post=6771"}],"version-history":[{"count":9,"href":"https:\/\/www.naturparkmagazin.de\/vdn\/wp-json\/wp\/v2\/posts\/6771\/revisions"}],"predecessor-version":[{"id":6903,"href":"https:\/\/www.naturparkmagazin.de\/vdn\/wp-json\/wp\/v2\/posts\/6771\/revisions\/6903"}],"wp:featuredmedia":[{"embeddable":true,"href":"https:\/\/www.naturparkmagazin.de\/vdn\/wp-json\/wp\/v2\/media\/6773"}],"wp:attachment":[{"href":"https:\/\/www.naturparkmagazin.de\/vdn\/wp-json\/wp\/v2\/media?parent=6771"}],"wp:term":[{"taxonomy":"category","embeddable":true,"href":"https:\/\/www.naturparkmagazin.de\/vdn\/wp-json\/wp\/v2\/categories?post=6771"},{"taxonomy":"post_tag","embeddable":true,"href":"https:\/\/www.naturparkmagazin.de\/vdn\/wp-json\/wp\/v2\/tags?post=6771"}],"curies":[{"name":"wp","href":"https:\/\/api.w.org\/{rel}","templated":true}]}}