{"id":6934,"date":"2016-04-18T09:00:17","date_gmt":"2016-04-18T07:00:17","guid":{"rendered":"http:\/\/www.naturparkmagazin.de\/vdn\/?p=6934"},"modified":"2016-04-27T15:03:21","modified_gmt":"2016-04-27T13:03:21","slug":"zwiebel-frucht-confit-marmelo-aus-dem-naturpark-stechlin-ruppiner-land-2","status":"publish","type":"post","link":"https:\/\/www.naturparkmagazin.de\/vdn\/zwiebel-frucht-confit-marmelo-aus-dem-naturpark-stechlin-ruppiner-land-2\/","title":{"rendered":"Zwiebel-Frucht Confit  \u201eMarmelo\u201c aus dem Naturpark Stechlin-Ruppiner Land"},"content":{"rendered":"<p>&nbsp;<\/p>\n<div id=\"attachment_6930\" style=\"width: 510px\" class=\"wp-caption aligncenter\"><a href=\"https:\/\/www.naturparkmagazin.de\/vdn\/wp-content\/uploads\/sites\/3\/Confit_beitrag.jpg\"><img aria-describedby=\"caption-attachment-6930\" decoding=\"async\" loading=\"lazy\" class=\"size-full wp-image-6930\" src=\"https:\/\/www.naturparkmagazin.de\/vdn\/wp-content\/uploads\/sites\/3\/Confit_beitrag.jpg\" alt=\"marmelo - Copyright: www.naturgenuss.de\" width=\"500\" height=\"300\" srcset=\"https:\/\/www.naturparkmagazin.de\/vdn\/wp-content\/uploads\/sites\/3\/Confit_beitrag.jpg 500w, https:\/\/www.naturparkmagazin.de\/vdn\/wp-content\/uploads\/sites\/3\/Confit_beitrag-300x180.jpg 300w, https:\/\/www.naturparkmagazin.de\/vdn\/wp-content\/uploads\/sites\/3\/Confit_beitrag-200x120.jpg 200w\" sizes=\"(max-width: 500px) 100vw, 500px\" \/><\/a><p id=\"caption-attachment-6930\" class=\"wp-caption-text\">marmelo &#8211; Copyright: www.naturgenuss.de<\/p><\/div>\n<p style=\"text-align: justify\">Die \u201eMarmelo Manufaktur\u201c steht f\u00fcr handgemachte, geschmacksintensive und raffinierte Fruchtaufstriche und Gem\u00fcseaufstriche mit einem Fruchtanteil von mindesten 70%. Der \u00fcberwiegende Teil aller verarbeiteten Obst- &amp; Gem\u00fcsesorten stammen von Kleinerzeugern aus Brandenburg. Sorgf\u00e4ltige &amp; aromaschonende Verarbeitung ausgesuchter frischer Zutaten sowie die Verwendung nat\u00fcrlicher Stoffe wie Zitronensaft, Roh-Rohrzucker und reinem Apfelpektin garantieren gesunden Genuss.<\/p>\n<p style=\"text-align: justify\">Das Zwiebel-Frucht Confit aus dem Naturpark Stechlin-Ruppiner Land sowie viele weitere Spezialit\u00e4ten aus Naturparken k\u00f6nnen Sie im\u00a0<a href=\"http:\/\/www.naturpark-spezialitaeten.de\/\" target=\"_blank\">Naturpark-Spezialit\u00e4ten-Shop <\/a> bestellen.<\/p>\n<p style=\"text-align: justify\">\n<p style=\"text-align: justify\">\n","protected":false},"excerpt":{"rendered":"<p>Wer herb-s\u00fc\u00dfe Kombination liebt wird vom Zwiebel-Frucht Confit  \u201eMarmelo\u201c aus dem Naturpark Stechlin-Ruppiner Land begeistert sein. Der fruchtige Aufstrich eignet sich wunderbar als Dip f\u00fcr Gem\u00fcse oder Fleischgerichte aber auch zu K\u00e4se und Brot. <\/p>\n","protected":false},"author":51,"featured_media":6935,"comment_status":"open","ping_status":"open","sticky":false,"template":"","format":"standard","meta":{"_links_to":"","_links_to_target":""},"categories":[13],"tags":[],"yoast_head":"<!-- This site is optimized with the Yoast SEO plugin v19.10 - https:\/\/yoast.com\/wordpress\/plugins\/seo\/ -->\n<title>Zwiebel-Frucht Confit \u201eMarmelo\u201c aus dem Naturpark Stechlin-Ruppiner Land<\/title>\n<meta name=\"description\" content=\"Wer herb-s\u00fc\u00dfe Kombination liebt wird vom Zwiebel-Frucht Confit \u201eMarmelo\u201c aus dem Naturpark Stechlin-Ruppiner Land begeistert sein. Der fruchtige Aufstrich eignet sich wunderbar als Dip f\u00fcr Gem\u00fcse oder Fleischgerichte aber auch zu K\u00e4se und Brot.\" \/>\n<meta name=\"robots\" content=\"index, follow, max-snippet:-1, max-image-preview:large, max-video-preview:-1\" \/>\n<link rel=\"canonical\" href=\"https:\/\/www.naturparkmagazin.de\/vdn\/zwiebel-frucht-confit-marmelo-aus-dem-naturpark-stechlin-ruppiner-land-2\/\" \/>\n<meta property=\"og:locale\" content=\"de_DE\" \/>\n<meta property=\"og:type\" content=\"article\" \/>\n<meta property=\"og:title\" content=\"Zwiebel-Frucht Confit \u201eMarmelo\u201c aus dem Naturpark Stechlin-Ruppiner Land\" \/>\n<meta property=\"og:description\" content=\"Wer herb-s\u00fc\u00dfe Kombination liebt wird vom Zwiebel-Frucht Confit \u201eMarmelo\u201c aus dem Naturpark Stechlin-Ruppiner Land begeistert sein. Der fruchtige Aufstrich eignet sich wunderbar als Dip f\u00fcr Gem\u00fcse oder Fleischgerichte aber auch zu K\u00e4se und Brot.\" \/>\n<meta property=\"og:url\" content=\"https:\/\/www.naturparkmagazin.de\/vdn\/zwiebel-frucht-confit-marmelo-aus-dem-naturpark-stechlin-ruppiner-land-2\/\" \/>\n<meta property=\"og:site_name\" content=\"Verband Deutscher Naturparke\" \/>\n<meta property=\"article:published_time\" content=\"2016-04-18T07:00:17+00:00\" \/>\n<meta property=\"article:modified_time\" content=\"2016-04-27T13:03:21+00:00\" \/>\n<meta property=\"og:image\" content=\"https:\/\/www.naturparkmagazin.de\/vdn\/wp-content\/uploads\/sites\/3\/Confit_beitragsbild.jpg\" \/>\n\t<meta property=\"og:image:width\" content=\"200\" \/>\n\t<meta property=\"og:image:height\" content=\"200\" \/>\n\t<meta property=\"og:image:type\" content=\"image\/jpeg\" \/>\n<meta name=\"author\" content=\"beatrixlosem\" \/>\n<meta name=\"twitter:label1\" content=\"Verfasst von\" \/>\n\t<meta name=\"twitter:data1\" content=\"beatrixlosem\" \/>\n<script type=\"application\/ld+json\" class=\"yoast-schema-graph\">{\"@context\":\"https:\/\/schema.org\",\"@graph\":[{\"@type\":\"WebPage\",\"@id\":\"https:\/\/www.naturparkmagazin.de\/vdn\/zwiebel-frucht-confit-marmelo-aus-dem-naturpark-stechlin-ruppiner-land-2\/\",\"url\":\"https:\/\/www.naturparkmagazin.de\/vdn\/zwiebel-frucht-confit-marmelo-aus-dem-naturpark-stechlin-ruppiner-land-2\/\",\"name\":\"Zwiebel-Frucht Confit \u201eMarmelo\u201c aus dem Naturpark Stechlin-Ruppiner Land\",\"isPartOf\":{\"@id\":\"https:\/\/www.naturparkmagazin.de\/vdn\/#website\"},\"datePublished\":\"2016-04-18T07:00:17+00:00\",\"dateModified\":\"2016-04-27T13:03:21+00:00\",\"author\":{\"@id\":\"https:\/\/www.naturparkmagazin.de\/vdn\/#\/schema\/person\/d71357578c318b6db03be60b1f60396b\"},\"description\":\"Wer herb-s\u00fc\u00dfe Kombination liebt wird vom Zwiebel-Frucht Confit \u201eMarmelo\u201c aus dem Naturpark Stechlin-Ruppiner Land begeistert sein. Der fruchtige Aufstrich eignet sich wunderbar als Dip f\u00fcr Gem\u00fcse oder Fleischgerichte aber auch zu K\u00e4se und Brot.\",\"breadcrumb\":{\"@id\":\"https:\/\/www.naturparkmagazin.de\/vdn\/zwiebel-frucht-confit-marmelo-aus-dem-naturpark-stechlin-ruppiner-land-2\/#breadcrumb\"},\"inLanguage\":\"de\",\"potentialAction\":[{\"@type\":\"ReadAction\",\"target\":[\"https:\/\/www.naturparkmagazin.de\/vdn\/zwiebel-frucht-confit-marmelo-aus-dem-naturpark-stechlin-ruppiner-land-2\/\"]}]},{\"@type\":\"BreadcrumbList\",\"@id\":\"https:\/\/www.naturparkmagazin.de\/vdn\/zwiebel-frucht-confit-marmelo-aus-dem-naturpark-stechlin-ruppiner-land-2\/#breadcrumb\",\"itemListElement\":[{\"@type\":\"ListItem\",\"position\":1,\"name\":\"Home\",\"item\":\"https:\/\/www.naturparkmagazin.de\/vdn\/\"},{\"@type\":\"ListItem\",\"position\":2,\"name\":\"Zwiebel-Frucht Confit \u201eMarmelo\u201c aus dem Naturpark Stechlin-Ruppiner Land\"}]},{\"@type\":\"WebSite\",\"@id\":\"https:\/\/www.naturparkmagazin.de\/vdn\/#website\",\"url\":\"https:\/\/www.naturparkmagazin.de\/vdn\/\",\"name\":\"Verband Deutscher Naturparke\",\"description\":\"Eine weitere Naturparkmagazin.de Netzwerk Seite\",\"potentialAction\":[{\"@type\":\"SearchAction\",\"target\":{\"@type\":\"EntryPoint\",\"urlTemplate\":\"https:\/\/www.naturparkmagazin.de\/vdn\/?s={search_term_string}\"},\"query-input\":\"required name=search_term_string\"}],\"inLanguage\":\"de\"},{\"@type\":\"Person\",\"@id\":\"https:\/\/www.naturparkmagazin.de\/vdn\/#\/schema\/person\/d71357578c318b6db03be60b1f60396b\",\"name\":\"beatrixlosem\",\"url\":\"https:\/\/www.naturparkmagazin.de\/vdn\/author\/beatrixlosem\/\"}]}<\/script>\n<!-- \/ Yoast SEO plugin. -->","yoast_head_json":{"title":"Zwiebel-Frucht Confit \u201eMarmelo\u201c aus dem Naturpark Stechlin-Ruppiner Land","description":"Wer herb-s\u00fc\u00dfe Kombination liebt wird vom Zwiebel-Frucht Confit \u201eMarmelo\u201c aus dem Naturpark Stechlin-Ruppiner Land begeistert sein. Der fruchtige Aufstrich eignet sich wunderbar als Dip f\u00fcr Gem\u00fcse oder Fleischgerichte aber auch zu K\u00e4se und Brot.","robots":{"index":"index","follow":"follow","max-snippet":"max-snippet:-1","max-image-preview":"max-image-preview:large","max-video-preview":"max-video-preview:-1"},"canonical":"https:\/\/www.naturparkmagazin.de\/vdn\/zwiebel-frucht-confit-marmelo-aus-dem-naturpark-stechlin-ruppiner-land-2\/","og_locale":"de_DE","og_type":"article","og_title":"Zwiebel-Frucht Confit \u201eMarmelo\u201c aus dem Naturpark Stechlin-Ruppiner Land","og_description":"Wer herb-s\u00fc\u00dfe Kombination liebt wird vom Zwiebel-Frucht Confit \u201eMarmelo\u201c aus dem Naturpark Stechlin-Ruppiner Land begeistert sein. Der fruchtige Aufstrich eignet sich wunderbar als Dip f\u00fcr Gem\u00fcse oder Fleischgerichte aber auch zu K\u00e4se und Brot.","og_url":"https:\/\/www.naturparkmagazin.de\/vdn\/zwiebel-frucht-confit-marmelo-aus-dem-naturpark-stechlin-ruppiner-land-2\/","og_site_name":"Verband Deutscher Naturparke","article_published_time":"2016-04-18T07:00:17+00:00","article_modified_time":"2016-04-27T13:03:21+00:00","og_image":[{"width":200,"height":200,"url":"https:\/\/www.naturparkmagazin.de\/vdn\/wp-content\/uploads\/sites\/3\/Confit_beitragsbild.jpg","type":"image\/jpeg"}],"author":"beatrixlosem","twitter_misc":{"Verfasst von":"beatrixlosem"},"schema":{"@context":"https:\/\/schema.org","@graph":[{"@type":"WebPage","@id":"https:\/\/www.naturparkmagazin.de\/vdn\/zwiebel-frucht-confit-marmelo-aus-dem-naturpark-stechlin-ruppiner-land-2\/","url":"https:\/\/www.naturparkmagazin.de\/vdn\/zwiebel-frucht-confit-marmelo-aus-dem-naturpark-stechlin-ruppiner-land-2\/","name":"Zwiebel-Frucht Confit \u201eMarmelo\u201c aus dem Naturpark Stechlin-Ruppiner Land","isPartOf":{"@id":"https:\/\/www.naturparkmagazin.de\/vdn\/#website"},"datePublished":"2016-04-18T07:00:17+00:00","dateModified":"2016-04-27T13:03:21+00:00","author":{"@id":"https:\/\/www.naturparkmagazin.de\/vdn\/#\/schema\/person\/d71357578c318b6db03be60b1f60396b"},"description":"Wer herb-s\u00fc\u00dfe Kombination liebt wird vom Zwiebel-Frucht Confit \u201eMarmelo\u201c aus dem Naturpark Stechlin-Ruppiner Land begeistert sein. Der fruchtige Aufstrich eignet sich wunderbar als Dip f\u00fcr Gem\u00fcse oder Fleischgerichte aber auch zu K\u00e4se und Brot.","breadcrumb":{"@id":"https:\/\/www.naturparkmagazin.de\/vdn\/zwiebel-frucht-confit-marmelo-aus-dem-naturpark-stechlin-ruppiner-land-2\/#breadcrumb"},"inLanguage":"de","potentialAction":[{"@type":"ReadAction","target":["https:\/\/www.naturparkmagazin.de\/vdn\/zwiebel-frucht-confit-marmelo-aus-dem-naturpark-stechlin-ruppiner-land-2\/"]}]},{"@type":"BreadcrumbList","@id":"https:\/\/www.naturparkmagazin.de\/vdn\/zwiebel-frucht-confit-marmelo-aus-dem-naturpark-stechlin-ruppiner-land-2\/#breadcrumb","itemListElement":[{"@type":"ListItem","position":1,"name":"Home","item":"https:\/\/www.naturparkmagazin.de\/vdn\/"},{"@type":"ListItem","position":2,"name":"Zwiebel-Frucht Confit \u201eMarmelo\u201c aus dem Naturpark Stechlin-Ruppiner Land"}]},{"@type":"WebSite","@id":"https:\/\/www.naturparkmagazin.de\/vdn\/#website","url":"https:\/\/www.naturparkmagazin.de\/vdn\/","name":"Verband Deutscher Naturparke","description":"Eine weitere Naturparkmagazin.de Netzwerk Seite","potentialAction":[{"@type":"SearchAction","target":{"@type":"EntryPoint","urlTemplate":"https:\/\/www.naturparkmagazin.de\/vdn\/?s={search_term_string}"},"query-input":"required name=search_term_string"}],"inLanguage":"de"},{"@type":"Person","@id":"https:\/\/www.naturparkmagazin.de\/vdn\/#\/schema\/person\/d71357578c318b6db03be60b1f60396b","name":"beatrixlosem","url":"https:\/\/www.naturparkmagazin.de\/vdn\/author\/beatrixlosem\/"}]}},"_links":{"self":[{"href":"https:\/\/www.naturparkmagazin.de\/vdn\/wp-json\/wp\/v2\/posts\/6934"}],"collection":[{"href":"https:\/\/www.naturparkmagazin.de\/vdn\/wp-json\/wp\/v2\/posts"}],"about":[{"href":"https:\/\/www.naturparkmagazin.de\/vdn\/wp-json\/wp\/v2\/types\/post"}],"author":[{"embeddable":true,"href":"https:\/\/www.naturparkmagazin.de\/vdn\/wp-json\/wp\/v2\/users\/51"}],"replies":[{"embeddable":true,"href":"https:\/\/www.naturparkmagazin.de\/vdn\/wp-json\/wp\/v2\/comments?post=6934"}],"version-history":[{"count":5,"href":"https:\/\/www.naturparkmagazin.de\/vdn\/wp-json\/wp\/v2\/posts\/6934\/revisions"}],"predecessor-version":[{"id":7037,"href":"https:\/\/www.naturparkmagazin.de\/vdn\/wp-json\/wp\/v2\/posts\/6934\/revisions\/7037"}],"wp:featuredmedia":[{"embeddable":true,"href":"https:\/\/www.naturparkmagazin.de\/vdn\/wp-json\/wp\/v2\/media\/6935"}],"wp:attachment":[{"href":"https:\/\/www.naturparkmagazin.de\/vdn\/wp-json\/wp\/v2\/media?parent=6934"}],"wp:term":[{"taxonomy":"category","embeddable":true,"href":"https:\/\/www.naturparkmagazin.de\/vdn\/wp-json\/wp\/v2\/categories?post=6934"},{"taxonomy":"post_tag","embeddable":true,"href":"https:\/\/www.naturparkmagazin.de\/vdn\/wp-json\/wp\/v2\/tags?post=6934"}],"curies":[{"name":"wp","href":"https:\/\/api.w.org\/{rel}","templated":true}]}}