{"id":6940,"date":"2016-04-18T09:00:48","date_gmt":"2016-04-18T07:00:48","guid":{"rendered":"http:\/\/www.naturparkmagazin.de\/vdn\/?p=6940"},"modified":"2016-04-26T12:01:03","modified_gmt":"2016-04-26T10:01:03","slug":"prominent-prof-dr-beate-jessel","status":"publish","type":"post","link":"https:\/\/www.naturparkmagazin.de\/vdn\/prominent-prof-dr-beate-jessel\/","title":{"rendered":"Prof. Dr. Beate Jessel"},"content":{"rendered":"<div id=\"attachment_6944\" style=\"width: 510px\" class=\"wp-caption aligncenter\"><a href=\"https:\/\/www.naturparkmagazin.de\/vdn\/wp-content\/uploads\/sites\/3\/Portraitfoto_-Jessel-Beate_beitrag.jpg\"><img aria-describedby=\"caption-attachment-6944\" decoding=\"async\" loading=\"lazy\" class=\"size-full wp-image-6944\" src=\"https:\/\/www.naturparkmagazin.de\/vdn\/wp-content\/uploads\/sites\/3\/Portraitfoto_-Jessel-Beate_beitrag.jpg\" alt=\"Prof. Dr. Beate Jessel - Copyright: privat\" width=\"500\" height=\"701\" srcset=\"https:\/\/www.naturparkmagazin.de\/vdn\/wp-content\/uploads\/sites\/3\/Portraitfoto_-Jessel-Beate_beitrag.jpg 500w, https:\/\/www.naturparkmagazin.de\/vdn\/wp-content\/uploads\/sites\/3\/Portraitfoto_-Jessel-Beate_beitrag-300x421.jpg 300w, https:\/\/www.naturparkmagazin.de\/vdn\/wp-content\/uploads\/sites\/3\/Portraitfoto_-Jessel-Beate_beitrag-200x280.jpg 200w\" sizes=\"(max-width: 500px) 100vw, 500px\" \/><\/a><p id=\"caption-attachment-6944\" class=\"wp-caption-text\">Prof. Dr. Beate Jessel &#8211; Copyright: privat<\/p><\/div>\n<p style=\"text-align: justify\">Frau Prof. Dr. Beate Jessel ist Pr\u00e4sidentin des Bundesamtes f\u00fcr Naturschutz (BfN) und Naturpark-Botschafterin des Naturparks Hoher Vogelsberg. \u201eIch sage als Wissenschaftlerin: Es gibt rationale Gr\u00fcnde, unsere Natur zu sch\u00fctzen. Denn es geht um unsere eigenen Lebensgrundlagen: um Tiere und Pflanzen aber auch um gesunde B\u00f6den, sauberes Wasser und Luft. Als Mensch sage ich, es gibt auch viele emotionale Gr\u00fcnde, sich f\u00fcr die Natur einzusetzen: etwa die Sch\u00f6nheit von Landschaften, das Bed\u00fcrfnis nach Erholungsr\u00e4umen und nicht zu vergessen: eine ethische Verpflichtung gegen\u00fcber Tieren und Pflanzen als unsere Mitgesch\u00f6pfen.\u201c<\/p>\n<div id=\"attachment_7024\" style=\"width: 510px\" class=\"wp-caption aligncenter\"><a href=\"https:\/\/www.naturparkmagazin.de\/vdn\/wp-content\/uploads\/sites\/3\/Forellenteiche_beitrag.jpg\"><img aria-describedby=\"caption-attachment-7024\" decoding=\"async\" loading=\"lazy\" class=\"size-full wp-image-7024\" src=\"https:\/\/www.naturparkmagazin.de\/vdn\/wp-content\/uploads\/sites\/3\/Forellenteiche_beitrag.jpg\" alt=\"Forellenteiche - Copyright: Christina Marx\" width=\"500\" height=\"300\" srcset=\"https:\/\/www.naturparkmagazin.de\/vdn\/wp-content\/uploads\/sites\/3\/Forellenteiche_beitrag.jpg 500w, https:\/\/www.naturparkmagazin.de\/vdn\/wp-content\/uploads\/sites\/3\/Forellenteiche_beitrag-300x180.jpg 300w, https:\/\/www.naturparkmagazin.de\/vdn\/wp-content\/uploads\/sites\/3\/Forellenteiche_beitrag-200x120.jpg 200w\" sizes=\"(max-width: 500px) 100vw, 500px\" \/><\/a><p id=\"caption-attachment-7024\" class=\"wp-caption-text\">Forellenteiche &#8211; Copyright: Christina Marx<\/p><\/div>\n<p style=\"text-align: justify\">Ihr Lieblingsort im Naturpark Hoher Vogelsberg ist das Naturwaldreservat \u201eNiddah\u00e4nge\u201c mit dem Naturschutzgebiet \u201eForellenteiche\u201c bei Schotten-Rudingshain. \u201eDiese beiden Orte im neuen Naturschutzgro\u00dfprojekt Vogelsberg sind gelungene Beispiele f\u00fcr die Verbindung zwischen Naturschutz und touristischer Nutzung. Hochwertige Schutzgebiete wurden mit einem abgestimmten Konzept zur Besucherlenkung f\u00fcr Wanderer und Radler erlebbar gemacht, ohne dass die Natur in ihrem Bestand gef\u00e4hrdet wird.\u201c<\/p>\n<div id=\"attachment_6981\" style=\"width: 510px\" class=\"wp-caption aligncenter\"><a href=\"https:\/\/www.naturparkmagazin.de\/vdn\/wp-content\/uploads\/sites\/3\/vogelsberg_beitrag.jpg\"><img aria-describedby=\"caption-attachment-6981\" decoding=\"async\" loading=\"lazy\" class=\"size-full wp-image-6981\" src=\"https:\/\/www.naturparkmagazin.de\/vdn\/wp-content\/uploads\/sites\/3\/vogelsberg_beitrag.jpg\" alt=\"Wanderweg vom Parkplatz Niddaquelle zum Herodeskopf - Copyright: VDN\/Andreas Purr\" width=\"500\" height=\"300\" srcset=\"https:\/\/www.naturparkmagazin.de\/vdn\/wp-content\/uploads\/sites\/3\/vogelsberg_beitrag.jpg 500w, https:\/\/www.naturparkmagazin.de\/vdn\/wp-content\/uploads\/sites\/3\/vogelsberg_beitrag-300x180.jpg 300w, https:\/\/www.naturparkmagazin.de\/vdn\/wp-content\/uploads\/sites\/3\/vogelsberg_beitrag-200x120.jpg 200w\" sizes=\"(max-width: 500px) 100vw, 500px\" \/><\/a><p id=\"caption-attachment-6981\" class=\"wp-caption-text\">Wanderweg vom Parkplatz Niddaquelle zum Herodeskopf &#8211; Copyright: VDN\/Andreas Purr<\/p><\/div>\n<p style=\"text-align: justify\">\n","protected":false},"excerpt":{"rendered":"<p>ist Pr\u00e4sidentin des Bundesamtes f\u00fcr Naturschutz (BfN) und Naturpark-Botschafterin des Naturparks Hoher Vogelsberg. Was f\u00fcr Sie den Naturpark so einzigartig macht, verr\u00e4t sie uns gerne. <\/p>\n","protected":false},"author":51,"featured_media":6941,"comment_status":"open","ping_status":"open","sticky":false,"template":"","format":"standard","meta":{"_links_to":"","_links_to_target":""},"categories":[8],"tags":[],"yoast_head":"<!-- This site is optimized with the Yoast SEO plugin v19.10 - https:\/\/yoast.com\/wordpress\/plugins\/seo\/ -->\n<title>Prof. Dr. Beate Jessel<\/title>\n<meta name=\"description\" content=\"ist Pr\u00e4sidentin des Bundesamtes f\u00fcr Naturschutz (BfN) und Naturpark-Botschafterin des Naturparks Hoher Vogelsberg. Was f\u00fcr Sie den Naturpark so einzigartig macht, verr\u00e4t sie uns gerne.\" \/>\n<meta name=\"robots\" content=\"index, follow, max-snippet:-1, max-image-preview:large, max-video-preview:-1\" \/>\n<link rel=\"canonical\" href=\"https:\/\/www.naturparkmagazin.de\/vdn\/prominent-prof-dr-beate-jessel\/\" \/>\n<meta property=\"og:locale\" content=\"de_DE\" \/>\n<meta property=\"og:type\" content=\"article\" \/>\n<meta property=\"og:title\" content=\"Prof. Dr. Beate Jessel\" \/>\n<meta property=\"og:description\" content=\"ist Pr\u00e4sidentin des Bundesamtes f\u00fcr Naturschutz (BfN) und Naturpark-Botschafterin des Naturparks Hoher Vogelsberg. Was f\u00fcr Sie den Naturpark so einzigartig macht, verr\u00e4t sie uns gerne.\" \/>\n<meta property=\"og:url\" content=\"https:\/\/www.naturparkmagazin.de\/vdn\/prominent-prof-dr-beate-jessel\/\" \/>\n<meta property=\"og:site_name\" content=\"Verband Deutscher Naturparke\" \/>\n<meta property=\"article:published_time\" content=\"2016-04-18T07:00:48+00:00\" \/>\n<meta property=\"article:modified_time\" content=\"2016-04-26T10:01:03+00:00\" \/>\n<meta property=\"og:image\" content=\"https:\/\/www.naturparkmagazin.de\/vdn\/wp-content\/uploads\/sites\/3\/Portraitfoto_JesselBeate-Beitragsfoto.jpeg\" \/>\n\t<meta property=\"og:image:width\" content=\"200\" \/>\n\t<meta property=\"og:image:height\" content=\"200\" \/>\n\t<meta property=\"og:image:type\" content=\"image\/jpeg\" \/>\n<meta name=\"author\" content=\"beatrixlosem\" \/>\n<meta name=\"twitter:label1\" content=\"Verfasst von\" \/>\n\t<meta name=\"twitter:data1\" content=\"beatrixlosem\" \/>\n\t<meta name=\"twitter:label2\" content=\"Gesch\u00e4tzte Lesezeit\" \/>\n\t<meta name=\"twitter:data2\" content=\"1\u00a0Minute\" \/>\n<script type=\"application\/ld+json\" class=\"yoast-schema-graph\">{\"@context\":\"https:\/\/schema.org\",\"@graph\":[{\"@type\":\"WebPage\",\"@id\":\"https:\/\/www.naturparkmagazin.de\/vdn\/prominent-prof-dr-beate-jessel\/\",\"url\":\"https:\/\/www.naturparkmagazin.de\/vdn\/prominent-prof-dr-beate-jessel\/\",\"name\":\"Prof. Dr. Beate Jessel\",\"isPartOf\":{\"@id\":\"https:\/\/www.naturparkmagazin.de\/vdn\/#website\"},\"datePublished\":\"2016-04-18T07:00:48+00:00\",\"dateModified\":\"2016-04-26T10:01:03+00:00\",\"author\":{\"@id\":\"https:\/\/www.naturparkmagazin.de\/vdn\/#\/schema\/person\/d71357578c318b6db03be60b1f60396b\"},\"description\":\"ist Pr\u00e4sidentin des Bundesamtes f\u00fcr Naturschutz (BfN) und Naturpark-Botschafterin des Naturparks Hoher Vogelsberg. Was f\u00fcr Sie den Naturpark so einzigartig macht, verr\u00e4t sie uns gerne.\",\"breadcrumb\":{\"@id\":\"https:\/\/www.naturparkmagazin.de\/vdn\/prominent-prof-dr-beate-jessel\/#breadcrumb\"},\"inLanguage\":\"de\",\"potentialAction\":[{\"@type\":\"ReadAction\",\"target\":[\"https:\/\/www.naturparkmagazin.de\/vdn\/prominent-prof-dr-beate-jessel\/\"]}]},{\"@type\":\"BreadcrumbList\",\"@id\":\"https:\/\/www.naturparkmagazin.de\/vdn\/prominent-prof-dr-beate-jessel\/#breadcrumb\",\"itemListElement\":[{\"@type\":\"ListItem\",\"position\":1,\"name\":\"Home\",\"item\":\"https:\/\/www.naturparkmagazin.de\/vdn\/\"},{\"@type\":\"ListItem\",\"position\":2,\"name\":\"Prof. Dr. Beate Jessel\"}]},{\"@type\":\"WebSite\",\"@id\":\"https:\/\/www.naturparkmagazin.de\/vdn\/#website\",\"url\":\"https:\/\/www.naturparkmagazin.de\/vdn\/\",\"name\":\"Verband Deutscher Naturparke\",\"description\":\"Eine weitere Naturparkmagazin.de Netzwerk Seite\",\"potentialAction\":[{\"@type\":\"SearchAction\",\"target\":{\"@type\":\"EntryPoint\",\"urlTemplate\":\"https:\/\/www.naturparkmagazin.de\/vdn\/?s={search_term_string}\"},\"query-input\":\"required name=search_term_string\"}],\"inLanguage\":\"de\"},{\"@type\":\"Person\",\"@id\":\"https:\/\/www.naturparkmagazin.de\/vdn\/#\/schema\/person\/d71357578c318b6db03be60b1f60396b\",\"name\":\"beatrixlosem\",\"url\":\"https:\/\/www.naturparkmagazin.de\/vdn\/author\/beatrixlosem\/\"}]}<\/script>\n<!-- \/ Yoast SEO plugin. -->","yoast_head_json":{"title":"Prof. Dr. Beate Jessel","description":"ist Pr\u00e4sidentin des Bundesamtes f\u00fcr Naturschutz (BfN) und Naturpark-Botschafterin des Naturparks Hoher Vogelsberg. Was f\u00fcr Sie den Naturpark so einzigartig macht, verr\u00e4t sie uns gerne.","robots":{"index":"index","follow":"follow","max-snippet":"max-snippet:-1","max-image-preview":"max-image-preview:large","max-video-preview":"max-video-preview:-1"},"canonical":"https:\/\/www.naturparkmagazin.de\/vdn\/prominent-prof-dr-beate-jessel\/","og_locale":"de_DE","og_type":"article","og_title":"Prof. Dr. Beate Jessel","og_description":"ist Pr\u00e4sidentin des Bundesamtes f\u00fcr Naturschutz (BfN) und Naturpark-Botschafterin des Naturparks Hoher Vogelsberg. Was f\u00fcr Sie den Naturpark so einzigartig macht, verr\u00e4t sie uns gerne.","og_url":"https:\/\/www.naturparkmagazin.de\/vdn\/prominent-prof-dr-beate-jessel\/","og_site_name":"Verband Deutscher Naturparke","article_published_time":"2016-04-18T07:00:48+00:00","article_modified_time":"2016-04-26T10:01:03+00:00","og_image":[{"width":200,"height":200,"url":"https:\/\/www.naturparkmagazin.de\/vdn\/wp-content\/uploads\/sites\/3\/Portraitfoto_JesselBeate-Beitragsfoto.jpeg","type":"image\/jpeg"}],"author":"beatrixlosem","twitter_misc":{"Verfasst von":"beatrixlosem","Gesch\u00e4tzte Lesezeit":"1\u00a0Minute"},"schema":{"@context":"https:\/\/schema.org","@graph":[{"@type":"WebPage","@id":"https:\/\/www.naturparkmagazin.de\/vdn\/prominent-prof-dr-beate-jessel\/","url":"https:\/\/www.naturparkmagazin.de\/vdn\/prominent-prof-dr-beate-jessel\/","name":"Prof. Dr. Beate Jessel","isPartOf":{"@id":"https:\/\/www.naturparkmagazin.de\/vdn\/#website"},"datePublished":"2016-04-18T07:00:48+00:00","dateModified":"2016-04-26T10:01:03+00:00","author":{"@id":"https:\/\/www.naturparkmagazin.de\/vdn\/#\/schema\/person\/d71357578c318b6db03be60b1f60396b"},"description":"ist Pr\u00e4sidentin des Bundesamtes f\u00fcr Naturschutz (BfN) und Naturpark-Botschafterin des Naturparks Hoher Vogelsberg. Was f\u00fcr Sie den Naturpark so einzigartig macht, verr\u00e4t sie uns gerne.","breadcrumb":{"@id":"https:\/\/www.naturparkmagazin.de\/vdn\/prominent-prof-dr-beate-jessel\/#breadcrumb"},"inLanguage":"de","potentialAction":[{"@type":"ReadAction","target":["https:\/\/www.naturparkmagazin.de\/vdn\/prominent-prof-dr-beate-jessel\/"]}]},{"@type":"BreadcrumbList","@id":"https:\/\/www.naturparkmagazin.de\/vdn\/prominent-prof-dr-beate-jessel\/#breadcrumb","itemListElement":[{"@type":"ListItem","position":1,"name":"Home","item":"https:\/\/www.naturparkmagazin.de\/vdn\/"},{"@type":"ListItem","position":2,"name":"Prof. Dr. Beate Jessel"}]},{"@type":"WebSite","@id":"https:\/\/www.naturparkmagazin.de\/vdn\/#website","url":"https:\/\/www.naturparkmagazin.de\/vdn\/","name":"Verband Deutscher Naturparke","description":"Eine weitere Naturparkmagazin.de Netzwerk Seite","potentialAction":[{"@type":"SearchAction","target":{"@type":"EntryPoint","urlTemplate":"https:\/\/www.naturparkmagazin.de\/vdn\/?s={search_term_string}"},"query-input":"required name=search_term_string"}],"inLanguage":"de"},{"@type":"Person","@id":"https:\/\/www.naturparkmagazin.de\/vdn\/#\/schema\/person\/d71357578c318b6db03be60b1f60396b","name":"beatrixlosem","url":"https:\/\/www.naturparkmagazin.de\/vdn\/author\/beatrixlosem\/"}]}},"_links":{"self":[{"href":"https:\/\/www.naturparkmagazin.de\/vdn\/wp-json\/wp\/v2\/posts\/6940"}],"collection":[{"href":"https:\/\/www.naturparkmagazin.de\/vdn\/wp-json\/wp\/v2\/posts"}],"about":[{"href":"https:\/\/www.naturparkmagazin.de\/vdn\/wp-json\/wp\/v2\/types\/post"}],"author":[{"embeddable":true,"href":"https:\/\/www.naturparkmagazin.de\/vdn\/wp-json\/wp\/v2\/users\/51"}],"replies":[{"embeddable":true,"href":"https:\/\/www.naturparkmagazin.de\/vdn\/wp-json\/wp\/v2\/comments?post=6940"}],"version-history":[{"count":10,"href":"https:\/\/www.naturparkmagazin.de\/vdn\/wp-json\/wp\/v2\/posts\/6940\/revisions"}],"predecessor-version":[{"id":7025,"href":"https:\/\/www.naturparkmagazin.de\/vdn\/wp-json\/wp\/v2\/posts\/6940\/revisions\/7025"}],"wp:featuredmedia":[{"embeddable":true,"href":"https:\/\/www.naturparkmagazin.de\/vdn\/wp-json\/wp\/v2\/media\/6941"}],"wp:attachment":[{"href":"https:\/\/www.naturparkmagazin.de\/vdn\/wp-json\/wp\/v2\/media?parent=6940"}],"wp:term":[{"taxonomy":"category","embeddable":true,"href":"https:\/\/www.naturparkmagazin.de\/vdn\/wp-json\/wp\/v2\/categories?post=6940"},{"taxonomy":"post_tag","embeddable":true,"href":"https:\/\/www.naturparkmagazin.de\/vdn\/wp-json\/wp\/v2\/tags?post=6940"}],"curies":[{"name":"wp","href":"https:\/\/api.w.org\/{rel}","templated":true}]}}