{"id":6972,"date":"2016-04-18T09:10:20","date_gmt":"2016-04-18T07:10:20","guid":{"rendered":"http:\/\/www.naturparkmagazin.de\/vdn\/?p=6972"},"modified":"2016-05-12T13:06:11","modified_gmt":"2016-05-12T11:06:11","slug":"gedankenaustausch-naturparkvertreter-treffen-sich-in-malente","status":"publish","type":"post","link":"https:\/\/www.naturparkmagazin.de\/vdn\/gedankenaustausch-naturparkvertreter-treffen-sich-in-malente\/","title":{"rendered":"\u201eGedankenaustausch\u201c \u2013 Naturparkvertreter treffen sich in Malente"},"content":{"rendered":"<div id=\"attachment_6973\" style=\"width: 510px\" class=\"wp-caption aligncenter\"><a href=\"https:\/\/www.naturparkmagazin.de\/vdn\/wp-content\/uploads\/sites\/3\/Blick-auf-Ploen-Foto-S.-Koschinski_beitrag.jpg\"><img aria-describedby=\"caption-attachment-6973\" decoding=\"async\" loading=\"lazy\" class=\"size-full wp-image-6973\" src=\"https:\/\/www.naturparkmagazin.de\/vdn\/wp-content\/uploads\/sites\/3\/Blick-auf-Ploen-Foto-S.-Koschinski_beitrag.jpg\" alt=\"Blick auf Ploen . Copyright:  S. Koschinski\" width=\"500\" height=\"300\" srcset=\"https:\/\/www.naturparkmagazin.de\/vdn\/wp-content\/uploads\/sites\/3\/Blick-auf-Ploen-Foto-S.-Koschinski_beitrag.jpg 500w, https:\/\/www.naturparkmagazin.de\/vdn\/wp-content\/uploads\/sites\/3\/Blick-auf-Ploen-Foto-S.-Koschinski_beitrag-300x180.jpg 300w, https:\/\/www.naturparkmagazin.de\/vdn\/wp-content\/uploads\/sites\/3\/Blick-auf-Ploen-Foto-S.-Koschinski_beitrag-200x120.jpg 200w\" sizes=\"(max-width: 500px) 100vw, 500px\" \/><\/a><p id=\"caption-attachment-6973\" class=\"wp-caption-text\">Blick auf Ploen . Copyright: S. Koschinski<\/p><\/div>\n<p>Allj\u00e4hrlich l\u00e4dt der Verband Deutscher Naturparke e. V. (VDN)\u00a0 die Gesch\u00e4ftsf\u00fchrer und Leiter der deutschen Naturparke zu einem Arbeitstreffen ein, um \u00fcber aktuelle und geplante Projekte des VDN zu berichten und durch Informationen, Ideen und durch den Erfahrungsaustausch mit den Verantwortlichen in den Naturparken diese Projekte\u00a0 weiter zu entwickeln und auszubauen.<\/p>\n<p>Das diesj\u00e4hrige Treffen findet vom 2.-4. Mai 2016 in Malente-Gremsm\u00fchlen im Naturpark Holsteinische Schweiz statt, der dieses Jahr sein 30. Bestehen feiert. Die Tagung beginnt am Nachmittag des 2. Mai mit der Jubil\u00e4umsveranstaltung \u201e30 Jahre Naturpark Holsteinische Schweiz\u201c im Rahmen der Landesgartenschau in Eutin. In Anwesenheit der Staatssekret\u00e4rin im Ministerium f\u00fcr Energiewende, Landwirtschaft, Umwelt und l\u00e4ndliche R\u00e4ume des Landes Schleswig-Holstein Dr. Silke Schneider \u00a0werden die Vorsitzende des Naturparks Holsteinische Schweiz, Landr\u00e4tin Stephanie Ladwig und VDN-Pr\u00e4sident Dr. Michael Arndt in der Orangerie im Schlossgarten die Ausstellung \u201eNaturparke in Schleswig-Holstein\u201c er\u00f6ffnen.<\/p>\n<p>&nbsp;<\/p>\n<p>&nbsp;<\/p>\n<p>&nbsp;<\/p>\n","protected":false},"excerpt":{"rendered":"<p>Vom 2.-4. Mai 2016 l\u00e4dt der VDN die Gesch\u00e4ftsf\u00fchrer und Leiter der deutschen Naturparke zum Fr\u00fchjahrstreffen in den Naturpark Holsteinische Schweiz ein.<\/p>\n","protected":false},"author":51,"featured_media":6974,"comment_status":"open","ping_status":"open","sticky":false,"template":"","format":"standard","meta":{"_links_to":"","_links_to_target":""},"categories":[7],"tags":[],"yoast_head":"<!-- This site is optimized with the Yoast SEO plugin v19.10 - https:\/\/yoast.com\/wordpress\/plugins\/seo\/ -->\n<title>\u201eGedankenaustausch\u201c \u2013 Naturparkvertreter treffen sich in Malente<\/title>\n<meta name=\"description\" content=\"Vom 2.-4. Mai 2016 l\u00e4dt der VDN die Gesch\u00e4ftsf\u00fchrer und Leiter der deutschen Naturparke zum Fr\u00fchjahrstreffen in den Naturpark Holsteinische Schweiz ein.\" \/>\n<meta name=\"robots\" content=\"index, follow, max-snippet:-1, max-image-preview:large, max-video-preview:-1\" \/>\n<link rel=\"canonical\" href=\"https:\/\/www.naturparkmagazin.de\/vdn\/gedankenaustausch-naturparkvertreter-treffen-sich-in-malente\/\" \/>\n<meta property=\"og:locale\" content=\"de_DE\" \/>\n<meta property=\"og:type\" content=\"article\" \/>\n<meta property=\"og:title\" content=\"\u201eGedankenaustausch\u201c \u2013 Naturparkvertreter treffen sich in Malente\" \/>\n<meta property=\"og:description\" content=\"Vom 2.-4. Mai 2016 l\u00e4dt der VDN die Gesch\u00e4ftsf\u00fchrer und Leiter der deutschen Naturparke zum Fr\u00fchjahrstreffen in den Naturpark Holsteinische Schweiz ein.\" \/>\n<meta property=\"og:url\" content=\"https:\/\/www.naturparkmagazin.de\/vdn\/gedankenaustausch-naturparkvertreter-treffen-sich-in-malente\/\" \/>\n<meta property=\"og:site_name\" content=\"Verband Deutscher Naturparke\" \/>\n<meta property=\"article:published_time\" content=\"2016-04-18T07:10:20+00:00\" \/>\n<meta property=\"article:modified_time\" content=\"2016-05-12T11:06:11+00:00\" \/>\n<meta property=\"og:image\" content=\"https:\/\/www.naturparkmagazin.de\/vdn\/wp-content\/uploads\/sites\/3\/Blick-auf-Ploen-Foto-S.-Koschinski_beitragsbild.jpg\" \/>\n\t<meta property=\"og:image:width\" content=\"200\" \/>\n\t<meta property=\"og:image:height\" content=\"200\" \/>\n\t<meta property=\"og:image:type\" content=\"image\/jpeg\" \/>\n<meta name=\"author\" content=\"beatrixlosem\" \/>\n<meta name=\"twitter:label1\" content=\"Verfasst von\" \/>\n\t<meta name=\"twitter:data1\" content=\"beatrixlosem\" \/>\n\t<meta name=\"twitter:label2\" content=\"Gesch\u00e4tzte Lesezeit\" \/>\n\t<meta name=\"twitter:data2\" content=\"1\u00a0Minute\" \/>\n<script type=\"application\/ld+json\" class=\"yoast-schema-graph\">{\"@context\":\"https:\/\/schema.org\",\"@graph\":[{\"@type\":\"WebPage\",\"@id\":\"https:\/\/www.naturparkmagazin.de\/vdn\/gedankenaustausch-naturparkvertreter-treffen-sich-in-malente\/\",\"url\":\"https:\/\/www.naturparkmagazin.de\/vdn\/gedankenaustausch-naturparkvertreter-treffen-sich-in-malente\/\",\"name\":\"\u201eGedankenaustausch\u201c \u2013 Naturparkvertreter treffen sich in Malente\",\"isPartOf\":{\"@id\":\"https:\/\/www.naturparkmagazin.de\/vdn\/#website\"},\"datePublished\":\"2016-04-18T07:10:20+00:00\",\"dateModified\":\"2016-05-12T11:06:11+00:00\",\"author\":{\"@id\":\"https:\/\/www.naturparkmagazin.de\/vdn\/#\/schema\/person\/d71357578c318b6db03be60b1f60396b\"},\"description\":\"Vom 2.-4. Mai 2016 l\u00e4dt der VDN die Gesch\u00e4ftsf\u00fchrer und Leiter der deutschen Naturparke zum Fr\u00fchjahrstreffen in den Naturpark Holsteinische Schweiz ein.\",\"breadcrumb\":{\"@id\":\"https:\/\/www.naturparkmagazin.de\/vdn\/gedankenaustausch-naturparkvertreter-treffen-sich-in-malente\/#breadcrumb\"},\"inLanguage\":\"de\",\"potentialAction\":[{\"@type\":\"ReadAction\",\"target\":[\"https:\/\/www.naturparkmagazin.de\/vdn\/gedankenaustausch-naturparkvertreter-treffen-sich-in-malente\/\"]}]},{\"@type\":\"BreadcrumbList\",\"@id\":\"https:\/\/www.naturparkmagazin.de\/vdn\/gedankenaustausch-naturparkvertreter-treffen-sich-in-malente\/#breadcrumb\",\"itemListElement\":[{\"@type\":\"ListItem\",\"position\":1,\"name\":\"Home\",\"item\":\"https:\/\/www.naturparkmagazin.de\/vdn\/\"},{\"@type\":\"ListItem\",\"position\":2,\"name\":\"\u201eGedankenaustausch\u201c \u2013 Naturparkvertreter treffen sich in Malente\"}]},{\"@type\":\"WebSite\",\"@id\":\"https:\/\/www.naturparkmagazin.de\/vdn\/#website\",\"url\":\"https:\/\/www.naturparkmagazin.de\/vdn\/\",\"name\":\"Verband Deutscher Naturparke\",\"description\":\"Eine weitere Naturparkmagazin.de Netzwerk Seite\",\"potentialAction\":[{\"@type\":\"SearchAction\",\"target\":{\"@type\":\"EntryPoint\",\"urlTemplate\":\"https:\/\/www.naturparkmagazin.de\/vdn\/?s={search_term_string}\"},\"query-input\":\"required name=search_term_string\"}],\"inLanguage\":\"de\"},{\"@type\":\"Person\",\"@id\":\"https:\/\/www.naturparkmagazin.de\/vdn\/#\/schema\/person\/d71357578c318b6db03be60b1f60396b\",\"name\":\"beatrixlosem\",\"url\":\"https:\/\/www.naturparkmagazin.de\/vdn\/author\/beatrixlosem\/\"}]}<\/script>\n<!-- \/ Yoast SEO plugin. -->","yoast_head_json":{"title":"\u201eGedankenaustausch\u201c \u2013 Naturparkvertreter treffen sich in Malente","description":"Vom 2.-4. Mai 2016 l\u00e4dt der VDN die Gesch\u00e4ftsf\u00fchrer und Leiter der deutschen Naturparke zum Fr\u00fchjahrstreffen in den Naturpark Holsteinische Schweiz ein.","robots":{"index":"index","follow":"follow","max-snippet":"max-snippet:-1","max-image-preview":"max-image-preview:large","max-video-preview":"max-video-preview:-1"},"canonical":"https:\/\/www.naturparkmagazin.de\/vdn\/gedankenaustausch-naturparkvertreter-treffen-sich-in-malente\/","og_locale":"de_DE","og_type":"article","og_title":"\u201eGedankenaustausch\u201c \u2013 Naturparkvertreter treffen sich in Malente","og_description":"Vom 2.-4. Mai 2016 l\u00e4dt der VDN die Gesch\u00e4ftsf\u00fchrer und Leiter der deutschen Naturparke zum Fr\u00fchjahrstreffen in den Naturpark Holsteinische Schweiz ein.","og_url":"https:\/\/www.naturparkmagazin.de\/vdn\/gedankenaustausch-naturparkvertreter-treffen-sich-in-malente\/","og_site_name":"Verband Deutscher Naturparke","article_published_time":"2016-04-18T07:10:20+00:00","article_modified_time":"2016-05-12T11:06:11+00:00","og_image":[{"width":200,"height":200,"url":"https:\/\/www.naturparkmagazin.de\/vdn\/wp-content\/uploads\/sites\/3\/Blick-auf-Ploen-Foto-S.-Koschinski_beitragsbild.jpg","type":"image\/jpeg"}],"author":"beatrixlosem","twitter_misc":{"Verfasst von":"beatrixlosem","Gesch\u00e4tzte Lesezeit":"1\u00a0Minute"},"schema":{"@context":"https:\/\/schema.org","@graph":[{"@type":"WebPage","@id":"https:\/\/www.naturparkmagazin.de\/vdn\/gedankenaustausch-naturparkvertreter-treffen-sich-in-malente\/","url":"https:\/\/www.naturparkmagazin.de\/vdn\/gedankenaustausch-naturparkvertreter-treffen-sich-in-malente\/","name":"\u201eGedankenaustausch\u201c \u2013 Naturparkvertreter treffen sich in Malente","isPartOf":{"@id":"https:\/\/www.naturparkmagazin.de\/vdn\/#website"},"datePublished":"2016-04-18T07:10:20+00:00","dateModified":"2016-05-12T11:06:11+00:00","author":{"@id":"https:\/\/www.naturparkmagazin.de\/vdn\/#\/schema\/person\/d71357578c318b6db03be60b1f60396b"},"description":"Vom 2.-4. Mai 2016 l\u00e4dt der VDN die Gesch\u00e4ftsf\u00fchrer und Leiter der deutschen Naturparke zum Fr\u00fchjahrstreffen in den Naturpark Holsteinische Schweiz ein.","breadcrumb":{"@id":"https:\/\/www.naturparkmagazin.de\/vdn\/gedankenaustausch-naturparkvertreter-treffen-sich-in-malente\/#breadcrumb"},"inLanguage":"de","potentialAction":[{"@type":"ReadAction","target":["https:\/\/www.naturparkmagazin.de\/vdn\/gedankenaustausch-naturparkvertreter-treffen-sich-in-malente\/"]}]},{"@type":"BreadcrumbList","@id":"https:\/\/www.naturparkmagazin.de\/vdn\/gedankenaustausch-naturparkvertreter-treffen-sich-in-malente\/#breadcrumb","itemListElement":[{"@type":"ListItem","position":1,"name":"Home","item":"https:\/\/www.naturparkmagazin.de\/vdn\/"},{"@type":"ListItem","position":2,"name":"\u201eGedankenaustausch\u201c \u2013 Naturparkvertreter treffen sich in Malente"}]},{"@type":"WebSite","@id":"https:\/\/www.naturparkmagazin.de\/vdn\/#website","url":"https:\/\/www.naturparkmagazin.de\/vdn\/","name":"Verband Deutscher Naturparke","description":"Eine weitere Naturparkmagazin.de Netzwerk Seite","potentialAction":[{"@type":"SearchAction","target":{"@type":"EntryPoint","urlTemplate":"https:\/\/www.naturparkmagazin.de\/vdn\/?s={search_term_string}"},"query-input":"required name=search_term_string"}],"inLanguage":"de"},{"@type":"Person","@id":"https:\/\/www.naturparkmagazin.de\/vdn\/#\/schema\/person\/d71357578c318b6db03be60b1f60396b","name":"beatrixlosem","url":"https:\/\/www.naturparkmagazin.de\/vdn\/author\/beatrixlosem\/"}]}},"_links":{"self":[{"href":"https:\/\/www.naturparkmagazin.de\/vdn\/wp-json\/wp\/v2\/posts\/6972"}],"collection":[{"href":"https:\/\/www.naturparkmagazin.de\/vdn\/wp-json\/wp\/v2\/posts"}],"about":[{"href":"https:\/\/www.naturparkmagazin.de\/vdn\/wp-json\/wp\/v2\/types\/post"}],"author":[{"embeddable":true,"href":"https:\/\/www.naturparkmagazin.de\/vdn\/wp-json\/wp\/v2\/users\/51"}],"replies":[{"embeddable":true,"href":"https:\/\/www.naturparkmagazin.de\/vdn\/wp-json\/wp\/v2\/comments?post=6972"}],"version-history":[{"count":5,"href":"https:\/\/www.naturparkmagazin.de\/vdn\/wp-json\/wp\/v2\/posts\/6972\/revisions"}],"predecessor-version":[{"id":7044,"href":"https:\/\/www.naturparkmagazin.de\/vdn\/wp-json\/wp\/v2\/posts\/6972\/revisions\/7044"}],"wp:featuredmedia":[{"embeddable":true,"href":"https:\/\/www.naturparkmagazin.de\/vdn\/wp-json\/wp\/v2\/media\/6974"}],"wp:attachment":[{"href":"https:\/\/www.naturparkmagazin.de\/vdn\/wp-json\/wp\/v2\/media?parent=6972"}],"wp:term":[{"taxonomy":"category","embeddable":true,"href":"https:\/\/www.naturparkmagazin.de\/vdn\/wp-json\/wp\/v2\/categories?post=6972"},{"taxonomy":"post_tag","embeddable":true,"href":"https:\/\/www.naturparkmagazin.de\/vdn\/wp-json\/wp\/v2\/tags?post=6972"}],"curies":[{"name":"wp","href":"https:\/\/api.w.org\/{rel}","templated":true}]}}