{"id":6991,"date":"2016-04-18T09:00:04","date_gmt":"2016-04-18T07:00:04","guid":{"rendered":"http:\/\/www.naturparkmagazin.de\/vdn\/?p=6991"},"modified":"2016-04-27T19:05:55","modified_gmt":"2016-04-27T17:05:55","slug":"lust-auf-vielfalt-naturpark-wandertag-2016","status":"publish","type":"post","link":"https:\/\/www.naturparkmagazin.de\/vdn\/lust-auf-vielfalt-naturpark-wandertag-2016\/","title":{"rendered":"\u201eLust auf Vielfalt\u201c \u2013 Naturpark-Wandertag 2016"},"content":{"rendered":"<p style=\"text-align: justify\">Naturparke bieten mit ihren traumhaften Landschaften besonders attraktive und vielf\u00e4ltige M\u00f6glichkeiten, die Natur zu erleben. Vom Naturpark Schlei im Norden bis zum Naturpark Nagelfluhkette im S\u00fcden und vom Deutsch-Belgischen Naturpark Hohes Venn &#8211; Eifel im Westen bis zum Naturpark Niederlausitzer Landr\u00fccken im Osten \u00a0k\u00f6nnen Sie beim Wandertag der Deutschen Naturparke, der in diesem Jahr am 29. Mai stattfindet, die Vielfalt Deutschlands entdecken. Hierzu finden am letzten Maiwochenende ganz besondere Veranstaltungen statt. Im Mittelpunkt steht dabei immer das gemeinsame Naturerlebnis, die Lust, neue Entdeckungen zu machen und die Sch\u00f6nheit der Deutschen Naturlandschaften kennen zu lernen \u2013 und das nicht nur auf Schusters Rappen. Naturparke haben auch barrierefreie Naturerlebnisangebote entwickelt \u2013 vielerorts von erfahrenen Naturparkf\u00fchrern begleitet. Hier stellen wir Ihnen einige Beispiele vor:<\/p>\n<div id=\"attachment_7008\" style=\"width: 510px\" class=\"wp-caption aligncenter\"><a href=\"https:\/\/www.naturparkmagazin.de\/vdn\/wp-content\/uploads\/sites\/3\/solling-vogler_logo_beitrag_logo2.jpg\"><img aria-describedby=\"caption-attachment-7008\" decoding=\"async\" loading=\"lazy\" class=\"size-full wp-image-7008\" src=\"https:\/\/www.naturparkmagazin.de\/vdn\/wp-content\/uploads\/sites\/3\/solling-vogler_logo_beitrag_logo2.jpg\" alt=\"Copyright: Naturpark Solling Vogler\" width=\"500\" height=\"300\" srcset=\"https:\/\/www.naturparkmagazin.de\/vdn\/wp-content\/uploads\/sites\/3\/solling-vogler_logo_beitrag_logo2.jpg 500w, https:\/\/www.naturparkmagazin.de\/vdn\/wp-content\/uploads\/sites\/3\/solling-vogler_logo_beitrag_logo2-300x180.jpg 300w, https:\/\/www.naturparkmagazin.de\/vdn\/wp-content\/uploads\/sites\/3\/solling-vogler_logo_beitrag_logo2-200x120.jpg 200w\" sizes=\"(max-width: 500px) 100vw, 500px\" \/><\/a><p id=\"caption-attachment-7008\" class=\"wp-caption-text\">Copyright: Naturpark Solling Vogler<\/p><\/div>\n<p style=\"text-align: justify\">Der Deutsch-Belgische Naturpark Hohes Venn \u2013 Eifel bietet beispielsweise am 28. Mai 2016 Rangertouren in Gem\u00fcnd und R\u00fcrberg an. Hierzu sind besonders blinde und sehbehinderte G\u00e4ste eingeladen. Auch im Naturpark Solling-Vogler wird Menschen mit Behinderung die M\u00f6glichkeit gegeben, die Natur zu entdecken. Zur Erkundung des Lebensraums Moor sind am 29. Mai 2016 vor allem geh\u00f6rlose Menschen herzlich willkommen.<\/p>\n<div id=\"attachment_7009\" style=\"width: 510px\" class=\"wp-caption aligncenter\"><a href=\"https:\/\/www.naturparkmagazin.de\/vdn\/wp-content\/uploads\/sites\/3\/Terra.vita_logo_beitrag.jpg\"><img aria-describedby=\"caption-attachment-7009\" decoding=\"async\" loading=\"lazy\" class=\"size-full wp-image-7009\" src=\"https:\/\/www.naturparkmagazin.de\/vdn\/wp-content\/uploads\/sites\/3\/Terra.vita_logo_beitrag.jpg\" alt=\"Copyright: Naturpark TERRA.vita\" width=\"500\" height=\"300\" srcset=\"https:\/\/www.naturparkmagazin.de\/vdn\/wp-content\/uploads\/sites\/3\/Terra.vita_logo_beitrag.jpg 500w, https:\/\/www.naturparkmagazin.de\/vdn\/wp-content\/uploads\/sites\/3\/Terra.vita_logo_beitrag-300x180.jpg 300w, https:\/\/www.naturparkmagazin.de\/vdn\/wp-content\/uploads\/sites\/3\/Terra.vita_logo_beitrag-200x120.jpg 200w\" sizes=\"(max-width: 500px) 100vw, 500px\" \/><\/a><p id=\"caption-attachment-7009\" class=\"wp-caption-text\">Copyright: Naturpark TERRA.vita<\/p><\/div>\n<p>Im Naturpark TERRA.vita geht es mit dem Rad \u00fcber Stock und Stein. Wer auch anstrengende Steigungen nicht scheut, wird anschliessend in der \u201en\u00f6rdlichsten bayerischen Jausenstation\u201c mit einem K\u00f6nig Ludwig Dunkel belohnt, einer exzellenten Bierspezialit\u00e4t.<\/p>\n<div id=\"attachment_7010\" style=\"width: 510px\" class=\"wp-caption aligncenter\"><a href=\"https:\/\/www.naturparkmagazin.de\/vdn\/wp-content\/uploads\/sites\/3\/Uckerm\u00e4rkische_Seen_logo_beitrag.jpg\"><img aria-describedby=\"caption-attachment-7010\" decoding=\"async\" loading=\"lazy\" class=\"size-full wp-image-7010\" src=\"https:\/\/www.naturparkmagazin.de\/vdn\/wp-content\/uploads\/sites\/3\/Uckerm\u00e4rkische_Seen_logo_beitrag.jpg\" alt=\"Copyright: Naturpark Uckerm\u00e4rkische Seen\" width=\"500\" height=\"300\" srcset=\"https:\/\/www.naturparkmagazin.de\/vdn\/wp-content\/uploads\/sites\/3\/Uckerm\u00e4rkische_Seen_logo_beitrag.jpg 500w, https:\/\/www.naturparkmagazin.de\/vdn\/wp-content\/uploads\/sites\/3\/Uckerm\u00e4rkische_Seen_logo_beitrag-300x180.jpg 300w, https:\/\/www.naturparkmagazin.de\/vdn\/wp-content\/uploads\/sites\/3\/Uckerm\u00e4rkische_Seen_logo_beitrag-200x120.jpg 200w\" sizes=\"(max-width: 500px) 100vw, 500px\" \/><\/a><p id=\"caption-attachment-7010\" class=\"wp-caption-text\">Copyright: Naturpark Uckerm\u00e4rkische Seen<\/p><\/div>\n<p style=\"text-align: justify\">Eine besondere Veranstaltung bietet der Naturpark Uckerm\u00e4rkische Seen am 29. Mai 2016 an. Die Teilnehmer der Exkursion sind zu Fu\u00df mit dem Kanu und zur Kr\u00f6nung mit dem Flo\u00df auf Tour und lernen so die Vielf\u00e4ltigkeit des Naturparks aus unterschiedlichen Perspektiven kennen.<\/p>\n<p style=\"text-align: justify\">Ob Fahrradwanderung, Vogelstimmentour oder fantastische Reise zu Mythen und Sagen \u2013 au\u00dfergew\u00f6hnliche Erlebnisse sind am \u201eNaturpark-Wandertag 2016\u201c garantiert.<\/p>\n<p style=\"text-align: justify\">Seien Sie dabei und wandern Sie mit!<\/p>\n<p>&nbsp;<\/p>\n<p><a href=\"http:\/\/www.naturparke.de\/news\/biodiversity\" target=\"_blank\">Hier<\/a> finden Sie ausgew\u00e4hlte Veranstaltungen der Naturparke zum Naturpark-Wandertag 2016<\/p>\n<p>&nbsp;<\/p>\n","protected":false},"excerpt":{"rendered":"<p>Naturparke bieten mit ihren traumhaften Landschaften besonders attraktive und vielf\u00e4ltige M\u00f6glichkeiten, die Natur zu erleben. Beim Naturpark-Wandertag, der anl\u00e4sslich des Europ\u00e4ischen Tages der Parke (24. Mai) gefeiert wird, k\u00f6nnen Sie viele neue Entdeckungen machen \u2013 und das nicht nur auf Schusters Rappen.<\/p>\n","protected":false},"author":51,"featured_media":7012,"comment_status":"open","ping_status":"open","sticky":false,"template":"","format":"standard","meta":{"_links_to":"","_links_to_target":""},"categories":[51],"tags":[],"yoast_head":"<!-- This site is optimized with the Yoast SEO plugin v19.10 - https:\/\/yoast.com\/wordpress\/plugins\/seo\/ -->\n<title>\u201eLust auf Vielfalt\u201c \u2013 Naturpark-Wandertag 2016<\/title>\n<meta name=\"description\" content=\"Naturparke bieten mit ihren traumhaften Landschaften besonders attraktive und vielf\u00e4ltige M\u00f6glichkeiten, die Natur zu erleben. Beim Naturpark-Wandertag, der anl\u00e4sslich des Europ\u00e4ischen Tages der Parke (24. Mai) gefeiert wird, k\u00f6nnen Sie viele neue Entdeckungen machen \u2013 und das nicht nur auf Schusters Rappen.\" \/>\n<meta name=\"robots\" content=\"index, follow, max-snippet:-1, max-image-preview:large, max-video-preview:-1\" \/>\n<link rel=\"canonical\" href=\"https:\/\/www.naturparkmagazin.de\/vdn\/lust-auf-vielfalt-naturpark-wandertag-2016\/\" \/>\n<meta property=\"og:locale\" content=\"de_DE\" \/>\n<meta property=\"og:type\" content=\"article\" \/>\n<meta property=\"og:title\" content=\"\u201eLust auf Vielfalt\u201c \u2013 Naturpark-Wandertag 2016\" \/>\n<meta property=\"og:description\" content=\"Naturparke bieten mit ihren traumhaften Landschaften besonders attraktive und vielf\u00e4ltige M\u00f6glichkeiten, die Natur zu erleben. Beim Naturpark-Wandertag, der anl\u00e4sslich des Europ\u00e4ischen Tages der Parke (24. Mai) gefeiert wird, k\u00f6nnen Sie viele neue Entdeckungen machen \u2013 und das nicht nur auf Schusters Rappen.\" \/>\n<meta property=\"og:url\" content=\"https:\/\/www.naturparkmagazin.de\/vdn\/lust-auf-vielfalt-naturpark-wandertag-2016\/\" \/>\n<meta property=\"og:site_name\" content=\"Verband Deutscher Naturparke\" \/>\n<meta property=\"article:published_time\" content=\"2016-04-18T07:00:04+00:00\" \/>\n<meta property=\"article:modified_time\" content=\"2016-04-27T17:05:55+00:00\" \/>\n<meta property=\"og:image\" content=\"https:\/\/www.naturparkmagazin.de\/vdn\/wp-content\/uploads\/sites\/3\/solling-vogler_beitragsbild_logo_final.jpg\" \/>\n\t<meta property=\"og:image:width\" content=\"200\" \/>\n\t<meta property=\"og:image:height\" content=\"200\" \/>\n\t<meta property=\"og:image:type\" content=\"image\/jpeg\" \/>\n<meta name=\"author\" content=\"beatrixlosem\" \/>\n<meta name=\"twitter:label1\" content=\"Verfasst von\" \/>\n\t<meta name=\"twitter:data1\" content=\"beatrixlosem\" \/>\n\t<meta name=\"twitter:label2\" content=\"Gesch\u00e4tzte Lesezeit\" \/>\n\t<meta name=\"twitter:data2\" content=\"2\u00a0Minuten\" \/>\n<script type=\"application\/ld+json\" class=\"yoast-schema-graph\">{\"@context\":\"https:\/\/schema.org\",\"@graph\":[{\"@type\":\"WebPage\",\"@id\":\"https:\/\/www.naturparkmagazin.de\/vdn\/lust-auf-vielfalt-naturpark-wandertag-2016\/\",\"url\":\"https:\/\/www.naturparkmagazin.de\/vdn\/lust-auf-vielfalt-naturpark-wandertag-2016\/\",\"name\":\"\u201eLust auf Vielfalt\u201c \u2013 Naturpark-Wandertag 2016\",\"isPartOf\":{\"@id\":\"https:\/\/www.naturparkmagazin.de\/vdn\/#website\"},\"datePublished\":\"2016-04-18T07:00:04+00:00\",\"dateModified\":\"2016-04-27T17:05:55+00:00\",\"author\":{\"@id\":\"https:\/\/www.naturparkmagazin.de\/vdn\/#\/schema\/person\/d71357578c318b6db03be60b1f60396b\"},\"description\":\"Naturparke bieten mit ihren traumhaften Landschaften besonders attraktive und vielf\u00e4ltige M\u00f6glichkeiten, die Natur zu erleben. Beim Naturpark-Wandertag, der anl\u00e4sslich des Europ\u00e4ischen Tages der Parke (24. Mai) gefeiert wird, k\u00f6nnen Sie viele neue Entdeckungen machen \u2013 und das nicht nur auf Schusters Rappen.\",\"breadcrumb\":{\"@id\":\"https:\/\/www.naturparkmagazin.de\/vdn\/lust-auf-vielfalt-naturpark-wandertag-2016\/#breadcrumb\"},\"inLanguage\":\"de\",\"potentialAction\":[{\"@type\":\"ReadAction\",\"target\":[\"https:\/\/www.naturparkmagazin.de\/vdn\/lust-auf-vielfalt-naturpark-wandertag-2016\/\"]}]},{\"@type\":\"BreadcrumbList\",\"@id\":\"https:\/\/www.naturparkmagazin.de\/vdn\/lust-auf-vielfalt-naturpark-wandertag-2016\/#breadcrumb\",\"itemListElement\":[{\"@type\":\"ListItem\",\"position\":1,\"name\":\"Home\",\"item\":\"https:\/\/www.naturparkmagazin.de\/vdn\/\"},{\"@type\":\"ListItem\",\"position\":2,\"name\":\"\u201eLust auf Vielfalt\u201c \u2013 Naturpark-Wandertag 2016\"}]},{\"@type\":\"WebSite\",\"@id\":\"https:\/\/www.naturparkmagazin.de\/vdn\/#website\",\"url\":\"https:\/\/www.naturparkmagazin.de\/vdn\/\",\"name\":\"Verband Deutscher Naturparke\",\"description\":\"Eine weitere Naturparkmagazin.de Netzwerk Seite\",\"potentialAction\":[{\"@type\":\"SearchAction\",\"target\":{\"@type\":\"EntryPoint\",\"urlTemplate\":\"https:\/\/www.naturparkmagazin.de\/vdn\/?s={search_term_string}\"},\"query-input\":\"required name=search_term_string\"}],\"inLanguage\":\"de\"},{\"@type\":\"Person\",\"@id\":\"https:\/\/www.naturparkmagazin.de\/vdn\/#\/schema\/person\/d71357578c318b6db03be60b1f60396b\",\"name\":\"beatrixlosem\",\"url\":\"https:\/\/www.naturparkmagazin.de\/vdn\/author\/beatrixlosem\/\"}]}<\/script>\n<!-- \/ Yoast SEO plugin. -->","yoast_head_json":{"title":"\u201eLust auf Vielfalt\u201c \u2013 Naturpark-Wandertag 2016","description":"Naturparke bieten mit ihren traumhaften Landschaften besonders attraktive und vielf\u00e4ltige M\u00f6glichkeiten, die Natur zu erleben. Beim Naturpark-Wandertag, der anl\u00e4sslich des Europ\u00e4ischen Tages der Parke (24. Mai) gefeiert wird, k\u00f6nnen Sie viele neue Entdeckungen machen \u2013 und das nicht nur auf Schusters Rappen.","robots":{"index":"index","follow":"follow","max-snippet":"max-snippet:-1","max-image-preview":"max-image-preview:large","max-video-preview":"max-video-preview:-1"},"canonical":"https:\/\/www.naturparkmagazin.de\/vdn\/lust-auf-vielfalt-naturpark-wandertag-2016\/","og_locale":"de_DE","og_type":"article","og_title":"\u201eLust auf Vielfalt\u201c \u2013 Naturpark-Wandertag 2016","og_description":"Naturparke bieten mit ihren traumhaften Landschaften besonders attraktive und vielf\u00e4ltige M\u00f6glichkeiten, die Natur zu erleben. Beim Naturpark-Wandertag, der anl\u00e4sslich des Europ\u00e4ischen Tages der Parke (24. Mai) gefeiert wird, k\u00f6nnen Sie viele neue Entdeckungen machen \u2013 und das nicht nur auf Schusters Rappen.","og_url":"https:\/\/www.naturparkmagazin.de\/vdn\/lust-auf-vielfalt-naturpark-wandertag-2016\/","og_site_name":"Verband Deutscher Naturparke","article_published_time":"2016-04-18T07:00:04+00:00","article_modified_time":"2016-04-27T17:05:55+00:00","og_image":[{"width":200,"height":200,"url":"https:\/\/www.naturparkmagazin.de\/vdn\/wp-content\/uploads\/sites\/3\/solling-vogler_beitragsbild_logo_final.jpg","type":"image\/jpeg"}],"author":"beatrixlosem","twitter_misc":{"Verfasst von":"beatrixlosem","Gesch\u00e4tzte Lesezeit":"2\u00a0Minuten"},"schema":{"@context":"https:\/\/schema.org","@graph":[{"@type":"WebPage","@id":"https:\/\/www.naturparkmagazin.de\/vdn\/lust-auf-vielfalt-naturpark-wandertag-2016\/","url":"https:\/\/www.naturparkmagazin.de\/vdn\/lust-auf-vielfalt-naturpark-wandertag-2016\/","name":"\u201eLust auf Vielfalt\u201c \u2013 Naturpark-Wandertag 2016","isPartOf":{"@id":"https:\/\/www.naturparkmagazin.de\/vdn\/#website"},"datePublished":"2016-04-18T07:00:04+00:00","dateModified":"2016-04-27T17:05:55+00:00","author":{"@id":"https:\/\/www.naturparkmagazin.de\/vdn\/#\/schema\/person\/d71357578c318b6db03be60b1f60396b"},"description":"Naturparke bieten mit ihren traumhaften Landschaften besonders attraktive und vielf\u00e4ltige M\u00f6glichkeiten, die Natur zu erleben. Beim Naturpark-Wandertag, der anl\u00e4sslich des Europ\u00e4ischen Tages der Parke (24. Mai) gefeiert wird, k\u00f6nnen Sie viele neue Entdeckungen machen \u2013 und das nicht nur auf Schusters Rappen.","breadcrumb":{"@id":"https:\/\/www.naturparkmagazin.de\/vdn\/lust-auf-vielfalt-naturpark-wandertag-2016\/#breadcrumb"},"inLanguage":"de","potentialAction":[{"@type":"ReadAction","target":["https:\/\/www.naturparkmagazin.de\/vdn\/lust-auf-vielfalt-naturpark-wandertag-2016\/"]}]},{"@type":"BreadcrumbList","@id":"https:\/\/www.naturparkmagazin.de\/vdn\/lust-auf-vielfalt-naturpark-wandertag-2016\/#breadcrumb","itemListElement":[{"@type":"ListItem","position":1,"name":"Home","item":"https:\/\/www.naturparkmagazin.de\/vdn\/"},{"@type":"ListItem","position":2,"name":"\u201eLust auf Vielfalt\u201c \u2013 Naturpark-Wandertag 2016"}]},{"@type":"WebSite","@id":"https:\/\/www.naturparkmagazin.de\/vdn\/#website","url":"https:\/\/www.naturparkmagazin.de\/vdn\/","name":"Verband Deutscher Naturparke","description":"Eine weitere Naturparkmagazin.de Netzwerk Seite","potentialAction":[{"@type":"SearchAction","target":{"@type":"EntryPoint","urlTemplate":"https:\/\/www.naturparkmagazin.de\/vdn\/?s={search_term_string}"},"query-input":"required name=search_term_string"}],"inLanguage":"de"},{"@type":"Person","@id":"https:\/\/www.naturparkmagazin.de\/vdn\/#\/schema\/person\/d71357578c318b6db03be60b1f60396b","name":"beatrixlosem","url":"https:\/\/www.naturparkmagazin.de\/vdn\/author\/beatrixlosem\/"}]}},"_links":{"self":[{"href":"https:\/\/www.naturparkmagazin.de\/vdn\/wp-json\/wp\/v2\/posts\/6991"}],"collection":[{"href":"https:\/\/www.naturparkmagazin.de\/vdn\/wp-json\/wp\/v2\/posts"}],"about":[{"href":"https:\/\/www.naturparkmagazin.de\/vdn\/wp-json\/wp\/v2\/types\/post"}],"author":[{"embeddable":true,"href":"https:\/\/www.naturparkmagazin.de\/vdn\/wp-json\/wp\/v2\/users\/51"}],"replies":[{"embeddable":true,"href":"https:\/\/www.naturparkmagazin.de\/vdn\/wp-json\/wp\/v2\/comments?post=6991"}],"version-history":[{"count":8,"href":"https:\/\/www.naturparkmagazin.de\/vdn\/wp-json\/wp\/v2\/posts\/6991\/revisions"}],"predecessor-version":[{"id":7043,"href":"https:\/\/www.naturparkmagazin.de\/vdn\/wp-json\/wp\/v2\/posts\/6991\/revisions\/7043"}],"wp:featuredmedia":[{"embeddable":true,"href":"https:\/\/www.naturparkmagazin.de\/vdn\/wp-json\/wp\/v2\/media\/7012"}],"wp:attachment":[{"href":"https:\/\/www.naturparkmagazin.de\/vdn\/wp-json\/wp\/v2\/media?parent=6991"}],"wp:term":[{"taxonomy":"category","embeddable":true,"href":"https:\/\/www.naturparkmagazin.de\/vdn\/wp-json\/wp\/v2\/categories?post=6991"},{"taxonomy":"post_tag","embeddable":true,"href":"https:\/\/www.naturparkmagazin.de\/vdn\/wp-json\/wp\/v2\/tags?post=6991"}],"curies":[{"name":"wp","href":"https:\/\/api.w.org\/{rel}","templated":true}]}}