{"id":7058,"date":"2016-05-17T03:03:08","date_gmt":"2016-05-17T01:03:08","guid":{"rendered":"http:\/\/www.naturparkmagazin.de\/vdn\/?p=7058"},"modified":"2016-05-18T12:19:00","modified_gmt":"2016-05-18T10:19:00","slug":"bunter-als-du-denkst-naturpark-lueneburger-heide","status":"publish","type":"post","link":"https:\/\/www.naturparkmagazin.de\/vdn\/bunter-als-du-denkst-naturpark-lueneburger-heide\/","title":{"rendered":"Bunter als Du denkst! &#8211; Naturpark L\u00fcneburger Heide"},"content":{"rendered":"<div id=\"attachment_7063\" style=\"width: 630px\" class=\"wp-caption aligncenter\"><a href=\"https:\/\/www.naturparkmagazin.de\/vdn\/wp-content\/uploads\/sites\/3\/Heide_Panorama2008_1.jpg\"><img aria-describedby=\"caption-attachment-7063\" decoding=\"async\" loading=\"lazy\" class=\"wp-image-7063 size-medium\" src=\"https:\/\/www.naturparkmagazin.de\/vdn\/wp-content\/uploads\/sites\/3\/Heide_Panorama2008_1-620x248.jpg\" alt=\"\" width=\"620\" height=\"248\" srcset=\"https:\/\/www.naturparkmagazin.de\/vdn\/wp-content\/uploads\/sites\/3\/Heide_Panorama2008_1-620x248.jpg 620w, https:\/\/www.naturparkmagazin.de\/vdn\/wp-content\/uploads\/sites\/3\/Heide_Panorama2008_1-300x120.jpg 300w, https:\/\/www.naturparkmagazin.de\/vdn\/wp-content\/uploads\/sites\/3\/Heide_Panorama2008_1-940x376.jpg 940w, https:\/\/www.naturparkmagazin.de\/vdn\/wp-content\/uploads\/sites\/3\/Heide_Panorama2008_1-670x268.jpg 670w, https:\/\/www.naturparkmagazin.de\/vdn\/wp-content\/uploads\/sites\/3\/Heide_Panorama2008_1-200x80.jpg 200w, https:\/\/www.naturparkmagazin.de\/vdn\/wp-content\/uploads\/sites\/3\/Heide_Panorama2008_1.jpg 1250w\" sizes=\"(max-width: 620px) 100vw, 620px\" \/><\/a><p id=\"caption-attachment-7063\" class=\"wp-caption-text\">Copyright: VDN\/Sven Z\u00fcchner<\/p><\/div>\n<p>Gut erreichbar im St\u00e4dtedreieck Hamburg, Bremen und Hannover gelegen erstreckt sich der Naturpark \u00fcber eine Fl\u00e4che von 1.070 km\u00b2. Er beherbergt die gr\u00f6\u00dften zusammenh\u00e4ngenden Heidefl\u00e4chen Mitteleuropas. Seine h\u00f6chste Erhebung ist der Wilseder Berg mit 169,2 m. Heidelerchen, Braun- und Schwarzkehlchen, Neunt\u00f6ter, Raubw\u00fcrger, Birkh\u00fchner, Zauneidechsen und Kreuzottern finden hier als bedrohte Tiere ein zu Hause. Selten gewordene Pflanzenarten wie Moorlilie, Lungenenzian, Heidenelke oder Glockenheide sind hier noch zu finden.<\/p>\n<div id=\"attachment_7065\" style=\"width: 302px\" class=\"wp-caption alignleft\"><a href=\"https:\/\/www.naturparkmagazin.de\/vdn\/wp-content\/uploads\/sites\/3\/dsc08237.jpg\"><img aria-describedby=\"caption-attachment-7065\" decoding=\"async\" loading=\"lazy\" class=\"wp-image-7065\" src=\"https:\/\/www.naturparkmagazin.de\/vdn\/wp-content\/uploads\/sites\/3\/dsc08237-620x389.jpg\" alt=\"Copyright: VDN\/Thalh\u00e4user\" width=\"292\" height=\"183\" srcset=\"https:\/\/www.naturparkmagazin.de\/vdn\/wp-content\/uploads\/sites\/3\/dsc08237-620x389.jpg 620w, https:\/\/www.naturparkmagazin.de\/vdn\/wp-content\/uploads\/sites\/3\/dsc08237-300x188.jpg 300w, https:\/\/www.naturparkmagazin.de\/vdn\/wp-content\/uploads\/sites\/3\/dsc08237-940x589.jpg 940w, https:\/\/www.naturparkmagazin.de\/vdn\/wp-content\/uploads\/sites\/3\/dsc08237-670x420.jpg 670w, https:\/\/www.naturparkmagazin.de\/vdn\/wp-content\/uploads\/sites\/3\/dsc08237-200x125.jpg 200w, https:\/\/www.naturparkmagazin.de\/vdn\/wp-content\/uploads\/sites\/3\/dsc08237.jpg 1200w\" sizes=\"(max-width: 292px) 100vw, 292px\" \/><\/a><p id=\"caption-attachment-7065\" class=\"wp-caption-text\">Copyright: VDN\/Thalh\u00e4user<\/p><\/div>\n<div id=\"attachment_7074\" style=\"width: 238px\" class=\"wp-caption alignright\"><a href=\"https:\/\/www.naturparkmagazin.de\/vdn\/wp-content\/uploads\/sites\/3\/morr-lilie-dahlem.jpg\"><img aria-describedby=\"caption-attachment-7074\" decoding=\"async\" loading=\"lazy\" class=\" wp-image-7074\" src=\"https:\/\/www.naturparkmagazin.de\/vdn\/wp-content\/uploads\/sites\/3\/morr-lilie-dahlem-620x827.jpg\" alt=\"Copyright: VDN\/Christel Baude\" width=\"228\" height=\"304\" srcset=\"https:\/\/www.naturparkmagazin.de\/vdn\/wp-content\/uploads\/sites\/3\/morr-lilie-dahlem-620x827.jpg 620w, https:\/\/www.naturparkmagazin.de\/vdn\/wp-content\/uploads\/sites\/3\/morr-lilie-dahlem-300x400.jpg 300w, https:\/\/www.naturparkmagazin.de\/vdn\/wp-content\/uploads\/sites\/3\/morr-lilie-dahlem-940x1253.jpg 940w, https:\/\/www.naturparkmagazin.de\/vdn\/wp-content\/uploads\/sites\/3\/morr-lilie-dahlem-500x667.jpg 500w, https:\/\/www.naturparkmagazin.de\/vdn\/wp-content\/uploads\/sites\/3\/morr-lilie-dahlem-420x560.jpg 420w, https:\/\/www.naturparkmagazin.de\/vdn\/wp-content\/uploads\/sites\/3\/morr-lilie-dahlem-135x180.jpg 135w, https:\/\/www.naturparkmagazin.de\/vdn\/wp-content\/uploads\/sites\/3\/morr-lilie-dahlem-53x71.jpg 53w, https:\/\/www.naturparkmagazin.de\/vdn\/wp-content\/uploads\/sites\/3\/morr-lilie-dahlem-670x893.jpg 670w, https:\/\/www.naturparkmagazin.de\/vdn\/wp-content\/uploads\/sites\/3\/morr-lilie-dahlem-200x267.jpg 200w, https:\/\/www.naturparkmagazin.de\/vdn\/wp-content\/uploads\/sites\/3\/morr-lilie-dahlem.jpg 1744w\" sizes=\"(max-width: 228px) 100vw, 228px\" \/><\/a><p id=\"caption-attachment-7074\" class=\"wp-caption-text\">Copyright: VDN\/Christel Baude<\/p><\/div>\n<p>Der Naturpark L\u00fcneburger Heide zeichnet sich durch eine der \u00e4ltesten und sch\u00f6nsten Kulturlandschaften Deutschlands aus. Dabei trifft der Charme der Vergangenheit auf die Moderne. Im Naturpark L\u00fcneburger Heide gibt es das, was man hier auch erwartet: in die weite schweifende Blicke \u00fcber ausgedehnte Heidefl\u00e4chen, Schnuckenherden mit ihrem Sch\u00e4fer auf Streifz\u00fcgen durch die Landschaft, die pr\u00e4chtige violette Heidebl\u00fcte mit den allj\u00e4hrlichen Heidebl\u00fctenfesten im August und September, unber\u00fchrte Natur mit seltenen Pflanzen und Tieren, idyllische Heided\u00f6rfer sowie Ruhe und Beschaulichkeit. Im Naturpark L\u00fcneburger Heide gibt es aber noch viel mehr: bunte Angebote f\u00fcr Familien mit Kindern, z.B. Hochseilg\u00e4rten, Familienerlebniswege, Barfu\u00df-, Wild- und Freizeitparks, in den letzten Jahren neu konzipierte und ausgeschilderte Rad-, Reit- und Wanderwege, zertifizierte Nordic-Walking-Strecken, den Heide-Shuttle als attraktives \u00d6PNV-Angebot, ein vielseitiges Programm an G\u00e4stef\u00fchrungen sowie Kunst und Kultur.<\/p>\n<p>&nbsp;<\/p>\n<p><strong><em>Weitere Informationen: <\/em><\/strong><\/p>\n<p><strong><em><a href=\"http:\/\/www.naturpark-lueneburger-heide.de\/\">www.naturpark-lueneburger-heide.de<\/a><\/em><\/strong><\/p>\n<p>&nbsp;<\/p>\n","protected":false},"excerpt":{"rendered":"<p>Gut erreichbar im St\u00e4dtedreieck Hamburg, Bremen und Hannover gelegen erstreckt sich der Naturpark \u00fcber eine Fl\u00e4che von 1.070 km\u00b2. Er beherbergt die gr\u00f6\u00dften zusammenh\u00e4ngenden Heidefl\u00e4chen Mitteleuropas. Hier findet man nicht nur Schnuckenherden mit ihrem Sch\u00e4fer auf Streifz\u00fcgen durch die Landschaft oder die pr\u00e4chtig violette Heidebl\u00fcte im August und September sondern eine bunte Vielfalt von Naturerlebnisangeboten f\u00fcr Gro\u00df und Klein. <\/p>\n","protected":false},"author":51,"featured_media":7077,"comment_status":"open","ping_status":"open","sticky":false,"template":"","format":"standard","meta":{"_links_to":"","_links_to_target":""},"categories":[15],"tags":[],"yoast_head":"<!-- This site is optimized with the Yoast SEO plugin v19.10 - https:\/\/yoast.com\/wordpress\/plugins\/seo\/ -->\n<title>Bunter als Du denkst! - Naturpark L\u00fcneburger Heide<\/title>\n<meta name=\"description\" content=\"Gut erreichbar im St\u00e4dtedreieck Hamburg, Bremen und Hannover gelegen erstreckt sich der Naturpark \u00fcber eine Fl\u00e4che von 1.070 km\u00b2. Er beherbergt die gr\u00f6\u00dften zusammenh\u00e4ngenden Heidefl\u00e4chen Mitteleuropas. Hier findet man nicht nur Schnuckenherden mit ihrem Sch\u00e4fer auf Streifz\u00fcgen durch die Landschaft oder die pr\u00e4chtig violette Heidebl\u00fcte im August und September sondern eine bunte Vielfalt von Naturerlebnisangeboten f\u00fcr Gro\u00df und Klein.\" \/>\n<meta name=\"robots\" content=\"index, follow, max-snippet:-1, max-image-preview:large, max-video-preview:-1\" \/>\n<link rel=\"canonical\" href=\"https:\/\/www.naturparkmagazin.de\/vdn\/bunter-als-du-denkst-naturpark-lueneburger-heide\/\" \/>\n<meta property=\"og:locale\" content=\"de_DE\" \/>\n<meta property=\"og:type\" content=\"article\" \/>\n<meta property=\"og:title\" content=\"Bunter als Du denkst! - Naturpark L\u00fcneburger Heide\" \/>\n<meta property=\"og:description\" content=\"Gut erreichbar im St\u00e4dtedreieck Hamburg, Bremen und Hannover gelegen erstreckt sich der Naturpark \u00fcber eine Fl\u00e4che von 1.070 km\u00b2. Er beherbergt die gr\u00f6\u00dften zusammenh\u00e4ngenden Heidefl\u00e4chen Mitteleuropas. Hier findet man nicht nur Schnuckenherden mit ihrem Sch\u00e4fer auf Streifz\u00fcgen durch die Landschaft oder die pr\u00e4chtig violette Heidebl\u00fcte im August und September sondern eine bunte Vielfalt von Naturerlebnisangeboten f\u00fcr Gro\u00df und Klein.\" \/>\n<meta property=\"og:url\" content=\"https:\/\/www.naturparkmagazin.de\/vdn\/bunter-als-du-denkst-naturpark-lueneburger-heide\/\" \/>\n<meta property=\"og:site_name\" content=\"Verband Deutscher Naturparke\" \/>\n<meta property=\"article:published_time\" content=\"2016-05-17T01:03:08+00:00\" \/>\n<meta property=\"article:modified_time\" content=\"2016-05-18T10:19:00+00:00\" \/>\n<meta property=\"og:image\" content=\"https:\/\/www.naturparkmagazin.de\/vdn\/wp-content\/uploads\/sites\/3\/Heide_Panorama2008_1_beitragsbild.jpg\" \/>\n\t<meta property=\"og:image:width\" content=\"200\" \/>\n\t<meta property=\"og:image:height\" content=\"200\" \/>\n\t<meta property=\"og:image:type\" content=\"image\/jpeg\" \/>\n<meta name=\"author\" content=\"beatrixlosem\" \/>\n<meta name=\"twitter:label1\" content=\"Verfasst von\" \/>\n\t<meta name=\"twitter:data1\" content=\"beatrixlosem\" \/>\n\t<meta name=\"twitter:label2\" content=\"Gesch\u00e4tzte Lesezeit\" \/>\n\t<meta name=\"twitter:data2\" content=\"1\u00a0Minute\" \/>\n<script type=\"application\/ld+json\" class=\"yoast-schema-graph\">{\"@context\":\"https:\/\/schema.org\",\"@graph\":[{\"@type\":\"WebPage\",\"@id\":\"https:\/\/www.naturparkmagazin.de\/vdn\/bunter-als-du-denkst-naturpark-lueneburger-heide\/\",\"url\":\"https:\/\/www.naturparkmagazin.de\/vdn\/bunter-als-du-denkst-naturpark-lueneburger-heide\/\",\"name\":\"Bunter als Du denkst! - Naturpark L\u00fcneburger Heide\",\"isPartOf\":{\"@id\":\"https:\/\/www.naturparkmagazin.de\/vdn\/#website\"},\"datePublished\":\"2016-05-17T01:03:08+00:00\",\"dateModified\":\"2016-05-18T10:19:00+00:00\",\"author\":{\"@id\":\"https:\/\/www.naturparkmagazin.de\/vdn\/#\/schema\/person\/d71357578c318b6db03be60b1f60396b\"},\"description\":\"Gut erreichbar im St\u00e4dtedreieck Hamburg, Bremen und Hannover gelegen erstreckt sich der Naturpark \u00fcber eine Fl\u00e4che von 1.070 km\u00b2. Er beherbergt die gr\u00f6\u00dften zusammenh\u00e4ngenden Heidefl\u00e4chen Mitteleuropas. Hier findet man nicht nur Schnuckenherden mit ihrem Sch\u00e4fer auf Streifz\u00fcgen durch die Landschaft oder die pr\u00e4chtig violette Heidebl\u00fcte im August und September sondern eine bunte Vielfalt von Naturerlebnisangeboten f\u00fcr Gro\u00df und Klein.\",\"breadcrumb\":{\"@id\":\"https:\/\/www.naturparkmagazin.de\/vdn\/bunter-als-du-denkst-naturpark-lueneburger-heide\/#breadcrumb\"},\"inLanguage\":\"de\",\"potentialAction\":[{\"@type\":\"ReadAction\",\"target\":[\"https:\/\/www.naturparkmagazin.de\/vdn\/bunter-als-du-denkst-naturpark-lueneburger-heide\/\"]}]},{\"@type\":\"BreadcrumbList\",\"@id\":\"https:\/\/www.naturparkmagazin.de\/vdn\/bunter-als-du-denkst-naturpark-lueneburger-heide\/#breadcrumb\",\"itemListElement\":[{\"@type\":\"ListItem\",\"position\":1,\"name\":\"Home\",\"item\":\"https:\/\/www.naturparkmagazin.de\/vdn\/\"},{\"@type\":\"ListItem\",\"position\":2,\"name\":\"Bunter als Du denkst! &#8211; Naturpark L\u00fcneburger Heide\"}]},{\"@type\":\"WebSite\",\"@id\":\"https:\/\/www.naturparkmagazin.de\/vdn\/#website\",\"url\":\"https:\/\/www.naturparkmagazin.de\/vdn\/\",\"name\":\"Verband Deutscher Naturparke\",\"description\":\"Eine weitere Naturparkmagazin.de Netzwerk Seite\",\"potentialAction\":[{\"@type\":\"SearchAction\",\"target\":{\"@type\":\"EntryPoint\",\"urlTemplate\":\"https:\/\/www.naturparkmagazin.de\/vdn\/?s={search_term_string}\"},\"query-input\":\"required name=search_term_string\"}],\"inLanguage\":\"de\"},{\"@type\":\"Person\",\"@id\":\"https:\/\/www.naturparkmagazin.de\/vdn\/#\/schema\/person\/d71357578c318b6db03be60b1f60396b\",\"name\":\"beatrixlosem\",\"url\":\"https:\/\/www.naturparkmagazin.de\/vdn\/author\/beatrixlosem\/\"}]}<\/script>\n<!-- \/ Yoast SEO plugin. -->","yoast_head_json":{"title":"Bunter als Du denkst! - Naturpark L\u00fcneburger Heide","description":"Gut erreichbar im St\u00e4dtedreieck Hamburg, Bremen und Hannover gelegen erstreckt sich der Naturpark \u00fcber eine Fl\u00e4che von 1.070 km\u00b2. Er beherbergt die gr\u00f6\u00dften zusammenh\u00e4ngenden Heidefl\u00e4chen Mitteleuropas. Hier findet man nicht nur Schnuckenherden mit ihrem Sch\u00e4fer auf Streifz\u00fcgen durch die Landschaft oder die pr\u00e4chtig violette Heidebl\u00fcte im August und September sondern eine bunte Vielfalt von Naturerlebnisangeboten f\u00fcr Gro\u00df und Klein.","robots":{"index":"index","follow":"follow","max-snippet":"max-snippet:-1","max-image-preview":"max-image-preview:large","max-video-preview":"max-video-preview:-1"},"canonical":"https:\/\/www.naturparkmagazin.de\/vdn\/bunter-als-du-denkst-naturpark-lueneburger-heide\/","og_locale":"de_DE","og_type":"article","og_title":"Bunter als Du denkst! - Naturpark L\u00fcneburger Heide","og_description":"Gut erreichbar im St\u00e4dtedreieck Hamburg, Bremen und Hannover gelegen erstreckt sich der Naturpark \u00fcber eine Fl\u00e4che von 1.070 km\u00b2. Er beherbergt die gr\u00f6\u00dften zusammenh\u00e4ngenden Heidefl\u00e4chen Mitteleuropas. Hier findet man nicht nur Schnuckenherden mit ihrem Sch\u00e4fer auf Streifz\u00fcgen durch die Landschaft oder die pr\u00e4chtig violette Heidebl\u00fcte im August und September sondern eine bunte Vielfalt von Naturerlebnisangeboten f\u00fcr Gro\u00df und Klein.","og_url":"https:\/\/www.naturparkmagazin.de\/vdn\/bunter-als-du-denkst-naturpark-lueneburger-heide\/","og_site_name":"Verband Deutscher Naturparke","article_published_time":"2016-05-17T01:03:08+00:00","article_modified_time":"2016-05-18T10:19:00+00:00","og_image":[{"width":200,"height":200,"url":"https:\/\/www.naturparkmagazin.de\/vdn\/wp-content\/uploads\/sites\/3\/Heide_Panorama2008_1_beitragsbild.jpg","type":"image\/jpeg"}],"author":"beatrixlosem","twitter_misc":{"Verfasst von":"beatrixlosem","Gesch\u00e4tzte Lesezeit":"1\u00a0Minute"},"schema":{"@context":"https:\/\/schema.org","@graph":[{"@type":"WebPage","@id":"https:\/\/www.naturparkmagazin.de\/vdn\/bunter-als-du-denkst-naturpark-lueneburger-heide\/","url":"https:\/\/www.naturparkmagazin.de\/vdn\/bunter-als-du-denkst-naturpark-lueneburger-heide\/","name":"Bunter als Du denkst! - Naturpark L\u00fcneburger Heide","isPartOf":{"@id":"https:\/\/www.naturparkmagazin.de\/vdn\/#website"},"datePublished":"2016-05-17T01:03:08+00:00","dateModified":"2016-05-18T10:19:00+00:00","author":{"@id":"https:\/\/www.naturparkmagazin.de\/vdn\/#\/schema\/person\/d71357578c318b6db03be60b1f60396b"},"description":"Gut erreichbar im St\u00e4dtedreieck Hamburg, Bremen und Hannover gelegen erstreckt sich der Naturpark \u00fcber eine Fl\u00e4che von 1.070 km\u00b2. Er beherbergt die gr\u00f6\u00dften zusammenh\u00e4ngenden Heidefl\u00e4chen Mitteleuropas. Hier findet man nicht nur Schnuckenherden mit ihrem Sch\u00e4fer auf Streifz\u00fcgen durch die Landschaft oder die pr\u00e4chtig violette Heidebl\u00fcte im August und September sondern eine bunte Vielfalt von Naturerlebnisangeboten f\u00fcr Gro\u00df und Klein.","breadcrumb":{"@id":"https:\/\/www.naturparkmagazin.de\/vdn\/bunter-als-du-denkst-naturpark-lueneburger-heide\/#breadcrumb"},"inLanguage":"de","potentialAction":[{"@type":"ReadAction","target":["https:\/\/www.naturparkmagazin.de\/vdn\/bunter-als-du-denkst-naturpark-lueneburger-heide\/"]}]},{"@type":"BreadcrumbList","@id":"https:\/\/www.naturparkmagazin.de\/vdn\/bunter-als-du-denkst-naturpark-lueneburger-heide\/#breadcrumb","itemListElement":[{"@type":"ListItem","position":1,"name":"Home","item":"https:\/\/www.naturparkmagazin.de\/vdn\/"},{"@type":"ListItem","position":2,"name":"Bunter als Du denkst! &#8211; Naturpark L\u00fcneburger Heide"}]},{"@type":"WebSite","@id":"https:\/\/www.naturparkmagazin.de\/vdn\/#website","url":"https:\/\/www.naturparkmagazin.de\/vdn\/","name":"Verband Deutscher Naturparke","description":"Eine weitere Naturparkmagazin.de Netzwerk Seite","potentialAction":[{"@type":"SearchAction","target":{"@type":"EntryPoint","urlTemplate":"https:\/\/www.naturparkmagazin.de\/vdn\/?s={search_term_string}"},"query-input":"required name=search_term_string"}],"inLanguage":"de"},{"@type":"Person","@id":"https:\/\/www.naturparkmagazin.de\/vdn\/#\/schema\/person\/d71357578c318b6db03be60b1f60396b","name":"beatrixlosem","url":"https:\/\/www.naturparkmagazin.de\/vdn\/author\/beatrixlosem\/"}]}},"_links":{"self":[{"href":"https:\/\/www.naturparkmagazin.de\/vdn\/wp-json\/wp\/v2\/posts\/7058"}],"collection":[{"href":"https:\/\/www.naturparkmagazin.de\/vdn\/wp-json\/wp\/v2\/posts"}],"about":[{"href":"https:\/\/www.naturparkmagazin.de\/vdn\/wp-json\/wp\/v2\/types\/post"}],"author":[{"embeddable":true,"href":"https:\/\/www.naturparkmagazin.de\/vdn\/wp-json\/wp\/v2\/users\/51"}],"replies":[{"embeddable":true,"href":"https:\/\/www.naturparkmagazin.de\/vdn\/wp-json\/wp\/v2\/comments?post=7058"}],"version-history":[{"count":18,"href":"https:\/\/www.naturparkmagazin.de\/vdn\/wp-json\/wp\/v2\/posts\/7058\/revisions"}],"predecessor-version":[{"id":7172,"href":"https:\/\/www.naturparkmagazin.de\/vdn\/wp-json\/wp\/v2\/posts\/7058\/revisions\/7172"}],"wp:featuredmedia":[{"embeddable":true,"href":"https:\/\/www.naturparkmagazin.de\/vdn\/wp-json\/wp\/v2\/media\/7077"}],"wp:attachment":[{"href":"https:\/\/www.naturparkmagazin.de\/vdn\/wp-json\/wp\/v2\/media?parent=7058"}],"wp:term":[{"taxonomy":"category","embeddable":true,"href":"https:\/\/www.naturparkmagazin.de\/vdn\/wp-json\/wp\/v2\/categories?post=7058"},{"taxonomy":"post_tag","embeddable":true,"href":"https:\/\/www.naturparkmagazin.de\/vdn\/wp-json\/wp\/v2\/tags?post=7058"}],"curies":[{"name":"wp","href":"https:\/\/api.w.org\/{rel}","templated":true}]}}