{"id":7081,"date":"2016-05-17T07:19:56","date_gmt":"2016-05-17T05:19:56","guid":{"rendered":"http:\/\/www.naturparkmagazin.de\/vdn\/?p=7081"},"modified":"2016-05-18T12:00:35","modified_gmt":"2016-05-18T10:00:35","slug":"nachlese-naturparkvertreter-trafen-sich-in-malenteurparkvertreter","status":"publish","type":"post","link":"https:\/\/www.naturparkmagazin.de\/vdn\/nachlese-naturparkvertreter-trafen-sich-in-malenteurparkvertreter\/","title":{"rendered":"&#8222;Nachlese&#8220; &#8211; Naturparkvertreter trafen sich in Malente"},"content":{"rendered":"<div id=\"attachment_7095\" style=\"width: 510px\" class=\"wp-caption aligncenter\"><a href=\"https:\/\/www.naturparkmagazin.de\/vdn\/wp-content\/uploads\/sites\/3\/Wanderung-in-Nehmten-Foto-S.-Fuhrmann-_beitrag.jpg\"><img aria-describedby=\"caption-attachment-7095\" decoding=\"async\" loading=\"lazy\" class=\"size-full wp-image-7095\" src=\"https:\/\/www.naturparkmagazin.de\/vdn\/wp-content\/uploads\/sites\/3\/Wanderung-in-Nehmten-Foto-S.-Fuhrmann-_beitrag.jpg\" alt=\"Wanderung in Nehmten, Foto: S. Fuhrmann\" width=\"500\" height=\"300\" srcset=\"https:\/\/www.naturparkmagazin.de\/vdn\/wp-content\/uploads\/sites\/3\/Wanderung-in-Nehmten-Foto-S.-Fuhrmann-_beitrag.jpg 500w, https:\/\/www.naturparkmagazin.de\/vdn\/wp-content\/uploads\/sites\/3\/Wanderung-in-Nehmten-Foto-S.-Fuhrmann-_beitrag-300x180.jpg 300w, https:\/\/www.naturparkmagazin.de\/vdn\/wp-content\/uploads\/sites\/3\/Wanderung-in-Nehmten-Foto-S.-Fuhrmann-_beitrag-200x120.jpg 200w\" sizes=\"(max-width: 500px) 100vw, 500px\" \/><\/a><p id=\"caption-attachment-7095\" class=\"wp-caption-text\">Wanderung in Nehmten, Foto: S. Fuhrmann<\/p><\/div>\n<p>Das j\u00e4hrliche Fr\u00fchjahrstreffen der deutschen Naturparke fand in diesem Jahr in Bad Malente-Gremsm\u00fchlen im Naturpark Holsteinische Schweiz statt. Vom 2. bis zum 4. Mai 2016 trafen sich 65 Vertreter aus 39 deutschen Naturparken, um \u00fcber aktuelle und geplante Naturpark-Projekte zu berichten und durch Informationen, Ideen und durch den Erfahrungsaustausch mit den Verantwortlichen in den Naturparken diese Projekte weiterzuentwickeln und auszubauen.<\/p>\n<div id=\"attachment_7090\" style=\"width: 510px\" class=\"wp-caption aligncenter\"><a href=\"https:\/\/www.naturparkmagazin.de\/vdn\/wp-content\/uploads\/sites\/3\/Gedankenaustausch-Foto-NPHS-Daubitz_beitrag.jpg\"><img aria-describedby=\"caption-attachment-7090\" decoding=\"async\" loading=\"lazy\" class=\"size-full wp-image-7090\" src=\"https:\/\/www.naturparkmagazin.de\/vdn\/wp-content\/uploads\/sites\/3\/Gedankenaustausch-Foto-NPHS-Daubitz_beitrag.jpg\" alt=\"&quot;Gedankenaustausch&quot;, Foto: NPHS Daubitz\" width=\"500\" height=\"300\" srcset=\"https:\/\/www.naturparkmagazin.de\/vdn\/wp-content\/uploads\/sites\/3\/Gedankenaustausch-Foto-NPHS-Daubitz_beitrag.jpg 500w, https:\/\/www.naturparkmagazin.de\/vdn\/wp-content\/uploads\/sites\/3\/Gedankenaustausch-Foto-NPHS-Daubitz_beitrag-300x180.jpg 300w, https:\/\/www.naturparkmagazin.de\/vdn\/wp-content\/uploads\/sites\/3\/Gedankenaustausch-Foto-NPHS-Daubitz_beitrag-200x120.jpg 200w\" sizes=\"(max-width: 500px) 100vw, 500px\" \/><\/a><p id=\"caption-attachment-7090\" class=\"wp-caption-text\">&#8222;Gedankenaustausch&#8220;, Foto: NPHS Daubitz<\/p><\/div>\n<p>Auf dem Programm standen u.a. die Entwicklung von Naturerlebnisangeboten in Naturparken und von Angeboten zum barrierefreien Naturerleben sowie Naturschutzprojekte in den Naturparken.<\/p>\n<div id=\"attachment_7089\" style=\"width: 510px\" class=\"wp-caption aligncenter\"><a href=\"https:\/\/www.naturparkmagazin.de\/vdn\/wp-content\/uploads\/sites\/3\/Fledermauszentrum-Noctalis-Foto-S.-Fuhrmann_beitrag.jpg\"><img aria-describedby=\"caption-attachment-7089\" decoding=\"async\" loading=\"lazy\" class=\"size-full wp-image-7089\" src=\"https:\/\/www.naturparkmagazin.de\/vdn\/wp-content\/uploads\/sites\/3\/Fledermauszentrum-Noctalis-Foto-S.-Fuhrmann_beitrag.jpg\" alt=\"Fledermauszentrum Noctalis, Foto: S. Fuhrmann\" width=\"500\" height=\"700\" srcset=\"https:\/\/www.naturparkmagazin.de\/vdn\/wp-content\/uploads\/sites\/3\/Fledermauszentrum-Noctalis-Foto-S.-Fuhrmann_beitrag.jpg 500w, https:\/\/www.naturparkmagazin.de\/vdn\/wp-content\/uploads\/sites\/3\/Fledermauszentrum-Noctalis-Foto-S.-Fuhrmann_beitrag-300x420.jpg 300w, https:\/\/www.naturparkmagazin.de\/vdn\/wp-content\/uploads\/sites\/3\/Fledermauszentrum-Noctalis-Foto-S.-Fuhrmann_beitrag-200x280.jpg 200w\" sizes=\"(max-width: 500px) 100vw, 500px\" \/><\/a><p id=\"caption-attachment-7089\" class=\"wp-caption-text\">Fledermauszentrum Noctalis, Foto: S. Fuhrmann<\/p><\/div>\n<p>Das Team des Naturparks Holsteinische Schweiz e.V. nahm die Gelegenheit gerne wahr, um den \u201eKollegen\u201c aus ganz Deutschland bei einem 2t\u00e4gigen Exkursionsprogramm besondere Projekte verschiedenster Akteure und Einrichtungen im Naturparkgebiet vorzustellen. So lernten die Teilnehmer neben dem Naturpark-Haus in Pl\u00f6n auch das Fledermauszentrum Noctalis in Bad Segeberg kennen. Die neu ausgeschilderten Wanderwege f\u00fchrten die Gruppe in Begleitung der Schutzgebietsbetreuer der Stiftung Naturschutz SH bzw. des NABU zum NSG St\u00f6rland (Gemeinde Nehmten) und NSG Heidmoor (Gemeinde Seedorf).<\/p>\n<div id=\"attachment_7093\" style=\"width: 510px\" class=\"wp-caption aligncenter\"><a href=\"https:\/\/www.naturparkmagazin.de\/vdn\/wp-content\/uploads\/sites\/3\/Seeadlerbeobachtung-Foto-T.-Daubitz_beitrag.jpg\"><img aria-describedby=\"caption-attachment-7093\" decoding=\"async\" loading=\"lazy\" class=\"size-full wp-image-7093\" src=\"https:\/\/www.naturparkmagazin.de\/vdn\/wp-content\/uploads\/sites\/3\/Seeadlerbeobachtung-Foto-T.-Daubitz_beitrag.jpg\" alt=\"Seeadlerbeobachtung, Foto: T. Daubitz\" width=\"500\" height=\"300\" srcset=\"https:\/\/www.naturparkmagazin.de\/vdn\/wp-content\/uploads\/sites\/3\/Seeadlerbeobachtung-Foto-T.-Daubitz_beitrag.jpg 500w, https:\/\/www.naturparkmagazin.de\/vdn\/wp-content\/uploads\/sites\/3\/Seeadlerbeobachtung-Foto-T.-Daubitz_beitrag-300x180.jpg 300w, https:\/\/www.naturparkmagazin.de\/vdn\/wp-content\/uploads\/sites\/3\/Seeadlerbeobachtung-Foto-T.-Daubitz_beitrag-200x120.jpg 200w\" sizes=\"(max-width: 500px) 100vw, 500px\" \/><\/a><p id=\"caption-attachment-7093\" class=\"wp-caption-text\">Seeadlerbeobachtung, Foto: T. Daubitz<\/p><\/div>\n<p>Ein Besuch der Seeadlerbeobachtungsstation der Projektgruppe Seeadlerschutz e.V. in Rathjensdorf und des Naturerlebnisraumes Bungsberg in der Gemeinde Sch\u00f6nwalde geh\u00f6rten ebenfalls zum Programm.<\/p>\n<div id=\"attachment_7087\" style=\"width: 510px\" class=\"wp-caption aligncenter\"><a href=\"https:\/\/www.naturparkmagazin.de\/vdn\/wp-content\/uploads\/sites\/3\/In-der-Stendorfer-Niederung-Foto-T.-Daubitz_beitrag.jpg\"><img aria-describedby=\"caption-attachment-7087\" decoding=\"async\" loading=\"lazy\" class=\"size-full wp-image-7087\" src=\"https:\/\/www.naturparkmagazin.de\/vdn\/wp-content\/uploads\/sites\/3\/In-der-Stendorfer-Niederung-Foto-T.-Daubitz_beitrag.jpg\" alt=\"In der Stendorfer Niederung, Foto: T. Daubitz\" width=\"500\" height=\"350\" srcset=\"https:\/\/www.naturparkmagazin.de\/vdn\/wp-content\/uploads\/sites\/3\/In-der-Stendorfer-Niederung-Foto-T.-Daubitz_beitrag.jpg 500w, https:\/\/www.naturparkmagazin.de\/vdn\/wp-content\/uploads\/sites\/3\/In-der-Stendorfer-Niederung-Foto-T.-Daubitz_beitrag-300x210.jpg 300w, https:\/\/www.naturparkmagazin.de\/vdn\/wp-content\/uploads\/sites\/3\/In-der-Stendorfer-Niederung-Foto-T.-Daubitz_beitrag-200x140.jpg 200w\" sizes=\"(max-width: 500px) 100vw, 500px\" \/><\/a><p id=\"caption-attachment-7087\" class=\"wp-caption-text\">In der Stendorfer Niederung, Foto: T. Daubitz<\/p><\/div>\n<p>In der Stendorfer Niederung (Kasseedorf) wurden den Naturparkvertretern die dortigen Renaturierungsma\u00dfnahmen im Einzugsbereich der Schwentine als Projekt der Lokalen Aktion\/Wasser-Otter-Mensch e.V. vorgestellt.<\/p>\n<div id=\"attachment_7085\" style=\"width: 510px\" class=\"wp-caption aligncenter\"><a href=\"https:\/\/www.naturparkmagazin.de\/vdn\/wp-content\/uploads\/sites\/3\/Auf-dem-Bungsberg-Foto-T.-Daubitz1_beitrag.jpg\"><img aria-describedby=\"caption-attachment-7085\" decoding=\"async\" loading=\"lazy\" class=\"size-full wp-image-7085\" src=\"https:\/\/www.naturparkmagazin.de\/vdn\/wp-content\/uploads\/sites\/3\/Auf-dem-Bungsberg-Foto-T.-Daubitz1_beitrag.jpg\" alt=\"Auf dem Bungsberg, Foto: T. Daubitz\" width=\"500\" height=\"300\" srcset=\"https:\/\/www.naturparkmagazin.de\/vdn\/wp-content\/uploads\/sites\/3\/Auf-dem-Bungsberg-Foto-T.-Daubitz1_beitrag.jpg 500w, https:\/\/www.naturparkmagazin.de\/vdn\/wp-content\/uploads\/sites\/3\/Auf-dem-Bungsberg-Foto-T.-Daubitz1_beitrag-300x180.jpg 300w, https:\/\/www.naturparkmagazin.de\/vdn\/wp-content\/uploads\/sites\/3\/Auf-dem-Bungsberg-Foto-T.-Daubitz1_beitrag-200x120.jpg 200w\" sizes=\"(max-width: 500px) 100vw, 500px\" \/><\/a><p id=\"caption-attachment-7085\" class=\"wp-caption-text\">Auf dem Bungsberg, Foto: T. Daubitz<\/p><\/div>\n<p>Der Naturpark Holsteinische Schweiz zeigte sich w\u00e4hrend der Tagung bei sch\u00f6nstem Maiwetter von seiner besten Seite. Dank der engagierten Unterst\u00fctzung durch die beteiligten Akteure konnten die Tagungsteilnehmer vielf\u00e4ltige Eindr\u00fccke und Anregungen mit auf die Heimreise in ihre Naturparke nehmen.<\/p>\n<p>&nbsp;<\/p>\n<p>&nbsp;<\/p>\n","protected":false},"excerpt":{"rendered":"<p>Das j\u00e4hrliche Fr\u00fchjahrstreffen der deutschen Naturparke fand in diesem Jahr in Bad Malente-Gremsm\u00fchlen im Naturpark Holsteinische Schweiz statt.<\/p>\n","protected":false},"author":51,"featured_media":7094,"comment_status":"open","ping_status":"open","sticky":false,"template":"","format":"standard","meta":{"_links_to":"","_links_to_target":""},"categories":[7],"tags":[],"yoast_head":"<!-- This site is optimized with the Yoast SEO plugin v19.10 - https:\/\/yoast.com\/wordpress\/plugins\/seo\/ -->\n<title>&quot;Nachlese&quot; - Naturparkvertreter trafen sich in Malente<\/title>\n<meta name=\"description\" content=\"Das j\u00e4hrliche Fr\u00fchjahrstreffen der deutschen Naturparke fand in diesem Jahr in Bad Malente-Gremsm\u00fchlen im Naturpark Holsteinische Schweiz statt.\" \/>\n<meta name=\"robots\" content=\"index, follow, max-snippet:-1, max-image-preview:large, max-video-preview:-1\" \/>\n<link rel=\"canonical\" href=\"https:\/\/www.naturparkmagazin.de\/vdn\/nachlese-naturparkvertreter-trafen-sich-in-malenteurparkvertreter\/\" \/>\n<meta property=\"og:locale\" content=\"de_DE\" \/>\n<meta property=\"og:type\" content=\"article\" \/>\n<meta property=\"og:title\" content=\"&quot;Nachlese&quot; - Naturparkvertreter trafen sich in Malente\" \/>\n<meta property=\"og:description\" content=\"Das j\u00e4hrliche Fr\u00fchjahrstreffen der deutschen Naturparke fand in diesem Jahr in Bad Malente-Gremsm\u00fchlen im Naturpark Holsteinische Schweiz statt.\" \/>\n<meta property=\"og:url\" content=\"https:\/\/www.naturparkmagazin.de\/vdn\/nachlese-naturparkvertreter-trafen-sich-in-malenteurparkvertreter\/\" \/>\n<meta property=\"og:site_name\" content=\"Verband Deutscher Naturparke\" \/>\n<meta property=\"article:published_time\" content=\"2016-05-17T05:19:56+00:00\" \/>\n<meta property=\"article:modified_time\" content=\"2016-05-18T10:00:35+00:00\" \/>\n<meta property=\"og:image\" content=\"https:\/\/www.naturparkmagazin.de\/vdn\/wp-content\/uploads\/sites\/3\/Gedankenaustausch1.jpg\" \/>\n\t<meta property=\"og:image:width\" content=\"200\" \/>\n\t<meta property=\"og:image:height\" content=\"200\" \/>\n\t<meta property=\"og:image:type\" content=\"image\/jpeg\" \/>\n<meta name=\"author\" content=\"beatrixlosem\" \/>\n<meta name=\"twitter:label1\" content=\"Verfasst von\" \/>\n\t<meta name=\"twitter:data1\" content=\"beatrixlosem\" \/>\n\t<meta name=\"twitter:label2\" content=\"Gesch\u00e4tzte Lesezeit\" \/>\n\t<meta name=\"twitter:data2\" content=\"2\u00a0Minuten\" \/>\n<script type=\"application\/ld+json\" class=\"yoast-schema-graph\">{\"@context\":\"https:\/\/schema.org\",\"@graph\":[{\"@type\":\"WebPage\",\"@id\":\"https:\/\/www.naturparkmagazin.de\/vdn\/nachlese-naturparkvertreter-trafen-sich-in-malenteurparkvertreter\/\",\"url\":\"https:\/\/www.naturparkmagazin.de\/vdn\/nachlese-naturparkvertreter-trafen-sich-in-malenteurparkvertreter\/\",\"name\":\"\\\"Nachlese\\\" - Naturparkvertreter trafen sich in Malente\",\"isPartOf\":{\"@id\":\"https:\/\/www.naturparkmagazin.de\/vdn\/#website\"},\"datePublished\":\"2016-05-17T05:19:56+00:00\",\"dateModified\":\"2016-05-18T10:00:35+00:00\",\"author\":{\"@id\":\"https:\/\/www.naturparkmagazin.de\/vdn\/#\/schema\/person\/d71357578c318b6db03be60b1f60396b\"},\"description\":\"Das j\u00e4hrliche Fr\u00fchjahrstreffen der deutschen Naturparke fand in diesem Jahr in Bad Malente-Gremsm\u00fchlen im Naturpark Holsteinische Schweiz statt.\",\"breadcrumb\":{\"@id\":\"https:\/\/www.naturparkmagazin.de\/vdn\/nachlese-naturparkvertreter-trafen-sich-in-malenteurparkvertreter\/#breadcrumb\"},\"inLanguage\":\"de\",\"potentialAction\":[{\"@type\":\"ReadAction\",\"target\":[\"https:\/\/www.naturparkmagazin.de\/vdn\/nachlese-naturparkvertreter-trafen-sich-in-malenteurparkvertreter\/\"]}]},{\"@type\":\"BreadcrumbList\",\"@id\":\"https:\/\/www.naturparkmagazin.de\/vdn\/nachlese-naturparkvertreter-trafen-sich-in-malenteurparkvertreter\/#breadcrumb\",\"itemListElement\":[{\"@type\":\"ListItem\",\"position\":1,\"name\":\"Home\",\"item\":\"https:\/\/www.naturparkmagazin.de\/vdn\/\"},{\"@type\":\"ListItem\",\"position\":2,\"name\":\"&#8222;Nachlese&#8220; &#8211; Naturparkvertreter trafen sich in Malente\"}]},{\"@type\":\"WebSite\",\"@id\":\"https:\/\/www.naturparkmagazin.de\/vdn\/#website\",\"url\":\"https:\/\/www.naturparkmagazin.de\/vdn\/\",\"name\":\"Verband Deutscher Naturparke\",\"description\":\"Eine weitere Naturparkmagazin.de Netzwerk Seite\",\"potentialAction\":[{\"@type\":\"SearchAction\",\"target\":{\"@type\":\"EntryPoint\",\"urlTemplate\":\"https:\/\/www.naturparkmagazin.de\/vdn\/?s={search_term_string}\"},\"query-input\":\"required name=search_term_string\"}],\"inLanguage\":\"de\"},{\"@type\":\"Person\",\"@id\":\"https:\/\/www.naturparkmagazin.de\/vdn\/#\/schema\/person\/d71357578c318b6db03be60b1f60396b\",\"name\":\"beatrixlosem\",\"url\":\"https:\/\/www.naturparkmagazin.de\/vdn\/author\/beatrixlosem\/\"}]}<\/script>\n<!-- \/ Yoast SEO plugin. -->","yoast_head_json":{"title":"\"Nachlese\" - Naturparkvertreter trafen sich in Malente","description":"Das j\u00e4hrliche Fr\u00fchjahrstreffen der deutschen Naturparke fand in diesem Jahr in Bad Malente-Gremsm\u00fchlen im Naturpark Holsteinische Schweiz statt.","robots":{"index":"index","follow":"follow","max-snippet":"max-snippet:-1","max-image-preview":"max-image-preview:large","max-video-preview":"max-video-preview:-1"},"canonical":"https:\/\/www.naturparkmagazin.de\/vdn\/nachlese-naturparkvertreter-trafen-sich-in-malenteurparkvertreter\/","og_locale":"de_DE","og_type":"article","og_title":"\"Nachlese\" - Naturparkvertreter trafen sich in Malente","og_description":"Das j\u00e4hrliche Fr\u00fchjahrstreffen der deutschen Naturparke fand in diesem Jahr in Bad Malente-Gremsm\u00fchlen im Naturpark Holsteinische Schweiz statt.","og_url":"https:\/\/www.naturparkmagazin.de\/vdn\/nachlese-naturparkvertreter-trafen-sich-in-malenteurparkvertreter\/","og_site_name":"Verband Deutscher Naturparke","article_published_time":"2016-05-17T05:19:56+00:00","article_modified_time":"2016-05-18T10:00:35+00:00","og_image":[{"width":200,"height":200,"url":"https:\/\/www.naturparkmagazin.de\/vdn\/wp-content\/uploads\/sites\/3\/Gedankenaustausch1.jpg","type":"image\/jpeg"}],"author":"beatrixlosem","twitter_misc":{"Verfasst von":"beatrixlosem","Gesch\u00e4tzte Lesezeit":"2\u00a0Minuten"},"schema":{"@context":"https:\/\/schema.org","@graph":[{"@type":"WebPage","@id":"https:\/\/www.naturparkmagazin.de\/vdn\/nachlese-naturparkvertreter-trafen-sich-in-malenteurparkvertreter\/","url":"https:\/\/www.naturparkmagazin.de\/vdn\/nachlese-naturparkvertreter-trafen-sich-in-malenteurparkvertreter\/","name":"\"Nachlese\" - Naturparkvertreter trafen sich in Malente","isPartOf":{"@id":"https:\/\/www.naturparkmagazin.de\/vdn\/#website"},"datePublished":"2016-05-17T05:19:56+00:00","dateModified":"2016-05-18T10:00:35+00:00","author":{"@id":"https:\/\/www.naturparkmagazin.de\/vdn\/#\/schema\/person\/d71357578c318b6db03be60b1f60396b"},"description":"Das j\u00e4hrliche Fr\u00fchjahrstreffen der deutschen Naturparke fand in diesem Jahr in Bad Malente-Gremsm\u00fchlen im Naturpark Holsteinische Schweiz statt.","breadcrumb":{"@id":"https:\/\/www.naturparkmagazin.de\/vdn\/nachlese-naturparkvertreter-trafen-sich-in-malenteurparkvertreter\/#breadcrumb"},"inLanguage":"de","potentialAction":[{"@type":"ReadAction","target":["https:\/\/www.naturparkmagazin.de\/vdn\/nachlese-naturparkvertreter-trafen-sich-in-malenteurparkvertreter\/"]}]},{"@type":"BreadcrumbList","@id":"https:\/\/www.naturparkmagazin.de\/vdn\/nachlese-naturparkvertreter-trafen-sich-in-malenteurparkvertreter\/#breadcrumb","itemListElement":[{"@type":"ListItem","position":1,"name":"Home","item":"https:\/\/www.naturparkmagazin.de\/vdn\/"},{"@type":"ListItem","position":2,"name":"&#8222;Nachlese&#8220; &#8211; Naturparkvertreter trafen sich in Malente"}]},{"@type":"WebSite","@id":"https:\/\/www.naturparkmagazin.de\/vdn\/#website","url":"https:\/\/www.naturparkmagazin.de\/vdn\/","name":"Verband Deutscher Naturparke","description":"Eine weitere Naturparkmagazin.de Netzwerk Seite","potentialAction":[{"@type":"SearchAction","target":{"@type":"EntryPoint","urlTemplate":"https:\/\/www.naturparkmagazin.de\/vdn\/?s={search_term_string}"},"query-input":"required name=search_term_string"}],"inLanguage":"de"},{"@type":"Person","@id":"https:\/\/www.naturparkmagazin.de\/vdn\/#\/schema\/person\/d71357578c318b6db03be60b1f60396b","name":"beatrixlosem","url":"https:\/\/www.naturparkmagazin.de\/vdn\/author\/beatrixlosem\/"}]}},"_links":{"self":[{"href":"https:\/\/www.naturparkmagazin.de\/vdn\/wp-json\/wp\/v2\/posts\/7081"}],"collection":[{"href":"https:\/\/www.naturparkmagazin.de\/vdn\/wp-json\/wp\/v2\/posts"}],"about":[{"href":"https:\/\/www.naturparkmagazin.de\/vdn\/wp-json\/wp\/v2\/types\/post"}],"author":[{"embeddable":true,"href":"https:\/\/www.naturparkmagazin.de\/vdn\/wp-json\/wp\/v2\/users\/51"}],"replies":[{"embeddable":true,"href":"https:\/\/www.naturparkmagazin.de\/vdn\/wp-json\/wp\/v2\/comments?post=7081"}],"version-history":[{"count":9,"href":"https:\/\/www.naturparkmagazin.de\/vdn\/wp-json\/wp\/v2\/posts\/7081\/revisions"}],"predecessor-version":[{"id":7162,"href":"https:\/\/www.naturparkmagazin.de\/vdn\/wp-json\/wp\/v2\/posts\/7081\/revisions\/7162"}],"wp:featuredmedia":[{"embeddable":true,"href":"https:\/\/www.naturparkmagazin.de\/vdn\/wp-json\/wp\/v2\/media\/7094"}],"wp:attachment":[{"href":"https:\/\/www.naturparkmagazin.de\/vdn\/wp-json\/wp\/v2\/media?parent=7081"}],"wp:term":[{"taxonomy":"category","embeddable":true,"href":"https:\/\/www.naturparkmagazin.de\/vdn\/wp-json\/wp\/v2\/categories?post=7081"},{"taxonomy":"post_tag","embeddable":true,"href":"https:\/\/www.naturparkmagazin.de\/vdn\/wp-json\/wp\/v2\/tags?post=7081"}],"curies":[{"name":"wp","href":"https:\/\/api.w.org\/{rel}","templated":true}]}}