{"id":7099,"date":"2016-05-17T08:55:28","date_gmt":"2016-05-17T06:55:28","guid":{"rendered":"http:\/\/www.naturparkmagazin.de\/vdn\/?p=7099"},"modified":"2016-05-25T13:58:34","modified_gmt":"2016-05-25T11:58:34","slug":"gratulation-naturpark-holsteinische-schweiz-feierte-30-geburtstag","status":"publish","type":"post","link":"https:\/\/www.naturparkmagazin.de\/vdn\/gratulation-naturpark-holsteinische-schweiz-feierte-30-geburtstag\/","title":{"rendered":"&#8222;Gratulation&#8220; &#8211; Naturpark Holsteinische Schweiz feierte 30. Geburtstag"},"content":{"rendered":"<p>In Eutin schlie\u00dft sich der Kreis: 1986 fand hier die Gr\u00fcndungsversammlung des Naturparks Holsteinische Schweiz e.V. im Sitzungssaal des Kreishauses statt. 2016 feierte der Naturpark hier sein 30j\u00e4hriges Bestehen \u2013 diesmal im Rahmen der Landesgartenschau am 2.5.2016.<\/p>\n<div id=\"attachment_7102\" style=\"width: 510px\" class=\"wp-caption aligncenter\"><a href=\"https:\/\/www.naturparkmagazin.de\/vdn\/wp-content\/uploads\/sites\/3\/IMG_0018_beitrag.jpg\"><img aria-describedby=\"caption-attachment-7102\" decoding=\"async\" loading=\"lazy\" class=\"size-full wp-image-7102\" src=\"https:\/\/www.naturparkmagazin.de\/vdn\/wp-content\/uploads\/sites\/3\/IMG_0018_beitrag.jpg\" alt=\"Landr\u00e4tin Stehpanie Ladwig - Copyright: VDN\/Liesen\" width=\"500\" height=\"300\" srcset=\"https:\/\/www.naturparkmagazin.de\/vdn\/wp-content\/uploads\/sites\/3\/IMG_0018_beitrag.jpg 500w, https:\/\/www.naturparkmagazin.de\/vdn\/wp-content\/uploads\/sites\/3\/IMG_0018_beitrag-300x180.jpg 300w, https:\/\/www.naturparkmagazin.de\/vdn\/wp-content\/uploads\/sites\/3\/IMG_0018_beitrag-200x120.jpg 200w\" sizes=\"(max-width: 500px) 100vw, 500px\" \/><\/a><p id=\"caption-attachment-7102\" class=\"wp-caption-text\">Landr\u00e4tin Stehpanie Ladwig &#8211; Copyright: VDN\/Liesen<\/p><\/div>\n<p>Die drei Kreise Ostholstein, Pl\u00f6n und Segeberg, die St\u00e4dte Pl\u00f6n, Eutin und Bad Segeberg und 27 Gemeinden haben sich zum Naturparkverein zusammengeschlossen. Landr\u00e4tin Stephanie Ladwig, amtierende Vorsitzende, betonte in ihrem Gru\u00dfwort anl\u00e4sslich der Jubil\u00e4umsfeier vor rund 140 geladenen G\u00e4sten in der ehemaligen Orangerie des Schlossparks die gro\u00dfe Bedeutung dieser kreis- und gemeinde\u00fcbergreifenden Organisationsstruktur bei der Entwicklung von naturschonenden Erholungsangeboten und beim gemeinsamen Engagement f\u00fcr die Umweltbildungsarbeit.<\/p>\n<p>Zusammen unterhalten die Mitgliedskommunen in Pl\u00f6n seit 1997 ein Info-Haus mit Ausstellung und Umweltbildungsangeboten und eine gemeinsame, wenn auch kleine Gesch\u00e4ftsstelle. Hier werden f\u00fcr den Naturpark Holsteinische Schweiz Projekte, wie z.B. das 2015 fertiggestellte Wanderwegenetz entwickelt, Finanzierungsm\u00f6glichkeiten gefunden und in Kooperation mit den Gemeinden und vielen Partnern umgesetzt.<\/p>\n<div id=\"attachment_7103\" style=\"width: 510px\" class=\"wp-caption aligncenter\"><a href=\"https:\/\/www.naturparkmagazin.de\/vdn\/wp-content\/uploads\/sites\/3\/Ausstellung-auf-der-LGS-Foto-T.-Daubitz1_beitrag.jpg\"><img aria-describedby=\"caption-attachment-7103\" decoding=\"async\" loading=\"lazy\" class=\"size-full wp-image-7103\" src=\"https:\/\/www.naturparkmagazin.de\/vdn\/wp-content\/uploads\/sites\/3\/Ausstellung-auf-der-LGS-Foto-T.-Daubitz1_beitrag.jpg\" alt=\"Ausstellung auf der LGS - Foto T. Daubitz\" width=\"500\" height=\"300\" srcset=\"https:\/\/www.naturparkmagazin.de\/vdn\/wp-content\/uploads\/sites\/3\/Ausstellung-auf-der-LGS-Foto-T.-Daubitz1_beitrag.jpg 500w, https:\/\/www.naturparkmagazin.de\/vdn\/wp-content\/uploads\/sites\/3\/Ausstellung-auf-der-LGS-Foto-T.-Daubitz1_beitrag-300x180.jpg 300w, https:\/\/www.naturparkmagazin.de\/vdn\/wp-content\/uploads\/sites\/3\/Ausstellung-auf-der-LGS-Foto-T.-Daubitz1_beitrag-200x120.jpg 200w\" sizes=\"(max-width: 500px) 100vw, 500px\" \/><\/a><p id=\"caption-attachment-7103\" class=\"wp-caption-text\">Ausstellung auf der LGS &#8211; Foto T. Daubitz<\/p><\/div>\n<p>Zu den Gratulanten geh\u00f6rten Thorsten Elscher, Abteilungsleiter im Umweltministerium, und Dr. Michael Arndt, Pr\u00e4sident des Verbandes Deutscher Naturparke (VDN). Im Rahmen der Jubil\u00e4umsveranstaltung er\u00f6ffneten sie gemeinsam die VDN-Jahrestagung mit \u00fcber 60 Gesch\u00e4ftsf\u00fchrern und Leitern aus 39 deutschen Naturparken.<\/p>\n<div id=\"attachment_7092\" style=\"width: 510px\" class=\"wp-caption aligncenter\"><a href=\"https:\/\/www.naturparkmagazin.de\/vdn\/wp-content\/uploads\/sites\/3\/Stehpanie-Ladwig-und-Dr.-Michael-Arndt-Urkundenuebergabe-30-Jahre-NPHS-Foto-S.-Fuhrmann_beitrag.jpg\"><img aria-describedby=\"caption-attachment-7092\" decoding=\"async\" loading=\"lazy\" class=\"wp-image-7092 size-full\" src=\"https:\/\/www.naturparkmagazin.de\/vdn\/wp-content\/uploads\/sites\/3\/Stehpanie-Ladwig-und-Dr.-Michael-Arndt-Urkundenuebergabe-30-Jahre-NPHS-Foto-S.-Fuhrmann_beitrag.jpg\" alt=\"Landr\u00e4tin Stehpanie Ladwig und Dr. Michael Arndt, Urkunden\u00fcbergabe 30 Jahre NPHS, Foto: S. Fuhrmann\" width=\"500\" height=\"320\" srcset=\"https:\/\/www.naturparkmagazin.de\/vdn\/wp-content\/uploads\/sites\/3\/Stehpanie-Ladwig-und-Dr.-Michael-Arndt-Urkundenuebergabe-30-Jahre-NPHS-Foto-S.-Fuhrmann_beitrag.jpg 500w, https:\/\/www.naturparkmagazin.de\/vdn\/wp-content\/uploads\/sites\/3\/Stehpanie-Ladwig-und-Dr.-Michael-Arndt-Urkundenuebergabe-30-Jahre-NPHS-Foto-S.-Fuhrmann_beitrag-300x192.jpg 300w, https:\/\/www.naturparkmagazin.de\/vdn\/wp-content\/uploads\/sites\/3\/Stehpanie-Ladwig-und-Dr.-Michael-Arndt-Urkundenuebergabe-30-Jahre-NPHS-Foto-S.-Fuhrmann_beitrag-200x128.jpg 200w\" sizes=\"(max-width: 500px) 100vw, 500px\" \/><\/a><p id=\"caption-attachment-7092\" class=\"wp-caption-text\">Landr\u00e4tin Stehpanie Ladwig und Dr. Michael Arndt, Urkunden\u00fcbergabe 30 Jahre NPHS, Foto: S. Fuhrmann<\/p><\/div>\n<p>Dr. Michael Arndt \u00fcberreichte Landr\u00e4tin Stephanie Ladwig eine Urkunde, mit der der VDN die langj\u00e4hrige erfolgreiche Arbeit des Naturparks Holsteinische Schweiz f\u00fcr Mensch und Natur und das Engagement der Aktiven w\u00fcrdigt.<\/p>\n<div id=\"attachment_7088\" style=\"width: 510px\" class=\"wp-caption aligncenter\"><a href=\"https:\/\/www.naturparkmagazin.de\/vdn\/wp-content\/uploads\/sites\/3\/Fischer-Kai-Jubilaeumsfeier-auf-der-LGS_beitrag.jpg\"><img aria-describedby=\"caption-attachment-7088\" decoding=\"async\" loading=\"lazy\" class=\"wp-image-7088 size-full\" src=\"https:\/\/www.naturparkmagazin.de\/vdn\/wp-content\/uploads\/sites\/3\/Fischer-Kai-Jubilaeumsfeier-auf-der-LGS_beitrag.jpg\" alt=\"&quot;Fischer Kai&quot;, Jubil\u00e4umsprogramm auf der B\u00fchne am Schloss (LGS)\" width=\"500\" height=\"300\" srcset=\"https:\/\/www.naturparkmagazin.de\/vdn\/wp-content\/uploads\/sites\/3\/Fischer-Kai-Jubilaeumsfeier-auf-der-LGS_beitrag.jpg 500w, https:\/\/www.naturparkmagazin.de\/vdn\/wp-content\/uploads\/sites\/3\/Fischer-Kai-Jubilaeumsfeier-auf-der-LGS_beitrag-300x180.jpg 300w, https:\/\/www.naturparkmagazin.de\/vdn\/wp-content\/uploads\/sites\/3\/Fischer-Kai-Jubilaeumsfeier-auf-der-LGS_beitrag-200x120.jpg 200w\" sizes=\"(max-width: 500px) 100vw, 500px\" \/><\/a><p id=\"caption-attachment-7088\" class=\"wp-caption-text\">&#8222;Fischer Kai&#8220;, Jubil\u00e4umsprogramm auf der B\u00fchne am Schloss (LGS)<\/p><\/div>\n<p>Die Jubil\u00e4umsfeier schloss mit einem am\u00fcsanten Programm auf der Sparkasse-Holstein B\u00fchne, mit dem der Buchautor Matthias St\u00fcrwohldt und der Kabarettist Andreas Schauder dem Publikum den \u201eNorddeutschen Charakter\u201c n\u00e4her brachten.<\/p>\n<p>&nbsp;<\/p>\n","protected":false},"excerpt":{"rendered":"<p>Der Kreis schlie\u00dft sich: 1986 fand in Eutin die Gr\u00fcndungsversammlung des Naturparks Holsteinische Schweiz e.V. statt. 2016 feierte der Naturpark hier im Rahmen der Landesgartenschau den 30. Geburtstag.<\/p>\n","protected":false},"author":51,"featured_media":7091,"comment_status":"open","ping_status":"open","sticky":false,"template":"","format":"standard","meta":{"_links_to":"","_links_to_target":""},"categories":[7],"tags":[],"yoast_head":"<!-- This site is optimized with the Yoast SEO plugin v19.10 - https:\/\/yoast.com\/wordpress\/plugins\/seo\/ -->\n<title>&quot;Gratulation&quot; - Naturpark Holsteinische Schweiz feierte 30. Geburtstag<\/title>\n<meta name=\"description\" content=\"Der Kreis schlie\u00dft sich: 1986 fand in Eutin die Gr\u00fcndungsversammlung des Naturparks Holsteinische Schweiz e.V. statt. 2016 feierte der Naturpark hier im Rahmen der Landesgartenschau den 30. Geburtstag.\" \/>\n<meta name=\"robots\" content=\"index, follow, max-snippet:-1, max-image-preview:large, max-video-preview:-1\" \/>\n<link rel=\"canonical\" href=\"https:\/\/www.naturparkmagazin.de\/vdn\/gratulation-naturpark-holsteinische-schweiz-feierte-30-geburtstag\/\" \/>\n<meta property=\"og:locale\" content=\"de_DE\" \/>\n<meta property=\"og:type\" content=\"article\" \/>\n<meta property=\"og:title\" content=\"&quot;Gratulation&quot; - Naturpark Holsteinische Schweiz feierte 30. Geburtstag\" \/>\n<meta property=\"og:description\" content=\"Der Kreis schlie\u00dft sich: 1986 fand in Eutin die Gr\u00fcndungsversammlung des Naturparks Holsteinische Schweiz e.V. statt. 2016 feierte der Naturpark hier im Rahmen der Landesgartenschau den 30. Geburtstag.\" \/>\n<meta property=\"og:url\" content=\"https:\/\/www.naturparkmagazin.de\/vdn\/gratulation-naturpark-holsteinische-schweiz-feierte-30-geburtstag\/\" \/>\n<meta property=\"og:site_name\" content=\"Verband Deutscher Naturparke\" \/>\n<meta property=\"article:published_time\" content=\"2016-05-17T06:55:28+00:00\" \/>\n<meta property=\"article:modified_time\" content=\"2016-05-25T11:58:34+00:00\" \/>\n<meta property=\"og:image\" content=\"https:\/\/www.naturparkmagazin.de\/vdn\/wp-content\/uploads\/sites\/3\/S.-Ladwig-und-M.-Arndt_beitragsbild.jpg\" \/>\n\t<meta property=\"og:image:width\" content=\"200\" \/>\n\t<meta property=\"og:image:height\" content=\"200\" \/>\n\t<meta property=\"og:image:type\" content=\"image\/jpeg\" \/>\n<meta name=\"author\" content=\"beatrixlosem\" \/>\n<meta name=\"twitter:label1\" content=\"Verfasst von\" \/>\n\t<meta name=\"twitter:data1\" content=\"beatrixlosem\" \/>\n\t<meta name=\"twitter:label2\" content=\"Gesch\u00e4tzte Lesezeit\" \/>\n\t<meta name=\"twitter:data2\" content=\"2\u00a0Minuten\" \/>\n<script type=\"application\/ld+json\" class=\"yoast-schema-graph\">{\"@context\":\"https:\/\/schema.org\",\"@graph\":[{\"@type\":\"WebPage\",\"@id\":\"https:\/\/www.naturparkmagazin.de\/vdn\/gratulation-naturpark-holsteinische-schweiz-feierte-30-geburtstag\/\",\"url\":\"https:\/\/www.naturparkmagazin.de\/vdn\/gratulation-naturpark-holsteinische-schweiz-feierte-30-geburtstag\/\",\"name\":\"\\\"Gratulation\\\" - Naturpark Holsteinische Schweiz feierte 30. Geburtstag\",\"isPartOf\":{\"@id\":\"https:\/\/www.naturparkmagazin.de\/vdn\/#website\"},\"datePublished\":\"2016-05-17T06:55:28+00:00\",\"dateModified\":\"2016-05-25T11:58:34+00:00\",\"author\":{\"@id\":\"https:\/\/www.naturparkmagazin.de\/vdn\/#\/schema\/person\/d71357578c318b6db03be60b1f60396b\"},\"description\":\"Der Kreis schlie\u00dft sich: 1986 fand in Eutin die Gr\u00fcndungsversammlung des Naturparks Holsteinische Schweiz e.V. statt. 2016 feierte der Naturpark hier im Rahmen der Landesgartenschau den 30. Geburtstag.\",\"breadcrumb\":{\"@id\":\"https:\/\/www.naturparkmagazin.de\/vdn\/gratulation-naturpark-holsteinische-schweiz-feierte-30-geburtstag\/#breadcrumb\"},\"inLanguage\":\"de\",\"potentialAction\":[{\"@type\":\"ReadAction\",\"target\":[\"https:\/\/www.naturparkmagazin.de\/vdn\/gratulation-naturpark-holsteinische-schweiz-feierte-30-geburtstag\/\"]}]},{\"@type\":\"BreadcrumbList\",\"@id\":\"https:\/\/www.naturparkmagazin.de\/vdn\/gratulation-naturpark-holsteinische-schweiz-feierte-30-geburtstag\/#breadcrumb\",\"itemListElement\":[{\"@type\":\"ListItem\",\"position\":1,\"name\":\"Home\",\"item\":\"https:\/\/www.naturparkmagazin.de\/vdn\/\"},{\"@type\":\"ListItem\",\"position\":2,\"name\":\"&#8222;Gratulation&#8220; &#8211; Naturpark Holsteinische Schweiz feierte 30. Geburtstag\"}]},{\"@type\":\"WebSite\",\"@id\":\"https:\/\/www.naturparkmagazin.de\/vdn\/#website\",\"url\":\"https:\/\/www.naturparkmagazin.de\/vdn\/\",\"name\":\"Verband Deutscher Naturparke\",\"description\":\"Eine weitere Naturparkmagazin.de Netzwerk Seite\",\"potentialAction\":[{\"@type\":\"SearchAction\",\"target\":{\"@type\":\"EntryPoint\",\"urlTemplate\":\"https:\/\/www.naturparkmagazin.de\/vdn\/?s={search_term_string}\"},\"query-input\":\"required name=search_term_string\"}],\"inLanguage\":\"de\"},{\"@type\":\"Person\",\"@id\":\"https:\/\/www.naturparkmagazin.de\/vdn\/#\/schema\/person\/d71357578c318b6db03be60b1f60396b\",\"name\":\"beatrixlosem\",\"url\":\"https:\/\/www.naturparkmagazin.de\/vdn\/author\/beatrixlosem\/\"}]}<\/script>\n<!-- \/ Yoast SEO plugin. -->","yoast_head_json":{"title":"\"Gratulation\" - Naturpark Holsteinische Schweiz feierte 30. Geburtstag","description":"Der Kreis schlie\u00dft sich: 1986 fand in Eutin die Gr\u00fcndungsversammlung des Naturparks Holsteinische Schweiz e.V. statt. 2016 feierte der Naturpark hier im Rahmen der Landesgartenschau den 30. Geburtstag.","robots":{"index":"index","follow":"follow","max-snippet":"max-snippet:-1","max-image-preview":"max-image-preview:large","max-video-preview":"max-video-preview:-1"},"canonical":"https:\/\/www.naturparkmagazin.de\/vdn\/gratulation-naturpark-holsteinische-schweiz-feierte-30-geburtstag\/","og_locale":"de_DE","og_type":"article","og_title":"\"Gratulation\" - Naturpark Holsteinische Schweiz feierte 30. Geburtstag","og_description":"Der Kreis schlie\u00dft sich: 1986 fand in Eutin die Gr\u00fcndungsversammlung des Naturparks Holsteinische Schweiz e.V. statt. 2016 feierte der Naturpark hier im Rahmen der Landesgartenschau den 30. Geburtstag.","og_url":"https:\/\/www.naturparkmagazin.de\/vdn\/gratulation-naturpark-holsteinische-schweiz-feierte-30-geburtstag\/","og_site_name":"Verband Deutscher Naturparke","article_published_time":"2016-05-17T06:55:28+00:00","article_modified_time":"2016-05-25T11:58:34+00:00","og_image":[{"width":200,"height":200,"url":"https:\/\/www.naturparkmagazin.de\/vdn\/wp-content\/uploads\/sites\/3\/S.-Ladwig-und-M.-Arndt_beitragsbild.jpg","type":"image\/jpeg"}],"author":"beatrixlosem","twitter_misc":{"Verfasst von":"beatrixlosem","Gesch\u00e4tzte Lesezeit":"2\u00a0Minuten"},"schema":{"@context":"https:\/\/schema.org","@graph":[{"@type":"WebPage","@id":"https:\/\/www.naturparkmagazin.de\/vdn\/gratulation-naturpark-holsteinische-schweiz-feierte-30-geburtstag\/","url":"https:\/\/www.naturparkmagazin.de\/vdn\/gratulation-naturpark-holsteinische-schweiz-feierte-30-geburtstag\/","name":"\"Gratulation\" - Naturpark Holsteinische Schweiz feierte 30. Geburtstag","isPartOf":{"@id":"https:\/\/www.naturparkmagazin.de\/vdn\/#website"},"datePublished":"2016-05-17T06:55:28+00:00","dateModified":"2016-05-25T11:58:34+00:00","author":{"@id":"https:\/\/www.naturparkmagazin.de\/vdn\/#\/schema\/person\/d71357578c318b6db03be60b1f60396b"},"description":"Der Kreis schlie\u00dft sich: 1986 fand in Eutin die Gr\u00fcndungsversammlung des Naturparks Holsteinische Schweiz e.V. statt. 2016 feierte der Naturpark hier im Rahmen der Landesgartenschau den 30. Geburtstag.","breadcrumb":{"@id":"https:\/\/www.naturparkmagazin.de\/vdn\/gratulation-naturpark-holsteinische-schweiz-feierte-30-geburtstag\/#breadcrumb"},"inLanguage":"de","potentialAction":[{"@type":"ReadAction","target":["https:\/\/www.naturparkmagazin.de\/vdn\/gratulation-naturpark-holsteinische-schweiz-feierte-30-geburtstag\/"]}]},{"@type":"BreadcrumbList","@id":"https:\/\/www.naturparkmagazin.de\/vdn\/gratulation-naturpark-holsteinische-schweiz-feierte-30-geburtstag\/#breadcrumb","itemListElement":[{"@type":"ListItem","position":1,"name":"Home","item":"https:\/\/www.naturparkmagazin.de\/vdn\/"},{"@type":"ListItem","position":2,"name":"&#8222;Gratulation&#8220; &#8211; Naturpark Holsteinische Schweiz feierte 30. Geburtstag"}]},{"@type":"WebSite","@id":"https:\/\/www.naturparkmagazin.de\/vdn\/#website","url":"https:\/\/www.naturparkmagazin.de\/vdn\/","name":"Verband Deutscher Naturparke","description":"Eine weitere Naturparkmagazin.de Netzwerk Seite","potentialAction":[{"@type":"SearchAction","target":{"@type":"EntryPoint","urlTemplate":"https:\/\/www.naturparkmagazin.de\/vdn\/?s={search_term_string}"},"query-input":"required name=search_term_string"}],"inLanguage":"de"},{"@type":"Person","@id":"https:\/\/www.naturparkmagazin.de\/vdn\/#\/schema\/person\/d71357578c318b6db03be60b1f60396b","name":"beatrixlosem","url":"https:\/\/www.naturparkmagazin.de\/vdn\/author\/beatrixlosem\/"}]}},"_links":{"self":[{"href":"https:\/\/www.naturparkmagazin.de\/vdn\/wp-json\/wp\/v2\/posts\/7099"}],"collection":[{"href":"https:\/\/www.naturparkmagazin.de\/vdn\/wp-json\/wp\/v2\/posts"}],"about":[{"href":"https:\/\/www.naturparkmagazin.de\/vdn\/wp-json\/wp\/v2\/types\/post"}],"author":[{"embeddable":true,"href":"https:\/\/www.naturparkmagazin.de\/vdn\/wp-json\/wp\/v2\/users\/51"}],"replies":[{"embeddable":true,"href":"https:\/\/www.naturparkmagazin.de\/vdn\/wp-json\/wp\/v2\/comments?post=7099"}],"version-history":[{"count":6,"href":"https:\/\/www.naturparkmagazin.de\/vdn\/wp-json\/wp\/v2\/posts\/7099\/revisions"}],"predecessor-version":[{"id":7197,"href":"https:\/\/www.naturparkmagazin.de\/vdn\/wp-json\/wp\/v2\/posts\/7099\/revisions\/7197"}],"wp:featuredmedia":[{"embeddable":true,"href":"https:\/\/www.naturparkmagazin.de\/vdn\/wp-json\/wp\/v2\/media\/7091"}],"wp:attachment":[{"href":"https:\/\/www.naturparkmagazin.de\/vdn\/wp-json\/wp\/v2\/media?parent=7099"}],"wp:term":[{"taxonomy":"category","embeddable":true,"href":"https:\/\/www.naturparkmagazin.de\/vdn\/wp-json\/wp\/v2\/categories?post=7099"},{"taxonomy":"post_tag","embeddable":true,"href":"https:\/\/www.naturparkmagazin.de\/vdn\/wp-json\/wp\/v2\/tags?post=7099"}],"curies":[{"name":"wp","href":"https:\/\/api.w.org\/{rel}","templated":true}]}}