{"id":7105,"date":"2016-05-17T06:16:36","date_gmt":"2016-05-17T04:16:36","guid":{"rendered":"http:\/\/www.naturparkmagazin.de\/vdn\/?p=7105"},"modified":"2016-05-25T13:57:36","modified_gmt":"2016-05-25T11:57:36","slug":"herzenssache-natur-freiwilligenengagement-in-naturparken","status":"publish","type":"post","link":"https:\/\/www.naturparkmagazin.de\/vdn\/herzenssache-natur-freiwilligenengagement-in-naturparken\/","title":{"rendered":"&#8222;HerzensSache Natur&#8220; \u2013 Freiwilligenengagement in Naturparken"},"content":{"rendered":"<div id=\"attachment_7110\" style=\"width: 510px\" class=\"wp-caption aligncenter\"><a href=\"https:\/\/www.naturparkmagazin.de\/vdn\/wp-content\/uploads\/sites\/3\/P1000550-F.Radkowitsch.jpg\"><img aria-describedby=\"caption-attachment-7110\" decoding=\"async\" loading=\"lazy\" class=\"size-full wp-image-7110\" src=\"https:\/\/www.naturparkmagazin.de\/vdn\/wp-content\/uploads\/sites\/3\/P1000550-F.Radkowitsch.jpg\" alt=\"HerzensSache Natur - Copyright: F.Radkowitsch\" width=\"500\" height=\"300\" srcset=\"https:\/\/www.naturparkmagazin.de\/vdn\/wp-content\/uploads\/sites\/3\/P1000550-F.Radkowitsch.jpg 500w, https:\/\/www.naturparkmagazin.de\/vdn\/wp-content\/uploads\/sites\/3\/P1000550-F.Radkowitsch-300x180.jpg 300w, https:\/\/www.naturparkmagazin.de\/vdn\/wp-content\/uploads\/sites\/3\/P1000550-F.Radkowitsch-200x120.jpg 200w\" sizes=\"(max-width: 500px) 100vw, 500px\" \/><\/a><p id=\"caption-attachment-7110\" class=\"wp-caption-text\">HerzensSache Natur &#8211; Copyright: F.Radkowitsch<\/p><\/div>\n<p>Naturschutz braucht viele Mitstreiter. Ohne beherzte Helfer lie\u00dfen sich zahlreiche Projekte, aber auch die Aufgaben der Naturparke im t\u00e4glichen Gesch\u00e4ft nicht bew\u00e4ltigen. Ob es der Einsatz bei der Wiesenmahd, die Hilfe beim Baum- und Heckenschnitt, die helfende Hand im Naturparkzentrum oder die Begleitung von Menschen mit Behinderung und \u00e4lteren Menschen beim Erlebnis in Natur und Landschaft ist \u2013 ohne ehrenamtliches Engagement k\u00f6nnten viele gesellschaftliche Aufgaben nicht \u00fcbernommen werden.<\/p>\n<p>Unter dem Motto &#8222;HerzensSache Natur&#8220; wirbt der Verband Deutscher Naturparke (VDN) mit Unterst\u00fctzung der Deutschen Telekom f\u00fcr Freiwilligenprojekte und Initiativen zum b\u00fcrgerschaftlichen Engagement in Naturparken.<\/p>\n<div id=\"attachment_7185\" style=\"width: 510px\" class=\"wp-caption aligncenter\"><a href=\"https:\/\/www.naturparkmagazin.de\/vdn\/wp-content\/uploads\/sites\/3\/OGG-Pflanzung-11.2010.jpg\"><img aria-describedby=\"caption-attachment-7185\" decoding=\"async\" loading=\"lazy\" class=\"size-full wp-image-7185\" src=\"https:\/\/www.naturparkmagazin.de\/vdn\/wp-content\/uploads\/sites\/3\/OGG-Pflanzung-11.2010.jpg\" alt=\"Baumpflanzung - Copyright: AHNU Sch\u00f6nborn e. V.\" width=\"500\" height=\"300\" srcset=\"https:\/\/www.naturparkmagazin.de\/vdn\/wp-content\/uploads\/sites\/3\/OGG-Pflanzung-11.2010.jpg 500w, https:\/\/www.naturparkmagazin.de\/vdn\/wp-content\/uploads\/sites\/3\/OGG-Pflanzung-11.2010-300x180.jpg 300w, https:\/\/www.naturparkmagazin.de\/vdn\/wp-content\/uploads\/sites\/3\/OGG-Pflanzung-11.2010-200x120.jpg 200w\" sizes=\"(max-width: 500px) 100vw, 500px\" \/><\/a><p id=\"caption-attachment-7185\" class=\"wp-caption-text\">Baumpflanzung &#8211; Copyright: AHNU Sch\u00f6nborn e. V.<\/p><\/div>\n<p>\u201eHerzenssache Natur\u201c bietet viele interessante Projekte in den Naturparken an, in denen Menschen jeder Altersstufe, Schulklassen und Unternehmen die Naturparke aktiv unterst\u00fctzen k\u00f6nnen. Zu den konkreten Unterst\u00fctzungsm\u00f6glichkeiten durch b\u00fcrgerschaftliches Engagement f\u00fcr Naturschutz und nachhaltige Entwicklung geh\u00f6ren ein oder mehrt\u00e4gige praktische Naturschutzeins\u00e4tze.<\/p>\n<div id=\"attachment_7184\" style=\"width: 510px\" class=\"wp-caption aligncenter\"><a href=\"https:\/\/www.naturparkmagazin.de\/vdn\/wp-content\/uploads\/sites\/3\/Generali-Berichte-d-NRP-L\u00fcneburger-Heide-Bilder-Endjahresbericht-4.jpg\"><img aria-describedby=\"caption-attachment-7184\" decoding=\"async\" loading=\"lazy\" class=\"size-full wp-image-7184\" src=\"https:\/\/www.naturparkmagazin.de\/vdn\/wp-content\/uploads\/sites\/3\/Generali-Berichte-d-NRP-L\u00fcneburger-Heide-Bilder-Endjahresbericht-4.jpg\" alt=\"Entkusseln - Copyright: Naturpark L\u00fcneburger Heide\" width=\"500\" height=\"300\" srcset=\"https:\/\/www.naturparkmagazin.de\/vdn\/wp-content\/uploads\/sites\/3\/Generali-Berichte-d-NRP-L\u00fcneburger-Heide-Bilder-Endjahresbericht-4.jpg 500w, https:\/\/www.naturparkmagazin.de\/vdn\/wp-content\/uploads\/sites\/3\/Generali-Berichte-d-NRP-L\u00fcneburger-Heide-Bilder-Endjahresbericht-4-300x180.jpg 300w, https:\/\/www.naturparkmagazin.de\/vdn\/wp-content\/uploads\/sites\/3\/Generali-Berichte-d-NRP-L\u00fcneburger-Heide-Bilder-Endjahresbericht-4-200x120.jpg 200w\" sizes=\"(max-width: 500px) 100vw, 500px\" \/><\/a><p id=\"caption-attachment-7184\" class=\"wp-caption-text\">Entkusseln &#8211; Copyright: Naturpark L\u00fcneburger Heide<\/p><\/div>\n<p>Im Naturpark L\u00fcneburger Heide werden so am diesj\u00e4hrigen Naturpark-Tag, dem 12. November 2016,\u00a0 Heidefl\u00e4chen und Moore &#8222;entkusselt&#8220;.<\/p>\n<div id=\"attachment_7183\" style=\"width: 510px\" class=\"wp-caption aligncenter\"><a href=\"https:\/\/www.naturparkmagazin.de\/vdn\/wp-content\/uploads\/sites\/3\/Generali-Berichte-d-NRP-Barnim-2012-3.jpg\"><img aria-describedby=\"caption-attachment-7183\" decoding=\"async\" loading=\"lazy\" class=\"size-full wp-image-7183\" src=\"https:\/\/www.naturparkmagazin.de\/vdn\/wp-content\/uploads\/sites\/3\/Generali-Berichte-d-NRP-Barnim-2012-3.jpg\" alt=\"Copyright: Naturpark Barnim\" width=\"500\" height=\"300\" srcset=\"https:\/\/www.naturparkmagazin.de\/vdn\/wp-content\/uploads\/sites\/3\/Generali-Berichte-d-NRP-Barnim-2012-3.jpg 500w, https:\/\/www.naturparkmagazin.de\/vdn\/wp-content\/uploads\/sites\/3\/Generali-Berichte-d-NRP-Barnim-2012-3-300x180.jpg 300w, https:\/\/www.naturparkmagazin.de\/vdn\/wp-content\/uploads\/sites\/3\/Generali-Berichte-d-NRP-Barnim-2012-3-200x120.jpg 200w\" sizes=\"(max-width: 500px) 100vw, 500px\" \/><\/a><p id=\"caption-attachment-7183\" class=\"wp-caption-text\">Copyright: Naturpark Barnim<\/p><\/div>\n<p>Im Naturpark Barnim k\u00f6nnen sich ehrenamtliche Helfer an Baumpflanzungen beteiligen, ehrenamtliche Hilfe bei der Betreuung eines Infozentrums ist im Naturpark D\u00fcbener Heide willkommen.<\/p>\n<div id=\"attachment_7186\" style=\"width: 510px\" class=\"wp-caption aligncenter\"><a href=\"https:\/\/www.naturparkmagazin.de\/vdn\/wp-content\/uploads\/sites\/3\/Rolli-Wald1.jpg\"><img aria-describedby=\"caption-attachment-7186\" decoding=\"async\" loading=\"lazy\" class=\"size-full wp-image-7186\" src=\"https:\/\/www.naturparkmagazin.de\/vdn\/wp-content\/uploads\/sites\/3\/Rolli-Wald1.jpg\" alt=\"Eifel barrierefrei - Copyright: Naturpark Nordeifel\" width=\"500\" height=\"300\" srcset=\"https:\/\/www.naturparkmagazin.de\/vdn\/wp-content\/uploads\/sites\/3\/Rolli-Wald1.jpg 500w, https:\/\/www.naturparkmagazin.de\/vdn\/wp-content\/uploads\/sites\/3\/Rolli-Wald1-300x180.jpg 300w, https:\/\/www.naturparkmagazin.de\/vdn\/wp-content\/uploads\/sites\/3\/Rolli-Wald1-200x120.jpg 200w\" sizes=\"(max-width: 500px) 100vw, 500px\" \/><\/a><p id=\"caption-attachment-7186\" class=\"wp-caption-text\">Eifel barrierefrei &#8211; Copyright: Naturpark Nordeifel<\/p><\/div>\n<p>Der Naturpark Nordeifel sucht im Rahmen des Freiwilligenprojektes engagierte Begleiter von Menschen mit Unterst\u00fctzungsbedarf beim Erleben der Natur. Daneben gibt es in zahlreichen Naturparken weitere Aktionen, bei denen man sich\u00a0 sich f\u00fcr den Schutz der Natur und Landschaft einsetzen kann.<\/p>\n<p>&gt;&gt; Informationen, Projekte und Ansprechpartner finden Sie unter <a href=\"http:\/\/www.herzenssache-natur.de\" target=\"_blank\">www.herzenssache-natur.de<\/a>.<\/p>\n<p>&nbsp;<\/p>\n","protected":false},"excerpt":{"rendered":"<p>Ob bei der Wiesenmahd, der Hilfe beim Baum- und Heckenschnitt, helfende Hand im Naturparkzentrum oder bei der Begleitung von Menschen mit Behinderung in Natur und Landschaft \u2013 ohne ehrenamtliches Engagement k\u00f6nnten viele gesellschaftliche Aufgaben nicht \u00fcbernommen werden.<\/p>\n","protected":false},"author":51,"featured_media":7108,"comment_status":"open","ping_status":"open","sticky":false,"template":"","format":"standard","meta":{"_links_to":"","_links_to_target":""},"categories":[51],"tags":[],"yoast_head":"<!-- This site is optimized with the Yoast SEO plugin v19.10 - https:\/\/yoast.com\/wordpress\/plugins\/seo\/ -->\n<title>&quot;HerzensSache Natur&quot; \u2013 Freiwilligenengagement in Naturparken<\/title>\n<meta name=\"description\" content=\"Ob bei der Wiesenmahd, der Hilfe beim Baum- und Heckenschnitt, helfende Hand im Naturparkzentrum oder bei der Begleitung von Menschen mit Behinderung in Natur und Landschaft \u2013 ohne ehrenamtliches Engagement k\u00f6nnten viele gesellschaftliche Aufgaben nicht \u00fcbernommen werden.\" \/>\n<meta name=\"robots\" content=\"index, follow, max-snippet:-1, max-image-preview:large, max-video-preview:-1\" \/>\n<link rel=\"canonical\" href=\"https:\/\/www.naturparkmagazin.de\/vdn\/herzenssache-natur-freiwilligenengagement-in-naturparken\/\" \/>\n<meta property=\"og:locale\" content=\"de_DE\" \/>\n<meta property=\"og:type\" content=\"article\" \/>\n<meta property=\"og:title\" content=\"&quot;HerzensSache Natur&quot; \u2013 Freiwilligenengagement in Naturparken\" \/>\n<meta property=\"og:description\" content=\"Ob bei der Wiesenmahd, der Hilfe beim Baum- und Heckenschnitt, helfende Hand im Naturparkzentrum oder bei der Begleitung von Menschen mit Behinderung in Natur und Landschaft \u2013 ohne ehrenamtliches Engagement k\u00f6nnten viele gesellschaftliche Aufgaben nicht \u00fcbernommen werden.\" \/>\n<meta property=\"og:url\" content=\"https:\/\/www.naturparkmagazin.de\/vdn\/herzenssache-natur-freiwilligenengagement-in-naturparken\/\" \/>\n<meta property=\"og:site_name\" content=\"Verband Deutscher Naturparke\" \/>\n<meta property=\"article:published_time\" content=\"2016-05-17T04:16:36+00:00\" \/>\n<meta property=\"article:modified_time\" content=\"2016-05-25T11:57:36+00:00\" \/>\n<meta property=\"og:image\" content=\"https:\/\/www.naturparkmagazin.de\/vdn\/wp-content\/uploads\/sites\/3\/P1000550-F.Radkowitsch_beitragsbild.jpg\" \/>\n\t<meta property=\"og:image:width\" content=\"200\" \/>\n\t<meta property=\"og:image:height\" content=\"200\" \/>\n\t<meta property=\"og:image:type\" content=\"image\/jpeg\" \/>\n<meta name=\"author\" content=\"beatrixlosem\" \/>\n<meta name=\"twitter:label1\" content=\"Verfasst von\" \/>\n\t<meta name=\"twitter:data1\" content=\"beatrixlosem\" \/>\n\t<meta name=\"twitter:label2\" content=\"Gesch\u00e4tzte Lesezeit\" \/>\n\t<meta name=\"twitter:data2\" content=\"2\u00a0Minuten\" \/>\n<script type=\"application\/ld+json\" class=\"yoast-schema-graph\">{\"@context\":\"https:\/\/schema.org\",\"@graph\":[{\"@type\":\"WebPage\",\"@id\":\"https:\/\/www.naturparkmagazin.de\/vdn\/herzenssache-natur-freiwilligenengagement-in-naturparken\/\",\"url\":\"https:\/\/www.naturparkmagazin.de\/vdn\/herzenssache-natur-freiwilligenengagement-in-naturparken\/\",\"name\":\"\\\"HerzensSache Natur\\\" \u2013 Freiwilligenengagement in Naturparken\",\"isPartOf\":{\"@id\":\"https:\/\/www.naturparkmagazin.de\/vdn\/#website\"},\"datePublished\":\"2016-05-17T04:16:36+00:00\",\"dateModified\":\"2016-05-25T11:57:36+00:00\",\"author\":{\"@id\":\"https:\/\/www.naturparkmagazin.de\/vdn\/#\/schema\/person\/d71357578c318b6db03be60b1f60396b\"},\"description\":\"Ob bei der Wiesenmahd, der Hilfe beim Baum- und Heckenschnitt, helfende Hand im Naturparkzentrum oder bei der Begleitung von Menschen mit Behinderung in Natur und Landschaft \u2013 ohne ehrenamtliches Engagement k\u00f6nnten viele gesellschaftliche Aufgaben nicht \u00fcbernommen werden.\",\"breadcrumb\":{\"@id\":\"https:\/\/www.naturparkmagazin.de\/vdn\/herzenssache-natur-freiwilligenengagement-in-naturparken\/#breadcrumb\"},\"inLanguage\":\"de\",\"potentialAction\":[{\"@type\":\"ReadAction\",\"target\":[\"https:\/\/www.naturparkmagazin.de\/vdn\/herzenssache-natur-freiwilligenengagement-in-naturparken\/\"]}]},{\"@type\":\"BreadcrumbList\",\"@id\":\"https:\/\/www.naturparkmagazin.de\/vdn\/herzenssache-natur-freiwilligenengagement-in-naturparken\/#breadcrumb\",\"itemListElement\":[{\"@type\":\"ListItem\",\"position\":1,\"name\":\"Home\",\"item\":\"https:\/\/www.naturparkmagazin.de\/vdn\/\"},{\"@type\":\"ListItem\",\"position\":2,\"name\":\"&#8222;HerzensSache Natur&#8220; \u2013 Freiwilligenengagement in Naturparken\"}]},{\"@type\":\"WebSite\",\"@id\":\"https:\/\/www.naturparkmagazin.de\/vdn\/#website\",\"url\":\"https:\/\/www.naturparkmagazin.de\/vdn\/\",\"name\":\"Verband Deutscher Naturparke\",\"description\":\"Eine weitere Naturparkmagazin.de Netzwerk Seite\",\"potentialAction\":[{\"@type\":\"SearchAction\",\"target\":{\"@type\":\"EntryPoint\",\"urlTemplate\":\"https:\/\/www.naturparkmagazin.de\/vdn\/?s={search_term_string}\"},\"query-input\":\"required name=search_term_string\"}],\"inLanguage\":\"de\"},{\"@type\":\"Person\",\"@id\":\"https:\/\/www.naturparkmagazin.de\/vdn\/#\/schema\/person\/d71357578c318b6db03be60b1f60396b\",\"name\":\"beatrixlosem\",\"url\":\"https:\/\/www.naturparkmagazin.de\/vdn\/author\/beatrixlosem\/\"}]}<\/script>\n<!-- \/ Yoast SEO plugin. -->","yoast_head_json":{"title":"\"HerzensSache Natur\" \u2013 Freiwilligenengagement in Naturparken","description":"Ob bei der Wiesenmahd, der Hilfe beim Baum- und Heckenschnitt, helfende Hand im Naturparkzentrum oder bei der Begleitung von Menschen mit Behinderung in Natur und Landschaft \u2013 ohne ehrenamtliches Engagement k\u00f6nnten viele gesellschaftliche Aufgaben nicht \u00fcbernommen werden.","robots":{"index":"index","follow":"follow","max-snippet":"max-snippet:-1","max-image-preview":"max-image-preview:large","max-video-preview":"max-video-preview:-1"},"canonical":"https:\/\/www.naturparkmagazin.de\/vdn\/herzenssache-natur-freiwilligenengagement-in-naturparken\/","og_locale":"de_DE","og_type":"article","og_title":"\"HerzensSache Natur\" \u2013 Freiwilligenengagement in Naturparken","og_description":"Ob bei der Wiesenmahd, der Hilfe beim Baum- und Heckenschnitt, helfende Hand im Naturparkzentrum oder bei der Begleitung von Menschen mit Behinderung in Natur und Landschaft \u2013 ohne ehrenamtliches Engagement k\u00f6nnten viele gesellschaftliche Aufgaben nicht \u00fcbernommen werden.","og_url":"https:\/\/www.naturparkmagazin.de\/vdn\/herzenssache-natur-freiwilligenengagement-in-naturparken\/","og_site_name":"Verband Deutscher Naturparke","article_published_time":"2016-05-17T04:16:36+00:00","article_modified_time":"2016-05-25T11:57:36+00:00","og_image":[{"width":200,"height":200,"url":"https:\/\/www.naturparkmagazin.de\/vdn\/wp-content\/uploads\/sites\/3\/P1000550-F.Radkowitsch_beitragsbild.jpg","type":"image\/jpeg"}],"author":"beatrixlosem","twitter_misc":{"Verfasst von":"beatrixlosem","Gesch\u00e4tzte Lesezeit":"2\u00a0Minuten"},"schema":{"@context":"https:\/\/schema.org","@graph":[{"@type":"WebPage","@id":"https:\/\/www.naturparkmagazin.de\/vdn\/herzenssache-natur-freiwilligenengagement-in-naturparken\/","url":"https:\/\/www.naturparkmagazin.de\/vdn\/herzenssache-natur-freiwilligenengagement-in-naturparken\/","name":"\"HerzensSache Natur\" \u2013 Freiwilligenengagement in Naturparken","isPartOf":{"@id":"https:\/\/www.naturparkmagazin.de\/vdn\/#website"},"datePublished":"2016-05-17T04:16:36+00:00","dateModified":"2016-05-25T11:57:36+00:00","author":{"@id":"https:\/\/www.naturparkmagazin.de\/vdn\/#\/schema\/person\/d71357578c318b6db03be60b1f60396b"},"description":"Ob bei der Wiesenmahd, der Hilfe beim Baum- und Heckenschnitt, helfende Hand im Naturparkzentrum oder bei der Begleitung von Menschen mit Behinderung in Natur und Landschaft \u2013 ohne ehrenamtliches Engagement k\u00f6nnten viele gesellschaftliche Aufgaben nicht \u00fcbernommen werden.","breadcrumb":{"@id":"https:\/\/www.naturparkmagazin.de\/vdn\/herzenssache-natur-freiwilligenengagement-in-naturparken\/#breadcrumb"},"inLanguage":"de","potentialAction":[{"@type":"ReadAction","target":["https:\/\/www.naturparkmagazin.de\/vdn\/herzenssache-natur-freiwilligenengagement-in-naturparken\/"]}]},{"@type":"BreadcrumbList","@id":"https:\/\/www.naturparkmagazin.de\/vdn\/herzenssache-natur-freiwilligenengagement-in-naturparken\/#breadcrumb","itemListElement":[{"@type":"ListItem","position":1,"name":"Home","item":"https:\/\/www.naturparkmagazin.de\/vdn\/"},{"@type":"ListItem","position":2,"name":"&#8222;HerzensSache Natur&#8220; \u2013 Freiwilligenengagement in Naturparken"}]},{"@type":"WebSite","@id":"https:\/\/www.naturparkmagazin.de\/vdn\/#website","url":"https:\/\/www.naturparkmagazin.de\/vdn\/","name":"Verband Deutscher Naturparke","description":"Eine weitere Naturparkmagazin.de Netzwerk Seite","potentialAction":[{"@type":"SearchAction","target":{"@type":"EntryPoint","urlTemplate":"https:\/\/www.naturparkmagazin.de\/vdn\/?s={search_term_string}"},"query-input":"required name=search_term_string"}],"inLanguage":"de"},{"@type":"Person","@id":"https:\/\/www.naturparkmagazin.de\/vdn\/#\/schema\/person\/d71357578c318b6db03be60b1f60396b","name":"beatrixlosem","url":"https:\/\/www.naturparkmagazin.de\/vdn\/author\/beatrixlosem\/"}]}},"_links":{"self":[{"href":"https:\/\/www.naturparkmagazin.de\/vdn\/wp-json\/wp\/v2\/posts\/7105"}],"collection":[{"href":"https:\/\/www.naturparkmagazin.de\/vdn\/wp-json\/wp\/v2\/posts"}],"about":[{"href":"https:\/\/www.naturparkmagazin.de\/vdn\/wp-json\/wp\/v2\/types\/post"}],"author":[{"embeddable":true,"href":"https:\/\/www.naturparkmagazin.de\/vdn\/wp-json\/wp\/v2\/users\/51"}],"replies":[{"embeddable":true,"href":"https:\/\/www.naturparkmagazin.de\/vdn\/wp-json\/wp\/v2\/comments?post=7105"}],"version-history":[{"count":10,"href":"https:\/\/www.naturparkmagazin.de\/vdn\/wp-json\/wp\/v2\/posts\/7105\/revisions"}],"predecessor-version":[{"id":7196,"href":"https:\/\/www.naturparkmagazin.de\/vdn\/wp-json\/wp\/v2\/posts\/7105\/revisions\/7196"}],"wp:featuredmedia":[{"embeddable":true,"href":"https:\/\/www.naturparkmagazin.de\/vdn\/wp-json\/wp\/v2\/media\/7108"}],"wp:attachment":[{"href":"https:\/\/www.naturparkmagazin.de\/vdn\/wp-json\/wp\/v2\/media?parent=7105"}],"wp:term":[{"taxonomy":"category","embeddable":true,"href":"https:\/\/www.naturparkmagazin.de\/vdn\/wp-json\/wp\/v2\/categories?post=7105"},{"taxonomy":"post_tag","embeddable":true,"href":"https:\/\/www.naturparkmagazin.de\/vdn\/wp-json\/wp\/v2\/tags?post=7105"}],"curies":[{"name":"wp","href":"https:\/\/api.w.org\/{rel}","templated":true}]}}