{"id":7112,"date":"2016-05-17T06:35:28","date_gmt":"2016-05-17T04:35:28","guid":{"rendered":"http:\/\/www.naturparkmagazin.de\/vdn\/?p=7112"},"modified":"2016-05-18T12:17:26","modified_gmt":"2016-05-18T10:17:26","slug":"urlaub-machen-und-gutes-tun","status":"publish","type":"post","link":"https:\/\/www.naturparkmagazin.de\/vdn\/urlaub-machen-und-gutes-tun\/","title":{"rendered":"Urlaub machen und Gutes tun"},"content":{"rendered":"<div id=\"attachment_7115\" style=\"width: 510px\" class=\"wp-caption aligncenter\"><a href=\"https:\/\/www.naturparkmagazin.de\/vdn\/wp-content\/uploads\/sites\/3\/Abendstimmung_Fotograf-Anne-Schwerin_beitrag.jpg\"><img aria-describedby=\"caption-attachment-7115\" decoding=\"async\" loading=\"lazy\" class=\"size-full wp-image-7115\" src=\"https:\/\/www.naturparkmagazin.de\/vdn\/wp-content\/uploads\/sites\/3\/Abendstimmung_Fotograf-Anne-Schwerin_beitrag.jpg\" alt=\"Abendstimmung - Fotograf: Anne Schwerin\" width=\"500\" height=\"300\" srcset=\"https:\/\/www.naturparkmagazin.de\/vdn\/wp-content\/uploads\/sites\/3\/Abendstimmung_Fotograf-Anne-Schwerin_beitrag.jpg 500w, https:\/\/www.naturparkmagazin.de\/vdn\/wp-content\/uploads\/sites\/3\/Abendstimmung_Fotograf-Anne-Schwerin_beitrag-300x180.jpg 300w, https:\/\/www.naturparkmagazin.de\/vdn\/wp-content\/uploads\/sites\/3\/Abendstimmung_Fotograf-Anne-Schwerin_beitrag-200x120.jpg 200w\" sizes=\"(max-width: 500px) 100vw, 500px\" \/><\/a><p id=\"caption-attachment-7115\" class=\"wp-caption-text\">Abendstimmung &#8211; Fotograf: Anne Schwerin<\/p><\/div>\n<p>Die Lausiger Teiche im Naturpark D\u00fcbener Heide sind ein Geheimtipp f\u00fcr Naturliebhaber. Sie genie\u00dfen das Erlebnis eines Naturbadesees und abwechslungsreiche Wander- und Radwege in einem wildtierreichen Waldgebiet. Ihnen stehen zwei ausgestattete Wohnwagen mit Vorzelt zur Verf\u00fcgung in denen Sie sich selbst versorgen. Sie erleben jeden Morgen beim Sonnenaufgang den Ruf der Kraniche, engagieren sich am Vormittag beim Bau von Naturerlebniseinrichtungen und saisonal beim Schutz seltener Amphibien und Wildtierarten. Nachmittags entspannen Sie sich im Wasser und sind im pilz- und beerenreichen Heidewald unterwegs. F\u00fcr ausgedehnte Touren stehen Fahrr\u00e4der zur Verf\u00fcgung. Am Elbe-Radweg gelegen, erreicht man damit die Lutherst\u00e4dte Wittenberg und Torgau. Im Herbst erleben Sie die Brunft der Rothirsche und das Abfischen der Teiche und begegnen dabei interessanten und engagierten Menschen.<\/p>\n<p><a href=\"http:\/\/www.naturparke.de\/packages\/823\" target=\"_blank\">&gt;&gt; Hier finden Sie weiteren Informationen zum Angebot<\/a><\/p>\n<p>Weitere Naturerlebnisangebote laden auf <a href=\"http:\/\/www.naturparke.de\/faszination-natur\" target=\"_blank\">www.naturparke.de\/faszination-natur<\/a> zum St\u00f6bern ein.<\/p>\n<p>&nbsp;<\/p>\n","protected":false},"excerpt":{"rendered":"<p>Noch bis Ende des Jahres k\u00f6nnen Naturliebhaber Camping an frischer Luft und klarem Wasser im sch\u00f6nsten NATURA 2000 Gebiet mit einem Engagement im Naturpark D\u00fcbener Heide verbinden.<\/p>\n","protected":false},"author":51,"featured_media":7170,"comment_status":"open","ping_status":"open","sticky":false,"template":"","format":"standard","meta":{"_links_to":"","_links_to_target":""},"categories":[617],"tags":[508,370,231,347,208,81,634,41],"yoast_head":"<!-- This site is optimized with the Yoast SEO plugin v19.10 - https:\/\/yoast.com\/wordpress\/plugins\/seo\/ -->\n<title>Urlaub machen und Gutes tun<\/title>\n<meta name=\"description\" content=\"Noch bis Ende des Jahres k\u00f6nnen Naturliebhaber Camping an frischer Luft und klarem Wasser im sch\u00f6nsten NATURA 2000 Gebiet mit einem Engagement im Naturpark D\u00fcbener Heide verbinden.\" \/>\n<meta name=\"robots\" content=\"index, follow, max-snippet:-1, max-image-preview:large, max-video-preview:-1\" \/>\n<link rel=\"canonical\" href=\"https:\/\/www.naturparkmagazin.de\/vdn\/urlaub-machen-und-gutes-tun\/\" \/>\n<meta property=\"og:locale\" content=\"de_DE\" \/>\n<meta property=\"og:type\" content=\"article\" \/>\n<meta property=\"og:title\" content=\"Urlaub machen und Gutes tun\" \/>\n<meta property=\"og:description\" content=\"Noch bis Ende des Jahres k\u00f6nnen Naturliebhaber Camping an frischer Luft und klarem Wasser im sch\u00f6nsten NATURA 2000 Gebiet mit einem Engagement im Naturpark D\u00fcbener Heide verbinden.\" \/>\n<meta property=\"og:url\" content=\"https:\/\/www.naturparkmagazin.de\/vdn\/urlaub-machen-und-gutes-tun\/\" \/>\n<meta property=\"og:site_name\" content=\"Verband Deutscher Naturparke\" \/>\n<meta property=\"article:published_time\" content=\"2016-05-17T04:35:28+00:00\" \/>\n<meta property=\"article:modified_time\" content=\"2016-05-18T10:17:26+00:00\" \/>\n<meta property=\"og:image\" content=\"https:\/\/www.naturparkmagazin.de\/vdn\/wp-content\/uploads\/sites\/3\/Abendstimmung_Fotograf-Anne-Schwerin_beitragsbild-mit-logo.jpg\" \/>\n\t<meta property=\"og:image:width\" content=\"200\" \/>\n\t<meta property=\"og:image:height\" content=\"200\" \/>\n\t<meta property=\"og:image:type\" content=\"image\/jpeg\" \/>\n<meta name=\"author\" content=\"beatrixlosem\" \/>\n<meta name=\"twitter:label1\" content=\"Verfasst von\" \/>\n\t<meta name=\"twitter:data1\" content=\"beatrixlosem\" \/>\n\t<meta name=\"twitter:label2\" content=\"Gesch\u00e4tzte Lesezeit\" \/>\n\t<meta name=\"twitter:data2\" content=\"1\u00a0Minute\" \/>\n<script type=\"application\/ld+json\" class=\"yoast-schema-graph\">{\"@context\":\"https:\/\/schema.org\",\"@graph\":[{\"@type\":\"WebPage\",\"@id\":\"https:\/\/www.naturparkmagazin.de\/vdn\/urlaub-machen-und-gutes-tun\/\",\"url\":\"https:\/\/www.naturparkmagazin.de\/vdn\/urlaub-machen-und-gutes-tun\/\",\"name\":\"Urlaub machen und Gutes tun\",\"isPartOf\":{\"@id\":\"https:\/\/www.naturparkmagazin.de\/vdn\/#website\"},\"datePublished\":\"2016-05-17T04:35:28+00:00\",\"dateModified\":\"2016-05-18T10:17:26+00:00\",\"author\":{\"@id\":\"https:\/\/www.naturparkmagazin.de\/vdn\/#\/schema\/person\/d71357578c318b6db03be60b1f60396b\"},\"description\":\"Noch bis Ende des Jahres k\u00f6nnen Naturliebhaber Camping an frischer Luft und klarem Wasser im sch\u00f6nsten NATURA 2000 Gebiet mit einem Engagement im Naturpark D\u00fcbener Heide verbinden.\",\"breadcrumb\":{\"@id\":\"https:\/\/www.naturparkmagazin.de\/vdn\/urlaub-machen-und-gutes-tun\/#breadcrumb\"},\"inLanguage\":\"de\",\"potentialAction\":[{\"@type\":\"ReadAction\",\"target\":[\"https:\/\/www.naturparkmagazin.de\/vdn\/urlaub-machen-und-gutes-tun\/\"]}]},{\"@type\":\"BreadcrumbList\",\"@id\":\"https:\/\/www.naturparkmagazin.de\/vdn\/urlaub-machen-und-gutes-tun\/#breadcrumb\",\"itemListElement\":[{\"@type\":\"ListItem\",\"position\":1,\"name\":\"Home\",\"item\":\"https:\/\/www.naturparkmagazin.de\/vdn\/\"},{\"@type\":\"ListItem\",\"position\":2,\"name\":\"Urlaub machen und Gutes tun\"}]},{\"@type\":\"WebSite\",\"@id\":\"https:\/\/www.naturparkmagazin.de\/vdn\/#website\",\"url\":\"https:\/\/www.naturparkmagazin.de\/vdn\/\",\"name\":\"Verband Deutscher Naturparke\",\"description\":\"Eine weitere Naturparkmagazin.de Netzwerk Seite\",\"potentialAction\":[{\"@type\":\"SearchAction\",\"target\":{\"@type\":\"EntryPoint\",\"urlTemplate\":\"https:\/\/www.naturparkmagazin.de\/vdn\/?s={search_term_string}\"},\"query-input\":\"required name=search_term_string\"}],\"inLanguage\":\"de\"},{\"@type\":\"Person\",\"@id\":\"https:\/\/www.naturparkmagazin.de\/vdn\/#\/schema\/person\/d71357578c318b6db03be60b1f60396b\",\"name\":\"beatrixlosem\",\"url\":\"https:\/\/www.naturparkmagazin.de\/vdn\/author\/beatrixlosem\/\"}]}<\/script>\n<!-- \/ Yoast SEO plugin. -->","yoast_head_json":{"title":"Urlaub machen und Gutes tun","description":"Noch bis Ende des Jahres k\u00f6nnen Naturliebhaber Camping an frischer Luft und klarem Wasser im sch\u00f6nsten NATURA 2000 Gebiet mit einem Engagement im Naturpark D\u00fcbener Heide verbinden.","robots":{"index":"index","follow":"follow","max-snippet":"max-snippet:-1","max-image-preview":"max-image-preview:large","max-video-preview":"max-video-preview:-1"},"canonical":"https:\/\/www.naturparkmagazin.de\/vdn\/urlaub-machen-und-gutes-tun\/","og_locale":"de_DE","og_type":"article","og_title":"Urlaub machen und Gutes tun","og_description":"Noch bis Ende des Jahres k\u00f6nnen Naturliebhaber Camping an frischer Luft und klarem Wasser im sch\u00f6nsten NATURA 2000 Gebiet mit einem Engagement im Naturpark D\u00fcbener Heide verbinden.","og_url":"https:\/\/www.naturparkmagazin.de\/vdn\/urlaub-machen-und-gutes-tun\/","og_site_name":"Verband Deutscher Naturparke","article_published_time":"2016-05-17T04:35:28+00:00","article_modified_time":"2016-05-18T10:17:26+00:00","og_image":[{"width":200,"height":200,"url":"https:\/\/www.naturparkmagazin.de\/vdn\/wp-content\/uploads\/sites\/3\/Abendstimmung_Fotograf-Anne-Schwerin_beitragsbild-mit-logo.jpg","type":"image\/jpeg"}],"author":"beatrixlosem","twitter_misc":{"Verfasst von":"beatrixlosem","Gesch\u00e4tzte Lesezeit":"1\u00a0Minute"},"schema":{"@context":"https:\/\/schema.org","@graph":[{"@type":"WebPage","@id":"https:\/\/www.naturparkmagazin.de\/vdn\/urlaub-machen-und-gutes-tun\/","url":"https:\/\/www.naturparkmagazin.de\/vdn\/urlaub-machen-und-gutes-tun\/","name":"Urlaub machen und Gutes tun","isPartOf":{"@id":"https:\/\/www.naturparkmagazin.de\/vdn\/#website"},"datePublished":"2016-05-17T04:35:28+00:00","dateModified":"2016-05-18T10:17:26+00:00","author":{"@id":"https:\/\/www.naturparkmagazin.de\/vdn\/#\/schema\/person\/d71357578c318b6db03be60b1f60396b"},"description":"Noch bis Ende des Jahres k\u00f6nnen Naturliebhaber Camping an frischer Luft und klarem Wasser im sch\u00f6nsten NATURA 2000 Gebiet mit einem Engagement im Naturpark D\u00fcbener Heide verbinden.","breadcrumb":{"@id":"https:\/\/www.naturparkmagazin.de\/vdn\/urlaub-machen-und-gutes-tun\/#breadcrumb"},"inLanguage":"de","potentialAction":[{"@type":"ReadAction","target":["https:\/\/www.naturparkmagazin.de\/vdn\/urlaub-machen-und-gutes-tun\/"]}]},{"@type":"BreadcrumbList","@id":"https:\/\/www.naturparkmagazin.de\/vdn\/urlaub-machen-und-gutes-tun\/#breadcrumb","itemListElement":[{"@type":"ListItem","position":1,"name":"Home","item":"https:\/\/www.naturparkmagazin.de\/vdn\/"},{"@type":"ListItem","position":2,"name":"Urlaub machen und Gutes tun"}]},{"@type":"WebSite","@id":"https:\/\/www.naturparkmagazin.de\/vdn\/#website","url":"https:\/\/www.naturparkmagazin.de\/vdn\/","name":"Verband Deutscher Naturparke","description":"Eine weitere Naturparkmagazin.de Netzwerk Seite","potentialAction":[{"@type":"SearchAction","target":{"@type":"EntryPoint","urlTemplate":"https:\/\/www.naturparkmagazin.de\/vdn\/?s={search_term_string}"},"query-input":"required name=search_term_string"}],"inLanguage":"de"},{"@type":"Person","@id":"https:\/\/www.naturparkmagazin.de\/vdn\/#\/schema\/person\/d71357578c318b6db03be60b1f60396b","name":"beatrixlosem","url":"https:\/\/www.naturparkmagazin.de\/vdn\/author\/beatrixlosem\/"}]}},"_links":{"self":[{"href":"https:\/\/www.naturparkmagazin.de\/vdn\/wp-json\/wp\/v2\/posts\/7112"}],"collection":[{"href":"https:\/\/www.naturparkmagazin.de\/vdn\/wp-json\/wp\/v2\/posts"}],"about":[{"href":"https:\/\/www.naturparkmagazin.de\/vdn\/wp-json\/wp\/v2\/types\/post"}],"author":[{"embeddable":true,"href":"https:\/\/www.naturparkmagazin.de\/vdn\/wp-json\/wp\/v2\/users\/51"}],"replies":[{"embeddable":true,"href":"https:\/\/www.naturparkmagazin.de\/vdn\/wp-json\/wp\/v2\/comments?post=7112"}],"version-history":[{"count":7,"href":"https:\/\/www.naturparkmagazin.de\/vdn\/wp-json\/wp\/v2\/posts\/7112\/revisions"}],"predecessor-version":[{"id":7128,"href":"https:\/\/www.naturparkmagazin.de\/vdn\/wp-json\/wp\/v2\/posts\/7112\/revisions\/7128"}],"wp:featuredmedia":[{"embeddable":true,"href":"https:\/\/www.naturparkmagazin.de\/vdn\/wp-json\/wp\/v2\/media\/7170"}],"wp:attachment":[{"href":"https:\/\/www.naturparkmagazin.de\/vdn\/wp-json\/wp\/v2\/media?parent=7112"}],"wp:term":[{"taxonomy":"category","embeddable":true,"href":"https:\/\/www.naturparkmagazin.de\/vdn\/wp-json\/wp\/v2\/categories?post=7112"},{"taxonomy":"post_tag","embeddable":true,"href":"https:\/\/www.naturparkmagazin.de\/vdn\/wp-json\/wp\/v2\/tags?post=7112"}],"curies":[{"name":"wp","href":"https:\/\/api.w.org\/{rel}","templated":true}]}}