{"id":7126,"date":"2016-05-17T05:06:24","date_gmt":"2016-05-17T03:06:24","guid":{"rendered":"http:\/\/www.naturparkmagazin.de\/vdn\/?p=7126"},"modified":"2016-05-23T12:21:20","modified_gmt":"2016-05-23T10:21:20","slug":"drei-auf-einen-streich-europatour-im-juni","status":"publish","type":"post","link":"https:\/\/www.naturparkmagazin.de\/vdn\/drei-auf-einen-streich-europatour-im-juni\/","title":{"rendered":"&#8222;Drei auf einen Streich&#8220; \u2013 Europatour im Juni"},"content":{"rendered":"<div id=\"attachment_7190\" style=\"width: 510px\" class=\"wp-caption aligncenter\"><a href=\"https:\/\/www.naturparkmagazin.de\/vdn\/wp-content\/uploads\/sites\/3\/Fulufj\u00e4llet-National-Park.jpg\"><img aria-describedby=\"caption-attachment-7190\" decoding=\"async\" loading=\"lazy\" class=\"size-full wp-image-7190\" src=\"https:\/\/www.naturparkmagazin.de\/vdn\/wp-content\/uploads\/sites\/3\/Fulufj\u00e4llet-National-Park.jpg\" alt=\"Fulufj\u00e4llet National Park - Copyright: VDN\" width=\"500\" height=\"300\" srcset=\"https:\/\/www.naturparkmagazin.de\/vdn\/wp-content\/uploads\/sites\/3\/Fulufj\u00e4llet-National-Park.jpg 500w, https:\/\/www.naturparkmagazin.de\/vdn\/wp-content\/uploads\/sites\/3\/Fulufj\u00e4llet-National-Park-300x180.jpg 300w, https:\/\/www.naturparkmagazin.de\/vdn\/wp-content\/uploads\/sites\/3\/Fulufj\u00e4llet-National-Park-200x120.jpg 200w\" sizes=\"(max-width: 500px) 100vw, 500px\" \/><\/a><p id=\"caption-attachment-7190\" class=\"wp-caption-text\">Fulufj\u00e4llet National Park &#8211; Copyright: VDN<\/p><\/div>\n<p>Im Mai konnte das VDN-Europateam einen Eindruck von der Arbeit der norwegischen Partner gewinnen. In der Natur ging es dabei noch winterlich zu.<\/p>\n<div id=\"attachment_7189\" style=\"width: 510px\" class=\"wp-caption aligncenter\"><a href=\"https:\/\/www.naturparkmagazin.de\/vdn\/wp-content\/uploads\/sites\/3\/Fulufj\u00e4llet-Besucher-Zentrum.jpg\"><img aria-describedby=\"caption-attachment-7189\" decoding=\"async\" loading=\"lazy\" class=\"size-full wp-image-7189\" src=\"https:\/\/www.naturparkmagazin.de\/vdn\/wp-content\/uploads\/sites\/3\/Fulufj\u00e4llet-Besucher-Zentrum.jpg\" alt=\"Fulufj\u00e4llet Besucher Zentrum - Copyright: VDN\" width=\"500\" height=\"300\" srcset=\"https:\/\/www.naturparkmagazin.de\/vdn\/wp-content\/uploads\/sites\/3\/Fulufj\u00e4llet-Besucher-Zentrum.jpg 500w, https:\/\/www.naturparkmagazin.de\/vdn\/wp-content\/uploads\/sites\/3\/Fulufj\u00e4llet-Besucher-Zentrum-300x180.jpg 300w, https:\/\/www.naturparkmagazin.de\/vdn\/wp-content\/uploads\/sites\/3\/Fulufj\u00e4llet-Besucher-Zentrum-200x120.jpg 200w\" sizes=\"(max-width: 500px) 100vw, 500px\" \/><\/a><p id=\"caption-attachment-7189\" class=\"wp-caption-text\">Fulufj\u00e4llet Besucher Zentrum &#8211; Copyright: VDN<\/p><\/div>\n<p>Im Juni f\u00fchrt die Reise das VDN-Europateam gleich in drei L\u00e4nder, um sich \u00fcber die Arbeit der dortigen Naturparke zu informieren. Von Gro\u00dfbritannien Anfang Juni geht es Mitte Juni nach Spanien und zum Abschluss nach Polen. Die Europatour im Rahmen des VDN-Projektes \u201eImpulse der Naturparkarbeit aus europ\u00e4ischen Staaten f\u00fcr die Weiterentwicklung der Naturparke\u201c k\u00f6nnen Sie auf <a href=\"https:\/\/www.facebook.com\/naturparke\" target=\"_blank\">facebook<\/a> verfolgen<\/p>\n<div id=\"attachment_6761\" style=\"width: 510px\" class=\"wp-caption aligncenter\"><a href=\"https:\/\/www.naturparkmagazin.de\/vdn\/wp-content\/uploads\/sites\/3\/Logo-europa_beitrag.jpg\"><img aria-describedby=\"caption-attachment-6761\" decoding=\"async\" loading=\"lazy\" class=\"size-full wp-image-6761\" src=\"https:\/\/www.naturparkmagazin.de\/vdn\/wp-content\/uploads\/sites\/3\/Logo-europa_beitrag.jpg\" alt=\"Copyright: VDN\" width=\"500\" height=\"300\" srcset=\"https:\/\/www.naturparkmagazin.de\/vdn\/wp-content\/uploads\/sites\/3\/Logo-europa_beitrag.jpg 500w, https:\/\/www.naturparkmagazin.de\/vdn\/wp-content\/uploads\/sites\/3\/Logo-europa_beitrag-300x180.jpg 300w, https:\/\/www.naturparkmagazin.de\/vdn\/wp-content\/uploads\/sites\/3\/Logo-europa_beitrag-200x120.jpg 200w\" sizes=\"(max-width: 500px) 100vw, 500px\" \/><\/a><p id=\"caption-attachment-6761\" class=\"wp-caption-text\">Copyright: VDN<\/p><\/div>\n<p>&nbsp;<\/p>\n<p><strong><em>Hintergrund:<\/em><\/strong><\/p>\n<p>Im Rahmen des Projektes \u201eImpulse der Naturparkarbeit aus europ\u00e4ischen Staaten f\u00fcr die Weiterentwicklung der Naturparke\u201c besucht der VDN auf Studienreisen in 11 europ\u00e4ische Staaten die Dachorganisation der Naturparke im jeweiligen Land und jeweils einige exemplarische Parke. Auf der Bereisung werden Informationen zur Arbeit und zum Management der Natur-, Regional, und Landschaftsparke in Europa gesammelt, welche sp\u00e4ter allen Dachorganisationen und Parken als umfangreicher Abschlussbericht und Brosch\u00fcre zur Verf\u00fcgung gestellt werden. In Zusammenarbeit mit den Dachorganisationen aller 22 an dem Projekt teilnehmenden L\u00e4nder entsteht au\u00dferdem ein Buch \u00fcber die Naturparke in Europa.<\/p>\n<p>&nbsp;<\/p>\n<p><a href=\"https:\/\/www.facebook.com\/naturparke\" target=\"_blank\">&gt;&gt; Hier k\u00f6nnen Sie die Reise verfolgen<\/a><\/p>\n<p><a href=\"http:\/\/www.european-parks.org\/home\" target=\"_blank\">&gt;&gt; Hier k\u00f6nnen Sie sich \u00fcber das Projekt informieren<\/a><\/p>\n<p>&nbsp;<\/p>\n","protected":false},"excerpt":{"rendered":"<p>Im Juni f\u00fchrt die Reise das VDN-Europateam gleich in drei L\u00e4nder, um sich \u00fcber die Arbeit der dortigen Naturparke zu informieren. Von Gro\u00dfbritannien Anfang Juni geht es Mitte Juni nach Spanien und zum Abschluss nach Polen.<\/p>\n","protected":false},"author":51,"featured_media":7191,"comment_status":"open","ping_status":"open","sticky":false,"template":"","format":"standard","meta":{"_links_to":"","_links_to_target":""},"categories":[7],"tags":[],"yoast_head":"<!-- This site is optimized with the Yoast SEO plugin v19.10 - https:\/\/yoast.com\/wordpress\/plugins\/seo\/ -->\n<title>&quot;Drei auf einen Streich&quot; \u2013 Europatour im Juni<\/title>\n<meta name=\"description\" content=\"Im Juni f\u00fchrt die Reise das VDN-Europateam gleich in drei L\u00e4nder, um sich \u00fcber die Arbeit der dortigen Naturparke zu informieren. Von Gro\u00dfbritannien Anfang Juni geht es Mitte Juni nach Spanien und zum Abschluss nach Polen.\" \/>\n<meta name=\"robots\" content=\"index, follow, max-snippet:-1, max-image-preview:large, max-video-preview:-1\" \/>\n<link rel=\"canonical\" href=\"https:\/\/www.naturparkmagazin.de\/vdn\/drei-auf-einen-streich-europatour-im-juni\/\" \/>\n<meta property=\"og:locale\" content=\"de_DE\" \/>\n<meta property=\"og:type\" content=\"article\" \/>\n<meta property=\"og:title\" content=\"&quot;Drei auf einen Streich&quot; \u2013 Europatour im Juni\" \/>\n<meta property=\"og:description\" content=\"Im Juni f\u00fchrt die Reise das VDN-Europateam gleich in drei L\u00e4nder, um sich \u00fcber die Arbeit der dortigen Naturparke zu informieren. Von Gro\u00dfbritannien Anfang Juni geht es Mitte Juni nach Spanien und zum Abschluss nach Polen.\" \/>\n<meta property=\"og:url\" content=\"https:\/\/www.naturparkmagazin.de\/vdn\/drei-auf-einen-streich-europatour-im-juni\/\" \/>\n<meta property=\"og:site_name\" content=\"Verband Deutscher Naturparke\" \/>\n<meta property=\"article:published_time\" content=\"2016-05-17T03:06:24+00:00\" \/>\n<meta property=\"article:modified_time\" content=\"2016-05-23T10:21:20+00:00\" \/>\n<meta property=\"og:image\" content=\"https:\/\/www.naturparkmagazin.de\/vdn\/wp-content\/uploads\/sites\/3\/Fulufj\u00e4llet-National-Park_beitragsbild.jpg\" \/>\n\t<meta property=\"og:image:width\" content=\"200\" \/>\n\t<meta property=\"og:image:height\" content=\"200\" \/>\n\t<meta property=\"og:image:type\" content=\"image\/jpeg\" \/>\n<meta name=\"author\" content=\"beatrixlosem\" \/>\n<meta name=\"twitter:label1\" content=\"Verfasst von\" \/>\n\t<meta name=\"twitter:data1\" content=\"beatrixlosem\" \/>\n\t<meta name=\"twitter:label2\" content=\"Gesch\u00e4tzte Lesezeit\" \/>\n\t<meta name=\"twitter:data2\" content=\"1\u00a0Minute\" \/>\n<script type=\"application\/ld+json\" class=\"yoast-schema-graph\">{\"@context\":\"https:\/\/schema.org\",\"@graph\":[{\"@type\":\"WebPage\",\"@id\":\"https:\/\/www.naturparkmagazin.de\/vdn\/drei-auf-einen-streich-europatour-im-juni\/\",\"url\":\"https:\/\/www.naturparkmagazin.de\/vdn\/drei-auf-einen-streich-europatour-im-juni\/\",\"name\":\"\\\"Drei auf einen Streich\\\" \u2013 Europatour im Juni\",\"isPartOf\":{\"@id\":\"https:\/\/www.naturparkmagazin.de\/vdn\/#website\"},\"datePublished\":\"2016-05-17T03:06:24+00:00\",\"dateModified\":\"2016-05-23T10:21:20+00:00\",\"author\":{\"@id\":\"https:\/\/www.naturparkmagazin.de\/vdn\/#\/schema\/person\/d71357578c318b6db03be60b1f60396b\"},\"description\":\"Im Juni f\u00fchrt die Reise das VDN-Europateam gleich in drei L\u00e4nder, um sich \u00fcber die Arbeit der dortigen Naturparke zu informieren. Von Gro\u00dfbritannien Anfang Juni geht es Mitte Juni nach Spanien und zum Abschluss nach Polen.\",\"breadcrumb\":{\"@id\":\"https:\/\/www.naturparkmagazin.de\/vdn\/drei-auf-einen-streich-europatour-im-juni\/#breadcrumb\"},\"inLanguage\":\"de\",\"potentialAction\":[{\"@type\":\"ReadAction\",\"target\":[\"https:\/\/www.naturparkmagazin.de\/vdn\/drei-auf-einen-streich-europatour-im-juni\/\"]}]},{\"@type\":\"BreadcrumbList\",\"@id\":\"https:\/\/www.naturparkmagazin.de\/vdn\/drei-auf-einen-streich-europatour-im-juni\/#breadcrumb\",\"itemListElement\":[{\"@type\":\"ListItem\",\"position\":1,\"name\":\"Home\",\"item\":\"https:\/\/www.naturparkmagazin.de\/vdn\/\"},{\"@type\":\"ListItem\",\"position\":2,\"name\":\"&#8222;Drei auf einen Streich&#8220; \u2013 Europatour im Juni\"}]},{\"@type\":\"WebSite\",\"@id\":\"https:\/\/www.naturparkmagazin.de\/vdn\/#website\",\"url\":\"https:\/\/www.naturparkmagazin.de\/vdn\/\",\"name\":\"Verband Deutscher Naturparke\",\"description\":\"Eine weitere Naturparkmagazin.de Netzwerk Seite\",\"potentialAction\":[{\"@type\":\"SearchAction\",\"target\":{\"@type\":\"EntryPoint\",\"urlTemplate\":\"https:\/\/www.naturparkmagazin.de\/vdn\/?s={search_term_string}\"},\"query-input\":\"required name=search_term_string\"}],\"inLanguage\":\"de\"},{\"@type\":\"Person\",\"@id\":\"https:\/\/www.naturparkmagazin.de\/vdn\/#\/schema\/person\/d71357578c318b6db03be60b1f60396b\",\"name\":\"beatrixlosem\",\"url\":\"https:\/\/www.naturparkmagazin.de\/vdn\/author\/beatrixlosem\/\"}]}<\/script>\n<!-- \/ Yoast SEO plugin. -->","yoast_head_json":{"title":"\"Drei auf einen Streich\" \u2013 Europatour im Juni","description":"Im Juni f\u00fchrt die Reise das VDN-Europateam gleich in drei L\u00e4nder, um sich \u00fcber die Arbeit der dortigen Naturparke zu informieren. Von Gro\u00dfbritannien Anfang Juni geht es Mitte Juni nach Spanien und zum Abschluss nach Polen.","robots":{"index":"index","follow":"follow","max-snippet":"max-snippet:-1","max-image-preview":"max-image-preview:large","max-video-preview":"max-video-preview:-1"},"canonical":"https:\/\/www.naturparkmagazin.de\/vdn\/drei-auf-einen-streich-europatour-im-juni\/","og_locale":"de_DE","og_type":"article","og_title":"\"Drei auf einen Streich\" \u2013 Europatour im Juni","og_description":"Im Juni f\u00fchrt die Reise das VDN-Europateam gleich in drei L\u00e4nder, um sich \u00fcber die Arbeit der dortigen Naturparke zu informieren. Von Gro\u00dfbritannien Anfang Juni geht es Mitte Juni nach Spanien und zum Abschluss nach Polen.","og_url":"https:\/\/www.naturparkmagazin.de\/vdn\/drei-auf-einen-streich-europatour-im-juni\/","og_site_name":"Verband Deutscher Naturparke","article_published_time":"2016-05-17T03:06:24+00:00","article_modified_time":"2016-05-23T10:21:20+00:00","og_image":[{"width":200,"height":200,"url":"https:\/\/www.naturparkmagazin.de\/vdn\/wp-content\/uploads\/sites\/3\/Fulufj\u00e4llet-National-Park_beitragsbild.jpg","type":"image\/jpeg"}],"author":"beatrixlosem","twitter_misc":{"Verfasst von":"beatrixlosem","Gesch\u00e4tzte Lesezeit":"1\u00a0Minute"},"schema":{"@context":"https:\/\/schema.org","@graph":[{"@type":"WebPage","@id":"https:\/\/www.naturparkmagazin.de\/vdn\/drei-auf-einen-streich-europatour-im-juni\/","url":"https:\/\/www.naturparkmagazin.de\/vdn\/drei-auf-einen-streich-europatour-im-juni\/","name":"\"Drei auf einen Streich\" \u2013 Europatour im Juni","isPartOf":{"@id":"https:\/\/www.naturparkmagazin.de\/vdn\/#website"},"datePublished":"2016-05-17T03:06:24+00:00","dateModified":"2016-05-23T10:21:20+00:00","author":{"@id":"https:\/\/www.naturparkmagazin.de\/vdn\/#\/schema\/person\/d71357578c318b6db03be60b1f60396b"},"description":"Im Juni f\u00fchrt die Reise das VDN-Europateam gleich in drei L\u00e4nder, um sich \u00fcber die Arbeit der dortigen Naturparke zu informieren. Von Gro\u00dfbritannien Anfang Juni geht es Mitte Juni nach Spanien und zum Abschluss nach Polen.","breadcrumb":{"@id":"https:\/\/www.naturparkmagazin.de\/vdn\/drei-auf-einen-streich-europatour-im-juni\/#breadcrumb"},"inLanguage":"de","potentialAction":[{"@type":"ReadAction","target":["https:\/\/www.naturparkmagazin.de\/vdn\/drei-auf-einen-streich-europatour-im-juni\/"]}]},{"@type":"BreadcrumbList","@id":"https:\/\/www.naturparkmagazin.de\/vdn\/drei-auf-einen-streich-europatour-im-juni\/#breadcrumb","itemListElement":[{"@type":"ListItem","position":1,"name":"Home","item":"https:\/\/www.naturparkmagazin.de\/vdn\/"},{"@type":"ListItem","position":2,"name":"&#8222;Drei auf einen Streich&#8220; \u2013 Europatour im Juni"}]},{"@type":"WebSite","@id":"https:\/\/www.naturparkmagazin.de\/vdn\/#website","url":"https:\/\/www.naturparkmagazin.de\/vdn\/","name":"Verband Deutscher Naturparke","description":"Eine weitere Naturparkmagazin.de Netzwerk Seite","potentialAction":[{"@type":"SearchAction","target":{"@type":"EntryPoint","urlTemplate":"https:\/\/www.naturparkmagazin.de\/vdn\/?s={search_term_string}"},"query-input":"required name=search_term_string"}],"inLanguage":"de"},{"@type":"Person","@id":"https:\/\/www.naturparkmagazin.de\/vdn\/#\/schema\/person\/d71357578c318b6db03be60b1f60396b","name":"beatrixlosem","url":"https:\/\/www.naturparkmagazin.de\/vdn\/author\/beatrixlosem\/"}]}},"_links":{"self":[{"href":"https:\/\/www.naturparkmagazin.de\/vdn\/wp-json\/wp\/v2\/posts\/7126"}],"collection":[{"href":"https:\/\/www.naturparkmagazin.de\/vdn\/wp-json\/wp\/v2\/posts"}],"about":[{"href":"https:\/\/www.naturparkmagazin.de\/vdn\/wp-json\/wp\/v2\/types\/post"}],"author":[{"embeddable":true,"href":"https:\/\/www.naturparkmagazin.de\/vdn\/wp-json\/wp\/v2\/users\/51"}],"replies":[{"embeddable":true,"href":"https:\/\/www.naturparkmagazin.de\/vdn\/wp-json\/wp\/v2\/comments?post=7126"}],"version-history":[{"count":9,"href":"https:\/\/www.naturparkmagazin.de\/vdn\/wp-json\/wp\/v2\/posts\/7126\/revisions"}],"predecessor-version":[{"id":7166,"href":"https:\/\/www.naturparkmagazin.de\/vdn\/wp-json\/wp\/v2\/posts\/7126\/revisions\/7166"}],"wp:featuredmedia":[{"embeddable":true,"href":"https:\/\/www.naturparkmagazin.de\/vdn\/wp-json\/wp\/v2\/media\/7191"}],"wp:attachment":[{"href":"https:\/\/www.naturparkmagazin.de\/vdn\/wp-json\/wp\/v2\/media?parent=7126"}],"wp:term":[{"taxonomy":"category","embeddable":true,"href":"https:\/\/www.naturparkmagazin.de\/vdn\/wp-json\/wp\/v2\/categories?post=7126"},{"taxonomy":"post_tag","embeddable":true,"href":"https:\/\/www.naturparkmagazin.de\/vdn\/wp-json\/wp\/v2\/tags?post=7126"}],"curies":[{"name":"wp","href":"https:\/\/api.w.org\/{rel}","templated":true}]}}