{"id":7206,"date":"2016-06-15T10:00:55","date_gmt":"2016-06-15T08:00:55","guid":{"rendered":"http:\/\/www.naturparkmagazin.de\/vdn\/?p=7206"},"modified":"2016-07-05T16:08:55","modified_gmt":"2016-07-05T14:08:55","slug":"auf-guten-wegen-erlebnispfade-in-naturparken","status":"publish","type":"post","link":"https:\/\/www.naturparkmagazin.de\/vdn\/auf-guten-wegen-erlebnispfade-in-naturparken\/","title":{"rendered":"&#8222;Auf guten Wegen&#8220; &#8211; Erlebnispfade in Naturparken"},"content":{"rendered":"<div id=\"attachment_7363\" style=\"width: 510px\" class=\"wp-caption aligncenter\"><a href=\"https:\/\/www.naturparkmagazin.de\/vdn\/wp-content\/uploads\/sites\/3\/Bayrischer_Wald_2_Waldwipfelweg_bei_St_Englmar_verkleinert.jpg\"><img aria-describedby=\"caption-attachment-7363\" decoding=\"async\" loading=\"lazy\" class=\"wp-image-7363 size-full\" title=\"Waldwipfelpfad bei St. Englmar\" src=\"https:\/\/www.naturparkmagazin.de\/vdn\/wp-content\/uploads\/sites\/3\/Bayrischer_Wald_2_Waldwipfelweg_bei_St_Englmar_verkleinert.jpg\" alt=\"Waldwipfelweg bei St. Englmar im Naturpark Bayerischer Wald - \u00a9 VDN\/Elisabeth Leuchter\" width=\"500\" height=\"300\" srcset=\"https:\/\/www.naturparkmagazin.de\/vdn\/wp-content\/uploads\/sites\/3\/Bayrischer_Wald_2_Waldwipfelweg_bei_St_Englmar_verkleinert.jpg 500w, https:\/\/www.naturparkmagazin.de\/vdn\/wp-content\/uploads\/sites\/3\/Bayrischer_Wald_2_Waldwipfelweg_bei_St_Englmar_verkleinert-300x180.jpg 300w, https:\/\/www.naturparkmagazin.de\/vdn\/wp-content\/uploads\/sites\/3\/Bayrischer_Wald_2_Waldwipfelweg_bei_St_Englmar_verkleinert-200x120.jpg 200w\" sizes=\"(max-width: 500px) 100vw, 500px\" \/><\/a><p id=\"caption-attachment-7363\" class=\"wp-caption-text\">Waldwipfelweg bei St. Englmar im Naturpark Bayerischer Wald &#8211; \u00a9 VDN\/Elisabeth Leuchter<\/p><\/div>\n<p>Gerade im Sommer und bei bestem Wetter lockt die Natur mit ihrer attraktiven Kulisse die Menschen zu Erkundungen ein. Dabei bieten Naturerlebnispfade die M\u00f6glichkeit, spielerisch das Sch\u00f6ne mit viel Wissenswertem \u00fcber die bewanderte Region zu verbinden. Ob jung oder junggeblieben, ob mit der Familie oder alleine &#8211; f\u00fcr jeden ist was dabei. So unterschiedlich wie die Angebote ist auch die L\u00e4nge der Pfade.<\/p>\n<div id=\"attachment_7365\" style=\"width: 510px\" class=\"wp-caption aligncenter\"><a href=\"https:\/\/www.naturparkmagazin.de\/vdn\/wp-content\/uploads\/sites\/3\/dsc05972_verkleinert.jpg\"><img aria-describedby=\"caption-attachment-7365\" decoding=\"async\" loading=\"lazy\" class=\"wp-image-7365 size-full\" title=\"Wildkatze\" src=\"https:\/\/www.naturparkmagazin.de\/vdn\/wp-content\/uploads\/sites\/3\/dsc05972_verkleinert.jpg\" alt=\"Wildkatze - \u00a9 VDN\/Maik Elbers\" width=\"500\" height=\"300\" srcset=\"https:\/\/www.naturparkmagazin.de\/vdn\/wp-content\/uploads\/sites\/3\/dsc05972_verkleinert.jpg 500w, https:\/\/www.naturparkmagazin.de\/vdn\/wp-content\/uploads\/sites\/3\/dsc05972_verkleinert-300x180.jpg 300w, https:\/\/www.naturparkmagazin.de\/vdn\/wp-content\/uploads\/sites\/3\/dsc05972_verkleinert-200x120.jpg 200w\" sizes=\"(max-width: 500px) 100vw, 500px\" \/><\/a><p id=\"caption-attachment-7365\" class=\"wp-caption-text\">Wildkatze &#8211; \u00a9 VDN\/Maik Elbers<\/p><\/div>\n<p>Begeben Sie sich im Naturpark Saar-Hunsr\u00fcck auf die <a href=\"http:\/\/www.bund-saar.de\/themen_und_projekte\/wildkatzenerlebnispfad\/\" target=\"_blank\">Spuren der Wildkatze<\/a>. Ausgestattet mit Ihrem Smartphone lernen Sie interaktiv die von der UNESCO ausgezeichnete <a href=\"http:\/\/www.naturpark-teutoburgerwald.de\/29.html\" target=\"_blank\">GPS-Erlebnisregion Teutoburger Wald<\/a> neu kennen. Lassen Sie in 40 Metern H\u00f6he Ihren Blick \u00fcber die <a href=\"http:\/\/www.naturparkschwarzwald.de\/aktiv_unterwegs\/erlebnispfade\/baumwipfelpfad\/\" target=\"_blank\">Baumkronen des Schwarzwaldes<\/a> schweifen oder begeben Sie sich auf die Moorerlebnispfade, die Sie unter anderem im <a href=\"http:\/\/www.niederlausitzer-landruecken-naturpark.de\/\" target=\"_blank\">Naturpark Niederlausitzer Heidelandschaft<\/a>, <a href=\"http:\/\/www.naturpark-duemmer.de\/fileadmin\/content\/Barrierefrei\/Moorerlebnispfad_Campemoor_mit_Logo.pdf\" target=\"_blank\">Naturpark D\u00fcmmer<\/a> oder im <a href=\"http:\/\/www.naturparkhaus.de\/naturparkhaus\/moorerlebnispfad\" target=\"_blank\">Naturpark Stechlin-Ruppiner Land<\/a> finden.<\/p>\n<div id=\"attachment_7367\" style=\"width: 510px\" class=\"wp-caption aligncenter\"><a href=\"https:\/\/www.naturparkmagazin.de\/vdn\/wp-content\/uploads\/sites\/3\/dsc6380_verkleinert.jpg\"><img aria-describedby=\"caption-attachment-7367\" decoding=\"async\" loading=\"lazy\" class=\"wp-image-7367 size-full\" src=\"https:\/\/www.naturparkmagazin.de\/vdn\/wp-content\/uploads\/sites\/3\/dsc6380_verkleinert.jpg\" alt=\"&quot;Sonnentausteg&quot; im Naturpark Niederlausitzer Heidelandschaft - Copyright: VDN\/I. Decker\" width=\"500\" height=\"300\" srcset=\"https:\/\/www.naturparkmagazin.de\/vdn\/wp-content\/uploads\/sites\/3\/dsc6380_verkleinert.jpg 500w, https:\/\/www.naturparkmagazin.de\/vdn\/wp-content\/uploads\/sites\/3\/dsc6380_verkleinert-300x180.jpg 300w, https:\/\/www.naturparkmagazin.de\/vdn\/wp-content\/uploads\/sites\/3\/dsc6380_verkleinert-200x120.jpg 200w\" sizes=\"(max-width: 500px) 100vw, 500px\" \/><\/a><p id=\"caption-attachment-7367\" class=\"wp-caption-text\">&#8222;Sonnentausteg&#8220; im Naturpark Niederlausitzer Heidelandschaft &#8211; Copyright: VDN\/I. Decker<\/p><\/div>\n<p>&nbsp;<\/p>\n<div id=\"attachment_7366\" style=\"width: 510px\" class=\"wp-caption aligncenter\"><a href=\"https:\/\/www.naturparkmagazin.de\/vdn\/wp-content\/uploads\/sites\/3\/im-moor_verkleinert.jpg\"><img aria-describedby=\"caption-attachment-7366\" decoding=\"async\" loading=\"lazy\" class=\"size-full wp-image-7366\" src=\"https:\/\/www.naturparkmagazin.de\/vdn\/wp-content\/uploads\/sites\/3\/im-moor_verkleinert.jpg\" alt=\"Moorwanderweg im Naturpark Bayerische Rh\u00f6n - \u00a9 VDN\/Werner\" width=\"500\" height=\"700\" srcset=\"https:\/\/www.naturparkmagazin.de\/vdn\/wp-content\/uploads\/sites\/3\/im-moor_verkleinert.jpg 500w, https:\/\/www.naturparkmagazin.de\/vdn\/wp-content\/uploads\/sites\/3\/im-moor_verkleinert-300x420.jpg 300w, https:\/\/www.naturparkmagazin.de\/vdn\/wp-content\/uploads\/sites\/3\/im-moor_verkleinert-200x280.jpg 200w\" sizes=\"(max-width: 500px) 100vw, 500px\" \/><\/a><p id=\"caption-attachment-7366\" class=\"wp-caption-text\">Moorwanderweg im Naturpark Bayerische Rh\u00f6n &#8211; \u00a9 VDN\/Werner<\/p><\/div>\n<p>Jedoch steht nicht immer nur die Sch\u00f6nheit der Natur im Vordergrund. Auf dem <a href=\"http:\/\/www.naturerlebnis-vogelsberg.de\/index.php?id=50\" target=\"_blank\">Sinnespfad<\/a> im Naturpark Hoher Vogelsberg k\u00f6nnen Sie zu Ihrer ganz eigenen Natur finden.<\/p>\n<p>Infotafeln auf den Strecken vermitteln viele interessante Informationen \u00fcber die bewanderte Gegend und die Sch\u00fctzensw\u00fcrdigkeit der Natur. An der Strecke gelegene Naturerlebnisorte laden zum (l\u00e4ngeren) Verweilen ein oder Sie statten den Naturparkzentren einen Besuch ab.<\/p>\n<div id=\"attachment_7360\" style=\"width: 510px\" class=\"wp-caption aligncenter\"><a href=\"https:\/\/www.naturparkmagazin.de\/vdn\/wp-content\/uploads\/sites\/3\/BP_Hoher-F\u00e4ming_Rollstuhl.jpg\"><img aria-describedby=\"caption-attachment-7360\" decoding=\"async\" loading=\"lazy\" class=\"wp-image-7360 size-full\" title=\"Naturpark Hoher Fl\u00e4ming\" src=\"https:\/\/www.naturparkmagazin.de\/vdn\/wp-content\/uploads\/sites\/3\/BP_Hoher-F\u00e4ming_Rollstuhl.jpg\" alt=\"Naturerlebnispfad Belziger Burgwiesen im Naturpark Hoher Fl\u00e4ming - \u00a9 Naturpark Hoher Fl\u00e4ming\" width=\"500\" height=\"300\" srcset=\"https:\/\/www.naturparkmagazin.de\/vdn\/wp-content\/uploads\/sites\/3\/BP_Hoher-F\u00e4ming_Rollstuhl.jpg 500w, https:\/\/www.naturparkmagazin.de\/vdn\/wp-content\/uploads\/sites\/3\/BP_Hoher-F\u00e4ming_Rollstuhl-300x180.jpg 300w, https:\/\/www.naturparkmagazin.de\/vdn\/wp-content\/uploads\/sites\/3\/BP_Hoher-F\u00e4ming_Rollstuhl-200x120.jpg 200w\" sizes=\"(max-width: 500px) 100vw, 500px\" \/><\/a><p id=\"caption-attachment-7360\" class=\"wp-caption-text\">Naturerlebnispfad Belziger Burgwiesen im Naturpark Hoher Fl\u00e4ming &#8211; \u00a9 Naturpark Hoher Fl\u00e4ming<\/p><\/div>\n<p>Auch f\u00fcr Naturfreunde mit Handicap bieten zahlreiche modernisierte oder neu angelegte Erlebnispfade die M\u00f6glichkeit, die Natur zu erfahren. So sind zum Beispiel viele Pfade wie der <a href=\"http:\/\/www.hoher-flaeming-naturpark.de\/themen\/aktiv-in-der-natur\/naturerlebnispfad-belziger-burgwiesen\/\" target=\"_blank\">Naturerlebnispfad Belziger Burgwiesen<\/a> im Naturpark Hoher Fl\u00e4ming f\u00fcr Rollst\u00fchle geeignet oder Infotafeln mit Brailleschrift ausgestattet.<\/p>\n<p>Schauen Sie doch mal was Sie auf den Pfaden Ihres Naturparks alles erleben k\u00f6nnen oder unternehmen Sie einen Ausflug in einen der \u00fcber 100 Naturparke in ganz Deutschland.<\/p>\n<p>&nbsp;<\/p>\n","protected":false},"excerpt":{"rendered":"<p>Der Sommer ist im vollen Gange &#8211; Natur und Landschaft zeigen sich von ihrer sch\u00f6nsten Seite. H\u00f6chste Zeit also f\u00fcr einen Ausflug in die Naturparke. Wer neben Erholung noch etwas Wissenswertes \u00fcber die Umgebung erfahren, dem seien die vielen Naturerlebnispfade ans Herz gelegt. <\/p>\n","protected":false},"author":51,"featured_media":7218,"comment_status":"open","ping_status":"open","sticky":false,"template":"","format":"standard","meta":{"_links_to":"","_links_to_target":""},"categories":[51],"tags":[],"yoast_head":"<!-- This site is optimized with the Yoast SEO plugin v19.10 - https:\/\/yoast.com\/wordpress\/plugins\/seo\/ -->\n<title>&quot;Auf guten Wegen&quot; - Erlebnispfade in Naturparken<\/title>\n<meta name=\"description\" content=\"Der Sommer ist im vollen Gange - Natur und Landschaft zeigen sich von ihrer sch\u00f6nsten Seite. H\u00f6chste Zeit also f\u00fcr einen Ausflug in die Naturparke. Wer neben Erholung noch etwas Wissenswertes \u00fcber die Umgebung erfahren, dem seien die vielen Naturerlebnispfade ans Herz gelegt.\" \/>\n<meta name=\"robots\" content=\"index, follow, max-snippet:-1, max-image-preview:large, max-video-preview:-1\" \/>\n<link rel=\"canonical\" href=\"https:\/\/www.naturparkmagazin.de\/vdn\/auf-guten-wegen-erlebnispfade-in-naturparken\/\" \/>\n<meta property=\"og:locale\" content=\"de_DE\" \/>\n<meta property=\"og:type\" content=\"article\" \/>\n<meta property=\"og:title\" content=\"&quot;Auf guten Wegen&quot; - Erlebnispfade in Naturparken\" \/>\n<meta property=\"og:description\" content=\"Der Sommer ist im vollen Gange - Natur und Landschaft zeigen sich von ihrer sch\u00f6nsten Seite. H\u00f6chste Zeit also f\u00fcr einen Ausflug in die Naturparke. Wer neben Erholung noch etwas Wissenswertes \u00fcber die Umgebung erfahren, dem seien die vielen Naturerlebnispfade ans Herz gelegt.\" \/>\n<meta property=\"og:url\" content=\"https:\/\/www.naturparkmagazin.de\/vdn\/auf-guten-wegen-erlebnispfade-in-naturparken\/\" \/>\n<meta property=\"og:site_name\" content=\"Verband Deutscher Naturparke\" \/>\n<meta property=\"article:published_time\" content=\"2016-06-15T08:00:55+00:00\" \/>\n<meta property=\"article:modified_time\" content=\"2016-07-05T14:08:55+00:00\" \/>\n<meta property=\"og:image\" content=\"https:\/\/www.naturparkmagazin.de\/vdn\/wp-content\/uploads\/sites\/3\/dsc6380_Beitragsbild_verkleinert.jpg\" \/>\n\t<meta property=\"og:image:width\" content=\"200\" \/>\n\t<meta property=\"og:image:height\" content=\"200\" \/>\n\t<meta property=\"og:image:type\" content=\"image\/jpeg\" \/>\n<meta name=\"author\" content=\"beatrixlosem\" \/>\n<meta name=\"twitter:label1\" content=\"Verfasst von\" \/>\n\t<meta name=\"twitter:data1\" content=\"beatrixlosem\" \/>\n\t<meta name=\"twitter:label2\" content=\"Gesch\u00e4tzte Lesezeit\" \/>\n\t<meta name=\"twitter:data2\" content=\"2\u00a0Minuten\" \/>\n<script type=\"application\/ld+json\" class=\"yoast-schema-graph\">{\"@context\":\"https:\/\/schema.org\",\"@graph\":[{\"@type\":\"WebPage\",\"@id\":\"https:\/\/www.naturparkmagazin.de\/vdn\/auf-guten-wegen-erlebnispfade-in-naturparken\/\",\"url\":\"https:\/\/www.naturparkmagazin.de\/vdn\/auf-guten-wegen-erlebnispfade-in-naturparken\/\",\"name\":\"\\\"Auf guten Wegen\\\" - Erlebnispfade in Naturparken\",\"isPartOf\":{\"@id\":\"https:\/\/www.naturparkmagazin.de\/vdn\/#website\"},\"datePublished\":\"2016-06-15T08:00:55+00:00\",\"dateModified\":\"2016-07-05T14:08:55+00:00\",\"author\":{\"@id\":\"https:\/\/www.naturparkmagazin.de\/vdn\/#\/schema\/person\/d71357578c318b6db03be60b1f60396b\"},\"description\":\"Der Sommer ist im vollen Gange - Natur und Landschaft zeigen sich von ihrer sch\u00f6nsten Seite. H\u00f6chste Zeit also f\u00fcr einen Ausflug in die Naturparke. Wer neben Erholung noch etwas Wissenswertes \u00fcber die Umgebung erfahren, dem seien die vielen Naturerlebnispfade ans Herz gelegt.\",\"breadcrumb\":{\"@id\":\"https:\/\/www.naturparkmagazin.de\/vdn\/auf-guten-wegen-erlebnispfade-in-naturparken\/#breadcrumb\"},\"inLanguage\":\"de\",\"potentialAction\":[{\"@type\":\"ReadAction\",\"target\":[\"https:\/\/www.naturparkmagazin.de\/vdn\/auf-guten-wegen-erlebnispfade-in-naturparken\/\"]}]},{\"@type\":\"BreadcrumbList\",\"@id\":\"https:\/\/www.naturparkmagazin.de\/vdn\/auf-guten-wegen-erlebnispfade-in-naturparken\/#breadcrumb\",\"itemListElement\":[{\"@type\":\"ListItem\",\"position\":1,\"name\":\"Home\",\"item\":\"https:\/\/www.naturparkmagazin.de\/vdn\/\"},{\"@type\":\"ListItem\",\"position\":2,\"name\":\"&#8222;Auf guten Wegen&#8220; &#8211; Erlebnispfade in Naturparken\"}]},{\"@type\":\"WebSite\",\"@id\":\"https:\/\/www.naturparkmagazin.de\/vdn\/#website\",\"url\":\"https:\/\/www.naturparkmagazin.de\/vdn\/\",\"name\":\"Verband Deutscher Naturparke\",\"description\":\"Eine weitere Naturparkmagazin.de Netzwerk Seite\",\"potentialAction\":[{\"@type\":\"SearchAction\",\"target\":{\"@type\":\"EntryPoint\",\"urlTemplate\":\"https:\/\/www.naturparkmagazin.de\/vdn\/?s={search_term_string}\"},\"query-input\":\"required name=search_term_string\"}],\"inLanguage\":\"de\"},{\"@type\":\"Person\",\"@id\":\"https:\/\/www.naturparkmagazin.de\/vdn\/#\/schema\/person\/d71357578c318b6db03be60b1f60396b\",\"name\":\"beatrixlosem\",\"url\":\"https:\/\/www.naturparkmagazin.de\/vdn\/author\/beatrixlosem\/\"}]}<\/script>\n<!-- \/ Yoast SEO plugin. -->","yoast_head_json":{"title":"\"Auf guten Wegen\" - Erlebnispfade in Naturparken","description":"Der Sommer ist im vollen Gange - Natur und Landschaft zeigen sich von ihrer sch\u00f6nsten Seite. H\u00f6chste Zeit also f\u00fcr einen Ausflug in die Naturparke. Wer neben Erholung noch etwas Wissenswertes \u00fcber die Umgebung erfahren, dem seien die vielen Naturerlebnispfade ans Herz gelegt.","robots":{"index":"index","follow":"follow","max-snippet":"max-snippet:-1","max-image-preview":"max-image-preview:large","max-video-preview":"max-video-preview:-1"},"canonical":"https:\/\/www.naturparkmagazin.de\/vdn\/auf-guten-wegen-erlebnispfade-in-naturparken\/","og_locale":"de_DE","og_type":"article","og_title":"\"Auf guten Wegen\" - Erlebnispfade in Naturparken","og_description":"Der Sommer ist im vollen Gange - Natur und Landschaft zeigen sich von ihrer sch\u00f6nsten Seite. H\u00f6chste Zeit also f\u00fcr einen Ausflug in die Naturparke. Wer neben Erholung noch etwas Wissenswertes \u00fcber die Umgebung erfahren, dem seien die vielen Naturerlebnispfade ans Herz gelegt.","og_url":"https:\/\/www.naturparkmagazin.de\/vdn\/auf-guten-wegen-erlebnispfade-in-naturparken\/","og_site_name":"Verband Deutscher Naturparke","article_published_time":"2016-06-15T08:00:55+00:00","article_modified_time":"2016-07-05T14:08:55+00:00","og_image":[{"width":200,"height":200,"url":"https:\/\/www.naturparkmagazin.de\/vdn\/wp-content\/uploads\/sites\/3\/dsc6380_Beitragsbild_verkleinert.jpg","type":"image\/jpeg"}],"author":"beatrixlosem","twitter_misc":{"Verfasst von":"beatrixlosem","Gesch\u00e4tzte Lesezeit":"2\u00a0Minuten"},"schema":{"@context":"https:\/\/schema.org","@graph":[{"@type":"WebPage","@id":"https:\/\/www.naturparkmagazin.de\/vdn\/auf-guten-wegen-erlebnispfade-in-naturparken\/","url":"https:\/\/www.naturparkmagazin.de\/vdn\/auf-guten-wegen-erlebnispfade-in-naturparken\/","name":"\"Auf guten Wegen\" - Erlebnispfade in Naturparken","isPartOf":{"@id":"https:\/\/www.naturparkmagazin.de\/vdn\/#website"},"datePublished":"2016-06-15T08:00:55+00:00","dateModified":"2016-07-05T14:08:55+00:00","author":{"@id":"https:\/\/www.naturparkmagazin.de\/vdn\/#\/schema\/person\/d71357578c318b6db03be60b1f60396b"},"description":"Der Sommer ist im vollen Gange - Natur und Landschaft zeigen sich von ihrer sch\u00f6nsten Seite. H\u00f6chste Zeit also f\u00fcr einen Ausflug in die Naturparke. Wer neben Erholung noch etwas Wissenswertes \u00fcber die Umgebung erfahren, dem seien die vielen Naturerlebnispfade ans Herz gelegt.","breadcrumb":{"@id":"https:\/\/www.naturparkmagazin.de\/vdn\/auf-guten-wegen-erlebnispfade-in-naturparken\/#breadcrumb"},"inLanguage":"de","potentialAction":[{"@type":"ReadAction","target":["https:\/\/www.naturparkmagazin.de\/vdn\/auf-guten-wegen-erlebnispfade-in-naturparken\/"]}]},{"@type":"BreadcrumbList","@id":"https:\/\/www.naturparkmagazin.de\/vdn\/auf-guten-wegen-erlebnispfade-in-naturparken\/#breadcrumb","itemListElement":[{"@type":"ListItem","position":1,"name":"Home","item":"https:\/\/www.naturparkmagazin.de\/vdn\/"},{"@type":"ListItem","position":2,"name":"&#8222;Auf guten Wegen&#8220; &#8211; Erlebnispfade in Naturparken"}]},{"@type":"WebSite","@id":"https:\/\/www.naturparkmagazin.de\/vdn\/#website","url":"https:\/\/www.naturparkmagazin.de\/vdn\/","name":"Verband Deutscher Naturparke","description":"Eine weitere Naturparkmagazin.de Netzwerk Seite","potentialAction":[{"@type":"SearchAction","target":{"@type":"EntryPoint","urlTemplate":"https:\/\/www.naturparkmagazin.de\/vdn\/?s={search_term_string}"},"query-input":"required name=search_term_string"}],"inLanguage":"de"},{"@type":"Person","@id":"https:\/\/www.naturparkmagazin.de\/vdn\/#\/schema\/person\/d71357578c318b6db03be60b1f60396b","name":"beatrixlosem","url":"https:\/\/www.naturparkmagazin.de\/vdn\/author\/beatrixlosem\/"}]}},"_links":{"self":[{"href":"https:\/\/www.naturparkmagazin.de\/vdn\/wp-json\/wp\/v2\/posts\/7206"}],"collection":[{"href":"https:\/\/www.naturparkmagazin.de\/vdn\/wp-json\/wp\/v2\/posts"}],"about":[{"href":"https:\/\/www.naturparkmagazin.de\/vdn\/wp-json\/wp\/v2\/types\/post"}],"author":[{"embeddable":true,"href":"https:\/\/www.naturparkmagazin.de\/vdn\/wp-json\/wp\/v2\/users\/51"}],"replies":[{"embeddable":true,"href":"https:\/\/www.naturparkmagazin.de\/vdn\/wp-json\/wp\/v2\/comments?post=7206"}],"version-history":[{"count":31,"href":"https:\/\/www.naturparkmagazin.de\/vdn\/wp-json\/wp\/v2\/posts\/7206\/revisions"}],"predecessor-version":[{"id":7401,"href":"https:\/\/www.naturparkmagazin.de\/vdn\/wp-json\/wp\/v2\/posts\/7206\/revisions\/7401"}],"wp:featuredmedia":[{"embeddable":true,"href":"https:\/\/www.naturparkmagazin.de\/vdn\/wp-json\/wp\/v2\/media\/7218"}],"wp:attachment":[{"href":"https:\/\/www.naturparkmagazin.de\/vdn\/wp-json\/wp\/v2\/media?parent=7206"}],"wp:term":[{"taxonomy":"category","embeddable":true,"href":"https:\/\/www.naturparkmagazin.de\/vdn\/wp-json\/wp\/v2\/categories?post=7206"},{"taxonomy":"post_tag","embeddable":true,"href":"https:\/\/www.naturparkmagazin.de\/vdn\/wp-json\/wp\/v2\/tags?post=7206"}],"curies":[{"name":"wp","href":"https:\/\/api.w.org\/{rel}","templated":true}]}}