{"id":7258,"date":"2016-06-15T13:20:17","date_gmt":"2016-06-15T11:20:17","guid":{"rendered":"http:\/\/www.naturparkmagazin.de\/vdn\/?p=7258"},"modified":"2016-06-17T11:21:33","modified_gmt":"2016-06-17T09:21:33","slug":"frueh-uebt-sich-vdn-startet-projekt-naturpark-kindergaerten","status":"publish","type":"post","link":"https:\/\/www.naturparkmagazin.de\/vdn\/frueh-uebt-sich-vdn-startet-projekt-naturpark-kindergaerten\/","title":{"rendered":"\u201eFr\u00fch \u00fcbt sich\u201c &#8211; VDN startet Projekt \u201eNaturpark-Kinderg\u00e4rten\u201c"},"content":{"rendered":"<p>Kleinen Forschern und Entdeckern die gro\u00dfe Welt vor der Haust\u00fcr n\u00e4her bringen und dabei eine nachhaltige Bildungspartnerschaft zwischen Kindergarten und Naturpark aufzubauen, ist die Idee des Projekts \u201eNetzwerk Naturpark-Kinderg\u00e4rten\u201c.<\/p>\n<p>Damit dies gelingen kann, werden im Projekt \u201eNetzwerk Naturpark-Kinderg\u00e4rten\u201c Inhalte und Strukturen f\u00fcr eine systematische und erfolgreiche Naturpark-Kindergarten-Kooperation entwickelt.<\/p>\n<p>Eine solche Partnerschaft zeichnet sich durch ein langfristiges und nachhaltiges Engagement und eine strategische zukunftsorientierte Zusammenarbeit zwischen Kindergarten und Naturpark mit einer kontinuierlichen Transferleistung zwischen beiden Partnern aus.<\/p>\n<div id=\"attachment_7313\" style=\"width: 318px\" class=\"wp-caption alignleft\"><a href=\"https:\/\/www.naturparkmagazin.de\/vdn\/wp-content\/uploads\/sites\/3\/IMG_0318_verkleinert.jpg\"><img aria-describedby=\"caption-attachment-7313\" decoding=\"async\" loading=\"lazy\" class=\"wp-image-7313\" title=\"Junge Entdecker\" src=\"https:\/\/www.naturparkmagazin.de\/vdn\/wp-content\/uploads\/sites\/3\/IMG_0318_verkleinert.jpg\" alt=\"\u00a9 VDN\/Liesen\" width=\"308\" height=\"185\" srcset=\"https:\/\/www.naturparkmagazin.de\/vdn\/wp-content\/uploads\/sites\/3\/IMG_0318_verkleinert.jpg 500w, https:\/\/www.naturparkmagazin.de\/vdn\/wp-content\/uploads\/sites\/3\/IMG_0318_verkleinert-300x180.jpg 300w, https:\/\/www.naturparkmagazin.de\/vdn\/wp-content\/uploads\/sites\/3\/IMG_0318_verkleinert-200x120.jpg 200w\" sizes=\"(max-width: 308px) 100vw, 308px\" \/><\/a><p id=\"caption-attachment-7313\" class=\"wp-caption-text\">\u00a9 VDN\/Liesen<\/p><\/div>\n<p>In diese Bildungspartnerschaften werden auch andere Kooperationspartner vor Ort (F\u00f6rster, Landwirte, regionales Handwerk) miteinbezogen, so dass die jungen Forscher im Rahmen von Exkursionen hautnah erfahren, wo ihre Lebensmittel herkommen, warum B\u00e4ume Bl\u00e4tter haben und welche Tiere eigentlich im Wasser leben. Die Kinder erfahren, dass ihr Handeln heute Auswirkungen auf die Zukunft hat und dass sich viele komplexe Aufgaben durch Nachdenken, Forschen und Ausprobieren l\u00f6sen lassen.<\/p>\n<p>Die Auszeichnung \u201eNaturpark-Kindergarten\u201c soll auf der Basis des im Projekt zu entwickelnden bundesweiten Kriterienkatalogs f\u00fcr einen Zeitraum von f\u00fcnf Jahren verliehen werden. Der Kriterienkatalog bildet den Rahmen, auf dessen Basis das Projekt \u201eNaturpark-Kindergarten\u201c vor Ort,<\/p>\n<div id=\"attachment_7314\" style=\"width: 355px\" class=\"wp-caption alignright\"><a href=\"https:\/\/www.naturparkmagazin.de\/vdn\/wp-content\/uploads\/sites\/3\/Kinder_Matsch2_Liesen_verkleinert.jpg\"><img aria-describedby=\"caption-attachment-7314\" decoding=\"async\" loading=\"lazy\" class=\"wp-image-7314\" title=\"Junge Entdecker\" src=\"https:\/\/www.naturparkmagazin.de\/vdn\/wp-content\/uploads\/sites\/3\/Kinder_Matsch2_Liesen_verkleinert.jpg\" alt=\"\u00a9 VDN\/Liesen\" width=\"345\" height=\"207\" srcset=\"https:\/\/www.naturparkmagazin.de\/vdn\/wp-content\/uploads\/sites\/3\/Kinder_Matsch2_Liesen_verkleinert.jpg 500w, https:\/\/www.naturparkmagazin.de\/vdn\/wp-content\/uploads\/sites\/3\/Kinder_Matsch2_Liesen_verkleinert-300x180.jpg 300w, https:\/\/www.naturparkmagazin.de\/vdn\/wp-content\/uploads\/sites\/3\/Kinder_Matsch2_Liesen_verkleinert-200x120.jpg 200w\" sizes=\"(max-width: 345px) 100vw, 345px\" \/><\/a><p id=\"caption-attachment-7314\" class=\"wp-caption-text\">\u00a9 VDN\/Liesen<\/p><\/div>\n<p>entsprechend der regionalen Besonderheiten, mit Leben gef\u00fcllt wird. Die Auszeichnung der Partner-Kinderg\u00e4rten als \u201eNaturpark-Kindergarten\u201c soll der Naturpark im Auftrag des VDN vornehmen. Regelm\u00e4\u00dfig soll die Kooperation evaluiert und die Auszeichnung als \u201eNaturpark-Kindergarten\u201c verl\u00e4ngert werden.<\/p>\n<p>Das Projekt wird gef\u00f6rdert von der Deutschen Bundesstiftung Umwelt (DBU).<\/p>\n<p>&nbsp;<\/p>\n<p>&nbsp;<\/p>\n","protected":false},"excerpt":{"rendered":"<p>Kleinen Entdeckern die gro\u00dfe Welt vor der Haust\u00fcr n\u00e4her bringen und dabei eine Partnerschaft zwischen Kindergarten und Naturpark aufzubauen, ist Idee des Projekts \u201eNetzwerk Naturpark-Kinderg\u00e4rten\u201c.<\/p>\n","protected":false},"author":51,"featured_media":7311,"comment_status":"open","ping_status":"open","sticky":false,"template":"","format":"standard","meta":{"_links_to":"","_links_to_target":""},"categories":[7],"tags":[508,607,640,642,3155,641,370,231,81,9,638,639,82,327,41,501,608],"yoast_head":"<!-- This site is optimized with the Yoast SEO plugin v19.10 - https:\/\/yoast.com\/wordpress\/plugins\/seo\/ -->\n<title>\u201eFr\u00fch \u00fcbt sich\u201c - VDN startet Projekt \u201eNaturpark-Kinderg\u00e4rten\u201c<\/title>\n<meta name=\"description\" content=\"Kleinen Entdeckern die gro\u00dfe Welt vor der Haust\u00fcr n\u00e4her bringen und dabei eine Partnerschaft zwischen Kindergarten und Naturpark aufzubauen, ist Idee des Projekts \u201eNetzwerk Naturpark-Kinderg\u00e4rten\u201c.\" \/>\n<meta name=\"robots\" content=\"index, follow, max-snippet:-1, max-image-preview:large, max-video-preview:-1\" \/>\n<link rel=\"canonical\" href=\"https:\/\/www.naturparkmagazin.de\/vdn\/frueh-uebt-sich-vdn-startet-projekt-naturpark-kindergaerten\/\" \/>\n<meta property=\"og:locale\" content=\"de_DE\" \/>\n<meta property=\"og:type\" content=\"article\" \/>\n<meta property=\"og:title\" content=\"\u201eFr\u00fch \u00fcbt sich\u201c - VDN startet Projekt \u201eNaturpark-Kinderg\u00e4rten\u201c\" \/>\n<meta property=\"og:description\" content=\"Kleinen Entdeckern die gro\u00dfe Welt vor der Haust\u00fcr n\u00e4her bringen und dabei eine Partnerschaft zwischen Kindergarten und Naturpark aufzubauen, ist Idee des Projekts \u201eNetzwerk Naturpark-Kinderg\u00e4rten\u201c.\" \/>\n<meta property=\"og:url\" content=\"https:\/\/www.naturparkmagazin.de\/vdn\/frueh-uebt-sich-vdn-startet-projekt-naturpark-kindergaerten\/\" \/>\n<meta property=\"og:site_name\" content=\"Verband Deutscher Naturparke\" \/>\n<meta property=\"article:published_time\" content=\"2016-06-15T11:20:17+00:00\" \/>\n<meta property=\"article:modified_time\" content=\"2016-06-17T09:21:33+00:00\" \/>\n<meta property=\"og:image\" content=\"https:\/\/www.naturparkmagazin.de\/vdn\/wp-content\/uploads\/sites\/3\/Neubuer_Weiher_Fernglas_Beitragsbild.jpg\" \/>\n\t<meta property=\"og:image:width\" content=\"200\" \/>\n\t<meta property=\"og:image:height\" content=\"200\" \/>\n\t<meta property=\"og:image:type\" content=\"image\/jpeg\" \/>\n<meta name=\"author\" content=\"beatrixlosem\" \/>\n<meta name=\"twitter:label1\" content=\"Verfasst von\" \/>\n\t<meta name=\"twitter:data1\" content=\"beatrixlosem\" \/>\n\t<meta name=\"twitter:label2\" content=\"Gesch\u00e4tzte Lesezeit\" \/>\n\t<meta name=\"twitter:data2\" content=\"1\u00a0Minute\" \/>\n<script type=\"application\/ld+json\" class=\"yoast-schema-graph\">{\"@context\":\"https:\/\/schema.org\",\"@graph\":[{\"@type\":\"WebPage\",\"@id\":\"https:\/\/www.naturparkmagazin.de\/vdn\/frueh-uebt-sich-vdn-startet-projekt-naturpark-kindergaerten\/\",\"url\":\"https:\/\/www.naturparkmagazin.de\/vdn\/frueh-uebt-sich-vdn-startet-projekt-naturpark-kindergaerten\/\",\"name\":\"\u201eFr\u00fch \u00fcbt sich\u201c - VDN startet Projekt \u201eNaturpark-Kinderg\u00e4rten\u201c\",\"isPartOf\":{\"@id\":\"https:\/\/www.naturparkmagazin.de\/vdn\/#website\"},\"datePublished\":\"2016-06-15T11:20:17+00:00\",\"dateModified\":\"2016-06-17T09:21:33+00:00\",\"author\":{\"@id\":\"https:\/\/www.naturparkmagazin.de\/vdn\/#\/schema\/person\/d71357578c318b6db03be60b1f60396b\"},\"description\":\"Kleinen Entdeckern die gro\u00dfe Welt vor der Haust\u00fcr n\u00e4her bringen und dabei eine Partnerschaft zwischen Kindergarten und Naturpark aufzubauen, ist Idee des Projekts \u201eNetzwerk Naturpark-Kinderg\u00e4rten\u201c.\",\"breadcrumb\":{\"@id\":\"https:\/\/www.naturparkmagazin.de\/vdn\/frueh-uebt-sich-vdn-startet-projekt-naturpark-kindergaerten\/#breadcrumb\"},\"inLanguage\":\"de\",\"potentialAction\":[{\"@type\":\"ReadAction\",\"target\":[\"https:\/\/www.naturparkmagazin.de\/vdn\/frueh-uebt-sich-vdn-startet-projekt-naturpark-kindergaerten\/\"]}]},{\"@type\":\"BreadcrumbList\",\"@id\":\"https:\/\/www.naturparkmagazin.de\/vdn\/frueh-uebt-sich-vdn-startet-projekt-naturpark-kindergaerten\/#breadcrumb\",\"itemListElement\":[{\"@type\":\"ListItem\",\"position\":1,\"name\":\"Home\",\"item\":\"https:\/\/www.naturparkmagazin.de\/vdn\/\"},{\"@type\":\"ListItem\",\"position\":2,\"name\":\"\u201eFr\u00fch \u00fcbt sich\u201c &#8211; VDN startet Projekt \u201eNaturpark-Kinderg\u00e4rten\u201c\"}]},{\"@type\":\"WebSite\",\"@id\":\"https:\/\/www.naturparkmagazin.de\/vdn\/#website\",\"url\":\"https:\/\/www.naturparkmagazin.de\/vdn\/\",\"name\":\"Verband Deutscher Naturparke\",\"description\":\"Eine weitere Naturparkmagazin.de Netzwerk Seite\",\"potentialAction\":[{\"@type\":\"SearchAction\",\"target\":{\"@type\":\"EntryPoint\",\"urlTemplate\":\"https:\/\/www.naturparkmagazin.de\/vdn\/?s={search_term_string}\"},\"query-input\":\"required name=search_term_string\"}],\"inLanguage\":\"de\"},{\"@type\":\"Person\",\"@id\":\"https:\/\/www.naturparkmagazin.de\/vdn\/#\/schema\/person\/d71357578c318b6db03be60b1f60396b\",\"name\":\"beatrixlosem\",\"url\":\"https:\/\/www.naturparkmagazin.de\/vdn\/author\/beatrixlosem\/\"}]}<\/script>\n<!-- \/ Yoast SEO plugin. -->","yoast_head_json":{"title":"\u201eFr\u00fch \u00fcbt sich\u201c - VDN startet Projekt \u201eNaturpark-Kinderg\u00e4rten\u201c","description":"Kleinen Entdeckern die gro\u00dfe Welt vor der Haust\u00fcr n\u00e4her bringen und dabei eine Partnerschaft zwischen Kindergarten und Naturpark aufzubauen, ist Idee des Projekts \u201eNetzwerk Naturpark-Kinderg\u00e4rten\u201c.","robots":{"index":"index","follow":"follow","max-snippet":"max-snippet:-1","max-image-preview":"max-image-preview:large","max-video-preview":"max-video-preview:-1"},"canonical":"https:\/\/www.naturparkmagazin.de\/vdn\/frueh-uebt-sich-vdn-startet-projekt-naturpark-kindergaerten\/","og_locale":"de_DE","og_type":"article","og_title":"\u201eFr\u00fch \u00fcbt sich\u201c - VDN startet Projekt \u201eNaturpark-Kinderg\u00e4rten\u201c","og_description":"Kleinen Entdeckern die gro\u00dfe Welt vor der Haust\u00fcr n\u00e4her bringen und dabei eine Partnerschaft zwischen Kindergarten und Naturpark aufzubauen, ist Idee des Projekts \u201eNetzwerk Naturpark-Kinderg\u00e4rten\u201c.","og_url":"https:\/\/www.naturparkmagazin.de\/vdn\/frueh-uebt-sich-vdn-startet-projekt-naturpark-kindergaerten\/","og_site_name":"Verband Deutscher Naturparke","article_published_time":"2016-06-15T11:20:17+00:00","article_modified_time":"2016-06-17T09:21:33+00:00","og_image":[{"width":200,"height":200,"url":"https:\/\/www.naturparkmagazin.de\/vdn\/wp-content\/uploads\/sites\/3\/Neubuer_Weiher_Fernglas_Beitragsbild.jpg","type":"image\/jpeg"}],"author":"beatrixlosem","twitter_misc":{"Verfasst von":"beatrixlosem","Gesch\u00e4tzte Lesezeit":"1\u00a0Minute"},"schema":{"@context":"https:\/\/schema.org","@graph":[{"@type":"WebPage","@id":"https:\/\/www.naturparkmagazin.de\/vdn\/frueh-uebt-sich-vdn-startet-projekt-naturpark-kindergaerten\/","url":"https:\/\/www.naturparkmagazin.de\/vdn\/frueh-uebt-sich-vdn-startet-projekt-naturpark-kindergaerten\/","name":"\u201eFr\u00fch \u00fcbt sich\u201c - VDN startet Projekt \u201eNaturpark-Kinderg\u00e4rten\u201c","isPartOf":{"@id":"https:\/\/www.naturparkmagazin.de\/vdn\/#website"},"datePublished":"2016-06-15T11:20:17+00:00","dateModified":"2016-06-17T09:21:33+00:00","author":{"@id":"https:\/\/www.naturparkmagazin.de\/vdn\/#\/schema\/person\/d71357578c318b6db03be60b1f60396b"},"description":"Kleinen Entdeckern die gro\u00dfe Welt vor der Haust\u00fcr n\u00e4her bringen und dabei eine Partnerschaft zwischen Kindergarten und Naturpark aufzubauen, ist Idee des Projekts \u201eNetzwerk Naturpark-Kinderg\u00e4rten\u201c.","breadcrumb":{"@id":"https:\/\/www.naturparkmagazin.de\/vdn\/frueh-uebt-sich-vdn-startet-projekt-naturpark-kindergaerten\/#breadcrumb"},"inLanguage":"de","potentialAction":[{"@type":"ReadAction","target":["https:\/\/www.naturparkmagazin.de\/vdn\/frueh-uebt-sich-vdn-startet-projekt-naturpark-kindergaerten\/"]}]},{"@type":"BreadcrumbList","@id":"https:\/\/www.naturparkmagazin.de\/vdn\/frueh-uebt-sich-vdn-startet-projekt-naturpark-kindergaerten\/#breadcrumb","itemListElement":[{"@type":"ListItem","position":1,"name":"Home","item":"https:\/\/www.naturparkmagazin.de\/vdn\/"},{"@type":"ListItem","position":2,"name":"\u201eFr\u00fch \u00fcbt sich\u201c &#8211; VDN startet Projekt \u201eNaturpark-Kinderg\u00e4rten\u201c"}]},{"@type":"WebSite","@id":"https:\/\/www.naturparkmagazin.de\/vdn\/#website","url":"https:\/\/www.naturparkmagazin.de\/vdn\/","name":"Verband Deutscher Naturparke","description":"Eine weitere Naturparkmagazin.de Netzwerk Seite","potentialAction":[{"@type":"SearchAction","target":{"@type":"EntryPoint","urlTemplate":"https:\/\/www.naturparkmagazin.de\/vdn\/?s={search_term_string}"},"query-input":"required name=search_term_string"}],"inLanguage":"de"},{"@type":"Person","@id":"https:\/\/www.naturparkmagazin.de\/vdn\/#\/schema\/person\/d71357578c318b6db03be60b1f60396b","name":"beatrixlosem","url":"https:\/\/www.naturparkmagazin.de\/vdn\/author\/beatrixlosem\/"}]}},"_links":{"self":[{"href":"https:\/\/www.naturparkmagazin.de\/vdn\/wp-json\/wp\/v2\/posts\/7258"}],"collection":[{"href":"https:\/\/www.naturparkmagazin.de\/vdn\/wp-json\/wp\/v2\/posts"}],"about":[{"href":"https:\/\/www.naturparkmagazin.de\/vdn\/wp-json\/wp\/v2\/types\/post"}],"author":[{"embeddable":true,"href":"https:\/\/www.naturparkmagazin.de\/vdn\/wp-json\/wp\/v2\/users\/51"}],"replies":[{"embeddable":true,"href":"https:\/\/www.naturparkmagazin.de\/vdn\/wp-json\/wp\/v2\/comments?post=7258"}],"version-history":[{"count":6,"href":"https:\/\/www.naturparkmagazin.de\/vdn\/wp-json\/wp\/v2\/posts\/7258\/revisions"}],"predecessor-version":[{"id":7378,"href":"https:\/\/www.naturparkmagazin.de\/vdn\/wp-json\/wp\/v2\/posts\/7258\/revisions\/7378"}],"wp:featuredmedia":[{"embeddable":true,"href":"https:\/\/www.naturparkmagazin.de\/vdn\/wp-json\/wp\/v2\/media\/7311"}],"wp:attachment":[{"href":"https:\/\/www.naturparkmagazin.de\/vdn\/wp-json\/wp\/v2\/media?parent=7258"}],"wp:term":[{"taxonomy":"category","embeddable":true,"href":"https:\/\/www.naturparkmagazin.de\/vdn\/wp-json\/wp\/v2\/categories?post=7258"},{"taxonomy":"post_tag","embeddable":true,"href":"https:\/\/www.naturparkmagazin.de\/vdn\/wp-json\/wp\/v2\/tags?post=7258"}],"curies":[{"name":"wp","href":"https:\/\/api.w.org\/{rel}","templated":true}]}}