{"id":7260,"date":"2016-06-15T13:25:36","date_gmt":"2016-06-15T11:25:36","guid":{"rendered":"http:\/\/www.naturparkmagazin.de\/vdn\/?p=7260"},"modified":"2016-06-16T14:24:53","modified_gmt":"2016-06-16T12:24:53","slug":"gut-im-bilde-umweltbildungsangebote-auf-der-woche-der-umwelt","status":"publish","type":"post","link":"https:\/\/www.naturparkmagazin.de\/vdn\/gut-im-bilde-umweltbildungsangebote-auf-der-woche-der-umwelt\/","title":{"rendered":"&#8222;Gut im Bilde&#8220; \u2013 Umweltbildungsangebote auf der Woche der Umwelt"},"content":{"rendered":"<p>Bundespr\u00e4sident Joachim Gauck hatte am 7. und 8. Juni 2016 in seinen Berliner Amtssitz zur \u201eWoche der Umwelt\u201c eingeladen. Die Veranstaltung fand in Kooperation mit der Deutschen Bundesstiftung Umwelt (DBU) bereits zum f\u00fcnften Mal statt.<\/p>\n<p>Fast 200 Aussteller hatten die Veranstalter f\u00fcr die \u201eWoche der Umwelt\u201c am 7. und 8. Juni aus zahlreichen Bewerbungen ausgew\u00e4hlt. Innovationen aus Umwelttechnik, -forschung, -bildung und Naturschutz wurden vorgestellt, wie z.B. Bionik, CarSharing, \u00d6kosystemleistungen, Energiewende und vieles mehr. Zudem wurden ca. 80 interessante Fachforen angeboten.<\/p>\n<div id=\"attachment_7262\" style=\"width: 510px\" class=\"wp-caption aligncenter\"><a href=\"https:\/\/www.naturparkmagazin.de\/vdn\/wp-content\/uploads\/sites\/3\/IMG_1645Beitrag.jpg\"><img aria-describedby=\"caption-attachment-7262\" decoding=\"async\" loading=\"lazy\" class=\"wp-image-7262 size-full\" title=\"Stand auf der WdU\" src=\"https:\/\/www.naturparkmagazin.de\/vdn\/wp-content\/uploads\/sites\/3\/IMG_1645Beitrag.jpg\" alt=\"IMG_1645Beitrag\" width=\"500\" height=\"300\" srcset=\"https:\/\/www.naturparkmagazin.de\/vdn\/wp-content\/uploads\/sites\/3\/IMG_1645Beitrag.jpg 500w, https:\/\/www.naturparkmagazin.de\/vdn\/wp-content\/uploads\/sites\/3\/IMG_1645Beitrag-300x180.jpg 300w, https:\/\/www.naturparkmagazin.de\/vdn\/wp-content\/uploads\/sites\/3\/IMG_1645Beitrag-200x120.jpg 200w\" sizes=\"(max-width: 500px) 100vw, 500px\" \/><\/a><p id=\"caption-attachment-7262\" class=\"wp-caption-text\">\u00a9 VDN<\/p><\/div>\n<p>VDN-Pr\u00e4sident Dr. Michael Arndt und VDN-Gesch\u00e4ftsf\u00fchrer Ulrich K\u00f6ster pr\u00e4sentierten mit dem VDN-Team im Park von Schloss Bellevue unter dem Titel &#8222;Bildung neu gedacht!&#8220; die Umweltbildungsangebote &#8222;Netzwerk Naturpark-Schulen&#8220;, &#8222;Naturtalente &#8211; Naturpark-Entdecker-Westen&#8220; und &#8222;Naturerlebnis inklusive &#8211; Das mobile Waldlabor&#8220;. Lebendigkeit steuerten Sch\u00fcler der Naturpark-Schule \u201eTheodor-Fontane Schule\u201c aus Menz bei, die Naturparkleiter Dr. Mario Schrumpf aus dem Naturpark Stechlin-Ruppiner Land mitsamt der Schulleiterin mitgebracht hatte. Auf einem Empfang des Bundespr\u00e4sidenten konnten die Aussteller zudem in interessanten Gespr\u00e4chen wertvolle Kontakte kn\u00fcpfen.<\/p>\n<div id=\"attachment_7264\" style=\"width: 510px\" class=\"wp-caption aligncenter\"><a href=\"https:\/\/www.naturparkmagazin.de\/vdn\/wp-content\/uploads\/sites\/3\/Beitrag.jpg\"><img aria-describedby=\"caption-attachment-7264\" decoding=\"async\" loading=\"lazy\" class=\"wp-image-7264 size-full\" title=\"Naturparkschule Theodor-Fontane-Schule\" src=\"https:\/\/www.naturparkmagazin.de\/vdn\/wp-content\/uploads\/sites\/3\/Beitrag.jpg\" alt=\"Beitrag\" width=\"500\" height=\"300\" srcset=\"https:\/\/www.naturparkmagazin.de\/vdn\/wp-content\/uploads\/sites\/3\/Beitrag.jpg 500w, https:\/\/www.naturparkmagazin.de\/vdn\/wp-content\/uploads\/sites\/3\/Beitrag-300x180.jpg 300w, https:\/\/www.naturparkmagazin.de\/vdn\/wp-content\/uploads\/sites\/3\/Beitrag-200x120.jpg 200w\" sizes=\"(max-width: 500px) 100vw, 500px\" \/><\/a><p id=\"caption-attachment-7264\" class=\"wp-caption-text\">\u00a9 Dr. Mario Schrumpf<\/p><\/div>\n<p>&nbsp;<\/p>\n","protected":false},"excerpt":{"rendered":"<p>Bundespr\u00e4sident Joachim Gauck und die Deutsche Bundesstiftung Umwelt (DBU) waren die Gastgeber der Woche der Umwelt am 7. und 8. Juni im Schloss Bellevue.<\/p>\n","protected":false},"author":51,"featured_media":7261,"comment_status":"open","ping_status":"open","sticky":false,"template":"","format":"standard","meta":{"_links_to":"","_links_to_target":""},"categories":[7],"tags":[508,607,3155,231,347,81,9,638,637,82,327,41,501,608,636,635],"yoast_head":"<!-- This site is optimized with the Yoast SEO plugin v19.10 - https:\/\/yoast.com\/wordpress\/plugins\/seo\/ -->\n<title>&quot;Gut im Bilde&quot; \u2013 Umweltbildungsangebote auf der Woche der Umwelt<\/title>\n<meta name=\"description\" content=\"Bundespr\u00e4sident Joachim Gauck und die Deutsche Bundesstiftung Umwelt (DBU) waren die Gastgeber der Woche der Umwelt am 7. und 8. Juni im Schloss Bellevue.\" \/>\n<meta name=\"robots\" content=\"index, follow, max-snippet:-1, max-image-preview:large, max-video-preview:-1\" \/>\n<link rel=\"canonical\" href=\"https:\/\/www.naturparkmagazin.de\/vdn\/gut-im-bilde-umweltbildungsangebote-auf-der-woche-der-umwelt\/\" \/>\n<meta property=\"og:locale\" content=\"de_DE\" \/>\n<meta property=\"og:type\" content=\"article\" \/>\n<meta property=\"og:title\" content=\"&quot;Gut im Bilde&quot; \u2013 Umweltbildungsangebote auf der Woche der Umwelt\" \/>\n<meta property=\"og:description\" content=\"Bundespr\u00e4sident Joachim Gauck und die Deutsche Bundesstiftung Umwelt (DBU) waren die Gastgeber der Woche der Umwelt am 7. und 8. Juni im Schloss Bellevue.\" \/>\n<meta property=\"og:url\" content=\"https:\/\/www.naturparkmagazin.de\/vdn\/gut-im-bilde-umweltbildungsangebote-auf-der-woche-der-umwelt\/\" \/>\n<meta property=\"og:site_name\" content=\"Verband Deutscher Naturparke\" \/>\n<meta property=\"article:published_time\" content=\"2016-06-15T11:25:36+00:00\" \/>\n<meta property=\"article:modified_time\" content=\"2016-06-16T12:24:53+00:00\" \/>\n<meta property=\"og:image\" content=\"https:\/\/www.naturparkmagazin.de\/vdn\/wp-content\/uploads\/sites\/3\/WdU-Beitragsfoto.jpg\" \/>\n\t<meta property=\"og:image:width\" content=\"200\" \/>\n\t<meta property=\"og:image:height\" content=\"200\" \/>\n\t<meta property=\"og:image:type\" content=\"image\/jpeg\" \/>\n<meta name=\"author\" content=\"beatrixlosem\" \/>\n<meta name=\"twitter:label1\" content=\"Verfasst von\" \/>\n\t<meta name=\"twitter:data1\" content=\"beatrixlosem\" \/>\n\t<meta name=\"twitter:label2\" content=\"Gesch\u00e4tzte Lesezeit\" \/>\n\t<meta name=\"twitter:data2\" content=\"1\u00a0Minute\" \/>\n<script type=\"application\/ld+json\" class=\"yoast-schema-graph\">{\"@context\":\"https:\/\/schema.org\",\"@graph\":[{\"@type\":\"WebPage\",\"@id\":\"https:\/\/www.naturparkmagazin.de\/vdn\/gut-im-bilde-umweltbildungsangebote-auf-der-woche-der-umwelt\/\",\"url\":\"https:\/\/www.naturparkmagazin.de\/vdn\/gut-im-bilde-umweltbildungsangebote-auf-der-woche-der-umwelt\/\",\"name\":\"\\\"Gut im Bilde\\\" \u2013 Umweltbildungsangebote auf der Woche der Umwelt\",\"isPartOf\":{\"@id\":\"https:\/\/www.naturparkmagazin.de\/vdn\/#website\"},\"datePublished\":\"2016-06-15T11:25:36+00:00\",\"dateModified\":\"2016-06-16T12:24:53+00:00\",\"author\":{\"@id\":\"https:\/\/www.naturparkmagazin.de\/vdn\/#\/schema\/person\/d71357578c318b6db03be60b1f60396b\"},\"description\":\"Bundespr\u00e4sident Joachim Gauck und die Deutsche Bundesstiftung Umwelt (DBU) waren die Gastgeber der Woche der Umwelt am 7. und 8. Juni im Schloss Bellevue.\",\"breadcrumb\":{\"@id\":\"https:\/\/www.naturparkmagazin.de\/vdn\/gut-im-bilde-umweltbildungsangebote-auf-der-woche-der-umwelt\/#breadcrumb\"},\"inLanguage\":\"de\",\"potentialAction\":[{\"@type\":\"ReadAction\",\"target\":[\"https:\/\/www.naturparkmagazin.de\/vdn\/gut-im-bilde-umweltbildungsangebote-auf-der-woche-der-umwelt\/\"]}]},{\"@type\":\"BreadcrumbList\",\"@id\":\"https:\/\/www.naturparkmagazin.de\/vdn\/gut-im-bilde-umweltbildungsangebote-auf-der-woche-der-umwelt\/#breadcrumb\",\"itemListElement\":[{\"@type\":\"ListItem\",\"position\":1,\"name\":\"Home\",\"item\":\"https:\/\/www.naturparkmagazin.de\/vdn\/\"},{\"@type\":\"ListItem\",\"position\":2,\"name\":\"&#8222;Gut im Bilde&#8220; \u2013 Umweltbildungsangebote auf der Woche der Umwelt\"}]},{\"@type\":\"WebSite\",\"@id\":\"https:\/\/www.naturparkmagazin.de\/vdn\/#website\",\"url\":\"https:\/\/www.naturparkmagazin.de\/vdn\/\",\"name\":\"Verband Deutscher Naturparke\",\"description\":\"Eine weitere Naturparkmagazin.de Netzwerk Seite\",\"potentialAction\":[{\"@type\":\"SearchAction\",\"target\":{\"@type\":\"EntryPoint\",\"urlTemplate\":\"https:\/\/www.naturparkmagazin.de\/vdn\/?s={search_term_string}\"},\"query-input\":\"required name=search_term_string\"}],\"inLanguage\":\"de\"},{\"@type\":\"Person\",\"@id\":\"https:\/\/www.naturparkmagazin.de\/vdn\/#\/schema\/person\/d71357578c318b6db03be60b1f60396b\",\"name\":\"beatrixlosem\",\"url\":\"https:\/\/www.naturparkmagazin.de\/vdn\/author\/beatrixlosem\/\"}]}<\/script>\n<!-- \/ Yoast SEO plugin. -->","yoast_head_json":{"title":"\"Gut im Bilde\" \u2013 Umweltbildungsangebote auf der Woche der Umwelt","description":"Bundespr\u00e4sident Joachim Gauck und die Deutsche Bundesstiftung Umwelt (DBU) waren die Gastgeber der Woche der Umwelt am 7. und 8. Juni im Schloss Bellevue.","robots":{"index":"index","follow":"follow","max-snippet":"max-snippet:-1","max-image-preview":"max-image-preview:large","max-video-preview":"max-video-preview:-1"},"canonical":"https:\/\/www.naturparkmagazin.de\/vdn\/gut-im-bilde-umweltbildungsangebote-auf-der-woche-der-umwelt\/","og_locale":"de_DE","og_type":"article","og_title":"\"Gut im Bilde\" \u2013 Umweltbildungsangebote auf der Woche der Umwelt","og_description":"Bundespr\u00e4sident Joachim Gauck und die Deutsche Bundesstiftung Umwelt (DBU) waren die Gastgeber der Woche der Umwelt am 7. und 8. Juni im Schloss Bellevue.","og_url":"https:\/\/www.naturparkmagazin.de\/vdn\/gut-im-bilde-umweltbildungsangebote-auf-der-woche-der-umwelt\/","og_site_name":"Verband Deutscher Naturparke","article_published_time":"2016-06-15T11:25:36+00:00","article_modified_time":"2016-06-16T12:24:53+00:00","og_image":[{"width":200,"height":200,"url":"https:\/\/www.naturparkmagazin.de\/vdn\/wp-content\/uploads\/sites\/3\/WdU-Beitragsfoto.jpg","type":"image\/jpeg"}],"author":"beatrixlosem","twitter_misc":{"Verfasst von":"beatrixlosem","Gesch\u00e4tzte Lesezeit":"1\u00a0Minute"},"schema":{"@context":"https:\/\/schema.org","@graph":[{"@type":"WebPage","@id":"https:\/\/www.naturparkmagazin.de\/vdn\/gut-im-bilde-umweltbildungsangebote-auf-der-woche-der-umwelt\/","url":"https:\/\/www.naturparkmagazin.de\/vdn\/gut-im-bilde-umweltbildungsangebote-auf-der-woche-der-umwelt\/","name":"\"Gut im Bilde\" \u2013 Umweltbildungsangebote auf der Woche der Umwelt","isPartOf":{"@id":"https:\/\/www.naturparkmagazin.de\/vdn\/#website"},"datePublished":"2016-06-15T11:25:36+00:00","dateModified":"2016-06-16T12:24:53+00:00","author":{"@id":"https:\/\/www.naturparkmagazin.de\/vdn\/#\/schema\/person\/d71357578c318b6db03be60b1f60396b"},"description":"Bundespr\u00e4sident Joachim Gauck und die Deutsche Bundesstiftung Umwelt (DBU) waren die Gastgeber der Woche der Umwelt am 7. und 8. Juni im Schloss Bellevue.","breadcrumb":{"@id":"https:\/\/www.naturparkmagazin.de\/vdn\/gut-im-bilde-umweltbildungsangebote-auf-der-woche-der-umwelt\/#breadcrumb"},"inLanguage":"de","potentialAction":[{"@type":"ReadAction","target":["https:\/\/www.naturparkmagazin.de\/vdn\/gut-im-bilde-umweltbildungsangebote-auf-der-woche-der-umwelt\/"]}]},{"@type":"BreadcrumbList","@id":"https:\/\/www.naturparkmagazin.de\/vdn\/gut-im-bilde-umweltbildungsangebote-auf-der-woche-der-umwelt\/#breadcrumb","itemListElement":[{"@type":"ListItem","position":1,"name":"Home","item":"https:\/\/www.naturparkmagazin.de\/vdn\/"},{"@type":"ListItem","position":2,"name":"&#8222;Gut im Bilde&#8220; \u2013 Umweltbildungsangebote auf der Woche der Umwelt"}]},{"@type":"WebSite","@id":"https:\/\/www.naturparkmagazin.de\/vdn\/#website","url":"https:\/\/www.naturparkmagazin.de\/vdn\/","name":"Verband Deutscher Naturparke","description":"Eine weitere Naturparkmagazin.de Netzwerk Seite","potentialAction":[{"@type":"SearchAction","target":{"@type":"EntryPoint","urlTemplate":"https:\/\/www.naturparkmagazin.de\/vdn\/?s={search_term_string}"},"query-input":"required name=search_term_string"}],"inLanguage":"de"},{"@type":"Person","@id":"https:\/\/www.naturparkmagazin.de\/vdn\/#\/schema\/person\/d71357578c318b6db03be60b1f60396b","name":"beatrixlosem","url":"https:\/\/www.naturparkmagazin.de\/vdn\/author\/beatrixlosem\/"}]}},"_links":{"self":[{"href":"https:\/\/www.naturparkmagazin.de\/vdn\/wp-json\/wp\/v2\/posts\/7260"}],"collection":[{"href":"https:\/\/www.naturparkmagazin.de\/vdn\/wp-json\/wp\/v2\/posts"}],"about":[{"href":"https:\/\/www.naturparkmagazin.de\/vdn\/wp-json\/wp\/v2\/types\/post"}],"author":[{"embeddable":true,"href":"https:\/\/www.naturparkmagazin.de\/vdn\/wp-json\/wp\/v2\/users\/51"}],"replies":[{"embeddable":true,"href":"https:\/\/www.naturparkmagazin.de\/vdn\/wp-json\/wp\/v2\/comments?post=7260"}],"version-history":[{"count":7,"href":"https:\/\/www.naturparkmagazin.de\/vdn\/wp-json\/wp\/v2\/posts\/7260\/revisions"}],"predecessor-version":[{"id":18378,"href":"https:\/\/www.naturparkmagazin.de\/vdn\/wp-json\/wp\/v2\/posts\/7260\/revisions\/18378"}],"wp:featuredmedia":[{"embeddable":true,"href":"https:\/\/www.naturparkmagazin.de\/vdn\/wp-json\/wp\/v2\/media\/7261"}],"wp:attachment":[{"href":"https:\/\/www.naturparkmagazin.de\/vdn\/wp-json\/wp\/v2\/media?parent=7260"}],"wp:term":[{"taxonomy":"category","embeddable":true,"href":"https:\/\/www.naturparkmagazin.de\/vdn\/wp-json\/wp\/v2\/categories?post=7260"},{"taxonomy":"post_tag","embeddable":true,"href":"https:\/\/www.naturparkmagazin.de\/vdn\/wp-json\/wp\/v2\/tags?post=7260"}],"curies":[{"name":"wp","href":"https:\/\/api.w.org\/{rel}","templated":true}]}}