{"id":7279,"date":"2016-06-15T13:15:57","date_gmt":"2016-06-15T11:15:57","guid":{"rendered":"http:\/\/www.naturparkmagazin.de\/vdn\/?p=7279"},"modified":"2016-06-17T16:12:11","modified_gmt":"2016-06-17T14:12:11","slug":"naturparke-mit-anspruch-10-jahre-qualitaetsoffensive-naturparke","status":"publish","type":"post","link":"https:\/\/www.naturparkmagazin.de\/vdn\/naturparke-mit-anspruch-10-jahre-qualitaetsoffensive-naturparke\/","title":{"rendered":"\u201eNaturparke mit Anspruch\u201c \u2013 10 Jahre Qualit\u00e4tsoffensive Naturparke"},"content":{"rendered":"<p>Der Verband Deutscher Naturparke (VDN) will die bundesweit 103 Naturparke bei ihrer Arbeit in Gesellschaft, Wirtschaft und Politik unterst\u00fctzen. Die \u201eQualit\u00e4tsoffensive Naturparke\u201c soll ihnen dabei helfen, ihre Arbeit zu evaluieren und die Qualit\u00e4t ihrer Angebote zu steigern. Das Verfahren, mit dem die Auszeichnung \u201eQualit\u00e4ts-Naturpark\u201c verliehen wird, lenkt das Augenmerk gezielt auf die Aufgabenbereiche Naturschutz, Tourismus, Umweltbildung sowie Regionalentwicklung und Management. Der Dachverband will zudem das Verst\u00e4ndnis von Gemeinschaft st\u00e4rken: Naturparke sollen sich gegenseitig unterst\u00fctzen und zusammen weiterentwickeln.<\/p>\n<div id=\"attachment_7345\" style=\"width: 510px\" class=\"wp-caption aligncenter\"><a href=\"https:\/\/www.naturparkmagazin.de\/vdn\/wp-content\/uploads\/sites\/3\/DSCN9222_Beitrag.jpg\"><img aria-describedby=\"caption-attachment-7345\" decoding=\"async\" loading=\"lazy\" class=\"wp-image-7345 size-full\" src=\"https:\/\/www.naturparkmagazin.de\/vdn\/wp-content\/uploads\/sites\/3\/DSCN9222_Beitrag.jpg\" alt=\"Auszeichnung des Naturparks Stromberg-Heuchelberg im September 2015 (von links nachh rechts: Beatrix Tappeser, Staatssekret\u00e4rin im Ministerium f\u00fcr Umwelt, Klimaschutz, Landwirtschaft und Verbraucherschutz des Landes Hessen; Dietmar Gretter, Gesch\u00e4ftsf\u00fchrer Naturpark Stromberg-Heuchelberg, Dr. Michael Arndt, VDN-Pr\u00e4sident, Johannes Remmel, Minister f\u00fcr Klimaschutz, Umwelt, Landwirtschaft, Natur- und Verbraucherschutz des Landes Nordrhein-Westfalen - Copyright: VDN\" width=\"500\" height=\"300\" srcset=\"https:\/\/www.naturparkmagazin.de\/vdn\/wp-content\/uploads\/sites\/3\/DSCN9222_Beitrag.jpg 500w, https:\/\/www.naturparkmagazin.de\/vdn\/wp-content\/uploads\/sites\/3\/DSCN9222_Beitrag-300x180.jpg 300w, https:\/\/www.naturparkmagazin.de\/vdn\/wp-content\/uploads\/sites\/3\/DSCN9222_Beitrag-200x120.jpg 200w\" sizes=\"(max-width: 500px) 100vw, 500px\" \/><\/a><p id=\"caption-attachment-7345\" class=\"wp-caption-text\">Auszeichnung des Naturparks Stromberg-Heuchelberg im September 2015 (von links nach rechts: Beatrix Tappeser, Staatssekret\u00e4rin im Ministerium f\u00fcr Umwelt, Klimaschutz, Landwirtschaft und Verbraucherschutz des Landes Hessen; Dietmar Gretter, Gesch\u00e4ftsf\u00fchrer Naturpark Stromberg-Heuchelberg, Dr. Michael Arndt, VDN-Pr\u00e4sident, Johannes Remmel, Minister f\u00fcr Klimaschutz, Umwelt, Landwirtschaft, Natur- und Verbraucherschutz des Landes Nordrhein-Westfalen &#8211; Copyright: VDN<\/p><\/div>\n<p>In der Ausgabe 2.16 der Zeitschrift \u201eLandInForm\u201c \u2013 Magazin f\u00fcr L\u00e4ndliche R\u00e4ume, herausgegeben von der Deutschen Vernetzungsstelle L\u00e4ndliche R\u00e4ume (DVS) ziehen J\u00f6rg Liesen, VDN-Fachreferent Naturschutz und stellvertretender Gesch\u00e4ftsf\u00fchrer, Annette Sch\u00e4fer, VDN-Fachreferentin Qualit\u00e4tsoffensive Naturschutz und VDN-Gesch\u00e4ftsf\u00fchrer Ulrich K\u00f6ster Bilanz.<\/p>\n<p>&gt;&gt; <a href=\"http:\/\/www.naturparke.de\/system\/librarydownloads\/208\/original\/LiF_Magazin_02-16_Naturparke.pdf?1465982313\" target=\"_blank\">Hier<\/a> k\u00f6nnen Sie den Artikel nachlesen.<\/p>\n<p>&gt;&gt; <a href=\"http:\/\/www.naturparke.de\/parks\/quality\" target=\"_blank\">Hier<\/a> k\u00f6nnen Sie sich \u00fcber die \u201eQualit\u00e4tsoffensive Naturparke\u201c informieren.<\/p>\n<p>&nbsp;<\/p>\n","protected":false},"excerpt":{"rendered":"<p>Seit 10 Jahren unterst\u00fctzt der VDN mit der \u201eQualit\u00e4tsoffensive Naturparke\u201c Naturparke in Gesellschaft, Wirtschaft und Politik, ihre Arbeit zu evaluieren und die Qualit\u00e4t ihrer Angebote zu steigern.<\/p>\n","protected":false},"author":51,"featured_media":7350,"comment_status":"open","ping_status":"open","sticky":false,"template":"","format":"standard","meta":{"_links_to":"","_links_to_target":""},"categories":[7],"tags":[508,3155,82,644,359,643,645,41,501],"yoast_head":"<!-- This site is optimized with the Yoast SEO plugin v19.10 - https:\/\/yoast.com\/wordpress\/plugins\/seo\/ -->\n<title>\u201eNaturparke mit Anspruch\u201c \u2013 10 Jahre Qualit\u00e4tsoffensive Naturparke<\/title>\n<meta name=\"description\" content=\"Seit 10 Jahren unterst\u00fctzt der VDN mit der \u201eQualit\u00e4tsoffensive Naturparke\u201c Naturparke in Gesellschaft, Wirtschaft und Politik, ihre Arbeit zu evaluieren und die Qualit\u00e4t ihrer Angebote zu steigern.\" \/>\n<meta name=\"robots\" content=\"index, follow, max-snippet:-1, max-image-preview:large, max-video-preview:-1\" \/>\n<link rel=\"canonical\" href=\"https:\/\/www.naturparkmagazin.de\/vdn\/naturparke-mit-anspruch-10-jahre-qualitaetsoffensive-naturparke\/\" \/>\n<meta property=\"og:locale\" content=\"de_DE\" \/>\n<meta property=\"og:type\" content=\"article\" \/>\n<meta property=\"og:title\" content=\"\u201eNaturparke mit Anspruch\u201c \u2013 10 Jahre Qualit\u00e4tsoffensive Naturparke\" \/>\n<meta property=\"og:description\" content=\"Seit 10 Jahren unterst\u00fctzt der VDN mit der \u201eQualit\u00e4tsoffensive Naturparke\u201c Naturparke in Gesellschaft, Wirtschaft und Politik, ihre Arbeit zu evaluieren und die Qualit\u00e4t ihrer Angebote zu steigern.\" \/>\n<meta property=\"og:url\" content=\"https:\/\/www.naturparkmagazin.de\/vdn\/naturparke-mit-anspruch-10-jahre-qualitaetsoffensive-naturparke\/\" \/>\n<meta property=\"og:site_name\" content=\"Verband Deutscher Naturparke\" \/>\n<meta property=\"article:published_time\" content=\"2016-06-15T11:15:57+00:00\" \/>\n<meta property=\"article:modified_time\" content=\"2016-06-17T14:12:11+00:00\" \/>\n<meta property=\"og:image\" content=\"https:\/\/www.naturparkmagazin.de\/vdn\/wp-content\/uploads\/sites\/3\/DSCN9222_Beitragsbild_neu.jpg\" \/>\n\t<meta property=\"og:image:width\" content=\"200\" \/>\n\t<meta property=\"og:image:height\" content=\"200\" \/>\n\t<meta property=\"og:image:type\" content=\"image\/jpeg\" \/>\n<meta name=\"author\" content=\"beatrixlosem\" \/>\n<meta name=\"twitter:label1\" content=\"Verfasst von\" \/>\n\t<meta name=\"twitter:data1\" content=\"beatrixlosem\" \/>\n\t<meta name=\"twitter:label2\" content=\"Gesch\u00e4tzte Lesezeit\" \/>\n\t<meta name=\"twitter:data2\" content=\"1\u00a0Minute\" \/>\n<script type=\"application\/ld+json\" class=\"yoast-schema-graph\">{\"@context\":\"https:\/\/schema.org\",\"@graph\":[{\"@type\":\"WebPage\",\"@id\":\"https:\/\/www.naturparkmagazin.de\/vdn\/naturparke-mit-anspruch-10-jahre-qualitaetsoffensive-naturparke\/\",\"url\":\"https:\/\/www.naturparkmagazin.de\/vdn\/naturparke-mit-anspruch-10-jahre-qualitaetsoffensive-naturparke\/\",\"name\":\"\u201eNaturparke mit Anspruch\u201c \u2013 10 Jahre Qualit\u00e4tsoffensive Naturparke\",\"isPartOf\":{\"@id\":\"https:\/\/www.naturparkmagazin.de\/vdn\/#website\"},\"datePublished\":\"2016-06-15T11:15:57+00:00\",\"dateModified\":\"2016-06-17T14:12:11+00:00\",\"author\":{\"@id\":\"https:\/\/www.naturparkmagazin.de\/vdn\/#\/schema\/person\/d71357578c318b6db03be60b1f60396b\"},\"description\":\"Seit 10 Jahren unterst\u00fctzt der VDN mit der \u201eQualit\u00e4tsoffensive Naturparke\u201c Naturparke in Gesellschaft, Wirtschaft und Politik, ihre Arbeit zu evaluieren und die Qualit\u00e4t ihrer Angebote zu steigern.\",\"breadcrumb\":{\"@id\":\"https:\/\/www.naturparkmagazin.de\/vdn\/naturparke-mit-anspruch-10-jahre-qualitaetsoffensive-naturparke\/#breadcrumb\"},\"inLanguage\":\"de\",\"potentialAction\":[{\"@type\":\"ReadAction\",\"target\":[\"https:\/\/www.naturparkmagazin.de\/vdn\/naturparke-mit-anspruch-10-jahre-qualitaetsoffensive-naturparke\/\"]}]},{\"@type\":\"BreadcrumbList\",\"@id\":\"https:\/\/www.naturparkmagazin.de\/vdn\/naturparke-mit-anspruch-10-jahre-qualitaetsoffensive-naturparke\/#breadcrumb\",\"itemListElement\":[{\"@type\":\"ListItem\",\"position\":1,\"name\":\"Home\",\"item\":\"https:\/\/www.naturparkmagazin.de\/vdn\/\"},{\"@type\":\"ListItem\",\"position\":2,\"name\":\"\u201eNaturparke mit Anspruch\u201c \u2013 10 Jahre Qualit\u00e4tsoffensive Naturparke\"}]},{\"@type\":\"WebSite\",\"@id\":\"https:\/\/www.naturparkmagazin.de\/vdn\/#website\",\"url\":\"https:\/\/www.naturparkmagazin.de\/vdn\/\",\"name\":\"Verband Deutscher Naturparke\",\"description\":\"Eine weitere Naturparkmagazin.de Netzwerk Seite\",\"potentialAction\":[{\"@type\":\"SearchAction\",\"target\":{\"@type\":\"EntryPoint\",\"urlTemplate\":\"https:\/\/www.naturparkmagazin.de\/vdn\/?s={search_term_string}\"},\"query-input\":\"required name=search_term_string\"}],\"inLanguage\":\"de\"},{\"@type\":\"Person\",\"@id\":\"https:\/\/www.naturparkmagazin.de\/vdn\/#\/schema\/person\/d71357578c318b6db03be60b1f60396b\",\"name\":\"beatrixlosem\",\"url\":\"https:\/\/www.naturparkmagazin.de\/vdn\/author\/beatrixlosem\/\"}]}<\/script>\n<!-- \/ Yoast SEO plugin. -->","yoast_head_json":{"title":"\u201eNaturparke mit Anspruch\u201c \u2013 10 Jahre Qualit\u00e4tsoffensive Naturparke","description":"Seit 10 Jahren unterst\u00fctzt der VDN mit der \u201eQualit\u00e4tsoffensive Naturparke\u201c Naturparke in Gesellschaft, Wirtschaft und Politik, ihre Arbeit zu evaluieren und die Qualit\u00e4t ihrer Angebote zu steigern.","robots":{"index":"index","follow":"follow","max-snippet":"max-snippet:-1","max-image-preview":"max-image-preview:large","max-video-preview":"max-video-preview:-1"},"canonical":"https:\/\/www.naturparkmagazin.de\/vdn\/naturparke-mit-anspruch-10-jahre-qualitaetsoffensive-naturparke\/","og_locale":"de_DE","og_type":"article","og_title":"\u201eNaturparke mit Anspruch\u201c \u2013 10 Jahre Qualit\u00e4tsoffensive Naturparke","og_description":"Seit 10 Jahren unterst\u00fctzt der VDN mit der \u201eQualit\u00e4tsoffensive Naturparke\u201c Naturparke in Gesellschaft, Wirtschaft und Politik, ihre Arbeit zu evaluieren und die Qualit\u00e4t ihrer Angebote zu steigern.","og_url":"https:\/\/www.naturparkmagazin.de\/vdn\/naturparke-mit-anspruch-10-jahre-qualitaetsoffensive-naturparke\/","og_site_name":"Verband Deutscher Naturparke","article_published_time":"2016-06-15T11:15:57+00:00","article_modified_time":"2016-06-17T14:12:11+00:00","og_image":[{"width":200,"height":200,"url":"https:\/\/www.naturparkmagazin.de\/vdn\/wp-content\/uploads\/sites\/3\/DSCN9222_Beitragsbild_neu.jpg","type":"image\/jpeg"}],"author":"beatrixlosem","twitter_misc":{"Verfasst von":"beatrixlosem","Gesch\u00e4tzte Lesezeit":"1\u00a0Minute"},"schema":{"@context":"https:\/\/schema.org","@graph":[{"@type":"WebPage","@id":"https:\/\/www.naturparkmagazin.de\/vdn\/naturparke-mit-anspruch-10-jahre-qualitaetsoffensive-naturparke\/","url":"https:\/\/www.naturparkmagazin.de\/vdn\/naturparke-mit-anspruch-10-jahre-qualitaetsoffensive-naturparke\/","name":"\u201eNaturparke mit Anspruch\u201c \u2013 10 Jahre Qualit\u00e4tsoffensive Naturparke","isPartOf":{"@id":"https:\/\/www.naturparkmagazin.de\/vdn\/#website"},"datePublished":"2016-06-15T11:15:57+00:00","dateModified":"2016-06-17T14:12:11+00:00","author":{"@id":"https:\/\/www.naturparkmagazin.de\/vdn\/#\/schema\/person\/d71357578c318b6db03be60b1f60396b"},"description":"Seit 10 Jahren unterst\u00fctzt der VDN mit der \u201eQualit\u00e4tsoffensive Naturparke\u201c Naturparke in Gesellschaft, Wirtschaft und Politik, ihre Arbeit zu evaluieren und die Qualit\u00e4t ihrer Angebote zu steigern.","breadcrumb":{"@id":"https:\/\/www.naturparkmagazin.de\/vdn\/naturparke-mit-anspruch-10-jahre-qualitaetsoffensive-naturparke\/#breadcrumb"},"inLanguage":"de","potentialAction":[{"@type":"ReadAction","target":["https:\/\/www.naturparkmagazin.de\/vdn\/naturparke-mit-anspruch-10-jahre-qualitaetsoffensive-naturparke\/"]}]},{"@type":"BreadcrumbList","@id":"https:\/\/www.naturparkmagazin.de\/vdn\/naturparke-mit-anspruch-10-jahre-qualitaetsoffensive-naturparke\/#breadcrumb","itemListElement":[{"@type":"ListItem","position":1,"name":"Home","item":"https:\/\/www.naturparkmagazin.de\/vdn\/"},{"@type":"ListItem","position":2,"name":"\u201eNaturparke mit Anspruch\u201c \u2013 10 Jahre Qualit\u00e4tsoffensive Naturparke"}]},{"@type":"WebSite","@id":"https:\/\/www.naturparkmagazin.de\/vdn\/#website","url":"https:\/\/www.naturparkmagazin.de\/vdn\/","name":"Verband Deutscher Naturparke","description":"Eine weitere Naturparkmagazin.de Netzwerk Seite","potentialAction":[{"@type":"SearchAction","target":{"@type":"EntryPoint","urlTemplate":"https:\/\/www.naturparkmagazin.de\/vdn\/?s={search_term_string}"},"query-input":"required name=search_term_string"}],"inLanguage":"de"},{"@type":"Person","@id":"https:\/\/www.naturparkmagazin.de\/vdn\/#\/schema\/person\/d71357578c318b6db03be60b1f60396b","name":"beatrixlosem","url":"https:\/\/www.naturparkmagazin.de\/vdn\/author\/beatrixlosem\/"}]}},"_links":{"self":[{"href":"https:\/\/www.naturparkmagazin.de\/vdn\/wp-json\/wp\/v2\/posts\/7279"}],"collection":[{"href":"https:\/\/www.naturparkmagazin.de\/vdn\/wp-json\/wp\/v2\/posts"}],"about":[{"href":"https:\/\/www.naturparkmagazin.de\/vdn\/wp-json\/wp\/v2\/types\/post"}],"author":[{"embeddable":true,"href":"https:\/\/www.naturparkmagazin.de\/vdn\/wp-json\/wp\/v2\/users\/51"}],"replies":[{"embeddable":true,"href":"https:\/\/www.naturparkmagazin.de\/vdn\/wp-json\/wp\/v2\/comments?post=7279"}],"version-history":[{"count":7,"href":"https:\/\/www.naturparkmagazin.de\/vdn\/wp-json\/wp\/v2\/posts\/7279\/revisions"}],"predecessor-version":[{"id":7380,"href":"https:\/\/www.naturparkmagazin.de\/vdn\/wp-json\/wp\/v2\/posts\/7279\/revisions\/7380"}],"wp:featuredmedia":[{"embeddable":true,"href":"https:\/\/www.naturparkmagazin.de\/vdn\/wp-json\/wp\/v2\/media\/7350"}],"wp:attachment":[{"href":"https:\/\/www.naturparkmagazin.de\/vdn\/wp-json\/wp\/v2\/media?parent=7279"}],"wp:term":[{"taxonomy":"category","embeddable":true,"href":"https:\/\/www.naturparkmagazin.de\/vdn\/wp-json\/wp\/v2\/categories?post=7279"},{"taxonomy":"post_tag","embeddable":true,"href":"https:\/\/www.naturparkmagazin.de\/vdn\/wp-json\/wp\/v2\/tags?post=7279"}],"curies":[{"name":"wp","href":"https:\/\/api.w.org\/{rel}","templated":true}]}}