{"id":7286,"date":"2016-06-15T14:13:42","date_gmt":"2016-06-15T12:13:42","guid":{"rendered":"http:\/\/www.naturparkmagazin.de\/vdn\/?p=7286"},"modified":"2016-06-21T11:44:09","modified_gmt":"2016-06-21T09:44:09","slug":"dr-markus-roesler","status":"publish","type":"post","link":"https:\/\/www.naturparkmagazin.de\/vdn\/dr-markus-roesler\/","title":{"rendered":"Dr. Markus R\u00f6sler"},"content":{"rendered":"<p>ist Landschafts\u00f6konom und Landschafts\u00f6kologe. 1990 beteiligte er sich an der Erarbeitung und Unterst\u00fctzung des &#8222;DDR-Nationalparkprogrammes&#8220;, das zur Ausweisung auch zahlreicher Naturparke in der DDR bzw. in den neuen L\u00e4ndern f\u00fchrte. Seit 1994 ist R\u00f6sler beim NABU-Bundesverband auf nationaler und europ\u00e4ischer Ebene ehrenamtlich zust\u00e4ndig f\u00fcr Gro\u00dfschutzgebiete und damit auch Naturparke. Mitte der 1990er Jahre war er Mitbegr\u00fcnder des Fachausschusses Naturparklebensmittel im Naturpark Obere Donau und entwickelte im Rahmen seiner Dissertation Idee und Grundlagen f\u00fcr das Biosph\u00e4rengebiet Schw\u00e4bische Alb. Seit 1999 ist er Mitglied der weltweiten Schutzgebietskommission IUCN-WCPA. Seit 2011 ist Dr. Markus R\u00f6sler MdL in Baden-W\u00fcrttemberg (GR\u00dcNE) f\u00fcr den Wahlkreis Vaihingen\/Enz, zust\u00e4ndig auch 2016 bis 2021 f\u00fcr Finanzen und Naturschutz. Im Rahmen der Aktion &#8222;Mein Naturpark!&#8220; engagiert er sich als Naturpark-Botschafter f\u00fcr den Naturpark Stromberg-Heuchelberg. Was ihn an &#8222;seinem&#8220; Naturpark begeistert, verr\u00e4t er uns gerne.<\/p>\n<p><em>\u201eMein Naturpark Stromberg-Heuchelberg, in dem ich mit Familie wohne, begeistert mich durch seine Vielfalt. Es gibt vorz\u00fcglichen Wein auch aus Steillagenweinbau mit Trockenmauern (ich stamme aus einer alten Wengerterfamilie), ausgedehnte Streuobstwiesen u.a. mit leckerem Streuobstschorle aus Ensingen (ich wuchs am Rande riesiger Streuobstwiesen auf und fiel quasi schon als Kind ins familieneigene Mostfass) und ausgedehnte naturnahe W\u00e4lder, in denen man zum richtigen Zeitpunkt am richtigen Ort mehr Schwarzspechte h\u00f6rt als Menschen.<\/em><\/p>\n<div id=\"attachment_7289\" style=\"width: 345px\" class=\"wp-caption aligncenter\"><a href=\"https:\/\/www.naturparkmagazin.de\/vdn\/wp-content\/uploads\/sites\/3\/2016_Pressefoto_verkleinert.jpg\"><img aria-describedby=\"caption-attachment-7289\" decoding=\"async\" loading=\"lazy\" class=\"wp-image-7289\" title=\"Dr. Markus R\u00f6sler\" src=\"https:\/\/www.naturparkmagazin.de\/vdn\/wp-content\/uploads\/sites\/3\/2016_Pressefoto_verkleinert.jpg\" alt=\"\u00a9 Markus R\u00f6sler\" width=\"335\" height=\"469\" srcset=\"https:\/\/www.naturparkmagazin.de\/vdn\/wp-content\/uploads\/sites\/3\/2016_Pressefoto_verkleinert.jpg 500w, https:\/\/www.naturparkmagazin.de\/vdn\/wp-content\/uploads\/sites\/3\/2016_Pressefoto_verkleinert-300x420.jpg 300w, https:\/\/www.naturparkmagazin.de\/vdn\/wp-content\/uploads\/sites\/3\/2016_Pressefoto_verkleinert-200x280.jpg 200w\" sizes=\"(max-width: 335px) 100vw, 335px\" \/><\/a><p id=\"caption-attachment-7289\" class=\"wp-caption-text\">\u00a9 Markus R\u00f6sler<\/p><\/div>\n<p><em>Mein Lieblingsort im Naturpark ist die Eselsburg bei Ensingen. Sie verbindet f\u00fcr mich Geschichte und Gegenwart, Kultur und Natur, Gespr\u00e4ch und Genuss: Alte Burggr\u00e4ben, in denen Kinder herumtollen k\u00f6nnen, verbunden mit spannenden Geschichten aus dem Mittelalter. Ein naturnah bewirtschafteter Wald, in dem es auch kleine Trampelpfade gibt. Vespertische rund um den Aussichtsturm, von dem aus man weit ins L\u00e4ndle hineinschauen kann und Gerichte und Getr\u00e4nke aus der Region (samt dem guten Gartenrotschwanz-Streuobstschorle). Hier sitze ich gerne, manchmal zum gemeinsamen Plaudern, manchmal zum ungest\u00f6rten Sinnieren.<\/em><\/p>\n<div id=\"attachment_7295\" style=\"width: 391px\" class=\"wp-caption aligncenter\"><a href=\"https:\/\/www.naturparkmagazin.de\/vdn\/wp-content\/uploads\/sites\/3\/eselsburg_kl_14_verkleinert.jpg\"><img aria-describedby=\"caption-attachment-7295\" decoding=\"async\" loading=\"lazy\" class=\"wp-image-7295\" title=\"Eselsburg\" src=\"https:\/\/www.naturparkmagazin.de\/vdn\/wp-content\/uploads\/sites\/3\/eselsburg_kl_14_verkleinert.jpg\" alt=\"VDN\/Matze\" width=\"381\" height=\"533\" srcset=\"https:\/\/www.naturparkmagazin.de\/vdn\/wp-content\/uploads\/sites\/3\/eselsburg_kl_14_verkleinert.jpg 500w, https:\/\/www.naturparkmagazin.de\/vdn\/wp-content\/uploads\/sites\/3\/eselsburg_kl_14_verkleinert-300x420.jpg 300w, https:\/\/www.naturparkmagazin.de\/vdn\/wp-content\/uploads\/sites\/3\/eselsburg_kl_14_verkleinert-200x280.jpg 200w\" sizes=\"(max-width: 381px) 100vw, 381px\" \/><\/a><p id=\"caption-attachment-7295\" class=\"wp-caption-text\">\u00a9 VDN\/Matze<\/p><\/div>\n<p>&gt;&gt; <a href=\"http:\/\/www.naturparke.de\/mynatureparks\/ambassador?utf8=%E2%9C%93&amp;search%5Bpark%5D=86&amp;commit=suchen\" target=\"_blank\">Hier<\/a> stellen wir Ihnen weitere Naturpark-Botschafter des Naturparks Stromberg-Heuchelberg vor<\/p>\n<p>&nbsp;<\/p>\n<p>&gt;&gt; <a href=\"http:\/\/www.naturparke.de\/mynatureparks\/campaign\" target=\"_blank\">Hier<\/a> k\u00f6nnen Sie sich \u00fcber die Naturpark-Botschafter und die Aktion \u201eMein Naturpark!\u201c informieren<\/p>\n<p>&nbsp;<\/p>\n","protected":false},"excerpt":{"rendered":"<p>ist Landschafts\u00f6konom, Landschafts\u00f6kologe und Naturpark-Botschafter im Naturpark Stromberg-Heuchelberg. Seit 2011 ist R\u00f6sler als MdL in Baden-W\u00fcrttemberg (GR\u00dcNE) zust\u00e4ndig f\u00fcr Finanzen und Naturschutz. Im NABU-Bundesverband ist er auf nationaler und europ\u00e4ischer Ebene ehrenamtlich zust\u00e4ndig f\u00fcr Gro\u00dfschutzgebiete und damit auch f\u00fcr Naturparke. Was den Naturpark Stromberg-Heuchelberg f\u00fcr ihn so lebenswert macht, verr\u00e4t er uns gerne.<\/p>\n","protected":false},"author":51,"featured_media":7288,"comment_status":"open","ping_status":"open","sticky":false,"template":"","format":"standard","meta":{"_links_to":"","_links_to_target":""},"categories":[8],"tags":[],"yoast_head":"<!-- This site is optimized with the Yoast SEO plugin v19.10 - https:\/\/yoast.com\/wordpress\/plugins\/seo\/ -->\n<title>Dr. Markus R\u00f6sler<\/title>\n<meta name=\"description\" content=\"ist Landschafts\u00f6konom, Landschafts\u00f6kologe und Naturpark-Botschafter im Naturpark Stromberg-Heuchelberg. Seit 2011 ist R\u00f6sler als MdL in Baden-W\u00fcrttemberg (GR\u00dcNE) zust\u00e4ndig f\u00fcr Finanzen und Naturschutz. Im NABU-Bundesverband ist er auf nationaler und europ\u00e4ischer Ebene ehrenamtlich zust\u00e4ndig f\u00fcr Gro\u00dfschutzgebiete und damit auch f\u00fcr Naturparke. Was den Naturpark Stromberg-Heuchelberg f\u00fcr ihn so lebenswert macht, verr\u00e4t er uns gerne.\" \/>\n<meta name=\"robots\" content=\"index, follow, max-snippet:-1, max-image-preview:large, max-video-preview:-1\" \/>\n<link rel=\"canonical\" href=\"https:\/\/www.naturparkmagazin.de\/vdn\/dr-markus-roesler\/\" \/>\n<meta property=\"og:locale\" content=\"de_DE\" \/>\n<meta property=\"og:type\" content=\"article\" \/>\n<meta property=\"og:title\" content=\"Dr. Markus R\u00f6sler\" \/>\n<meta property=\"og:description\" content=\"ist Landschafts\u00f6konom, Landschafts\u00f6kologe und Naturpark-Botschafter im Naturpark Stromberg-Heuchelberg. Seit 2011 ist R\u00f6sler als MdL in Baden-W\u00fcrttemberg (GR\u00dcNE) zust\u00e4ndig f\u00fcr Finanzen und Naturschutz. Im NABU-Bundesverband ist er auf nationaler und europ\u00e4ischer Ebene ehrenamtlich zust\u00e4ndig f\u00fcr Gro\u00dfschutzgebiete und damit auch f\u00fcr Naturparke. Was den Naturpark Stromberg-Heuchelberg f\u00fcr ihn so lebenswert macht, verr\u00e4t er uns gerne.\" \/>\n<meta property=\"og:url\" content=\"https:\/\/www.naturparkmagazin.de\/vdn\/dr-markus-roesler\/\" \/>\n<meta property=\"og:site_name\" content=\"Verband Deutscher Naturparke\" \/>\n<meta property=\"article:published_time\" content=\"2016-06-15T12:13:42+00:00\" \/>\n<meta property=\"article:modified_time\" content=\"2016-06-21T09:44:09+00:00\" \/>\n<meta property=\"og:image\" content=\"https:\/\/www.naturparkmagazin.de\/vdn\/wp-content\/uploads\/sites\/3\/2016_Pressefoto_Beitragsbild.jpg\" \/>\n\t<meta property=\"og:image:width\" content=\"200\" \/>\n\t<meta property=\"og:image:height\" content=\"200\" \/>\n\t<meta property=\"og:image:type\" content=\"image\/jpeg\" \/>\n<meta name=\"author\" content=\"beatrixlosem\" \/>\n<meta name=\"twitter:label1\" content=\"Verfasst von\" \/>\n\t<meta name=\"twitter:data1\" content=\"beatrixlosem\" \/>\n\t<meta name=\"twitter:label2\" content=\"Gesch\u00e4tzte Lesezeit\" \/>\n\t<meta name=\"twitter:data2\" content=\"2\u00a0Minuten\" \/>\n<script type=\"application\/ld+json\" class=\"yoast-schema-graph\">{\"@context\":\"https:\/\/schema.org\",\"@graph\":[{\"@type\":\"WebPage\",\"@id\":\"https:\/\/www.naturparkmagazin.de\/vdn\/dr-markus-roesler\/\",\"url\":\"https:\/\/www.naturparkmagazin.de\/vdn\/dr-markus-roesler\/\",\"name\":\"Dr. Markus R\u00f6sler\",\"isPartOf\":{\"@id\":\"https:\/\/www.naturparkmagazin.de\/vdn\/#website\"},\"datePublished\":\"2016-06-15T12:13:42+00:00\",\"dateModified\":\"2016-06-21T09:44:09+00:00\",\"author\":{\"@id\":\"https:\/\/www.naturparkmagazin.de\/vdn\/#\/schema\/person\/d71357578c318b6db03be60b1f60396b\"},\"description\":\"ist Landschafts\u00f6konom, Landschafts\u00f6kologe und Naturpark-Botschafter im Naturpark Stromberg-Heuchelberg. Seit 2011 ist R\u00f6sler als MdL in Baden-W\u00fcrttemberg (GR\u00dcNE) zust\u00e4ndig f\u00fcr Finanzen und Naturschutz. Im NABU-Bundesverband ist er auf nationaler und europ\u00e4ischer Ebene ehrenamtlich zust\u00e4ndig f\u00fcr Gro\u00dfschutzgebiete und damit auch f\u00fcr Naturparke. Was den Naturpark Stromberg-Heuchelberg f\u00fcr ihn so lebenswert macht, verr\u00e4t er uns gerne.\",\"breadcrumb\":{\"@id\":\"https:\/\/www.naturparkmagazin.de\/vdn\/dr-markus-roesler\/#breadcrumb\"},\"inLanguage\":\"de\",\"potentialAction\":[{\"@type\":\"ReadAction\",\"target\":[\"https:\/\/www.naturparkmagazin.de\/vdn\/dr-markus-roesler\/\"]}]},{\"@type\":\"BreadcrumbList\",\"@id\":\"https:\/\/www.naturparkmagazin.de\/vdn\/dr-markus-roesler\/#breadcrumb\",\"itemListElement\":[{\"@type\":\"ListItem\",\"position\":1,\"name\":\"Home\",\"item\":\"https:\/\/www.naturparkmagazin.de\/vdn\/\"},{\"@type\":\"ListItem\",\"position\":2,\"name\":\"Dr. Markus R\u00f6sler\"}]},{\"@type\":\"WebSite\",\"@id\":\"https:\/\/www.naturparkmagazin.de\/vdn\/#website\",\"url\":\"https:\/\/www.naturparkmagazin.de\/vdn\/\",\"name\":\"Verband Deutscher Naturparke\",\"description\":\"Eine weitere Naturparkmagazin.de Netzwerk Seite\",\"potentialAction\":[{\"@type\":\"SearchAction\",\"target\":{\"@type\":\"EntryPoint\",\"urlTemplate\":\"https:\/\/www.naturparkmagazin.de\/vdn\/?s={search_term_string}\"},\"query-input\":\"required name=search_term_string\"}],\"inLanguage\":\"de\"},{\"@type\":\"Person\",\"@id\":\"https:\/\/www.naturparkmagazin.de\/vdn\/#\/schema\/person\/d71357578c318b6db03be60b1f60396b\",\"name\":\"beatrixlosem\",\"url\":\"https:\/\/www.naturparkmagazin.de\/vdn\/author\/beatrixlosem\/\"}]}<\/script>\n<!-- \/ Yoast SEO plugin. -->","yoast_head_json":{"title":"Dr. Markus R\u00f6sler","description":"ist Landschafts\u00f6konom, Landschafts\u00f6kologe und Naturpark-Botschafter im Naturpark Stromberg-Heuchelberg. Seit 2011 ist R\u00f6sler als MdL in Baden-W\u00fcrttemberg (GR\u00dcNE) zust\u00e4ndig f\u00fcr Finanzen und Naturschutz. Im NABU-Bundesverband ist er auf nationaler und europ\u00e4ischer Ebene ehrenamtlich zust\u00e4ndig f\u00fcr Gro\u00dfschutzgebiete und damit auch f\u00fcr Naturparke. Was den Naturpark Stromberg-Heuchelberg f\u00fcr ihn so lebenswert macht, verr\u00e4t er uns gerne.","robots":{"index":"index","follow":"follow","max-snippet":"max-snippet:-1","max-image-preview":"max-image-preview:large","max-video-preview":"max-video-preview:-1"},"canonical":"https:\/\/www.naturparkmagazin.de\/vdn\/dr-markus-roesler\/","og_locale":"de_DE","og_type":"article","og_title":"Dr. Markus R\u00f6sler","og_description":"ist Landschafts\u00f6konom, Landschafts\u00f6kologe und Naturpark-Botschafter im Naturpark Stromberg-Heuchelberg. Seit 2011 ist R\u00f6sler als MdL in Baden-W\u00fcrttemberg (GR\u00dcNE) zust\u00e4ndig f\u00fcr Finanzen und Naturschutz. Im NABU-Bundesverband ist er auf nationaler und europ\u00e4ischer Ebene ehrenamtlich zust\u00e4ndig f\u00fcr Gro\u00dfschutzgebiete und damit auch f\u00fcr Naturparke. Was den Naturpark Stromberg-Heuchelberg f\u00fcr ihn so lebenswert macht, verr\u00e4t er uns gerne.","og_url":"https:\/\/www.naturparkmagazin.de\/vdn\/dr-markus-roesler\/","og_site_name":"Verband Deutscher Naturparke","article_published_time":"2016-06-15T12:13:42+00:00","article_modified_time":"2016-06-21T09:44:09+00:00","og_image":[{"width":200,"height":200,"url":"https:\/\/www.naturparkmagazin.de\/vdn\/wp-content\/uploads\/sites\/3\/2016_Pressefoto_Beitragsbild.jpg","type":"image\/jpeg"}],"author":"beatrixlosem","twitter_misc":{"Verfasst von":"beatrixlosem","Gesch\u00e4tzte Lesezeit":"2\u00a0Minuten"},"schema":{"@context":"https:\/\/schema.org","@graph":[{"@type":"WebPage","@id":"https:\/\/www.naturparkmagazin.de\/vdn\/dr-markus-roesler\/","url":"https:\/\/www.naturparkmagazin.de\/vdn\/dr-markus-roesler\/","name":"Dr. Markus R\u00f6sler","isPartOf":{"@id":"https:\/\/www.naturparkmagazin.de\/vdn\/#website"},"datePublished":"2016-06-15T12:13:42+00:00","dateModified":"2016-06-21T09:44:09+00:00","author":{"@id":"https:\/\/www.naturparkmagazin.de\/vdn\/#\/schema\/person\/d71357578c318b6db03be60b1f60396b"},"description":"ist Landschafts\u00f6konom, Landschafts\u00f6kologe und Naturpark-Botschafter im Naturpark Stromberg-Heuchelberg. Seit 2011 ist R\u00f6sler als MdL in Baden-W\u00fcrttemberg (GR\u00dcNE) zust\u00e4ndig f\u00fcr Finanzen und Naturschutz. Im NABU-Bundesverband ist er auf nationaler und europ\u00e4ischer Ebene ehrenamtlich zust\u00e4ndig f\u00fcr Gro\u00dfschutzgebiete und damit auch f\u00fcr Naturparke. Was den Naturpark Stromberg-Heuchelberg f\u00fcr ihn so lebenswert macht, verr\u00e4t er uns gerne.","breadcrumb":{"@id":"https:\/\/www.naturparkmagazin.de\/vdn\/dr-markus-roesler\/#breadcrumb"},"inLanguage":"de","potentialAction":[{"@type":"ReadAction","target":["https:\/\/www.naturparkmagazin.de\/vdn\/dr-markus-roesler\/"]}]},{"@type":"BreadcrumbList","@id":"https:\/\/www.naturparkmagazin.de\/vdn\/dr-markus-roesler\/#breadcrumb","itemListElement":[{"@type":"ListItem","position":1,"name":"Home","item":"https:\/\/www.naturparkmagazin.de\/vdn\/"},{"@type":"ListItem","position":2,"name":"Dr. Markus R\u00f6sler"}]},{"@type":"WebSite","@id":"https:\/\/www.naturparkmagazin.de\/vdn\/#website","url":"https:\/\/www.naturparkmagazin.de\/vdn\/","name":"Verband Deutscher Naturparke","description":"Eine weitere Naturparkmagazin.de Netzwerk Seite","potentialAction":[{"@type":"SearchAction","target":{"@type":"EntryPoint","urlTemplate":"https:\/\/www.naturparkmagazin.de\/vdn\/?s={search_term_string}"},"query-input":"required name=search_term_string"}],"inLanguage":"de"},{"@type":"Person","@id":"https:\/\/www.naturparkmagazin.de\/vdn\/#\/schema\/person\/d71357578c318b6db03be60b1f60396b","name":"beatrixlosem","url":"https:\/\/www.naturparkmagazin.de\/vdn\/author\/beatrixlosem\/"}]}},"_links":{"self":[{"href":"https:\/\/www.naturparkmagazin.de\/vdn\/wp-json\/wp\/v2\/posts\/7286"}],"collection":[{"href":"https:\/\/www.naturparkmagazin.de\/vdn\/wp-json\/wp\/v2\/posts"}],"about":[{"href":"https:\/\/www.naturparkmagazin.de\/vdn\/wp-json\/wp\/v2\/types\/post"}],"author":[{"embeddable":true,"href":"https:\/\/www.naturparkmagazin.de\/vdn\/wp-json\/wp\/v2\/users\/51"}],"replies":[{"embeddable":true,"href":"https:\/\/www.naturparkmagazin.de\/vdn\/wp-json\/wp\/v2\/comments?post=7286"}],"version-history":[{"count":11,"href":"https:\/\/www.naturparkmagazin.de\/vdn\/wp-json\/wp\/v2\/posts\/7286\/revisions"}],"predecessor-version":[{"id":7388,"href":"https:\/\/www.naturparkmagazin.de\/vdn\/wp-json\/wp\/v2\/posts\/7286\/revisions\/7388"}],"wp:featuredmedia":[{"embeddable":true,"href":"https:\/\/www.naturparkmagazin.de\/vdn\/wp-json\/wp\/v2\/media\/7288"}],"wp:attachment":[{"href":"https:\/\/www.naturparkmagazin.de\/vdn\/wp-json\/wp\/v2\/media?parent=7286"}],"wp:term":[{"taxonomy":"category","embeddable":true,"href":"https:\/\/www.naturparkmagazin.de\/vdn\/wp-json\/wp\/v2\/categories?post=7286"},{"taxonomy":"post_tag","embeddable":true,"href":"https:\/\/www.naturparkmagazin.de\/vdn\/wp-json\/wp\/v2\/tags?post=7286"}],"curies":[{"name":"wp","href":"https:\/\/api.w.org\/{rel}","templated":true}]}}