{"id":7407,"date":"2016-07-14T16:58:13","date_gmt":"2016-07-14T14:58:13","guid":{"rendered":"http:\/\/www.naturparkmagazin.de\/vdn\/?p=7407"},"modified":"2016-07-15T10:37:23","modified_gmt":"2016-07-15T08:37:23","slug":"historischer-rahmen-12-petersberger-naturparkgespraech","status":"publish","type":"post","link":"https:\/\/www.naturparkmagazin.de\/vdn\/historischer-rahmen-12-petersberger-naturparkgespraech\/","title":{"rendered":"\u201eHistorischer Rahmen\u201c &#8211; 12. Petersberger Naturparkgespr\u00e4ch"},"content":{"rendered":"<div id=\"attachment_7411\" style=\"width: 145px\" class=\"wp-caption alignright\"><a href=\"https:\/\/www.naturparkmagazin.de\/vdn\/wp-content\/uploads\/sites\/3\/VDN_Dr.-Arndt\u00a9Naturpark-Rheinland_2.jpg\"><img aria-describedby=\"caption-attachment-7411\" decoding=\"async\" loading=\"lazy\" class=\"wp-image-7411\" title=\"Dr. Michael Arndt\" src=\"https:\/\/www.naturparkmagazin.de\/vdn\/wp-content\/uploads\/sites\/3\/VDN_Dr.-Arndt\u00a9Naturpark-Rheinland_2.jpg\" alt=\"Dr. Michael Arndt \u00a9 Naturpark Rheinland\" width=\"135\" height=\"189\" srcset=\"https:\/\/www.naturparkmagazin.de\/vdn\/wp-content\/uploads\/sites\/3\/VDN_Dr.-Arndt\u00a9Naturpark-Rheinland_2.jpg 500w, https:\/\/www.naturparkmagazin.de\/vdn\/wp-content\/uploads\/sites\/3\/VDN_Dr.-Arndt\u00a9Naturpark-Rheinland_2-300x420.jpg 300w, https:\/\/www.naturparkmagazin.de\/vdn\/wp-content\/uploads\/sites\/3\/VDN_Dr.-Arndt\u00a9Naturpark-Rheinland_2-200x280.jpg 200w\" sizes=\"(max-width: 135px) 100vw, 135px\" \/><\/a><p id=\"caption-attachment-7411\" class=\"wp-caption-text\">Dr. Michael Arndt \u00a9 Naturpark Rheinland<\/p><\/div>\n<p>Michael Kreuzberg, Landrat des Rhein-Erft-Kreises, hatte als Vorsitzender der Arbeitsgemeinschaft der Naturparke NRWs am 30. Juni die Vertreter der zw\u00f6lf nordrhein-westf\u00e4lischen Naturparke zum 12. Petersberger Naturparkgespr\u00e4ch ins ehemalige Bundesg\u00e4stehaus auf dem Petersberg bei K\u00f6nigswinter eingeladen.<\/p>\n<p>VDN-Pr\u00e4sident Dr. Michael Arndt verwies in seinem Gru\u00dfwort auf die historische Bedeutung des Petersbergs im Zusammenhang mit der Gr\u00fcndung der Bundesrepublik Deutschland nach dem zweiten Weltkrieg.<\/p>\n<div id=\"attachment_7412\" style=\"width: 159px\" class=\"wp-caption alignleft\"><a href=\"https:\/\/www.naturparkmagazin.de\/vdn\/wp-content\/uploads\/sites\/3\/Remmel\u00a9Naturpark-Rheinland_2.jpg\"><img aria-describedby=\"caption-attachment-7412\" decoding=\"async\" loading=\"lazy\" class=\"wp-image-7412\" title=\"Minister Johannes Remmel \" src=\"https:\/\/www.naturparkmagazin.de\/vdn\/wp-content\/uploads\/sites\/3\/Remmel\u00a9Naturpark-Rheinland_2.jpg\" alt=\"Minister Johannes Remmel \u00a9 Naturpark Rheinland\" width=\"149\" height=\"210\" srcset=\"https:\/\/www.naturparkmagazin.de\/vdn\/wp-content\/uploads\/sites\/3\/Remmel\u00a9Naturpark-Rheinland_2.jpg 500w, https:\/\/www.naturparkmagazin.de\/vdn\/wp-content\/uploads\/sites\/3\/Remmel\u00a9Naturpark-Rheinland_2-300x420.jpg 300w, https:\/\/www.naturparkmagazin.de\/vdn\/wp-content\/uploads\/sites\/3\/Remmel\u00a9Naturpark-Rheinland_2-200x280.jpg 200w\" sizes=\"(max-width: 149px) 100vw, 149px\" \/><\/a><p id=\"caption-attachment-7412\" class=\"wp-caption-text\">Minister Johannes Remmel \u00a9 Naturpark Rheinland<\/p><\/div>\n<p>Umweltminister Johannes Remmel gab im Anschluss an seinen Vortrag \u201eNaturerlebnis und Umweltbildung in Nordrhein-Westfalen\u201c die Preistr\u00e4ger des Landeswettbewerbs &#8222;Naturpark.2018.Nordrhein-Westfalen&#8220; bekannt gab. Dabei gab es in diesem Jahr sogar zwei Naturparke als Gewinner.<\/p>\n<p>Der Naturpark Rheinland wurde mit dem Projekt \u201eHeimatland: Rheinland\u201c nunmehr zum dritten Mal Landessieger. Im Wettbewerbsbeitrag werden die Themen \u201eMigration\u201c und \u201eregionaltypische Lebensmittel\u201c miteinander kombiniert. Durch interkulturelle Begegnungen soll die Arbeit des Naturparks besser auf Menschen mit Migrationshintergrund abgestimmt werden.<\/p>\n<div id=\"attachment_7413\" style=\"width: 510px\" class=\"wp-caption aligncenter\"><a href=\"https:\/\/www.naturparkmagazin.de\/vdn\/wp-content\/uploads\/sites\/3\/Naturpark-des-Jahres-2018_Naturpark-Rheinland\u00a9Naturpark-Rheinland_2.jpg\"><img aria-describedby=\"caption-attachment-7413\" decoding=\"async\" loading=\"lazy\" class=\"wp-image-7413 size-full\" title=\"Die Gewinner aus dem Naturpark Rheinland\" src=\"https:\/\/www.naturparkmagazin.de\/vdn\/wp-content\/uploads\/sites\/3\/Naturpark-des-Jahres-2018_Naturpark-Rheinland\u00a9Naturpark-Rheinland_2.jpg\" alt=\"Die Gewinner aus dem Naturpark Rheinland \u00a9 Naturpark Rheinland\" width=\"500\" height=\"300\" srcset=\"https:\/\/www.naturparkmagazin.de\/vdn\/wp-content\/uploads\/sites\/3\/Naturpark-des-Jahres-2018_Naturpark-Rheinland\u00a9Naturpark-Rheinland_2.jpg 500w, https:\/\/www.naturparkmagazin.de\/vdn\/wp-content\/uploads\/sites\/3\/Naturpark-des-Jahres-2018_Naturpark-Rheinland\u00a9Naturpark-Rheinland_2-300x180.jpg 300w, https:\/\/www.naturparkmagazin.de\/vdn\/wp-content\/uploads\/sites\/3\/Naturpark-des-Jahres-2018_Naturpark-Rheinland\u00a9Naturpark-Rheinland_2-200x120.jpg 200w\" sizes=\"(max-width: 500px) 100vw, 500px\" \/><\/a><p id=\"caption-attachment-7413\" class=\"wp-caption-text\">Die Gewinner aus dem Naturpark Rheinland \u00a9 Naturpark Rheinland<\/p><\/div>\n<p>Im gerade erst Ende 2015 neu gegr\u00fcndeten Naturpark Sauerland-Rothaargebirge freute man sich \u00fcber den Erfolg beim Landeswettbewerb mit dem Wettbewerbsbeitrags f\u00fcr einen \u201eMitmach-Naturpark\u201c. Dabei wird eine \u201eSchatztruhe\u201c durch die Bewohner der Naturparkregion mit ihren als \u201eJuwelen\u201c bezeichneten Lieblingsorten gef\u00fcllt und in eine digitale \u201eSchatzkarte\u201c eingetragen. Diese sollen daraufhin durch biotopsichernde und infrastrukturelle Ma\u00dfnahmen besser erlebbarer gemacht werden. Beide Naturparke k\u00f6nnen mit einer Unterst\u00fctzung von je 300.000 Euro rechnen.<\/p>\n<div id=\"attachment_7414\" style=\"width: 510px\" class=\"wp-caption aligncenter\"><a href=\"https:\/\/www.naturparkmagazin.de\/vdn\/wp-content\/uploads\/sites\/3\/IMG_5784_2.jpg\"><img aria-describedby=\"caption-attachment-7414\" decoding=\"async\" loading=\"lazy\" class=\"wp-image-7414 size-full\" title=\"Die Gewinner aus dem Naturpark Sauerland-Rothaargebirge\" src=\"https:\/\/www.naturparkmagazin.de\/vdn\/wp-content\/uploads\/sites\/3\/IMG_5784_2.jpg\" alt=\"Die Gewinner aus dem Naturpark Sauerland-Rothaargebirge \u00a9 M. Wetzel\" width=\"500\" height=\"300\" srcset=\"https:\/\/www.naturparkmagazin.de\/vdn\/wp-content\/uploads\/sites\/3\/IMG_5784_2.jpg 500w, https:\/\/www.naturparkmagazin.de\/vdn\/wp-content\/uploads\/sites\/3\/IMG_5784_2-300x180.jpg 300w, https:\/\/www.naturparkmagazin.de\/vdn\/wp-content\/uploads\/sites\/3\/IMG_5784_2-200x120.jpg 200w\" sizes=\"(max-width: 500px) 100vw, 500px\" \/><\/a><p id=\"caption-attachment-7414\" class=\"wp-caption-text\">Die Gewinner aus dem Naturpark Sauerland-Rothaargebirge \u00a9 M. Wetzel<\/p><\/div>\n<p>Die verbleibenden rund 400.000 Euro F\u00f6rdergelder gehen an die Naturparke Bergisches Land, Diemelsee, Hohe Mark-Westm\u00fcnsterland, Nordeifel, Siebengebirge und Teutoburger Wald\/Eggegebirge zur Finanzierung ihrer eingereichten Projektideen. In seiner Rede lobte Remmel die Arbeit der Naturparke, die rund 40% der Landesfl\u00e4che ausmachen und hob die Wichtigkeit vor allem in Bezug auf Artenschutz und Umweltbildung hervor. \u201eUnser Bundesland hat eine faszinierende Natur, und diese Vielfalt wird ganz besonders in unseren zw\u00f6lf Naturparken sichtbar\u201c, so der Minister.<\/p>\n<div id=\"attachment_7415\" style=\"width: 510px\" class=\"wp-caption aligncenter\"><a href=\"https:\/\/www.naturparkmagazin.de\/vdn\/wp-content\/uploads\/sites\/3\/Gruppenfoto_2.jpg\"><img aria-describedby=\"caption-attachment-7415\" decoding=\"async\" loading=\"lazy\" class=\"wp-image-7415 size-full\" title=\"Alle Gewinner auf der B\u00fchne versammelt\" src=\"https:\/\/www.naturparkmagazin.de\/vdn\/wp-content\/uploads\/sites\/3\/Gruppenfoto_2.jpg\" alt=\"Alle Gewinner auf der B\u00fchne versammelt \u00a9 M. Wetzel\" width=\"500\" height=\"300\" srcset=\"https:\/\/www.naturparkmagazin.de\/vdn\/wp-content\/uploads\/sites\/3\/Gruppenfoto_2.jpg 500w, https:\/\/www.naturparkmagazin.de\/vdn\/wp-content\/uploads\/sites\/3\/Gruppenfoto_2-300x180.jpg 300w, https:\/\/www.naturparkmagazin.de\/vdn\/wp-content\/uploads\/sites\/3\/Gruppenfoto_2-200x120.jpg 200w\" sizes=\"(max-width: 500px) 100vw, 500px\" \/><\/a><p id=\"caption-attachment-7415\" class=\"wp-caption-text\">Alle Gewinner auf der B\u00fchne versammelt \u00a9 M. Wetzel<\/p><\/div>\n<p>Anschlie\u00dfend stellten Frau Dr. Heike D\u00f6ll-K\u00f6nig, Gesch\u00e4ftsf\u00fchrerin von Tourismus NRW, das neue EFRE-Projekt \u201eSehnsuchtsziel Natur\u201c und Ulrich K\u00f6ster, Gesch\u00e4ftsf\u00fchrer des VDN, das neue EFRE-Projekt \u201eBarrierefreie Naturerlebnisangebote in Naturparken\u201c vor. Beide Projekte unterst\u00fctzen die Arbeit der Naturparke in NRW.<\/p>\n<p>Zum Abschluss pr\u00e4sentierten NRW-Naturparke ihre erfolgreichen Projekte zum Thema \u201eNaturerlebnis\/Umweltbildung\u201c in kompakten Kurzvortr\u00e4gen, bevor man bei K\u00f6lsch und lockeren Gespr\u00e4chen die Veranstaltung ausklingen lie\u00df.<\/p>\n<div id=\"attachment_7417\" style=\"width: 510px\" class=\"wp-caption aligncenter\"><a href=\"https:\/\/www.naturparkmagazin.de\/vdn\/wp-content\/uploads\/sites\/3\/Petersberger-Naturparkgespr\u00e4che-30-06-2016_1\u00a9Naturpark-Rheinland_2.jpg\"><img aria-describedby=\"caption-attachment-7417\" decoding=\"async\" loading=\"lazy\" class=\"wp-image-7417 size-full\" title=\"Gruppenfoto mit Minister Johannes Remmel \" src=\"https:\/\/www.naturparkmagazin.de\/vdn\/wp-content\/uploads\/sites\/3\/Petersberger-Naturparkgespr\u00e4che-30-06-2016_1\u00a9Naturpark-Rheinland_2.jpg\" alt=\"Gruppenfoto mit Minister Johannes Remmel \u00a9 Naturpark Rheinland\" width=\"500\" height=\"300\" srcset=\"https:\/\/www.naturparkmagazin.de\/vdn\/wp-content\/uploads\/sites\/3\/Petersberger-Naturparkgespr\u00e4che-30-06-2016_1\u00a9Naturpark-Rheinland_2.jpg 500w, https:\/\/www.naturparkmagazin.de\/vdn\/wp-content\/uploads\/sites\/3\/Petersberger-Naturparkgespr\u00e4che-30-06-2016_1\u00a9Naturpark-Rheinland_2-300x180.jpg 300w, https:\/\/www.naturparkmagazin.de\/vdn\/wp-content\/uploads\/sites\/3\/Petersberger-Naturparkgespr\u00e4che-30-06-2016_1\u00a9Naturpark-Rheinland_2-200x120.jpg 200w\" sizes=\"(max-width: 500px) 100vw, 500px\" \/><\/a><p id=\"caption-attachment-7417\" class=\"wp-caption-text\">Gruppenfoto mit Minister Johannes Remmel \u00a9 Naturpark Rheinland<\/p><\/div>\n<p>&nbsp;<\/p>\n","protected":false},"excerpt":{"rendered":"<p>Ende Juni wurden auf dem Petersberg u.a. die Preistr\u00e4ger des F\u00f6rderwettbewerbs &#8222;Naturpark.2018.Nordrhein-Westfalen&#8220; durch NRWs Umweltminister Johannes Remmel gek\u00fcrt.<\/p>\n","protected":false},"author":51,"featured_media":7408,"comment_status":"open","ping_status":"open","sticky":false,"template":"","format":"standard","meta":{"_links_to":"","_links_to_target":""},"categories":[7],"tags":[670,672,671,665,667,669,668,673,327,666,41,501],"yoast_head":"<!-- This site is optimized with the Yoast SEO plugin v19.10 - https:\/\/yoast.com\/wordpress\/plugins\/seo\/ -->\n<title>\u201eHistorischer Rahmen\u201c - 12. Petersberger Naturparkgespr\u00e4ch<\/title>\n<meta name=\"description\" content=\"Ende Juni wurden auf dem Petersberg u.a. die Preistr\u00e4ger des F\u00f6rderwettbewerbs &quot;Naturpark.2018.Nordrhein-Westfalen&quot; durch NRWs Umweltminister Johannes Remmel gek\u00fcrt.\" \/>\n<meta name=\"robots\" content=\"index, follow, max-snippet:-1, max-image-preview:large, max-video-preview:-1\" \/>\n<link rel=\"canonical\" href=\"https:\/\/www.naturparkmagazin.de\/vdn\/historischer-rahmen-12-petersberger-naturparkgespraech\/\" \/>\n<meta property=\"og:locale\" content=\"de_DE\" \/>\n<meta property=\"og:type\" content=\"article\" \/>\n<meta property=\"og:title\" content=\"\u201eHistorischer Rahmen\u201c - 12. Petersberger Naturparkgespr\u00e4ch\" \/>\n<meta property=\"og:description\" content=\"Ende Juni wurden auf dem Petersberg u.a. die Preistr\u00e4ger des F\u00f6rderwettbewerbs &quot;Naturpark.2018.Nordrhein-Westfalen&quot; durch NRWs Umweltminister Johannes Remmel gek\u00fcrt.\" \/>\n<meta property=\"og:url\" content=\"https:\/\/www.naturparkmagazin.de\/vdn\/historischer-rahmen-12-petersberger-naturparkgespraech\/\" \/>\n<meta property=\"og:site_name\" content=\"Verband Deutscher Naturparke\" \/>\n<meta property=\"article:published_time\" content=\"2016-07-14T14:58:13+00:00\" \/>\n<meta property=\"article:modified_time\" content=\"2016-07-15T08:37:23+00:00\" \/>\n<meta property=\"og:image\" content=\"https:\/\/www.naturparkmagazin.de\/vdn\/wp-content\/uploads\/sites\/3\/Remmel\u00a9Naturpark-Rheinland_beitragsbild.jpg\" \/>\n\t<meta property=\"og:image:width\" content=\"200\" \/>\n\t<meta property=\"og:image:height\" content=\"200\" \/>\n\t<meta property=\"og:image:type\" content=\"image\/jpeg\" \/>\n<meta name=\"author\" content=\"beatrixlosem\" \/>\n<meta name=\"twitter:label1\" content=\"Verfasst von\" \/>\n\t<meta name=\"twitter:data1\" content=\"beatrixlosem\" \/>\n\t<meta name=\"twitter:label2\" content=\"Gesch\u00e4tzte Lesezeit\" \/>\n\t<meta name=\"twitter:data2\" content=\"2\u00a0Minuten\" \/>\n<script type=\"application\/ld+json\" class=\"yoast-schema-graph\">{\"@context\":\"https:\/\/schema.org\",\"@graph\":[{\"@type\":\"WebPage\",\"@id\":\"https:\/\/www.naturparkmagazin.de\/vdn\/historischer-rahmen-12-petersberger-naturparkgespraech\/\",\"url\":\"https:\/\/www.naturparkmagazin.de\/vdn\/historischer-rahmen-12-petersberger-naturparkgespraech\/\",\"name\":\"\u201eHistorischer Rahmen\u201c - 12. Petersberger Naturparkgespr\u00e4ch\",\"isPartOf\":{\"@id\":\"https:\/\/www.naturparkmagazin.de\/vdn\/#website\"},\"datePublished\":\"2016-07-14T14:58:13+00:00\",\"dateModified\":\"2016-07-15T08:37:23+00:00\",\"author\":{\"@id\":\"https:\/\/www.naturparkmagazin.de\/vdn\/#\/schema\/person\/d71357578c318b6db03be60b1f60396b\"},\"description\":\"Ende Juni wurden auf dem Petersberg u.a. die Preistr\u00e4ger des F\u00f6rderwettbewerbs \\\"Naturpark.2018.Nordrhein-Westfalen\\\" durch NRWs Umweltminister Johannes Remmel gek\u00fcrt.\",\"breadcrumb\":{\"@id\":\"https:\/\/www.naturparkmagazin.de\/vdn\/historischer-rahmen-12-petersberger-naturparkgespraech\/#breadcrumb\"},\"inLanguage\":\"de\",\"potentialAction\":[{\"@type\":\"ReadAction\",\"target\":[\"https:\/\/www.naturparkmagazin.de\/vdn\/historischer-rahmen-12-petersberger-naturparkgespraech\/\"]}]},{\"@type\":\"BreadcrumbList\",\"@id\":\"https:\/\/www.naturparkmagazin.de\/vdn\/historischer-rahmen-12-petersberger-naturparkgespraech\/#breadcrumb\",\"itemListElement\":[{\"@type\":\"ListItem\",\"position\":1,\"name\":\"Home\",\"item\":\"https:\/\/www.naturparkmagazin.de\/vdn\/\"},{\"@type\":\"ListItem\",\"position\":2,\"name\":\"\u201eHistorischer Rahmen\u201c &#8211; 12. Petersberger Naturparkgespr\u00e4ch\"}]},{\"@type\":\"WebSite\",\"@id\":\"https:\/\/www.naturparkmagazin.de\/vdn\/#website\",\"url\":\"https:\/\/www.naturparkmagazin.de\/vdn\/\",\"name\":\"Verband Deutscher Naturparke\",\"description\":\"Eine weitere Naturparkmagazin.de Netzwerk Seite\",\"potentialAction\":[{\"@type\":\"SearchAction\",\"target\":{\"@type\":\"EntryPoint\",\"urlTemplate\":\"https:\/\/www.naturparkmagazin.de\/vdn\/?s={search_term_string}\"},\"query-input\":\"required name=search_term_string\"}],\"inLanguage\":\"de\"},{\"@type\":\"Person\",\"@id\":\"https:\/\/www.naturparkmagazin.de\/vdn\/#\/schema\/person\/d71357578c318b6db03be60b1f60396b\",\"name\":\"beatrixlosem\",\"url\":\"https:\/\/www.naturparkmagazin.de\/vdn\/author\/beatrixlosem\/\"}]}<\/script>\n<!-- \/ Yoast SEO plugin. -->","yoast_head_json":{"title":"\u201eHistorischer Rahmen\u201c - 12. Petersberger Naturparkgespr\u00e4ch","description":"Ende Juni wurden auf dem Petersberg u.a. die Preistr\u00e4ger des F\u00f6rderwettbewerbs \"Naturpark.2018.Nordrhein-Westfalen\" durch NRWs Umweltminister Johannes Remmel gek\u00fcrt.","robots":{"index":"index","follow":"follow","max-snippet":"max-snippet:-1","max-image-preview":"max-image-preview:large","max-video-preview":"max-video-preview:-1"},"canonical":"https:\/\/www.naturparkmagazin.de\/vdn\/historischer-rahmen-12-petersberger-naturparkgespraech\/","og_locale":"de_DE","og_type":"article","og_title":"\u201eHistorischer Rahmen\u201c - 12. Petersberger Naturparkgespr\u00e4ch","og_description":"Ende Juni wurden auf dem Petersberg u.a. die Preistr\u00e4ger des F\u00f6rderwettbewerbs \"Naturpark.2018.Nordrhein-Westfalen\" durch NRWs Umweltminister Johannes Remmel gek\u00fcrt.","og_url":"https:\/\/www.naturparkmagazin.de\/vdn\/historischer-rahmen-12-petersberger-naturparkgespraech\/","og_site_name":"Verband Deutscher Naturparke","article_published_time":"2016-07-14T14:58:13+00:00","article_modified_time":"2016-07-15T08:37:23+00:00","og_image":[{"width":200,"height":200,"url":"https:\/\/www.naturparkmagazin.de\/vdn\/wp-content\/uploads\/sites\/3\/Remmel\u00a9Naturpark-Rheinland_beitragsbild.jpg","type":"image\/jpeg"}],"author":"beatrixlosem","twitter_misc":{"Verfasst von":"beatrixlosem","Gesch\u00e4tzte Lesezeit":"2\u00a0Minuten"},"schema":{"@context":"https:\/\/schema.org","@graph":[{"@type":"WebPage","@id":"https:\/\/www.naturparkmagazin.de\/vdn\/historischer-rahmen-12-petersberger-naturparkgespraech\/","url":"https:\/\/www.naturparkmagazin.de\/vdn\/historischer-rahmen-12-petersberger-naturparkgespraech\/","name":"\u201eHistorischer Rahmen\u201c - 12. Petersberger Naturparkgespr\u00e4ch","isPartOf":{"@id":"https:\/\/www.naturparkmagazin.de\/vdn\/#website"},"datePublished":"2016-07-14T14:58:13+00:00","dateModified":"2016-07-15T08:37:23+00:00","author":{"@id":"https:\/\/www.naturparkmagazin.de\/vdn\/#\/schema\/person\/d71357578c318b6db03be60b1f60396b"},"description":"Ende Juni wurden auf dem Petersberg u.a. die Preistr\u00e4ger des F\u00f6rderwettbewerbs \"Naturpark.2018.Nordrhein-Westfalen\" durch NRWs Umweltminister Johannes Remmel gek\u00fcrt.","breadcrumb":{"@id":"https:\/\/www.naturparkmagazin.de\/vdn\/historischer-rahmen-12-petersberger-naturparkgespraech\/#breadcrumb"},"inLanguage":"de","potentialAction":[{"@type":"ReadAction","target":["https:\/\/www.naturparkmagazin.de\/vdn\/historischer-rahmen-12-petersberger-naturparkgespraech\/"]}]},{"@type":"BreadcrumbList","@id":"https:\/\/www.naturparkmagazin.de\/vdn\/historischer-rahmen-12-petersberger-naturparkgespraech\/#breadcrumb","itemListElement":[{"@type":"ListItem","position":1,"name":"Home","item":"https:\/\/www.naturparkmagazin.de\/vdn\/"},{"@type":"ListItem","position":2,"name":"\u201eHistorischer Rahmen\u201c &#8211; 12. Petersberger Naturparkgespr\u00e4ch"}]},{"@type":"WebSite","@id":"https:\/\/www.naturparkmagazin.de\/vdn\/#website","url":"https:\/\/www.naturparkmagazin.de\/vdn\/","name":"Verband Deutscher Naturparke","description":"Eine weitere Naturparkmagazin.de Netzwerk Seite","potentialAction":[{"@type":"SearchAction","target":{"@type":"EntryPoint","urlTemplate":"https:\/\/www.naturparkmagazin.de\/vdn\/?s={search_term_string}"},"query-input":"required name=search_term_string"}],"inLanguage":"de"},{"@type":"Person","@id":"https:\/\/www.naturparkmagazin.de\/vdn\/#\/schema\/person\/d71357578c318b6db03be60b1f60396b","name":"beatrixlosem","url":"https:\/\/www.naturparkmagazin.de\/vdn\/author\/beatrixlosem\/"}]}},"_links":{"self":[{"href":"https:\/\/www.naturparkmagazin.de\/vdn\/wp-json\/wp\/v2\/posts\/7407"}],"collection":[{"href":"https:\/\/www.naturparkmagazin.de\/vdn\/wp-json\/wp\/v2\/posts"}],"about":[{"href":"https:\/\/www.naturparkmagazin.de\/vdn\/wp-json\/wp\/v2\/types\/post"}],"author":[{"embeddable":true,"href":"https:\/\/www.naturparkmagazin.de\/vdn\/wp-json\/wp\/v2\/users\/51"}],"replies":[{"embeddable":true,"href":"https:\/\/www.naturparkmagazin.de\/vdn\/wp-json\/wp\/v2\/comments?post=7407"}],"version-history":[{"count":6,"href":"https:\/\/www.naturparkmagazin.de\/vdn\/wp-json\/wp\/v2\/posts\/7407\/revisions"}],"predecessor-version":[{"id":7513,"href":"https:\/\/www.naturparkmagazin.de\/vdn\/wp-json\/wp\/v2\/posts\/7407\/revisions\/7513"}],"wp:featuredmedia":[{"embeddable":true,"href":"https:\/\/www.naturparkmagazin.de\/vdn\/wp-json\/wp\/v2\/media\/7408"}],"wp:attachment":[{"href":"https:\/\/www.naturparkmagazin.de\/vdn\/wp-json\/wp\/v2\/media?parent=7407"}],"wp:term":[{"taxonomy":"category","embeddable":true,"href":"https:\/\/www.naturparkmagazin.de\/vdn\/wp-json\/wp\/v2\/categories?post=7407"},{"taxonomy":"post_tag","embeddable":true,"href":"https:\/\/www.naturparkmagazin.de\/vdn\/wp-json\/wp\/v2\/tags?post=7407"}],"curies":[{"name":"wp","href":"https:\/\/api.w.org\/{rel}","templated":true}]}}