{"id":7433,"date":"2016-07-14T17:00:23","date_gmt":"2016-07-14T15:00:23","guid":{"rendered":"http:\/\/www.naturparkmagazin.de\/vdn\/?p=7433"},"modified":"2016-07-15T10:31:43","modified_gmt":"2016-07-15T08:31:43","slug":"natur-erleben-vdn-auf-der-tournatur-2016","status":"publish","type":"post","link":"https:\/\/www.naturparkmagazin.de\/vdn\/natur-erleben-vdn-auf-der-tournatur-2016\/","title":{"rendered":"\u201eNatur erleben\u201c \u2013 VDN auf der TourNatur 2016"},"content":{"rendered":"<p>Die gr\u00f6\u00dfte deutsche Publikumsmesse f\u00fcr Wandern und Trekking, die 14. TourNatur, bietet zum Start in die herbstliche Hochsaison des Sports mit 5.000 Reisezielen und fast 280 Ausstellern ein attraktives und vielseitiges Programm mit Ausr\u00fcstern, Destinationen und Informationsveranstaltungen. Damit verwandelt sich D\u00fcsseldorf vom 2. bis 4. September 2016 in eine echte Wander-Hochburg.<\/p>\n<p>Seit 2007 ist auch der Verband Deutscher Naturparke (VDN) auf der \u201eTourNatur\u201c pr\u00e4sent. In diesem Jahr pr\u00e4sentiert der VDN gemeinsam mit EUROPARC Deutschland unter dem Motto \u201eFaszination Natur\u201c Erlebnisangebote aus den Nationalen Naturlandschaften.<\/p>\n<p>&nbsp;<\/p>\n<div id=\"attachment_7489\" style=\"width: 510px\" class=\"wp-caption aligncenter\"><a href=\"https:\/\/www.naturparkmagazin.de\/vdn\/wp-content\/uploads\/sites\/3\/img-3994-1_2.jpg\"><img aria-describedby=\"caption-attachment-7489\" decoding=\"async\" loading=\"lazy\" class=\"wp-image-7489 size-full\" title=\"Herbsttag im S\u00fcdschwarzwald\" src=\"https:\/\/www.naturparkmagazin.de\/vdn\/wp-content\/uploads\/sites\/3\/img-3994-1_2.jpg\" alt=\"Herbsttag im S\u00fcdschwarzwald \u00a9 VDN\/Gerhard Albicker\" width=\"500\" height=\"300\" srcset=\"https:\/\/www.naturparkmagazin.de\/vdn\/wp-content\/uploads\/sites\/3\/img-3994-1_2.jpg 500w, https:\/\/www.naturparkmagazin.de\/vdn\/wp-content\/uploads\/sites\/3\/img-3994-1_2-300x180.jpg 300w, https:\/\/www.naturparkmagazin.de\/vdn\/wp-content\/uploads\/sites\/3\/img-3994-1_2-200x120.jpg 200w\" sizes=\"(max-width: 500px) 100vw, 500px\" \/><\/a><p id=\"caption-attachment-7489\" class=\"wp-caption-text\">Herbsttag im S\u00fcdschwarzwald \u00a9 VDN\/Gerhard Albicker<\/p><\/div>\n<p>&gt;&gt; <a href=\"http:\/\/www.tournatur.com\/\" target=\"_blank\">Hier<\/a> finden Sie Informationen zur TourNatur 2016.<\/p>\n<p>&gt;&gt; <a href=\"http:\/\/www.naturparke.de\/relaxation\/general\" target=\"_blank\">Hier<\/a> finden Sie Erlebnisangebote aus Naturparken in Deutschland.<\/p>\n<p>&gt;&gt; <a href=\"http:\/\/www.naturparke.de\/system\/articledownloads\/475\/original\/PM_Natuerlebnisangebote_Sommerferien_201607.pdf?1467882820\" target=\"_blank\">Hier<\/a> k\u00f6nnen Sie die Pressemitteilung anschauen.<\/p>\n<p>&nbsp;<\/p>\n","protected":false},"excerpt":{"rendered":"<p>Die TourNatur \u2013 gr\u00f6\u00dfte deutsche Publikumsmesse f\u00fcr Wandern und Trekking \u2013 findet 2016 vom 2.-4. September in D\u00fcsseldorf statt. Der VDN pr\u00e4sentiert hier Erlebnisangebote unter dem Motto \u201eFaszination Natur\u201c.<\/p>\n","protected":false},"author":51,"featured_media":7488,"comment_status":"open","ping_status":"open","sticky":false,"template":"","format":"standard","meta":{"_links_to":"","_links_to_target":""},"categories":[7],"tags":[508,663,572,330,231,348,539,662,664,41,501],"yoast_head":"<!-- This site is optimized with the Yoast SEO plugin v19.10 - https:\/\/yoast.com\/wordpress\/plugins\/seo\/ -->\n<title>\u201eNatur erleben\u201c \u2013 VDN auf der TourNatur 2016<\/title>\n<meta name=\"description\" content=\"Die TourNatur \u2013 gr\u00f6\u00dfte deutsche Publikumsmesse f\u00fcr Wandern und Trekking \u2013 findet 2016 vom 2.-4. September in D\u00fcsseldorf statt. Der VDN pr\u00e4sentiert hier Erlebnisangebote unter dem Motto \u201eFaszination Natur\u201c.\" \/>\n<meta name=\"robots\" content=\"index, follow, max-snippet:-1, max-image-preview:large, max-video-preview:-1\" \/>\n<link rel=\"canonical\" href=\"https:\/\/www.naturparkmagazin.de\/vdn\/natur-erleben-vdn-auf-der-tournatur-2016\/\" \/>\n<meta property=\"og:locale\" content=\"de_DE\" \/>\n<meta property=\"og:type\" content=\"article\" \/>\n<meta property=\"og:title\" content=\"\u201eNatur erleben\u201c \u2013 VDN auf der TourNatur 2016\" \/>\n<meta property=\"og:description\" content=\"Die TourNatur \u2013 gr\u00f6\u00dfte deutsche Publikumsmesse f\u00fcr Wandern und Trekking \u2013 findet 2016 vom 2.-4. September in D\u00fcsseldorf statt. Der VDN pr\u00e4sentiert hier Erlebnisangebote unter dem Motto \u201eFaszination Natur\u201c.\" \/>\n<meta property=\"og:url\" content=\"https:\/\/www.naturparkmagazin.de\/vdn\/natur-erleben-vdn-auf-der-tournatur-2016\/\" \/>\n<meta property=\"og:site_name\" content=\"Verband Deutscher Naturparke\" \/>\n<meta property=\"article:published_time\" content=\"2016-07-14T15:00:23+00:00\" \/>\n<meta property=\"article:modified_time\" content=\"2016-07-15T08:31:43+00:00\" \/>\n<meta property=\"og:image\" content=\"https:\/\/www.naturparkmagazin.de\/vdn\/wp-content\/uploads\/sites\/3\/img-3994-1_beitragsbild.jpg\" \/>\n\t<meta property=\"og:image:width\" content=\"200\" \/>\n\t<meta property=\"og:image:height\" content=\"200\" \/>\n\t<meta property=\"og:image:type\" content=\"image\/jpeg\" \/>\n<meta name=\"author\" content=\"beatrixlosem\" \/>\n<meta name=\"twitter:label1\" content=\"Verfasst von\" \/>\n\t<meta name=\"twitter:data1\" content=\"beatrixlosem\" \/>\n\t<meta name=\"twitter:label2\" content=\"Gesch\u00e4tzte Lesezeit\" \/>\n\t<meta name=\"twitter:data2\" content=\"1\u00a0Minute\" \/>\n<script type=\"application\/ld+json\" class=\"yoast-schema-graph\">{\"@context\":\"https:\/\/schema.org\",\"@graph\":[{\"@type\":\"WebPage\",\"@id\":\"https:\/\/www.naturparkmagazin.de\/vdn\/natur-erleben-vdn-auf-der-tournatur-2016\/\",\"url\":\"https:\/\/www.naturparkmagazin.de\/vdn\/natur-erleben-vdn-auf-der-tournatur-2016\/\",\"name\":\"\u201eNatur erleben\u201c \u2013 VDN auf der TourNatur 2016\",\"isPartOf\":{\"@id\":\"https:\/\/www.naturparkmagazin.de\/vdn\/#website\"},\"datePublished\":\"2016-07-14T15:00:23+00:00\",\"dateModified\":\"2016-07-15T08:31:43+00:00\",\"author\":{\"@id\":\"https:\/\/www.naturparkmagazin.de\/vdn\/#\/schema\/person\/d71357578c318b6db03be60b1f60396b\"},\"description\":\"Die TourNatur \u2013 gr\u00f6\u00dfte deutsche Publikumsmesse f\u00fcr Wandern und Trekking \u2013 findet 2016 vom 2.-4. September in D\u00fcsseldorf statt. Der VDN pr\u00e4sentiert hier Erlebnisangebote unter dem Motto \u201eFaszination Natur\u201c.\",\"breadcrumb\":{\"@id\":\"https:\/\/www.naturparkmagazin.de\/vdn\/natur-erleben-vdn-auf-der-tournatur-2016\/#breadcrumb\"},\"inLanguage\":\"de\",\"potentialAction\":[{\"@type\":\"ReadAction\",\"target\":[\"https:\/\/www.naturparkmagazin.de\/vdn\/natur-erleben-vdn-auf-der-tournatur-2016\/\"]}]},{\"@type\":\"BreadcrumbList\",\"@id\":\"https:\/\/www.naturparkmagazin.de\/vdn\/natur-erleben-vdn-auf-der-tournatur-2016\/#breadcrumb\",\"itemListElement\":[{\"@type\":\"ListItem\",\"position\":1,\"name\":\"Home\",\"item\":\"https:\/\/www.naturparkmagazin.de\/vdn\/\"},{\"@type\":\"ListItem\",\"position\":2,\"name\":\"\u201eNatur erleben\u201c \u2013 VDN auf der TourNatur 2016\"}]},{\"@type\":\"WebSite\",\"@id\":\"https:\/\/www.naturparkmagazin.de\/vdn\/#website\",\"url\":\"https:\/\/www.naturparkmagazin.de\/vdn\/\",\"name\":\"Verband Deutscher Naturparke\",\"description\":\"Eine weitere Naturparkmagazin.de Netzwerk Seite\",\"potentialAction\":[{\"@type\":\"SearchAction\",\"target\":{\"@type\":\"EntryPoint\",\"urlTemplate\":\"https:\/\/www.naturparkmagazin.de\/vdn\/?s={search_term_string}\"},\"query-input\":\"required name=search_term_string\"}],\"inLanguage\":\"de\"},{\"@type\":\"Person\",\"@id\":\"https:\/\/www.naturparkmagazin.de\/vdn\/#\/schema\/person\/d71357578c318b6db03be60b1f60396b\",\"name\":\"beatrixlosem\",\"url\":\"https:\/\/www.naturparkmagazin.de\/vdn\/author\/beatrixlosem\/\"}]}<\/script>\n<!-- \/ Yoast SEO plugin. -->","yoast_head_json":{"title":"\u201eNatur erleben\u201c \u2013 VDN auf der TourNatur 2016","description":"Die TourNatur \u2013 gr\u00f6\u00dfte deutsche Publikumsmesse f\u00fcr Wandern und Trekking \u2013 findet 2016 vom 2.-4. September in D\u00fcsseldorf statt. Der VDN pr\u00e4sentiert hier Erlebnisangebote unter dem Motto \u201eFaszination Natur\u201c.","robots":{"index":"index","follow":"follow","max-snippet":"max-snippet:-1","max-image-preview":"max-image-preview:large","max-video-preview":"max-video-preview:-1"},"canonical":"https:\/\/www.naturparkmagazin.de\/vdn\/natur-erleben-vdn-auf-der-tournatur-2016\/","og_locale":"de_DE","og_type":"article","og_title":"\u201eNatur erleben\u201c \u2013 VDN auf der TourNatur 2016","og_description":"Die TourNatur \u2013 gr\u00f6\u00dfte deutsche Publikumsmesse f\u00fcr Wandern und Trekking \u2013 findet 2016 vom 2.-4. September in D\u00fcsseldorf statt. Der VDN pr\u00e4sentiert hier Erlebnisangebote unter dem Motto \u201eFaszination Natur\u201c.","og_url":"https:\/\/www.naturparkmagazin.de\/vdn\/natur-erleben-vdn-auf-der-tournatur-2016\/","og_site_name":"Verband Deutscher Naturparke","article_published_time":"2016-07-14T15:00:23+00:00","article_modified_time":"2016-07-15T08:31:43+00:00","og_image":[{"width":200,"height":200,"url":"https:\/\/www.naturparkmagazin.de\/vdn\/wp-content\/uploads\/sites\/3\/img-3994-1_beitragsbild.jpg","type":"image\/jpeg"}],"author":"beatrixlosem","twitter_misc":{"Verfasst von":"beatrixlosem","Gesch\u00e4tzte Lesezeit":"1\u00a0Minute"},"schema":{"@context":"https:\/\/schema.org","@graph":[{"@type":"WebPage","@id":"https:\/\/www.naturparkmagazin.de\/vdn\/natur-erleben-vdn-auf-der-tournatur-2016\/","url":"https:\/\/www.naturparkmagazin.de\/vdn\/natur-erleben-vdn-auf-der-tournatur-2016\/","name":"\u201eNatur erleben\u201c \u2013 VDN auf der TourNatur 2016","isPartOf":{"@id":"https:\/\/www.naturparkmagazin.de\/vdn\/#website"},"datePublished":"2016-07-14T15:00:23+00:00","dateModified":"2016-07-15T08:31:43+00:00","author":{"@id":"https:\/\/www.naturparkmagazin.de\/vdn\/#\/schema\/person\/d71357578c318b6db03be60b1f60396b"},"description":"Die TourNatur \u2013 gr\u00f6\u00dfte deutsche Publikumsmesse f\u00fcr Wandern und Trekking \u2013 findet 2016 vom 2.-4. September in D\u00fcsseldorf statt. Der VDN pr\u00e4sentiert hier Erlebnisangebote unter dem Motto \u201eFaszination Natur\u201c.","breadcrumb":{"@id":"https:\/\/www.naturparkmagazin.de\/vdn\/natur-erleben-vdn-auf-der-tournatur-2016\/#breadcrumb"},"inLanguage":"de","potentialAction":[{"@type":"ReadAction","target":["https:\/\/www.naturparkmagazin.de\/vdn\/natur-erleben-vdn-auf-der-tournatur-2016\/"]}]},{"@type":"BreadcrumbList","@id":"https:\/\/www.naturparkmagazin.de\/vdn\/natur-erleben-vdn-auf-der-tournatur-2016\/#breadcrumb","itemListElement":[{"@type":"ListItem","position":1,"name":"Home","item":"https:\/\/www.naturparkmagazin.de\/vdn\/"},{"@type":"ListItem","position":2,"name":"\u201eNatur erleben\u201c \u2013 VDN auf der TourNatur 2016"}]},{"@type":"WebSite","@id":"https:\/\/www.naturparkmagazin.de\/vdn\/#website","url":"https:\/\/www.naturparkmagazin.de\/vdn\/","name":"Verband Deutscher Naturparke","description":"Eine weitere Naturparkmagazin.de Netzwerk Seite","potentialAction":[{"@type":"SearchAction","target":{"@type":"EntryPoint","urlTemplate":"https:\/\/www.naturparkmagazin.de\/vdn\/?s={search_term_string}"},"query-input":"required name=search_term_string"}],"inLanguage":"de"},{"@type":"Person","@id":"https:\/\/www.naturparkmagazin.de\/vdn\/#\/schema\/person\/d71357578c318b6db03be60b1f60396b","name":"beatrixlosem","url":"https:\/\/www.naturparkmagazin.de\/vdn\/author\/beatrixlosem\/"}]}},"_links":{"self":[{"href":"https:\/\/www.naturparkmagazin.de\/vdn\/wp-json\/wp\/v2\/posts\/7433"}],"collection":[{"href":"https:\/\/www.naturparkmagazin.de\/vdn\/wp-json\/wp\/v2\/posts"}],"about":[{"href":"https:\/\/www.naturparkmagazin.de\/vdn\/wp-json\/wp\/v2\/types\/post"}],"author":[{"embeddable":true,"href":"https:\/\/www.naturparkmagazin.de\/vdn\/wp-json\/wp\/v2\/users\/51"}],"replies":[{"embeddable":true,"href":"https:\/\/www.naturparkmagazin.de\/vdn\/wp-json\/wp\/v2\/comments?post=7433"}],"version-history":[{"count":5,"href":"https:\/\/www.naturparkmagazin.de\/vdn\/wp-json\/wp\/v2\/posts\/7433\/revisions"}],"predecessor-version":[{"id":7507,"href":"https:\/\/www.naturparkmagazin.de\/vdn\/wp-json\/wp\/v2\/posts\/7433\/revisions\/7507"}],"wp:featuredmedia":[{"embeddable":true,"href":"https:\/\/www.naturparkmagazin.de\/vdn\/wp-json\/wp\/v2\/media\/7488"}],"wp:attachment":[{"href":"https:\/\/www.naturparkmagazin.de\/vdn\/wp-json\/wp\/v2\/media?parent=7433"}],"wp:term":[{"taxonomy":"category","embeddable":true,"href":"https:\/\/www.naturparkmagazin.de\/vdn\/wp-json\/wp\/v2\/categories?post=7433"},{"taxonomy":"post_tag","embeddable":true,"href":"https:\/\/www.naturparkmagazin.de\/vdn\/wp-json\/wp\/v2\/tags?post=7433"}],"curies":[{"name":"wp","href":"https:\/\/api.w.org\/{rel}","templated":true}]}}