{"id":7435,"date":"2016-07-14T16:59:04","date_gmt":"2016-07-14T14:59:04","guid":{"rendered":"http:\/\/www.naturparkmagazin.de\/vdn\/?p=7435"},"modified":"2016-07-28T13:44:02","modified_gmt":"2016-07-28T11:44:02","slug":"erfolgsgeschichte-46-naturpark-schule-ausgezeichnet","status":"publish","type":"post","link":"https:\/\/www.naturparkmagazin.de\/vdn\/erfolgsgeschichte-46-naturpark-schule-ausgezeichnet\/","title":{"rendered":"\u201eErfolgsgeschichte\u201c- 46. Naturpark-Schule ausgezeichnet"},"content":{"rendered":"<div id=\"attachment_7519\" style=\"width: 373px\" class=\"wp-caption aligncenter\"><a href=\"https:\/\/www.naturparkmagazin.de\/vdn\/wp-content\/uploads\/sites\/3\/ernennung-np-schule1_2.jpg\"><img aria-describedby=\"caption-attachment-7519\" decoding=\"async\" loading=\"lazy\" class=\"wp-image-7519\" title=\"Auszeichnung der neuen Naturparkschule \u00a9 Naturpark Oberer Bayerischer Wald\" src=\"https:\/\/www.naturparkmagazin.de\/vdn\/wp-content\/uploads\/sites\/3\/ernennung-np-schule1_2.jpg\" alt=\"Auszeichnung der neuen Naturparkschule \u00a9 Naturpark Oberer Bayerischer Wald\" width=\"363\" height=\"508\" srcset=\"https:\/\/www.naturparkmagazin.de\/vdn\/wp-content\/uploads\/sites\/3\/ernennung-np-schule1_2.jpg 500w, https:\/\/www.naturparkmagazin.de\/vdn\/wp-content\/uploads\/sites\/3\/ernennung-np-schule1_2-300x420.jpg 300w, https:\/\/www.naturparkmagazin.de\/vdn\/wp-content\/uploads\/sites\/3\/ernennung-np-schule1_2-200x280.jpg 200w\" sizes=\"(max-width: 363px) 100vw, 363px\" \/><\/a><p id=\"caption-attachment-7519\" class=\"wp-caption-text\">Auszeichnung der neuen Naturparkschule \u00a9 Naturpark Oberer Bayerischer Wald<\/p><\/div>\n<p>Naturparke sind f\u00fcr Schulen attraktive au\u00dferschulische Lernorte. Sie bieten den Sch\u00fclerinnen und Sch\u00fclern vielf\u00e4ltige Lern- und Erfahrungsorte und die M\u00f6glichkeit, die heimische Natur vor der Klassent\u00fcr zu entdecken. Ende Juli wurde im Naturpark Oberer Bayerischer Wald die Grundschule Waldm\u00fcnchen als Naturpark-Schule ausgezeichnet. Sie ist die 46. Naturpark-Schule, die die bundesweite Auszeichnung von VDN und Naturpark erhielt.<\/p>\n<div id=\"attachment_7520\" style=\"width: 479px\" class=\"wp-caption aligncenter\"><a href=\"https:\/\/www.naturparkmagazin.de\/vdn\/wp-content\/uploads\/sites\/3\/ernnennung-np-schule2_2.jpg\"><img aria-describedby=\"caption-attachment-7520\" decoding=\"async\" loading=\"lazy\" class=\"wp-image-7520\" title=\"Die Grundschule Waldm\u00fcnchen ist nun Naturparkschule \u00a9 Naturpark Oberer Bayerischer Wald\" src=\"https:\/\/www.naturparkmagazin.de\/vdn\/wp-content\/uploads\/sites\/3\/ernnennung-np-schule2_2.jpg\" alt=\"Die Grundschule Waldm\u00fcnchen ist nun Naturparkschule \u00a9 Naturpark Oberer Bayerischer Wald\" width=\"469\" height=\"282\" srcset=\"https:\/\/www.naturparkmagazin.de\/vdn\/wp-content\/uploads\/sites\/3\/ernnennung-np-schule2_2.jpg 500w, https:\/\/www.naturparkmagazin.de\/vdn\/wp-content\/uploads\/sites\/3\/ernnennung-np-schule2_2-300x180.jpg 300w, https:\/\/www.naturparkmagazin.de\/vdn\/wp-content\/uploads\/sites\/3\/ernnennung-np-schule2_2-200x120.jpg 200w\" sizes=\"(max-width: 469px) 100vw, 469px\" \/><\/a><p id=\"caption-attachment-7520\" class=\"wp-caption-text\">Die Grundschule Waldm\u00fcnchen ist nun Naturparkschule \u00a9 Naturpark Oberer Bayerischer Wald<\/p><\/div>\n<p>Im Projekt \u201eNetzwerk Naturpark-Schulen\u201c hat der Verband Deutscher Naturparke (VDN) mit F\u00f6rderung der Deutschen Bundesstiftung Umwelt (DBU) den inhaltlichen Rahmen f\u00fcr eine dauerhafte Kooperation zwischen Schulen und Naturparken entwickelt. Dazu z\u00e4hlen<\/p>\n<ul>\n<li>Ein Kriterienkatalog<\/li>\n<li>Ein Evaluierungsverfahren f\u00fcr die Anerkennung<\/li>\n<li>Materialien f\u00fcr die \u00d6ffentlichkeitsarbeit<\/li>\n<li>Ein Netzwerk aus Naturparken und Schulen<\/li>\n<li>Thematische Vorschl\u00e4ge f\u00fcr den Unterricht<\/li>\n<\/ul>\n<p>Die Auszeichnung \u201eNaturpark-Schule\u201c wird zun\u00e4chst f\u00fcr f\u00fcnf Jahre verliehen wird. Danach erfolgt eine \u00dcberpr\u00fcfung, ob die Kriterien weiterhin erf\u00fcllt sind.<\/p>\n<p>Derzeit f\u00fcllen 20 Naturparke das Projekt mit Leben. Geplante Kooperationen auch in sechs weiteren Naturparken zeigen, dass das Netzwerk eine Erfolgsgeschichte ist, die weiter wachsen wird.<\/p>\n<p>Das Projekt wurde als offizielles Projekt der UN-Dekaden \u201eBiologische Vielfalt\u201c und \u201eBildung f\u00fcr nachhaltige Entwicklung\u201c gew\u00fcrdigt.<\/p>\n<p>&gt;&gt; <a href=\"http:\/\/www.naturparke.de\/environmentaleducation\/schools\" target=\"_blank\">Hier<\/a> finden Sie Informationen zum \u201eNetzwerk Naturpark-Schulen\u201c.<\/p>\n<p>&nbsp;<\/p>\n<div id=\"attachment_7492\" style=\"width: 510px\" class=\"wp-caption aligncenter\"><a href=\"https:\/\/www.naturparkmagazin.de\/vdn\/wp-content\/uploads\/sites\/3\/Bild1-aus-Power-Point-Pr\u00e4sentation_2.jpg\"><img aria-describedby=\"caption-attachment-7492\" decoding=\"async\" loading=\"lazy\" class=\"wp-image-7492 size-full\" title=\"Lernen in der Natur \u00a9 VDN\" src=\"https:\/\/www.naturparkmagazin.de\/vdn\/wp-content\/uploads\/sites\/3\/Bild1-aus-Power-Point-Pr\u00e4sentation_2.jpg\" alt=\"Lernen in der Natur \u00a9 VDN\" width=\"500\" height=\"300\" srcset=\"https:\/\/www.naturparkmagazin.de\/vdn\/wp-content\/uploads\/sites\/3\/Bild1-aus-Power-Point-Pr\u00e4sentation_2.jpg 500w, https:\/\/www.naturparkmagazin.de\/vdn\/wp-content\/uploads\/sites\/3\/Bild1-aus-Power-Point-Pr\u00e4sentation_2-300x180.jpg 300w, https:\/\/www.naturparkmagazin.de\/vdn\/wp-content\/uploads\/sites\/3\/Bild1-aus-Power-Point-Pr\u00e4sentation_2-200x120.jpg 200w\" sizes=\"(max-width: 500px) 100vw, 500px\" \/><\/a><p id=\"caption-attachment-7492\" class=\"wp-caption-text\">Lernen in der Natur \u00a9 VDN<\/p><\/div>\n","protected":false},"excerpt":{"rendered":"<p>Naturparke sind f\u00fcr Schulen attraktive au\u00dferschulische Lernorte. Ende Juli wurde im Naturpark Oberer Bayerischer Wald die 46. Naturpark-Schule ausgezeichnet. <\/p>\n","protected":false},"author":51,"featured_media":7535,"comment_status":"open","ping_status":"open","sticky":false,"template":"","format":"standard","meta":{"_links_to":"","_links_to_target":""},"categories":[7],"tags":[508,674,637,327,41,501],"yoast_head":"<!-- This site is optimized with the Yoast SEO plugin v19.10 - https:\/\/yoast.com\/wordpress\/plugins\/seo\/ -->\n<title>\u201eErfolgsgeschichte\u201c- 46. Naturpark-Schule ausgezeichnet<\/title>\n<meta name=\"description\" content=\"Naturparke sind f\u00fcr Schulen attraktive au\u00dferschulische Lernorte. Ende Juli wurde im Naturpark Oberer Bayerischer Wald die 46. Naturpark-Schule ausgezeichnet.\" \/>\n<meta name=\"robots\" content=\"index, follow, max-snippet:-1, max-image-preview:large, max-video-preview:-1\" \/>\n<link rel=\"canonical\" href=\"https:\/\/www.naturparkmagazin.de\/vdn\/erfolgsgeschichte-46-naturpark-schule-ausgezeichnet\/\" \/>\n<meta property=\"og:locale\" content=\"de_DE\" \/>\n<meta property=\"og:type\" content=\"article\" \/>\n<meta property=\"og:title\" content=\"\u201eErfolgsgeschichte\u201c- 46. Naturpark-Schule ausgezeichnet\" \/>\n<meta property=\"og:description\" content=\"Naturparke sind f\u00fcr Schulen attraktive au\u00dferschulische Lernorte. Ende Juli wurde im Naturpark Oberer Bayerischer Wald die 46. Naturpark-Schule ausgezeichnet.\" \/>\n<meta property=\"og:url\" content=\"https:\/\/www.naturparkmagazin.de\/vdn\/erfolgsgeschichte-46-naturpark-schule-ausgezeichnet\/\" \/>\n<meta property=\"og:site_name\" content=\"Verband Deutscher Naturparke\" \/>\n<meta property=\"article:published_time\" content=\"2016-07-14T14:59:04+00:00\" \/>\n<meta property=\"article:modified_time\" content=\"2016-07-28T11:44:02+00:00\" \/>\n<meta property=\"og:image\" content=\"https:\/\/www.naturparkmagazin.de\/vdn\/wp-content\/uploads\/sites\/3\/ernnennung-np-schule2_beitragsbild.jpg\" \/>\n\t<meta property=\"og:image:width\" content=\"200\" \/>\n\t<meta property=\"og:image:height\" content=\"200\" \/>\n\t<meta property=\"og:image:type\" content=\"image\/jpeg\" \/>\n<meta name=\"author\" content=\"beatrixlosem\" \/>\n<meta name=\"twitter:label1\" content=\"Verfasst von\" \/>\n\t<meta name=\"twitter:data1\" content=\"beatrixlosem\" \/>\n\t<meta name=\"twitter:label2\" content=\"Gesch\u00e4tzte Lesezeit\" \/>\n\t<meta name=\"twitter:data2\" content=\"1\u00a0Minute\" \/>\n<script type=\"application\/ld+json\" class=\"yoast-schema-graph\">{\"@context\":\"https:\/\/schema.org\",\"@graph\":[{\"@type\":\"WebPage\",\"@id\":\"https:\/\/www.naturparkmagazin.de\/vdn\/erfolgsgeschichte-46-naturpark-schule-ausgezeichnet\/\",\"url\":\"https:\/\/www.naturparkmagazin.de\/vdn\/erfolgsgeschichte-46-naturpark-schule-ausgezeichnet\/\",\"name\":\"\u201eErfolgsgeschichte\u201c- 46. Naturpark-Schule ausgezeichnet\",\"isPartOf\":{\"@id\":\"https:\/\/www.naturparkmagazin.de\/vdn\/#website\"},\"datePublished\":\"2016-07-14T14:59:04+00:00\",\"dateModified\":\"2016-07-28T11:44:02+00:00\",\"author\":{\"@id\":\"https:\/\/www.naturparkmagazin.de\/vdn\/#\/schema\/person\/d71357578c318b6db03be60b1f60396b\"},\"description\":\"Naturparke sind f\u00fcr Schulen attraktive au\u00dferschulische Lernorte. Ende Juli wurde im Naturpark Oberer Bayerischer Wald die 46. Naturpark-Schule ausgezeichnet.\",\"breadcrumb\":{\"@id\":\"https:\/\/www.naturparkmagazin.de\/vdn\/erfolgsgeschichte-46-naturpark-schule-ausgezeichnet\/#breadcrumb\"},\"inLanguage\":\"de\",\"potentialAction\":[{\"@type\":\"ReadAction\",\"target\":[\"https:\/\/www.naturparkmagazin.de\/vdn\/erfolgsgeschichte-46-naturpark-schule-ausgezeichnet\/\"]}]},{\"@type\":\"BreadcrumbList\",\"@id\":\"https:\/\/www.naturparkmagazin.de\/vdn\/erfolgsgeschichte-46-naturpark-schule-ausgezeichnet\/#breadcrumb\",\"itemListElement\":[{\"@type\":\"ListItem\",\"position\":1,\"name\":\"Home\",\"item\":\"https:\/\/www.naturparkmagazin.de\/vdn\/\"},{\"@type\":\"ListItem\",\"position\":2,\"name\":\"\u201eErfolgsgeschichte\u201c- 46. Naturpark-Schule ausgezeichnet\"}]},{\"@type\":\"WebSite\",\"@id\":\"https:\/\/www.naturparkmagazin.de\/vdn\/#website\",\"url\":\"https:\/\/www.naturparkmagazin.de\/vdn\/\",\"name\":\"Verband Deutscher Naturparke\",\"description\":\"Eine weitere Naturparkmagazin.de Netzwerk Seite\",\"potentialAction\":[{\"@type\":\"SearchAction\",\"target\":{\"@type\":\"EntryPoint\",\"urlTemplate\":\"https:\/\/www.naturparkmagazin.de\/vdn\/?s={search_term_string}\"},\"query-input\":\"required name=search_term_string\"}],\"inLanguage\":\"de\"},{\"@type\":\"Person\",\"@id\":\"https:\/\/www.naturparkmagazin.de\/vdn\/#\/schema\/person\/d71357578c318b6db03be60b1f60396b\",\"name\":\"beatrixlosem\",\"url\":\"https:\/\/www.naturparkmagazin.de\/vdn\/author\/beatrixlosem\/\"}]}<\/script>\n<!-- \/ Yoast SEO plugin. -->","yoast_head_json":{"title":"\u201eErfolgsgeschichte\u201c- 46. Naturpark-Schule ausgezeichnet","description":"Naturparke sind f\u00fcr Schulen attraktive au\u00dferschulische Lernorte. Ende Juli wurde im Naturpark Oberer Bayerischer Wald die 46. Naturpark-Schule ausgezeichnet.","robots":{"index":"index","follow":"follow","max-snippet":"max-snippet:-1","max-image-preview":"max-image-preview:large","max-video-preview":"max-video-preview:-1"},"canonical":"https:\/\/www.naturparkmagazin.de\/vdn\/erfolgsgeschichte-46-naturpark-schule-ausgezeichnet\/","og_locale":"de_DE","og_type":"article","og_title":"\u201eErfolgsgeschichte\u201c- 46. Naturpark-Schule ausgezeichnet","og_description":"Naturparke sind f\u00fcr Schulen attraktive au\u00dferschulische Lernorte. Ende Juli wurde im Naturpark Oberer Bayerischer Wald die 46. Naturpark-Schule ausgezeichnet.","og_url":"https:\/\/www.naturparkmagazin.de\/vdn\/erfolgsgeschichte-46-naturpark-schule-ausgezeichnet\/","og_site_name":"Verband Deutscher Naturparke","article_published_time":"2016-07-14T14:59:04+00:00","article_modified_time":"2016-07-28T11:44:02+00:00","og_image":[{"width":200,"height":200,"url":"https:\/\/www.naturparkmagazin.de\/vdn\/wp-content\/uploads\/sites\/3\/ernnennung-np-schule2_beitragsbild.jpg","type":"image\/jpeg"}],"author":"beatrixlosem","twitter_misc":{"Verfasst von":"beatrixlosem","Gesch\u00e4tzte Lesezeit":"1\u00a0Minute"},"schema":{"@context":"https:\/\/schema.org","@graph":[{"@type":"WebPage","@id":"https:\/\/www.naturparkmagazin.de\/vdn\/erfolgsgeschichte-46-naturpark-schule-ausgezeichnet\/","url":"https:\/\/www.naturparkmagazin.de\/vdn\/erfolgsgeschichte-46-naturpark-schule-ausgezeichnet\/","name":"\u201eErfolgsgeschichte\u201c- 46. Naturpark-Schule ausgezeichnet","isPartOf":{"@id":"https:\/\/www.naturparkmagazin.de\/vdn\/#website"},"datePublished":"2016-07-14T14:59:04+00:00","dateModified":"2016-07-28T11:44:02+00:00","author":{"@id":"https:\/\/www.naturparkmagazin.de\/vdn\/#\/schema\/person\/d71357578c318b6db03be60b1f60396b"},"description":"Naturparke sind f\u00fcr Schulen attraktive au\u00dferschulische Lernorte. Ende Juli wurde im Naturpark Oberer Bayerischer Wald die 46. Naturpark-Schule ausgezeichnet.","breadcrumb":{"@id":"https:\/\/www.naturparkmagazin.de\/vdn\/erfolgsgeschichte-46-naturpark-schule-ausgezeichnet\/#breadcrumb"},"inLanguage":"de","potentialAction":[{"@type":"ReadAction","target":["https:\/\/www.naturparkmagazin.de\/vdn\/erfolgsgeschichte-46-naturpark-schule-ausgezeichnet\/"]}]},{"@type":"BreadcrumbList","@id":"https:\/\/www.naturparkmagazin.de\/vdn\/erfolgsgeschichte-46-naturpark-schule-ausgezeichnet\/#breadcrumb","itemListElement":[{"@type":"ListItem","position":1,"name":"Home","item":"https:\/\/www.naturparkmagazin.de\/vdn\/"},{"@type":"ListItem","position":2,"name":"\u201eErfolgsgeschichte\u201c- 46. Naturpark-Schule ausgezeichnet"}]},{"@type":"WebSite","@id":"https:\/\/www.naturparkmagazin.de\/vdn\/#website","url":"https:\/\/www.naturparkmagazin.de\/vdn\/","name":"Verband Deutscher Naturparke","description":"Eine weitere Naturparkmagazin.de Netzwerk Seite","potentialAction":[{"@type":"SearchAction","target":{"@type":"EntryPoint","urlTemplate":"https:\/\/www.naturparkmagazin.de\/vdn\/?s={search_term_string}"},"query-input":"required name=search_term_string"}],"inLanguage":"de"},{"@type":"Person","@id":"https:\/\/www.naturparkmagazin.de\/vdn\/#\/schema\/person\/d71357578c318b6db03be60b1f60396b","name":"beatrixlosem","url":"https:\/\/www.naturparkmagazin.de\/vdn\/author\/beatrixlosem\/"}]}},"_links":{"self":[{"href":"https:\/\/www.naturparkmagazin.de\/vdn\/wp-json\/wp\/v2\/posts\/7435"}],"collection":[{"href":"https:\/\/www.naturparkmagazin.de\/vdn\/wp-json\/wp\/v2\/posts"}],"about":[{"href":"https:\/\/www.naturparkmagazin.de\/vdn\/wp-json\/wp\/v2\/types\/post"}],"author":[{"embeddable":true,"href":"https:\/\/www.naturparkmagazin.de\/vdn\/wp-json\/wp\/v2\/users\/51"}],"replies":[{"embeddable":true,"href":"https:\/\/www.naturparkmagazin.de\/vdn\/wp-json\/wp\/v2\/comments?post=7435"}],"version-history":[{"count":5,"href":"https:\/\/www.naturparkmagazin.de\/vdn\/wp-json\/wp\/v2\/posts\/7435\/revisions"}],"predecessor-version":[{"id":7518,"href":"https:\/\/www.naturparkmagazin.de\/vdn\/wp-json\/wp\/v2\/posts\/7435\/revisions\/7518"}],"wp:featuredmedia":[{"embeddable":true,"href":"https:\/\/www.naturparkmagazin.de\/vdn\/wp-json\/wp\/v2\/media\/7535"}],"wp:attachment":[{"href":"https:\/\/www.naturparkmagazin.de\/vdn\/wp-json\/wp\/v2\/media?parent=7435"}],"wp:term":[{"taxonomy":"category","embeddable":true,"href":"https:\/\/www.naturparkmagazin.de\/vdn\/wp-json\/wp\/v2\/categories?post=7435"},{"taxonomy":"post_tag","embeddable":true,"href":"https:\/\/www.naturparkmagazin.de\/vdn\/wp-json\/wp\/v2\/tags?post=7435"}],"curies":[{"name":"wp","href":"https:\/\/api.w.org\/{rel}","templated":true}]}}