{"id":7438,"date":"2016-07-14T17:00:56","date_gmt":"2016-07-14T15:00:56","guid":{"rendered":"http:\/\/www.naturparkmagazin.de\/vdn\/?p=7438"},"modified":"2016-07-20T11:26:51","modified_gmt":"2016-07-20T09:26:51","slug":"es-werde-gruen-von-klaus-mayhack","status":"publish","type":"post","link":"https:\/\/www.naturparkmagazin.de\/vdn\/es-werde-gruen-von-klaus-mayhack\/","title":{"rendered":"\u201eEs werde gr\u00fcn\u201c von Klaus Mayhack"},"content":{"rendered":"<p>Im Mai hatten wir im Rahmen des Fotowettbewerbs \u201eAugenblick Natur!\u201c 2016 die besten Fotos zum Thema \u201eComeback im Naturpark\u201c gesucht. Naturfotograf Klaus Mayhack hatte sich mit dem Motiv \u201eEs werde gr\u00fcn\u201c beworben. Dort sucht sich der wilde Hopfen im Naturpark Elbh\u00f6hen-Wendland seinen Weg \u00fcber eine aufgegebene Bahnstrecke. Mit diesem Foto wurde Mayhack verdient Monatssieger im Mai 2016.<\/p>\n<div id=\"attachment_7439\" style=\"width: 510px\" class=\"wp-caption aligncenter\"><a href=\"https:\/\/www.naturparkmagazin.de\/vdn\/wp-content\/uploads\/sites\/3\/Es-werde-gr\u00fcn.jpg\"><img aria-describedby=\"caption-attachment-7439\" decoding=\"async\" loading=\"lazy\" class=\"wp-image-7439 size-full\" title=\"Es werde gr\u00fcn \u00a9 VDN\/Klaus Mayhack\" src=\"https:\/\/www.naturparkmagazin.de\/vdn\/wp-content\/uploads\/sites\/3\/Es-werde-gr\u00fcn.jpg\" alt=\"Es werde gr\u00fcn \u00a9 VDN\/Klaus Mayhack\" width=\"500\" height=\"300\" srcset=\"https:\/\/www.naturparkmagazin.de\/vdn\/wp-content\/uploads\/sites\/3\/Es-werde-gr\u00fcn.jpg 500w, https:\/\/www.naturparkmagazin.de\/vdn\/wp-content\/uploads\/sites\/3\/Es-werde-gr\u00fcn-300x180.jpg 300w, https:\/\/www.naturparkmagazin.de\/vdn\/wp-content\/uploads\/sites\/3\/Es-werde-gr\u00fcn-200x120.jpg 200w\" sizes=\"(max-width: 500px) 100vw, 500px\" \/><\/a><p id=\"caption-attachment-7439\" class=\"wp-caption-text\">Es werde gr\u00fcn \u00a9 VDN\/Klaus Mayhack<\/p><\/div>\n<p>Die Jury meint dazu in ihrer Begr\u00fcndung: \u201eEin Bahnschienenstrang als Repr\u00e4sentation von Zivilisation verliert sich in zunehmender Unsch\u00e4rfe und l\u00e4sst die Fotografie wie ein impressionistisches Gem\u00e4lde erscheinen. In diese Komposition des Ungef\u00e4hren dringt eine Hopfenranke als Stellvertreterin der wilden Natur ein und durchbricht, obgleich ebenso aus Braun- und Gr\u00fcnwerten zusammengesetzt, aufgrund ihrer Klarheit und F\u00fclle die von Menschenhand angelegte Zweckumgebung. Die Aufnahme \u00fcberzeugt durch ein Arrangement, in dem der Blick des Betrachters zun\u00e4chst entlang des Schienenverlaufs aus dem Bild herausgelenkt, durch die den Vordergrund dominierende Hopfenpflanze als Kontrapunkt jedoch gleich wieder eingefangen wird. Minimalistisch gut.\u201c<\/p>\n<p>Die Themen des Fotowettbewerbs \u201eAugenblick Natur!\u201c 2016 und die pr\u00e4mierten Bilder k\u00f6nnen Sie sich ansehen im Fotoportal der Naturparke Deutschlands <a href=\"http:\/\/www.naturparkfotos.de\/\" target=\"_blank\">www.naturparkfotos.de<\/a>.<\/p>\n<p>&nbsp;<\/p>\n","protected":false},"excerpt":{"rendered":"<p>Naturparke als Kulturlandschaften bieten immer wieder Pl\u00e4tze, an denen zu beobachten ist, wie sich die Natur z.B. auf Industriebrachen oder in Ruinen wieder durchsetzt. Im Mai suchten wir im Rahmen des Fotowettbewerbs \u201eAugenblick Natur!\u201c 2016 die sch\u00f6nsten Fotos dazu.<\/p>\n","protected":false},"author":51,"featured_media":7440,"comment_status":"open","ping_status":"open","sticky":false,"template":"","format":"standard","meta":{"_links_to":"","_links_to_target":""},"categories":[10],"tags":[508,3150,88,94,41,501],"yoast_head":"<!-- This site is optimized with the Yoast SEO plugin v19.10 - https:\/\/yoast.com\/wordpress\/plugins\/seo\/ -->\n<title>\u201eEs werde gr\u00fcn\u201c von Klaus Mayhack<\/title>\n<meta name=\"description\" content=\"Naturparke als Kulturlandschaften bieten immer wieder Pl\u00e4tze, an denen zu beobachten ist, wie sich die Natur z.B. auf Industriebrachen oder in Ruinen wieder durchsetzt. Im Mai suchten wir im Rahmen des Fotowettbewerbs \u201eAugenblick Natur!\u201c 2016 die sch\u00f6nsten Fotos dazu.\" \/>\n<meta name=\"robots\" content=\"index, follow, max-snippet:-1, max-image-preview:large, max-video-preview:-1\" \/>\n<link rel=\"canonical\" href=\"https:\/\/www.naturparkmagazin.de\/vdn\/es-werde-gruen-von-klaus-mayhack\/\" \/>\n<meta property=\"og:locale\" content=\"de_DE\" \/>\n<meta property=\"og:type\" content=\"article\" \/>\n<meta property=\"og:title\" content=\"\u201eEs werde gr\u00fcn\u201c von Klaus Mayhack\" \/>\n<meta property=\"og:description\" content=\"Naturparke als Kulturlandschaften bieten immer wieder Pl\u00e4tze, an denen zu beobachten ist, wie sich die Natur z.B. auf Industriebrachen oder in Ruinen wieder durchsetzt. Im Mai suchten wir im Rahmen des Fotowettbewerbs \u201eAugenblick Natur!\u201c 2016 die sch\u00f6nsten Fotos dazu.\" \/>\n<meta property=\"og:url\" content=\"https:\/\/www.naturparkmagazin.de\/vdn\/es-werde-gruen-von-klaus-mayhack\/\" \/>\n<meta property=\"og:site_name\" content=\"Verband Deutscher Naturparke\" \/>\n<meta property=\"article:published_time\" content=\"2016-07-14T15:00:56+00:00\" \/>\n<meta property=\"article:modified_time\" content=\"2016-07-20T09:26:51+00:00\" \/>\n<meta property=\"og:image\" content=\"https:\/\/www.naturparkmagazin.de\/vdn\/wp-content\/uploads\/sites\/3\/img-6052a_beitragsbild.jpg\" \/>\n\t<meta property=\"og:image:width\" content=\"200\" \/>\n\t<meta property=\"og:image:height\" content=\"200\" \/>\n\t<meta property=\"og:image:type\" content=\"image\/jpeg\" \/>\n<meta name=\"author\" content=\"beatrixlosem\" \/>\n<meta name=\"twitter:label1\" content=\"Verfasst von\" \/>\n\t<meta name=\"twitter:data1\" content=\"beatrixlosem\" \/>\n\t<meta name=\"twitter:label2\" content=\"Gesch\u00e4tzte Lesezeit\" \/>\n\t<meta name=\"twitter:data2\" content=\"1\u00a0Minute\" \/>\n<script type=\"application\/ld+json\" class=\"yoast-schema-graph\">{\"@context\":\"https:\/\/schema.org\",\"@graph\":[{\"@type\":\"WebPage\",\"@id\":\"https:\/\/www.naturparkmagazin.de\/vdn\/es-werde-gruen-von-klaus-mayhack\/\",\"url\":\"https:\/\/www.naturparkmagazin.de\/vdn\/es-werde-gruen-von-klaus-mayhack\/\",\"name\":\"\u201eEs werde gr\u00fcn\u201c von Klaus Mayhack\",\"isPartOf\":{\"@id\":\"https:\/\/www.naturparkmagazin.de\/vdn\/#website\"},\"datePublished\":\"2016-07-14T15:00:56+00:00\",\"dateModified\":\"2016-07-20T09:26:51+00:00\",\"author\":{\"@id\":\"https:\/\/www.naturparkmagazin.de\/vdn\/#\/schema\/person\/d71357578c318b6db03be60b1f60396b\"},\"description\":\"Naturparke als Kulturlandschaften bieten immer wieder Pl\u00e4tze, an denen zu beobachten ist, wie sich die Natur z.B. auf Industriebrachen oder in Ruinen wieder durchsetzt. Im Mai suchten wir im Rahmen des Fotowettbewerbs \u201eAugenblick Natur!\u201c 2016 die sch\u00f6nsten Fotos dazu.\",\"breadcrumb\":{\"@id\":\"https:\/\/www.naturparkmagazin.de\/vdn\/es-werde-gruen-von-klaus-mayhack\/#breadcrumb\"},\"inLanguage\":\"de\",\"potentialAction\":[{\"@type\":\"ReadAction\",\"target\":[\"https:\/\/www.naturparkmagazin.de\/vdn\/es-werde-gruen-von-klaus-mayhack\/\"]}]},{\"@type\":\"BreadcrumbList\",\"@id\":\"https:\/\/www.naturparkmagazin.de\/vdn\/es-werde-gruen-von-klaus-mayhack\/#breadcrumb\",\"itemListElement\":[{\"@type\":\"ListItem\",\"position\":1,\"name\":\"Home\",\"item\":\"https:\/\/www.naturparkmagazin.de\/vdn\/\"},{\"@type\":\"ListItem\",\"position\":2,\"name\":\"\u201eEs werde gr\u00fcn\u201c von Klaus Mayhack\"}]},{\"@type\":\"WebSite\",\"@id\":\"https:\/\/www.naturparkmagazin.de\/vdn\/#website\",\"url\":\"https:\/\/www.naturparkmagazin.de\/vdn\/\",\"name\":\"Verband Deutscher Naturparke\",\"description\":\"Eine weitere Naturparkmagazin.de Netzwerk Seite\",\"potentialAction\":[{\"@type\":\"SearchAction\",\"target\":{\"@type\":\"EntryPoint\",\"urlTemplate\":\"https:\/\/www.naturparkmagazin.de\/vdn\/?s={search_term_string}\"},\"query-input\":\"required name=search_term_string\"}],\"inLanguage\":\"de\"},{\"@type\":\"Person\",\"@id\":\"https:\/\/www.naturparkmagazin.de\/vdn\/#\/schema\/person\/d71357578c318b6db03be60b1f60396b\",\"name\":\"beatrixlosem\",\"url\":\"https:\/\/www.naturparkmagazin.de\/vdn\/author\/beatrixlosem\/\"}]}<\/script>\n<!-- \/ Yoast SEO plugin. -->","yoast_head_json":{"title":"\u201eEs werde gr\u00fcn\u201c von Klaus Mayhack","description":"Naturparke als Kulturlandschaften bieten immer wieder Pl\u00e4tze, an denen zu beobachten ist, wie sich die Natur z.B. auf Industriebrachen oder in Ruinen wieder durchsetzt. Im Mai suchten wir im Rahmen des Fotowettbewerbs \u201eAugenblick Natur!\u201c 2016 die sch\u00f6nsten Fotos dazu.","robots":{"index":"index","follow":"follow","max-snippet":"max-snippet:-1","max-image-preview":"max-image-preview:large","max-video-preview":"max-video-preview:-1"},"canonical":"https:\/\/www.naturparkmagazin.de\/vdn\/es-werde-gruen-von-klaus-mayhack\/","og_locale":"de_DE","og_type":"article","og_title":"\u201eEs werde gr\u00fcn\u201c von Klaus Mayhack","og_description":"Naturparke als Kulturlandschaften bieten immer wieder Pl\u00e4tze, an denen zu beobachten ist, wie sich die Natur z.B. auf Industriebrachen oder in Ruinen wieder durchsetzt. Im Mai suchten wir im Rahmen des Fotowettbewerbs \u201eAugenblick Natur!\u201c 2016 die sch\u00f6nsten Fotos dazu.","og_url":"https:\/\/www.naturparkmagazin.de\/vdn\/es-werde-gruen-von-klaus-mayhack\/","og_site_name":"Verband Deutscher Naturparke","article_published_time":"2016-07-14T15:00:56+00:00","article_modified_time":"2016-07-20T09:26:51+00:00","og_image":[{"width":200,"height":200,"url":"https:\/\/www.naturparkmagazin.de\/vdn\/wp-content\/uploads\/sites\/3\/img-6052a_beitragsbild.jpg","type":"image\/jpeg"}],"author":"beatrixlosem","twitter_misc":{"Verfasst von":"beatrixlosem","Gesch\u00e4tzte Lesezeit":"1\u00a0Minute"},"schema":{"@context":"https:\/\/schema.org","@graph":[{"@type":"WebPage","@id":"https:\/\/www.naturparkmagazin.de\/vdn\/es-werde-gruen-von-klaus-mayhack\/","url":"https:\/\/www.naturparkmagazin.de\/vdn\/es-werde-gruen-von-klaus-mayhack\/","name":"\u201eEs werde gr\u00fcn\u201c von Klaus Mayhack","isPartOf":{"@id":"https:\/\/www.naturparkmagazin.de\/vdn\/#website"},"datePublished":"2016-07-14T15:00:56+00:00","dateModified":"2016-07-20T09:26:51+00:00","author":{"@id":"https:\/\/www.naturparkmagazin.de\/vdn\/#\/schema\/person\/d71357578c318b6db03be60b1f60396b"},"description":"Naturparke als Kulturlandschaften bieten immer wieder Pl\u00e4tze, an denen zu beobachten ist, wie sich die Natur z.B. auf Industriebrachen oder in Ruinen wieder durchsetzt. Im Mai suchten wir im Rahmen des Fotowettbewerbs \u201eAugenblick Natur!\u201c 2016 die sch\u00f6nsten Fotos dazu.","breadcrumb":{"@id":"https:\/\/www.naturparkmagazin.de\/vdn\/es-werde-gruen-von-klaus-mayhack\/#breadcrumb"},"inLanguage":"de","potentialAction":[{"@type":"ReadAction","target":["https:\/\/www.naturparkmagazin.de\/vdn\/es-werde-gruen-von-klaus-mayhack\/"]}]},{"@type":"BreadcrumbList","@id":"https:\/\/www.naturparkmagazin.de\/vdn\/es-werde-gruen-von-klaus-mayhack\/#breadcrumb","itemListElement":[{"@type":"ListItem","position":1,"name":"Home","item":"https:\/\/www.naturparkmagazin.de\/vdn\/"},{"@type":"ListItem","position":2,"name":"\u201eEs werde gr\u00fcn\u201c von Klaus Mayhack"}]},{"@type":"WebSite","@id":"https:\/\/www.naturparkmagazin.de\/vdn\/#website","url":"https:\/\/www.naturparkmagazin.de\/vdn\/","name":"Verband Deutscher Naturparke","description":"Eine weitere Naturparkmagazin.de Netzwerk Seite","potentialAction":[{"@type":"SearchAction","target":{"@type":"EntryPoint","urlTemplate":"https:\/\/www.naturparkmagazin.de\/vdn\/?s={search_term_string}"},"query-input":"required name=search_term_string"}],"inLanguage":"de"},{"@type":"Person","@id":"https:\/\/www.naturparkmagazin.de\/vdn\/#\/schema\/person\/d71357578c318b6db03be60b1f60396b","name":"beatrixlosem","url":"https:\/\/www.naturparkmagazin.de\/vdn\/author\/beatrixlosem\/"}]}},"_links":{"self":[{"href":"https:\/\/www.naturparkmagazin.de\/vdn\/wp-json\/wp\/v2\/posts\/7438"}],"collection":[{"href":"https:\/\/www.naturparkmagazin.de\/vdn\/wp-json\/wp\/v2\/posts"}],"about":[{"href":"https:\/\/www.naturparkmagazin.de\/vdn\/wp-json\/wp\/v2\/types\/post"}],"author":[{"embeddable":true,"href":"https:\/\/www.naturparkmagazin.de\/vdn\/wp-json\/wp\/v2\/users\/51"}],"replies":[{"embeddable":true,"href":"https:\/\/www.naturparkmagazin.de\/vdn\/wp-json\/wp\/v2\/comments?post=7438"}],"version-history":[{"count":4,"href":"https:\/\/www.naturparkmagazin.de\/vdn\/wp-json\/wp\/v2\/posts\/7438\/revisions"}],"predecessor-version":[{"id":7503,"href":"https:\/\/www.naturparkmagazin.de\/vdn\/wp-json\/wp\/v2\/posts\/7438\/revisions\/7503"}],"wp:featuredmedia":[{"embeddable":true,"href":"https:\/\/www.naturparkmagazin.de\/vdn\/wp-json\/wp\/v2\/media\/7440"}],"wp:attachment":[{"href":"https:\/\/www.naturparkmagazin.de\/vdn\/wp-json\/wp\/v2\/media?parent=7438"}],"wp:term":[{"taxonomy":"category","embeddable":true,"href":"https:\/\/www.naturparkmagazin.de\/vdn\/wp-json\/wp\/v2\/categories?post=7438"},{"taxonomy":"post_tag","embeddable":true,"href":"https:\/\/www.naturparkmagazin.de\/vdn\/wp-json\/wp\/v2\/tags?post=7438"}],"curies":[{"name":"wp","href":"https:\/\/api.w.org\/{rel}","templated":true}]}}