{"id":7444,"date":"2016-07-14T17:00:30","date_gmt":"2016-07-14T15:00:30","guid":{"rendered":"http:\/\/www.naturparkmagazin.de\/vdn\/?p=7444"},"modified":"2016-07-26T12:40:30","modified_gmt":"2016-07-26T10:40:30","slug":"heide-erlebnis-fuer-die-sinne","status":"publish","type":"post","link":"https:\/\/www.naturparkmagazin.de\/vdn\/heide-erlebnis-fuer-die-sinne\/","title":{"rendered":"\u201eHeide &#8211; Erlebnis f\u00fcr die Sinne\u201c"},"content":{"rendered":"<div id=\"attachment_7525\" style=\"width: 510px\" class=\"wp-caption aligncenter\"><a href=\"https:\/\/www.naturparkmagazin.de\/vdn\/wp-content\/uploads\/sites\/3\/Heide_Archiv-Naturpark_2.jpg\"><img aria-describedby=\"caption-attachment-7525\" decoding=\"async\" loading=\"lazy\" class=\"size-full wp-image-7525\" src=\"https:\/\/www.naturparkmagazin.de\/vdn\/wp-content\/uploads\/sites\/3\/Heide_Archiv-Naturpark_2.jpg\" alt=\"Copyright: Naturpark Niederlausitzer Heidelandschaft\" width=\"500\" height=\"300\" srcset=\"https:\/\/www.naturparkmagazin.de\/vdn\/wp-content\/uploads\/sites\/3\/Heide_Archiv-Naturpark_2.jpg 500w, https:\/\/www.naturparkmagazin.de\/vdn\/wp-content\/uploads\/sites\/3\/Heide_Archiv-Naturpark_2-300x180.jpg 300w, https:\/\/www.naturparkmagazin.de\/vdn\/wp-content\/uploads\/sites\/3\/Heide_Archiv-Naturpark_2-200x120.jpg 200w\" sizes=\"(max-width: 500px) 100vw, 500px\" \/><\/a><p id=\"caption-attachment-7525\" class=\"wp-caption-text\">Copyright: Naturpark Niederlausitzer Heidelandschaft<\/p><\/div>\n<p>Wald und Heide des Naturschutzgebietes \u201eForsthaus Pr\u00f6sa\u201c laden nicht nur zum einfachen Wandern und Radfahren ein. Hier finden Sie mit Elementen aus dem Thai Chi Entspannung. Die Wanderung durch diese besondere Landschaft \u00f6ffnet Ihnen den Blick auf weite offene Fl\u00e4chen mit einer Ende August \/ Anfang September violett bl\u00fchenden Heide und dem dunkelgr\u00fcnen Flor alter Eichen.<\/p>\n<div id=\"attachment_7527\" style=\"width: 510px\" class=\"wp-caption aligncenter\"><a href=\"https:\/\/www.naturparkmagazin.de\/vdn\/wp-content\/uploads\/sites\/3\/csm_NLH_Heideerlebnis_Veit_Roesler_a281aa64f0_2.jpg\"><img aria-describedby=\"caption-attachment-7527\" decoding=\"async\" loading=\"lazy\" class=\"size-full wp-image-7527\" src=\"https:\/\/www.naturparkmagazin.de\/vdn\/wp-content\/uploads\/sites\/3\/csm_NLH_Heideerlebnis_Veit_Roesler_a281aa64f0_2.jpg\" alt=\"Heideerlebnis - Copyright: Veit Roesler\" width=\"500\" height=\"300\" srcset=\"https:\/\/www.naturparkmagazin.de\/vdn\/wp-content\/uploads\/sites\/3\/csm_NLH_Heideerlebnis_Veit_Roesler_a281aa64f0_2.jpg 500w, https:\/\/www.naturparkmagazin.de\/vdn\/wp-content\/uploads\/sites\/3\/csm_NLH_Heideerlebnis_Veit_Roesler_a281aa64f0_2-300x180.jpg 300w, https:\/\/www.naturparkmagazin.de\/vdn\/wp-content\/uploads\/sites\/3\/csm_NLH_Heideerlebnis_Veit_Roesler_a281aa64f0_2-200x120.jpg 200w\" sizes=\"(max-width: 500px) 100vw, 500px\" \/><\/a><p id=\"caption-attachment-7527\" class=\"wp-caption-text\">Heideerlebnis &#8211; Copyright: Veit Roesler<\/p><\/div>\n<p>Sie h\u00f6ren das Bl\u00e4tterrauschen und den Gesang vielf\u00e4ltigster Vogelarten. Sie f\u00fchlen die Rinden alter B\u00e4ume und den lockeren Sand der weiten offenen Fl\u00e4chen und Sie schmecken die K\u00f6stlichkeiten der heimischen Heidewelt beim abendlichen Lagerfeuer. Wir helfen Ihnen mit Meditation und Ruhe den Stress abzubauen und sich in der Natur zu entspannen. Ganz nebenbei erleben Sie die Einzigartigkeit dieser besonderen Landschaft.<\/p>\n<p><strong><em>Termine:<\/em><\/strong> Mai bis September, jedes letzte Wochenende im Monat<\/p>\n<p><strong><em>Weitere Informationen:<\/em><\/strong><\/p>\n<p>&#8222;Die Lobenburger&#8220; \u2013 Verein f\u00fcr Heimat und Historie e.V.\nBahnhofstra\u00dfe 15\n04934 Hohenleipisch\nTel.: 03533 \/ 7823\nEmail: petra.wetzel@lobenburger.de<\/p>\n<p>&nbsp;<\/p>\n","protected":false},"excerpt":{"rendered":"<p>Wald und Heide des Naturschutzgebietes \u201eForsthaus Pr\u00f6sa\u201c laden nicht nur zum einfachen Wandern und Radfahren ein. Hier finden Sie mit Elementen aus dem Thai Chi Entspannung. Das 2-Tagesangebot im Naturpark Niederlausitzer Heidelandschaft bringt Entspannung f\u00fcr K\u00f6rper und Geist und verw\u00f6hnt mit regionalen K\u00f6stlichkeiten. <\/p>\n","protected":false},"author":51,"featured_media":7523,"comment_status":"open","ping_status":"open","sticky":false,"template":"","format":"standard","meta":{"_links_to":"","_links_to_target":""},"categories":[617],"tags":[508,572,262,35,3155,231,347,208,3154,82,41,501],"yoast_head":"<!-- This site is optimized with the Yoast SEO plugin v19.10 - https:\/\/yoast.com\/wordpress\/plugins\/seo\/ -->\n<title>\u201eHeide - Erlebnis f\u00fcr die Sinne\u201c<\/title>\n<meta name=\"description\" content=\"Wald und Heide des Naturschutzgebietes \u201eForsthaus Pr\u00f6sa\u201c laden nicht nur zum einfachen Wandern und Radfahren ein. Hier finden Sie mit Elementen aus dem Thai Chi Entspannung. Das 2-Tagesangebot im Naturpark Niederlausitzer Heidelandschaft bringt Entspannung f\u00fcr K\u00f6rper und Geist und verw\u00f6hnt mit regionalen K\u00f6stlichkeiten.\" \/>\n<meta name=\"robots\" content=\"index, follow, max-snippet:-1, max-image-preview:large, max-video-preview:-1\" \/>\n<link rel=\"canonical\" href=\"https:\/\/www.naturparkmagazin.de\/vdn\/heide-erlebnis-fuer-die-sinne\/\" \/>\n<meta property=\"og:locale\" content=\"de_DE\" \/>\n<meta property=\"og:type\" content=\"article\" \/>\n<meta property=\"og:title\" content=\"\u201eHeide - Erlebnis f\u00fcr die Sinne\u201c\" \/>\n<meta property=\"og:description\" content=\"Wald und Heide des Naturschutzgebietes \u201eForsthaus Pr\u00f6sa\u201c laden nicht nur zum einfachen Wandern und Radfahren ein. Hier finden Sie mit Elementen aus dem Thai Chi Entspannung. Das 2-Tagesangebot im Naturpark Niederlausitzer Heidelandschaft bringt Entspannung f\u00fcr K\u00f6rper und Geist und verw\u00f6hnt mit regionalen K\u00f6stlichkeiten.\" \/>\n<meta property=\"og:url\" content=\"https:\/\/www.naturparkmagazin.de\/vdn\/heide-erlebnis-fuer-die-sinne\/\" \/>\n<meta property=\"og:site_name\" content=\"Verband Deutscher Naturparke\" \/>\n<meta property=\"article:published_time\" content=\"2016-07-14T15:00:30+00:00\" \/>\n<meta property=\"article:modified_time\" content=\"2016-07-26T10:40:30+00:00\" \/>\n<meta property=\"og:image\" content=\"https:\/\/www.naturparkmagazin.de\/vdn\/wp-content\/uploads\/sites\/3\/Heide_Archiv-Naturpark-neu.jpg\" \/>\n\t<meta property=\"og:image:width\" content=\"200\" \/>\n\t<meta property=\"og:image:height\" content=\"200\" \/>\n\t<meta property=\"og:image:type\" content=\"image\/jpeg\" \/>\n<meta name=\"author\" content=\"beatrixlosem\" \/>\n<meta name=\"twitter:label1\" content=\"Verfasst von\" \/>\n\t<meta name=\"twitter:data1\" content=\"beatrixlosem\" \/>\n\t<meta name=\"twitter:label2\" content=\"Gesch\u00e4tzte Lesezeit\" \/>\n\t<meta name=\"twitter:data2\" content=\"1\u00a0Minute\" \/>\n<script type=\"application\/ld+json\" class=\"yoast-schema-graph\">{\"@context\":\"https:\/\/schema.org\",\"@graph\":[{\"@type\":\"WebPage\",\"@id\":\"https:\/\/www.naturparkmagazin.de\/vdn\/heide-erlebnis-fuer-die-sinne\/\",\"url\":\"https:\/\/www.naturparkmagazin.de\/vdn\/heide-erlebnis-fuer-die-sinne\/\",\"name\":\"\u201eHeide - Erlebnis f\u00fcr die Sinne\u201c\",\"isPartOf\":{\"@id\":\"https:\/\/www.naturparkmagazin.de\/vdn\/#website\"},\"datePublished\":\"2016-07-14T15:00:30+00:00\",\"dateModified\":\"2016-07-26T10:40:30+00:00\",\"author\":{\"@id\":\"https:\/\/www.naturparkmagazin.de\/vdn\/#\/schema\/person\/d71357578c318b6db03be60b1f60396b\"},\"description\":\"Wald und Heide des Naturschutzgebietes \u201eForsthaus Pr\u00f6sa\u201c laden nicht nur zum einfachen Wandern und Radfahren ein. Hier finden Sie mit Elementen aus dem Thai Chi Entspannung. Das 2-Tagesangebot im Naturpark Niederlausitzer Heidelandschaft bringt Entspannung f\u00fcr K\u00f6rper und Geist und verw\u00f6hnt mit regionalen K\u00f6stlichkeiten.\",\"breadcrumb\":{\"@id\":\"https:\/\/www.naturparkmagazin.de\/vdn\/heide-erlebnis-fuer-die-sinne\/#breadcrumb\"},\"inLanguage\":\"de\",\"potentialAction\":[{\"@type\":\"ReadAction\",\"target\":[\"https:\/\/www.naturparkmagazin.de\/vdn\/heide-erlebnis-fuer-die-sinne\/\"]}]},{\"@type\":\"BreadcrumbList\",\"@id\":\"https:\/\/www.naturparkmagazin.de\/vdn\/heide-erlebnis-fuer-die-sinne\/#breadcrumb\",\"itemListElement\":[{\"@type\":\"ListItem\",\"position\":1,\"name\":\"Home\",\"item\":\"https:\/\/www.naturparkmagazin.de\/vdn\/\"},{\"@type\":\"ListItem\",\"position\":2,\"name\":\"\u201eHeide &#8211; Erlebnis f\u00fcr die Sinne\u201c\"}]},{\"@type\":\"WebSite\",\"@id\":\"https:\/\/www.naturparkmagazin.de\/vdn\/#website\",\"url\":\"https:\/\/www.naturparkmagazin.de\/vdn\/\",\"name\":\"Verband Deutscher Naturparke\",\"description\":\"Eine weitere Naturparkmagazin.de Netzwerk Seite\",\"potentialAction\":[{\"@type\":\"SearchAction\",\"target\":{\"@type\":\"EntryPoint\",\"urlTemplate\":\"https:\/\/www.naturparkmagazin.de\/vdn\/?s={search_term_string}\"},\"query-input\":\"required name=search_term_string\"}],\"inLanguage\":\"de\"},{\"@type\":\"Person\",\"@id\":\"https:\/\/www.naturparkmagazin.de\/vdn\/#\/schema\/person\/d71357578c318b6db03be60b1f60396b\",\"name\":\"beatrixlosem\",\"url\":\"https:\/\/www.naturparkmagazin.de\/vdn\/author\/beatrixlosem\/\"}]}<\/script>\n<!-- \/ Yoast SEO plugin. -->","yoast_head_json":{"title":"\u201eHeide - Erlebnis f\u00fcr die Sinne\u201c","description":"Wald und Heide des Naturschutzgebietes \u201eForsthaus Pr\u00f6sa\u201c laden nicht nur zum einfachen Wandern und Radfahren ein. Hier finden Sie mit Elementen aus dem Thai Chi Entspannung. Das 2-Tagesangebot im Naturpark Niederlausitzer Heidelandschaft bringt Entspannung f\u00fcr K\u00f6rper und Geist und verw\u00f6hnt mit regionalen K\u00f6stlichkeiten.","robots":{"index":"index","follow":"follow","max-snippet":"max-snippet:-1","max-image-preview":"max-image-preview:large","max-video-preview":"max-video-preview:-1"},"canonical":"https:\/\/www.naturparkmagazin.de\/vdn\/heide-erlebnis-fuer-die-sinne\/","og_locale":"de_DE","og_type":"article","og_title":"\u201eHeide - Erlebnis f\u00fcr die Sinne\u201c","og_description":"Wald und Heide des Naturschutzgebietes \u201eForsthaus Pr\u00f6sa\u201c laden nicht nur zum einfachen Wandern und Radfahren ein. Hier finden Sie mit Elementen aus dem Thai Chi Entspannung. Das 2-Tagesangebot im Naturpark Niederlausitzer Heidelandschaft bringt Entspannung f\u00fcr K\u00f6rper und Geist und verw\u00f6hnt mit regionalen K\u00f6stlichkeiten.","og_url":"https:\/\/www.naturparkmagazin.de\/vdn\/heide-erlebnis-fuer-die-sinne\/","og_site_name":"Verband Deutscher Naturparke","article_published_time":"2016-07-14T15:00:30+00:00","article_modified_time":"2016-07-26T10:40:30+00:00","og_image":[{"width":200,"height":200,"url":"https:\/\/www.naturparkmagazin.de\/vdn\/wp-content\/uploads\/sites\/3\/Heide_Archiv-Naturpark-neu.jpg","type":"image\/jpeg"}],"author":"beatrixlosem","twitter_misc":{"Verfasst von":"beatrixlosem","Gesch\u00e4tzte Lesezeit":"1\u00a0Minute"},"schema":{"@context":"https:\/\/schema.org","@graph":[{"@type":"WebPage","@id":"https:\/\/www.naturparkmagazin.de\/vdn\/heide-erlebnis-fuer-die-sinne\/","url":"https:\/\/www.naturparkmagazin.de\/vdn\/heide-erlebnis-fuer-die-sinne\/","name":"\u201eHeide - Erlebnis f\u00fcr die Sinne\u201c","isPartOf":{"@id":"https:\/\/www.naturparkmagazin.de\/vdn\/#website"},"datePublished":"2016-07-14T15:00:30+00:00","dateModified":"2016-07-26T10:40:30+00:00","author":{"@id":"https:\/\/www.naturparkmagazin.de\/vdn\/#\/schema\/person\/d71357578c318b6db03be60b1f60396b"},"description":"Wald und Heide des Naturschutzgebietes \u201eForsthaus Pr\u00f6sa\u201c laden nicht nur zum einfachen Wandern und Radfahren ein. Hier finden Sie mit Elementen aus dem Thai Chi Entspannung. Das 2-Tagesangebot im Naturpark Niederlausitzer Heidelandschaft bringt Entspannung f\u00fcr K\u00f6rper und Geist und verw\u00f6hnt mit regionalen K\u00f6stlichkeiten.","breadcrumb":{"@id":"https:\/\/www.naturparkmagazin.de\/vdn\/heide-erlebnis-fuer-die-sinne\/#breadcrumb"},"inLanguage":"de","potentialAction":[{"@type":"ReadAction","target":["https:\/\/www.naturparkmagazin.de\/vdn\/heide-erlebnis-fuer-die-sinne\/"]}]},{"@type":"BreadcrumbList","@id":"https:\/\/www.naturparkmagazin.de\/vdn\/heide-erlebnis-fuer-die-sinne\/#breadcrumb","itemListElement":[{"@type":"ListItem","position":1,"name":"Home","item":"https:\/\/www.naturparkmagazin.de\/vdn\/"},{"@type":"ListItem","position":2,"name":"\u201eHeide &#8211; Erlebnis f\u00fcr die Sinne\u201c"}]},{"@type":"WebSite","@id":"https:\/\/www.naturparkmagazin.de\/vdn\/#website","url":"https:\/\/www.naturparkmagazin.de\/vdn\/","name":"Verband Deutscher Naturparke","description":"Eine weitere Naturparkmagazin.de Netzwerk Seite","potentialAction":[{"@type":"SearchAction","target":{"@type":"EntryPoint","urlTemplate":"https:\/\/www.naturparkmagazin.de\/vdn\/?s={search_term_string}"},"query-input":"required name=search_term_string"}],"inLanguage":"de"},{"@type":"Person","@id":"https:\/\/www.naturparkmagazin.de\/vdn\/#\/schema\/person\/d71357578c318b6db03be60b1f60396b","name":"beatrixlosem","url":"https:\/\/www.naturparkmagazin.de\/vdn\/author\/beatrixlosem\/"}]}},"_links":{"self":[{"href":"https:\/\/www.naturparkmagazin.de\/vdn\/wp-json\/wp\/v2\/posts\/7444"}],"collection":[{"href":"https:\/\/www.naturparkmagazin.de\/vdn\/wp-json\/wp\/v2\/posts"}],"about":[{"href":"https:\/\/www.naturparkmagazin.de\/vdn\/wp-json\/wp\/v2\/types\/post"}],"author":[{"embeddable":true,"href":"https:\/\/www.naturparkmagazin.de\/vdn\/wp-json\/wp\/v2\/users\/51"}],"replies":[{"embeddable":true,"href":"https:\/\/www.naturparkmagazin.de\/vdn\/wp-json\/wp\/v2\/comments?post=7444"}],"version-history":[{"count":3,"href":"https:\/\/www.naturparkmagazin.de\/vdn\/wp-json\/wp\/v2\/posts\/7444\/revisions"}],"predecessor-version":[{"id":7528,"href":"https:\/\/www.naturparkmagazin.de\/vdn\/wp-json\/wp\/v2\/posts\/7444\/revisions\/7528"}],"wp:featuredmedia":[{"embeddable":true,"href":"https:\/\/www.naturparkmagazin.de\/vdn\/wp-json\/wp\/v2\/media\/7523"}],"wp:attachment":[{"href":"https:\/\/www.naturparkmagazin.de\/vdn\/wp-json\/wp\/v2\/media?parent=7444"}],"wp:term":[{"taxonomy":"category","embeddable":true,"href":"https:\/\/www.naturparkmagazin.de\/vdn\/wp-json\/wp\/v2\/categories?post=7444"},{"taxonomy":"post_tag","embeddable":true,"href":"https:\/\/www.naturparkmagazin.de\/vdn\/wp-json\/wp\/v2\/tags?post=7444"}],"curies":[{"name":"wp","href":"https:\/\/api.w.org\/{rel}","templated":true}]}}