{"id":7453,"date":"2016-07-14T17:00:43","date_gmt":"2016-07-14T15:00:43","guid":{"rendered":"http:\/\/www.naturparkmagazin.de\/vdn\/?p=7453"},"modified":"2016-07-26T12:31:28","modified_gmt":"2016-07-26T10:31:28","slug":"im-wald-und-auf-der-heide-naturpark-niederlausitzer-heidelandschaft","status":"publish","type":"post","link":"https:\/\/www.naturparkmagazin.de\/vdn\/im-wald-und-auf-der-heide-naturpark-niederlausitzer-heidelandschaft\/","title":{"rendered":"\u201eIm Wald und auf der Heide\u201c \u2013 Naturpark Niederlausitzer Heidelandschaft"},"content":{"rendered":"<div id=\"attachment_7480\" style=\"width: 339px\" class=\"wp-caption alignleft\"><a href=\"https:\/\/www.naturparkmagazin.de\/vdn\/wp-content\/uploads\/sites\/3\/7116-kopie-k_2.jpg\"><img aria-describedby=\"caption-attachment-7480\" decoding=\"async\" loading=\"lazy\" class=\"wp-image-7480\" title=\"Die kleine Elster\" src=\"https:\/\/www.naturparkmagazin.de\/vdn\/wp-content\/uploads\/sites\/3\/7116-kopie-k_2.jpg\" alt=\"Die kleine Elster \u00a9 VDN\/Bernd Tanneberger\" width=\"329\" height=\"461\" srcset=\"https:\/\/www.naturparkmagazin.de\/vdn\/wp-content\/uploads\/sites\/3\/7116-kopie-k_2.jpg 500w, https:\/\/www.naturparkmagazin.de\/vdn\/wp-content\/uploads\/sites\/3\/7116-kopie-k_2-300x420.jpg 300w, https:\/\/www.naturparkmagazin.de\/vdn\/wp-content\/uploads\/sites\/3\/7116-kopie-k_2-200x280.jpg 200w\" sizes=\"(max-width: 329px) 100vw, 329px\" \/><\/a><p id=\"caption-attachment-7480\" class=\"wp-caption-text\">Die kleine Elster \u00a9 VDN\/Bernd Tanneberger<\/p><\/div>\n<p>In weitem Bogen umfasst die &#8222;Schwarze Elster&#8220; den Naturpark Niederlausitzer Heidelandschaft im S\u00fcden und Westen. Die n\u00f6rdliche Grenze bilden Doberlug-Kirchhain und Finsterwalde., die als Gerberstadt und S\u00e4ngerstadt auch \u00fcber die Landesgrenzen hinaus bekannt sind. Im Osten reicht der Naturpark bis an die Stadt Lauchhammer, in der die Eisengie\u00dferei seit Jahrhunderten zu Hause ist.<\/p>\n<p>Landschaftliche Vielfalt ist das Markenzeichen des Naturparks. So gibt es im Naturpark Niederlausitzer Heidelandschaft das gr\u00f6\u00dfte Streuobstgebiet Brandenburgs zu entdecken. Diese Landschaft ist keineswegs nur etwas f\u00fcrs Auge oder f\u00fcr obsthungrige M\u00e4gen. Streuobstwiesen sind kleine Naturparadiese, ein idealer Lebensraum f\u00fcr zahlreiche Tier- und Pflanzenarten. Spezielle Veranstaltungen wie Bl\u00fctenfest und Apfeltag pr\u00e4sentieren die Obstbauregion jedes Jahr einem gro\u00dfen Publikum.<\/p>\n<div id=\"attachment_7496\" style=\"width: 501px\" class=\"wp-caption aligncenter\"><a href=\"https:\/\/www.naturparkmagazin.de\/vdn\/wp-content\/uploads\/sites\/3\/NaturparkApfeltag12VeitR\u00f6slerPomoD\u00f6ll-C_2.jpg\"><img aria-describedby=\"caption-attachment-7496\" decoding=\"async\" loading=\"lazy\" class=\"wp-image-7496\" title=\"Naturpark Apfeltag\" src=\"https:\/\/www.naturparkmagazin.de\/vdn\/wp-content\/uploads\/sites\/3\/NaturparkApfeltag12VeitR\u00f6slerPomoD\u00f6ll-C_2.jpg\" alt=\"Naturpark Apfeltag \u00a9 Veit R\u00f6sler\" width=\"491\" height=\"295\" srcset=\"https:\/\/www.naturparkmagazin.de\/vdn\/wp-content\/uploads\/sites\/3\/NaturparkApfeltag12VeitR\u00f6slerPomoD\u00f6ll-C_2.jpg 500w, https:\/\/www.naturparkmagazin.de\/vdn\/wp-content\/uploads\/sites\/3\/NaturparkApfeltag12VeitR\u00f6slerPomoD\u00f6ll-C_2-300x180.jpg 300w, https:\/\/www.naturparkmagazin.de\/vdn\/wp-content\/uploads\/sites\/3\/NaturparkApfeltag12VeitR\u00f6slerPomoD\u00f6ll-C_2-200x120.jpg 200w\" sizes=\"(max-width: 491px) 100vw, 491px\" \/><\/a><p id=\"caption-attachment-7496\" class=\"wp-caption-text\">Naturpark Apfeltag \u00a9 Veit R\u00f6sler<\/p><\/div>\n<p>Mit \u00fcber 50 Prozent der Fl\u00e4che wird der Naturpark entscheidend von gro\u00dfen unzerschnittenen W\u00e4ldern gepr\u00e4gt. Dominierend ist zwar der Brotbaum der Lausitz, die Kiefer, aber von besonderer Bedeutung sind die Standorte der Traubeneiche im Naturschutzgebiet \u201cForsthaus Pr\u00f6sa\u201d, die Niederlausitzer Tieflandfichte bei Schadewitz und Gorden sowie der Buchenwald westlich von Doberlug-Kirchhain.<\/p>\n<div id=\"attachment_7484\" style=\"width: 404px\" class=\"wp-caption aligncenter\"><a href=\"https:\/\/www.naturparkmagazin.de\/vdn\/wp-content\/uploads\/sites\/3\/img-8130_2.jpg\"><img aria-describedby=\"caption-attachment-7484\" decoding=\"async\" loading=\"lazy\" class=\"wp-image-7484\" title=\"Elsterradweg\" src=\"https:\/\/www.naturparkmagazin.de\/vdn\/wp-content\/uploads\/sites\/3\/img-8130_2.jpg\" alt=\"Elsterradweg \u00a9 VDN\/pit\" width=\"394\" height=\"552\" srcset=\"https:\/\/www.naturparkmagazin.de\/vdn\/wp-content\/uploads\/sites\/3\/img-8130_2.jpg 500w, https:\/\/www.naturparkmagazin.de\/vdn\/wp-content\/uploads\/sites\/3\/img-8130_2-300x420.jpg 300w, https:\/\/www.naturparkmagazin.de\/vdn\/wp-content\/uploads\/sites\/3\/img-8130_2-200x280.jpg 200w\" sizes=\"(max-width: 394px) 100vw, 394px\" \/><\/a><p id=\"caption-attachment-7484\" class=\"wp-caption-text\">Elsterradweg \u00a9 VDN\/pit<\/p><\/div>\n<p>Seinen Namen verdankt der Naturpark den weiten Heidefl\u00e4chen im Naturschutzgebiet \u201eForsthaus Pr\u00f6sa\u201c. Wer zur Zeit der Heidebl\u00fcte Ende August, Anfang September das Farbspiel eines bis zum Horizont wei\u00df bis violett bl\u00fchenden Pflanzenteppichs genie\u00dfen m\u00f6chte, muss jedenfalls nicht immer in die L\u00fcneburger Heide fahren.<\/p>\n<div id=\"attachment_7499\" style=\"width: 510px\" class=\"wp-caption aligncenter\"><a href=\"https:\/\/www.naturparkmagazin.de\/vdn\/wp-content\/uploads\/sites\/3\/DSC_0967_2.jpg\"><img aria-describedby=\"caption-attachment-7499\" decoding=\"async\" loading=\"lazy\" class=\"wp-image-7499 size-full\" title=\"Die kleine Elster entdecken\" src=\"https:\/\/www.naturparkmagazin.de\/vdn\/wp-content\/uploads\/sites\/3\/DSC_0967_2.jpg\" alt=\"Die kleine Elster entdecken\" width=\"500\" height=\"300\" srcset=\"https:\/\/www.naturparkmagazin.de\/vdn\/wp-content\/uploads\/sites\/3\/DSC_0967_2.jpg 500w, https:\/\/www.naturparkmagazin.de\/vdn\/wp-content\/uploads\/sites\/3\/DSC_0967_2-300x180.jpg 300w, https:\/\/www.naturparkmagazin.de\/vdn\/wp-content\/uploads\/sites\/3\/DSC_0967_2-200x120.jpg 200w\" sizes=\"(max-width: 500px) 100vw, 500px\" \/><\/a><p id=\"caption-attachment-7499\" class=\"wp-caption-text\">Die kleine Elster entdecken \u00a9 Carolin Kotte<\/p><\/div>\n<p>In unmittelbarer Nachbarschaft wird es eher nass. Das Lobenmoor stellt sich auf einem etwa 7 km langen Rundweg mit seinen ganz verschiedenen Facetten vor. Der Aussichtsturm gestattet dazu einen Blick in die Kinderstube des Kranichs.<\/p>\n<div id=\"attachment_7486\" style=\"width: 510px\" class=\"wp-caption aligncenter\"><a href=\"https:\/\/www.naturparkmagazin.de\/vdn\/wp-content\/uploads\/sites\/3\/landschaft043-a-kraupa-29-08-15-mg-9756_2.jpg\"><img aria-describedby=\"caption-attachment-7486\" decoding=\"async\" loading=\"lazy\" class=\"wp-image-7486 size-full\" title=\"Die Niederlausitzer Heidelandschaft\" src=\"https:\/\/www.naturparkmagazin.de\/vdn\/wp-content\/uploads\/sites\/3\/landschaft043-a-kraupa-29-08-15-mg-9756_2.jpg\" alt=\"Die Niederlausitzer Heidelandschaft \u00a9 VDN\/Axel K\u00fcster\" width=\"500\" height=\"300\" srcset=\"https:\/\/www.naturparkmagazin.de\/vdn\/wp-content\/uploads\/sites\/3\/landschaft043-a-kraupa-29-08-15-mg-9756_2.jpg 500w, https:\/\/www.naturparkmagazin.de\/vdn\/wp-content\/uploads\/sites\/3\/landschaft043-a-kraupa-29-08-15-mg-9756_2-300x180.jpg 300w, https:\/\/www.naturparkmagazin.de\/vdn\/wp-content\/uploads\/sites\/3\/landschaft043-a-kraupa-29-08-15-mg-9756_2-200x120.jpg 200w\" sizes=\"(max-width: 500px) 100vw, 500px\" \/><\/a><p id=\"caption-attachment-7486\" class=\"wp-caption-text\">Die Niederlausitzer Heidelandschaft \u00a9 VDN\/Axel K\u00fcster<\/p><\/div>\n<p>&nbsp;<\/p>\n<p>&nbsp;<\/p>\n","protected":false},"excerpt":{"rendered":"<p>Die Niederlausitzer Heidelandschaft ist der am s\u00fcdlichsten gelegene Naturpark in Brandenburg. Er pr\u00e4sentiert sich mit einer Vielfalt, die nur wenige Gro\u00dfschutzgebiete aufzuweisen haben. Weite W\u00e4lder, Wiesen und Weiden, \u00c4cker auf sandigen B\u00f6den, \u00dcberbleibsel einer regen Bergbaut\u00e4tigkeit und Streuobstwiesen pr\u00e4gen diese Kulturlandschaft an der Schwarzen Elster. Noch heute kann man auf den Spuren der Zisterzienserm\u00f6nche wandeln oder auf Pfaden ins Moor, durch blaubeerreiche W\u00e4lder und zu gro\u00dfen Heidefl\u00e4chen wandern.<\/p>\n","protected":false},"author":51,"featured_media":7478,"comment_status":"open","ping_status":"open","sticky":false,"template":"","format":"standard","meta":{"_links_to":"","_links_to_target":""},"categories":[15],"tags":[508,676,369,35,659,91,81,656,3154,675,677,41,501],"yoast_head":"<!-- This site is optimized with the Yoast SEO plugin v19.10 - https:\/\/yoast.com\/wordpress\/plugins\/seo\/ -->\n<title>\u201eIm Wald und auf der Heide\u201c \u2013 Naturpark Niederlausitzer Heidelandschaft<\/title>\n<meta name=\"description\" content=\"Die Niederlausitzer Heidelandschaft ist der am s\u00fcdlichsten gelegene Naturpark in Brandenburg. Er pr\u00e4sentiert sich mit einer Vielfalt, die nur wenige Gro\u00dfschutzgebiete aufzuweisen haben. Weite W\u00e4lder, Wiesen und Weiden, \u00c4cker auf sandigen B\u00f6den, \u00dcberbleibsel einer regen Bergbaut\u00e4tigkeit und Streuobstwiesen pr\u00e4gen diese Kulturlandschaft an der Schwarzen Elster. Noch heute kann man auf den Spuren der Zisterzienserm\u00f6nche wandeln oder auf Pfaden ins Moor, durch blaubeerreiche W\u00e4lder und zu gro\u00dfen Heidefl\u00e4chen wandern.\" \/>\n<meta name=\"robots\" content=\"index, follow, max-snippet:-1, max-image-preview:large, max-video-preview:-1\" \/>\n<link rel=\"canonical\" href=\"https:\/\/www.naturparkmagazin.de\/vdn\/im-wald-und-auf-der-heide-naturpark-niederlausitzer-heidelandschaft\/\" \/>\n<meta property=\"og:locale\" content=\"de_DE\" \/>\n<meta property=\"og:type\" content=\"article\" \/>\n<meta property=\"og:title\" content=\"\u201eIm Wald und auf der Heide\u201c \u2013 Naturpark Niederlausitzer Heidelandschaft\" \/>\n<meta property=\"og:description\" content=\"Die Niederlausitzer Heidelandschaft ist der am s\u00fcdlichsten gelegene Naturpark in Brandenburg. Er pr\u00e4sentiert sich mit einer Vielfalt, die nur wenige Gro\u00dfschutzgebiete aufzuweisen haben. Weite W\u00e4lder, Wiesen und Weiden, \u00c4cker auf sandigen B\u00f6den, \u00dcberbleibsel einer regen Bergbaut\u00e4tigkeit und Streuobstwiesen pr\u00e4gen diese Kulturlandschaft an der Schwarzen Elster. Noch heute kann man auf den Spuren der Zisterzienserm\u00f6nche wandeln oder auf Pfaden ins Moor, durch blaubeerreiche W\u00e4lder und zu gro\u00dfen Heidefl\u00e4chen wandern.\" \/>\n<meta property=\"og:url\" content=\"https:\/\/www.naturparkmagazin.de\/vdn\/im-wald-und-auf-der-heide-naturpark-niederlausitzer-heidelandschaft\/\" \/>\n<meta property=\"og:site_name\" content=\"Verband Deutscher Naturparke\" \/>\n<meta property=\"article:published_time\" content=\"2016-07-14T15:00:43+00:00\" \/>\n<meta property=\"article:modified_time\" content=\"2016-07-26T10:31:28+00:00\" \/>\n<meta property=\"og:image\" content=\"https:\/\/www.naturparkmagazin.de\/vdn\/wp-content\/uploads\/sites\/3\/LRF-5450_Lars-Re\u00dfler_klein_beitragsbild.jpg\" \/>\n\t<meta property=\"og:image:width\" content=\"200\" \/>\n\t<meta property=\"og:image:height\" content=\"200\" \/>\n\t<meta property=\"og:image:type\" content=\"image\/jpeg\" \/>\n<meta name=\"author\" content=\"beatrixlosem\" \/>\n<meta name=\"twitter:label1\" content=\"Verfasst von\" \/>\n\t<meta name=\"twitter:data1\" content=\"beatrixlosem\" \/>\n\t<meta name=\"twitter:label2\" content=\"Gesch\u00e4tzte Lesezeit\" \/>\n\t<meta name=\"twitter:data2\" content=\"2\u00a0Minuten\" \/>\n<script type=\"application\/ld+json\" class=\"yoast-schema-graph\">{\"@context\":\"https:\/\/schema.org\",\"@graph\":[{\"@type\":\"WebPage\",\"@id\":\"https:\/\/www.naturparkmagazin.de\/vdn\/im-wald-und-auf-der-heide-naturpark-niederlausitzer-heidelandschaft\/\",\"url\":\"https:\/\/www.naturparkmagazin.de\/vdn\/im-wald-und-auf-der-heide-naturpark-niederlausitzer-heidelandschaft\/\",\"name\":\"\u201eIm Wald und auf der Heide\u201c \u2013 Naturpark Niederlausitzer Heidelandschaft\",\"isPartOf\":{\"@id\":\"https:\/\/www.naturparkmagazin.de\/vdn\/#website\"},\"datePublished\":\"2016-07-14T15:00:43+00:00\",\"dateModified\":\"2016-07-26T10:31:28+00:00\",\"author\":{\"@id\":\"https:\/\/www.naturparkmagazin.de\/vdn\/#\/schema\/person\/d71357578c318b6db03be60b1f60396b\"},\"description\":\"Die Niederlausitzer Heidelandschaft ist der am s\u00fcdlichsten gelegene Naturpark in Brandenburg. Er pr\u00e4sentiert sich mit einer Vielfalt, die nur wenige Gro\u00dfschutzgebiete aufzuweisen haben. Weite W\u00e4lder, Wiesen und Weiden, \u00c4cker auf sandigen B\u00f6den, \u00dcberbleibsel einer regen Bergbaut\u00e4tigkeit und Streuobstwiesen pr\u00e4gen diese Kulturlandschaft an der Schwarzen Elster. Noch heute kann man auf den Spuren der Zisterzienserm\u00f6nche wandeln oder auf Pfaden ins Moor, durch blaubeerreiche W\u00e4lder und zu gro\u00dfen Heidefl\u00e4chen wandern.\",\"breadcrumb\":{\"@id\":\"https:\/\/www.naturparkmagazin.de\/vdn\/im-wald-und-auf-der-heide-naturpark-niederlausitzer-heidelandschaft\/#breadcrumb\"},\"inLanguage\":\"de\",\"potentialAction\":[{\"@type\":\"ReadAction\",\"target\":[\"https:\/\/www.naturparkmagazin.de\/vdn\/im-wald-und-auf-der-heide-naturpark-niederlausitzer-heidelandschaft\/\"]}]},{\"@type\":\"BreadcrumbList\",\"@id\":\"https:\/\/www.naturparkmagazin.de\/vdn\/im-wald-und-auf-der-heide-naturpark-niederlausitzer-heidelandschaft\/#breadcrumb\",\"itemListElement\":[{\"@type\":\"ListItem\",\"position\":1,\"name\":\"Home\",\"item\":\"https:\/\/www.naturparkmagazin.de\/vdn\/\"},{\"@type\":\"ListItem\",\"position\":2,\"name\":\"\u201eIm Wald und auf der Heide\u201c \u2013 Naturpark Niederlausitzer Heidelandschaft\"}]},{\"@type\":\"WebSite\",\"@id\":\"https:\/\/www.naturparkmagazin.de\/vdn\/#website\",\"url\":\"https:\/\/www.naturparkmagazin.de\/vdn\/\",\"name\":\"Verband Deutscher Naturparke\",\"description\":\"Eine weitere Naturparkmagazin.de Netzwerk Seite\",\"potentialAction\":[{\"@type\":\"SearchAction\",\"target\":{\"@type\":\"EntryPoint\",\"urlTemplate\":\"https:\/\/www.naturparkmagazin.de\/vdn\/?s={search_term_string}\"},\"query-input\":\"required name=search_term_string\"}],\"inLanguage\":\"de\"},{\"@type\":\"Person\",\"@id\":\"https:\/\/www.naturparkmagazin.de\/vdn\/#\/schema\/person\/d71357578c318b6db03be60b1f60396b\",\"name\":\"beatrixlosem\",\"url\":\"https:\/\/www.naturparkmagazin.de\/vdn\/author\/beatrixlosem\/\"}]}<\/script>\n<!-- \/ Yoast SEO plugin. -->","yoast_head_json":{"title":"\u201eIm Wald und auf der Heide\u201c \u2013 Naturpark Niederlausitzer Heidelandschaft","description":"Die Niederlausitzer Heidelandschaft ist der am s\u00fcdlichsten gelegene Naturpark in Brandenburg. Er pr\u00e4sentiert sich mit einer Vielfalt, die nur wenige Gro\u00dfschutzgebiete aufzuweisen haben. Weite W\u00e4lder, Wiesen und Weiden, \u00c4cker auf sandigen B\u00f6den, \u00dcberbleibsel einer regen Bergbaut\u00e4tigkeit und Streuobstwiesen pr\u00e4gen diese Kulturlandschaft an der Schwarzen Elster. Noch heute kann man auf den Spuren der Zisterzienserm\u00f6nche wandeln oder auf Pfaden ins Moor, durch blaubeerreiche W\u00e4lder und zu gro\u00dfen Heidefl\u00e4chen wandern.","robots":{"index":"index","follow":"follow","max-snippet":"max-snippet:-1","max-image-preview":"max-image-preview:large","max-video-preview":"max-video-preview:-1"},"canonical":"https:\/\/www.naturparkmagazin.de\/vdn\/im-wald-und-auf-der-heide-naturpark-niederlausitzer-heidelandschaft\/","og_locale":"de_DE","og_type":"article","og_title":"\u201eIm Wald und auf der Heide\u201c \u2013 Naturpark Niederlausitzer Heidelandschaft","og_description":"Die Niederlausitzer Heidelandschaft ist der am s\u00fcdlichsten gelegene Naturpark in Brandenburg. Er pr\u00e4sentiert sich mit einer Vielfalt, die nur wenige Gro\u00dfschutzgebiete aufzuweisen haben. Weite W\u00e4lder, Wiesen und Weiden, \u00c4cker auf sandigen B\u00f6den, \u00dcberbleibsel einer regen Bergbaut\u00e4tigkeit und Streuobstwiesen pr\u00e4gen diese Kulturlandschaft an der Schwarzen Elster. Noch heute kann man auf den Spuren der Zisterzienserm\u00f6nche wandeln oder auf Pfaden ins Moor, durch blaubeerreiche W\u00e4lder und zu gro\u00dfen Heidefl\u00e4chen wandern.","og_url":"https:\/\/www.naturparkmagazin.de\/vdn\/im-wald-und-auf-der-heide-naturpark-niederlausitzer-heidelandschaft\/","og_site_name":"Verband Deutscher Naturparke","article_published_time":"2016-07-14T15:00:43+00:00","article_modified_time":"2016-07-26T10:31:28+00:00","og_image":[{"width":200,"height":200,"url":"https:\/\/www.naturparkmagazin.de\/vdn\/wp-content\/uploads\/sites\/3\/LRF-5450_Lars-Re\u00dfler_klein_beitragsbild.jpg","type":"image\/jpeg"}],"author":"beatrixlosem","twitter_misc":{"Verfasst von":"beatrixlosem","Gesch\u00e4tzte Lesezeit":"2\u00a0Minuten"},"schema":{"@context":"https:\/\/schema.org","@graph":[{"@type":"WebPage","@id":"https:\/\/www.naturparkmagazin.de\/vdn\/im-wald-und-auf-der-heide-naturpark-niederlausitzer-heidelandschaft\/","url":"https:\/\/www.naturparkmagazin.de\/vdn\/im-wald-und-auf-der-heide-naturpark-niederlausitzer-heidelandschaft\/","name":"\u201eIm Wald und auf der Heide\u201c \u2013 Naturpark Niederlausitzer Heidelandschaft","isPartOf":{"@id":"https:\/\/www.naturparkmagazin.de\/vdn\/#website"},"datePublished":"2016-07-14T15:00:43+00:00","dateModified":"2016-07-26T10:31:28+00:00","author":{"@id":"https:\/\/www.naturparkmagazin.de\/vdn\/#\/schema\/person\/d71357578c318b6db03be60b1f60396b"},"description":"Die Niederlausitzer Heidelandschaft ist der am s\u00fcdlichsten gelegene Naturpark in Brandenburg. Er pr\u00e4sentiert sich mit einer Vielfalt, die nur wenige Gro\u00dfschutzgebiete aufzuweisen haben. Weite W\u00e4lder, Wiesen und Weiden, \u00c4cker auf sandigen B\u00f6den, \u00dcberbleibsel einer regen Bergbaut\u00e4tigkeit und Streuobstwiesen pr\u00e4gen diese Kulturlandschaft an der Schwarzen Elster. Noch heute kann man auf den Spuren der Zisterzienserm\u00f6nche wandeln oder auf Pfaden ins Moor, durch blaubeerreiche W\u00e4lder und zu gro\u00dfen Heidefl\u00e4chen wandern.","breadcrumb":{"@id":"https:\/\/www.naturparkmagazin.de\/vdn\/im-wald-und-auf-der-heide-naturpark-niederlausitzer-heidelandschaft\/#breadcrumb"},"inLanguage":"de","potentialAction":[{"@type":"ReadAction","target":["https:\/\/www.naturparkmagazin.de\/vdn\/im-wald-und-auf-der-heide-naturpark-niederlausitzer-heidelandschaft\/"]}]},{"@type":"BreadcrumbList","@id":"https:\/\/www.naturparkmagazin.de\/vdn\/im-wald-und-auf-der-heide-naturpark-niederlausitzer-heidelandschaft\/#breadcrumb","itemListElement":[{"@type":"ListItem","position":1,"name":"Home","item":"https:\/\/www.naturparkmagazin.de\/vdn\/"},{"@type":"ListItem","position":2,"name":"\u201eIm Wald und auf der Heide\u201c \u2013 Naturpark Niederlausitzer Heidelandschaft"}]},{"@type":"WebSite","@id":"https:\/\/www.naturparkmagazin.de\/vdn\/#website","url":"https:\/\/www.naturparkmagazin.de\/vdn\/","name":"Verband Deutscher Naturparke","description":"Eine weitere Naturparkmagazin.de Netzwerk Seite","potentialAction":[{"@type":"SearchAction","target":{"@type":"EntryPoint","urlTemplate":"https:\/\/www.naturparkmagazin.de\/vdn\/?s={search_term_string}"},"query-input":"required name=search_term_string"}],"inLanguage":"de"},{"@type":"Person","@id":"https:\/\/www.naturparkmagazin.de\/vdn\/#\/schema\/person\/d71357578c318b6db03be60b1f60396b","name":"beatrixlosem","url":"https:\/\/www.naturparkmagazin.de\/vdn\/author\/beatrixlosem\/"}]}},"_links":{"self":[{"href":"https:\/\/www.naturparkmagazin.de\/vdn\/wp-json\/wp\/v2\/posts\/7453"}],"collection":[{"href":"https:\/\/www.naturparkmagazin.de\/vdn\/wp-json\/wp\/v2\/posts"}],"about":[{"href":"https:\/\/www.naturparkmagazin.de\/vdn\/wp-json\/wp\/v2\/types\/post"}],"author":[{"embeddable":true,"href":"https:\/\/www.naturparkmagazin.de\/vdn\/wp-json\/wp\/v2\/users\/51"}],"replies":[{"embeddable":true,"href":"https:\/\/www.naturparkmagazin.de\/vdn\/wp-json\/wp\/v2\/comments?post=7453"}],"version-history":[{"count":7,"href":"https:\/\/www.naturparkmagazin.de\/vdn\/wp-json\/wp\/v2\/posts\/7453\/revisions"}],"predecessor-version":[{"id":7500,"href":"https:\/\/www.naturparkmagazin.de\/vdn\/wp-json\/wp\/v2\/posts\/7453\/revisions\/7500"}],"wp:featuredmedia":[{"embeddable":true,"href":"https:\/\/www.naturparkmagazin.de\/vdn\/wp-json\/wp\/v2\/media\/7478"}],"wp:attachment":[{"href":"https:\/\/www.naturparkmagazin.de\/vdn\/wp-json\/wp\/v2\/media?parent=7453"}],"wp:term":[{"taxonomy":"category","embeddable":true,"href":"https:\/\/www.naturparkmagazin.de\/vdn\/wp-json\/wp\/v2\/categories?post=7453"},{"taxonomy":"post_tag","embeddable":true,"href":"https:\/\/www.naturparkmagazin.de\/vdn\/wp-json\/wp\/v2\/tags?post=7453"}],"curies":[{"name":"wp","href":"https:\/\/api.w.org\/{rel}","templated":true}]}}