{"id":7461,"date":"2016-07-14T17:00:26","date_gmt":"2016-07-14T15:00:26","guid":{"rendered":"http:\/\/www.naturparkmagazin.de\/vdn\/?p=7461"},"modified":"2016-07-26T13:58:24","modified_gmt":"2016-07-26T11:58:24","slug":"anja-obenaus","status":"publish","type":"post","link":"https:\/\/www.naturparkmagazin.de\/vdn\/anja-obenaus\/","title":{"rendered":"Anja Obenaus"},"content":{"rendered":"<p>Mehrere tausend Besucher besuchten am 1. Mai diesen Jahres \u00a0bei strahlendem Sonnenschein in einer Kulisse aus unz\u00e4hligen leuchtenden Farben das Bl\u00fctenfest im Pomologischen Schau- und Lehrgarten in D\u00f6llingen im Naturpark Niederlausitzer Heidelandschaft.<\/p>\n<div id=\"attachment_7466\" style=\"width: 363px\" class=\"wp-caption alignright\"><a href=\"https:\/\/www.naturparkmagazin.de\/vdn\/wp-content\/uploads\/sites\/3\/AANaturpark7Kr\u00f6nung16Bl\u00fctenk\u00f6niginAnja-R_2.jpg\"><img aria-describedby=\"caption-attachment-7466\" decoding=\"async\" loading=\"lazy\" class=\"wp-image-7466\" title=\"Bl\u00fctenk\u00f6nigin Anja Obenhaus\" src=\"https:\/\/www.naturparkmagazin.de\/vdn\/wp-content\/uploads\/sites\/3\/AANaturpark7Kr\u00f6nung16Bl\u00fctenk\u00f6niginAnja-R_2.jpg\" alt=\"Bl\u00fctenk\u00f6nigin Anja Obenhaus (Foto: Veit R\u00f6sler\/vrs1)\" width=\"353\" height=\"212\" srcset=\"https:\/\/www.naturparkmagazin.de\/vdn\/wp-content\/uploads\/sites\/3\/AANaturpark7Kr\u00f6nung16Bl\u00fctenk\u00f6niginAnja-R_2.jpg 500w, https:\/\/www.naturparkmagazin.de\/vdn\/wp-content\/uploads\/sites\/3\/AANaturpark7Kr\u00f6nung16Bl\u00fctenk\u00f6niginAnja-R_2-300x180.jpg 300w, https:\/\/www.naturparkmagazin.de\/vdn\/wp-content\/uploads\/sites\/3\/AANaturpark7Kr\u00f6nung16Bl\u00fctenk\u00f6niginAnja-R_2-200x120.jpg 200w\" sizes=\"(max-width: 353px) 100vw, 353px\" \/><\/a><p id=\"caption-attachment-7466\" class=\"wp-caption-text\">Bl\u00fctenk\u00f6nigin Anja Obenhaus (Foto: Veit R\u00f6sler\/vrs1)<\/p><\/div>\n<p>In der atemberaubenden Kulisse unz\u00e4hliger bl\u00fchender Obstb\u00e4ume wurde Anja Obenaus (21) aus D\u00f6llingen zur neuen Bl\u00fctenk\u00f6nigin gekr\u00f6nt. Der Heimatverein &#8222;Die Lobenburger&#8220; hatten mit ihrer Trainerin Carla Throne mit den Lobenburger Spatzen ein Einmarschprogramm einstudiert. Zuvor dankten alle Beteiligten aus Gemeinde, Amt, Naturpark und Vereinen Amtsvorg\u00e4ngerin Elisabeth Assel (30) aus Bad Liebenwerda. Von Schirmherrin Barbara Hackenschmidt bekam Anja ihre neue Sch\u00e4rpe \u00fcber die Schulter gebunden. Mit der Krone vollendete dann Naturparkchef Lars Thielemann die Kr\u00f6nungszeremonie.<\/p>\n<p>&#8222;Ich liebe meine Heimat im S\u00fcden von Brandenburg&#8220;, beschrieb Anja Obenaus in ihrer Antrittsrede einen der Gr\u00fcnde, das Amt der Bl\u00fctenk\u00f6nigin f\u00fcr zwei Jahre auszu\u00fcben. Sie wolle damit f\u00fcr ihre Heimat \u00fcber D\u00f6llingen, das Amt Plessa und den Landkreis Elbe-Elster hinaus f\u00fcr die Sch\u00f6nheit und Besonderheiten der Region werben.<\/p>\n<div id=\"attachment_7463\" style=\"width: 510px\" class=\"wp-caption aligncenter\"><a href=\"https:\/\/www.naturparkmagazin.de\/vdn\/wp-content\/uploads\/sites\/3\/Trio_2.jpg\"><img aria-describedby=\"caption-attachment-7463\" decoding=\"async\" loading=\"lazy\" class=\"wp-image-7463 size-full\" title=\"Die neue Bl\u00fctenk\u00f6nigin Anja Obenaus (21) mit ihrer Vorg\u00e4ngerin Elisabeth Assel (30, l.) und \u00c4ppelmoid Jana Reichel (36, r.) \" src=\"https:\/\/www.naturparkmagazin.de\/vdn\/wp-content\/uploads\/sites\/3\/Trio_2.jpg\" alt=\"Die neue Bl\u00fctenk\u00f6nigin Anja Obenaus (21) mit ihrer Vorg\u00e4ngerin Elisabeth Assel (30, l.) und \u00c4ppelmoid Jana Reichel (36, r.) (Foto: Veit R\u00f6sler\/vrs1)\" width=\"500\" height=\"300\" srcset=\"https:\/\/www.naturparkmagazin.de\/vdn\/wp-content\/uploads\/sites\/3\/Trio_2.jpg 500w, https:\/\/www.naturparkmagazin.de\/vdn\/wp-content\/uploads\/sites\/3\/Trio_2-300x180.jpg 300w, https:\/\/www.naturparkmagazin.de\/vdn\/wp-content\/uploads\/sites\/3\/Trio_2-200x120.jpg 200w\" sizes=\"(max-width: 500px) 100vw, 500px\" \/><\/a><p id=\"caption-attachment-7463\" class=\"wp-caption-text\">Die neue Bl\u00fctenk\u00f6nigin Anja Obenaus (21) mit ihrer Vorg\u00e4ngerin Elisabeth Assel (30, l.) und \u00c4ppelmoid Jana Reichel (36, r.) (Foto: Veit R\u00f6sler\/vrs1)<\/p><\/div>\n<p>\u00c4ppelmoid Jana Reichel (36) sagte ihr bei der Aus\u00fcbung ihres neuen Amtes Unterst\u00fctzung zu. Dabei war die neue Bl\u00fctenk\u00f6nigin selber schon einmal Monarchin in D\u00f6llingen, als Sch\u00fctzenk\u00f6nigin der D\u00f6llinger Gilde. Von Vereinschefin Petra Wetzel bekam Anja neben Gl\u00fcckw\u00fcnschen und Blumen ein Starter-Set an verschiedenen Werbematerialien mit dem Bild der neuen Bl\u00fctenk\u00f6nigin.<\/p>\n<p>Naturparkchef Lars Thielemann \u00fcberreichte ihr einen dicken Ordner mit Informationsmaterial \u00fcber den Pomologischen Schau- und Lehrgarten und den Naturpark Niederlausitzer Heidelandschaft. Mit dem damit gesammelten Fachwissen muss Anja Obenaus dann, genau wie ihre Vorg\u00e4ngerinnen, bei verschiedenen repr\u00e4sentativen Anl\u00e4ssen bis zur Landes- und Bundesebene nicht nur optisch eine gute Figur machen. &#8222;Eine Bl\u00fctenk\u00f6nigin muss das Amt nicht nur antreten, sondern auch f\u00fcr zwei Jahre ausf\u00fcllen&#8220;, meinte Lars Thielemann.<\/p>\n<p>Bei dem der Kr\u00f6nung folgenden traditionellen Rundgang durch den Pomologischen Garten konnte die neue Monarchin bei ihren ersten offiziellen Amtshandlungen gleich insgesamt drei neue Baumpatenschaften \u00fcbergeben.<\/p>\n<p>&gt;&gt; <a href=\"http:\/\/www.pomologischer-garten.de\/\" target=\"_blank\">Hier<\/a> k\u00f6nnen Sie sich \u00fcber den Pomologischen Schau- und Lehrgarten im S\u00fcdbrandenburgischen D\u00f6llingen informieren.<\/p>\n<p>&nbsp;<\/p>\n","protected":false},"excerpt":{"rendered":"<p>ist Bl\u00fctenk\u00f6nigin 2016\/2017 im Naturpark Niederlausitzer Heidelandschaft. Was Sie an Ihrer Heimat liebt und was das Amt der Bl\u00fctenk\u00f6nigin f\u00fcr Sie bedeutet, verraten wir Ihnen hier.<\/p>\n","protected":false},"author":51,"featured_media":7465,"comment_status":"open","ping_status":"open","sticky":false,"template":"","format":"standard","meta":{"_links_to":"","_links_to_target":""},"categories":[8],"tags":[657,656,82,658],"yoast_head":"<!-- This site is optimized with the Yoast SEO plugin v19.10 - https:\/\/yoast.com\/wordpress\/plugins\/seo\/ -->\n<title>Anja Obenaus<\/title>\n<meta name=\"description\" content=\"ist Bl\u00fctenk\u00f6nigin 2016\/2017 im Naturpark Niederlausitzer Heidelandschaft. Was Sie an Ihrer Heimat liebt und was das Amt der Bl\u00fctenk\u00f6nigin f\u00fcr Sie bedeutet, verraten wir Ihnen hier.\" \/>\n<meta name=\"robots\" content=\"index, follow, max-snippet:-1, max-image-preview:large, max-video-preview:-1\" \/>\n<link rel=\"canonical\" href=\"https:\/\/www.naturparkmagazin.de\/vdn\/anja-obenaus\/\" \/>\n<meta property=\"og:locale\" content=\"de_DE\" \/>\n<meta property=\"og:type\" content=\"article\" \/>\n<meta property=\"og:title\" content=\"Anja Obenaus\" \/>\n<meta property=\"og:description\" content=\"ist Bl\u00fctenk\u00f6nigin 2016\/2017 im Naturpark Niederlausitzer Heidelandschaft. Was Sie an Ihrer Heimat liebt und was das Amt der Bl\u00fctenk\u00f6nigin f\u00fcr Sie bedeutet, verraten wir Ihnen hier.\" \/>\n<meta property=\"og:url\" content=\"https:\/\/www.naturparkmagazin.de\/vdn\/anja-obenaus\/\" \/>\n<meta property=\"og:site_name\" content=\"Verband Deutscher Naturparke\" \/>\n<meta property=\"article:published_time\" content=\"2016-07-14T15:00:26+00:00\" \/>\n<meta property=\"article:modified_time\" content=\"2016-07-26T11:58:24+00:00\" \/>\n<meta property=\"og:image\" content=\"https:\/\/www.naturparkmagazin.de\/vdn\/wp-content\/uploads\/sites\/3\/AANaturpark7Kr\u00f6nung16Bl\u00fctenk\u00f6niginAnja-R_beitragsbild.jpg\" \/>\n\t<meta property=\"og:image:width\" content=\"200\" \/>\n\t<meta property=\"og:image:height\" content=\"200\" \/>\n\t<meta property=\"og:image:type\" content=\"image\/jpeg\" \/>\n<meta name=\"author\" content=\"beatrixlosem\" \/>\n<meta name=\"twitter:label1\" content=\"Verfasst von\" \/>\n\t<meta name=\"twitter:data1\" content=\"beatrixlosem\" \/>\n\t<meta name=\"twitter:label2\" content=\"Gesch\u00e4tzte Lesezeit\" \/>\n\t<meta name=\"twitter:data2\" content=\"2\u00a0Minuten\" \/>\n<script type=\"application\/ld+json\" class=\"yoast-schema-graph\">{\"@context\":\"https:\/\/schema.org\",\"@graph\":[{\"@type\":\"WebPage\",\"@id\":\"https:\/\/www.naturparkmagazin.de\/vdn\/anja-obenaus\/\",\"url\":\"https:\/\/www.naturparkmagazin.de\/vdn\/anja-obenaus\/\",\"name\":\"Anja Obenaus\",\"isPartOf\":{\"@id\":\"https:\/\/www.naturparkmagazin.de\/vdn\/#website\"},\"datePublished\":\"2016-07-14T15:00:26+00:00\",\"dateModified\":\"2016-07-26T11:58:24+00:00\",\"author\":{\"@id\":\"https:\/\/www.naturparkmagazin.de\/vdn\/#\/schema\/person\/d71357578c318b6db03be60b1f60396b\"},\"description\":\"ist Bl\u00fctenk\u00f6nigin 2016\/2017 im Naturpark Niederlausitzer Heidelandschaft. Was Sie an Ihrer Heimat liebt und was das Amt der Bl\u00fctenk\u00f6nigin f\u00fcr Sie bedeutet, verraten wir Ihnen hier.\",\"breadcrumb\":{\"@id\":\"https:\/\/www.naturparkmagazin.de\/vdn\/anja-obenaus\/#breadcrumb\"},\"inLanguage\":\"de\",\"potentialAction\":[{\"@type\":\"ReadAction\",\"target\":[\"https:\/\/www.naturparkmagazin.de\/vdn\/anja-obenaus\/\"]}]},{\"@type\":\"BreadcrumbList\",\"@id\":\"https:\/\/www.naturparkmagazin.de\/vdn\/anja-obenaus\/#breadcrumb\",\"itemListElement\":[{\"@type\":\"ListItem\",\"position\":1,\"name\":\"Home\",\"item\":\"https:\/\/www.naturparkmagazin.de\/vdn\/\"},{\"@type\":\"ListItem\",\"position\":2,\"name\":\"Anja Obenaus\"}]},{\"@type\":\"WebSite\",\"@id\":\"https:\/\/www.naturparkmagazin.de\/vdn\/#website\",\"url\":\"https:\/\/www.naturparkmagazin.de\/vdn\/\",\"name\":\"Verband Deutscher Naturparke\",\"description\":\"Eine weitere Naturparkmagazin.de Netzwerk Seite\",\"potentialAction\":[{\"@type\":\"SearchAction\",\"target\":{\"@type\":\"EntryPoint\",\"urlTemplate\":\"https:\/\/www.naturparkmagazin.de\/vdn\/?s={search_term_string}\"},\"query-input\":\"required name=search_term_string\"}],\"inLanguage\":\"de\"},{\"@type\":\"Person\",\"@id\":\"https:\/\/www.naturparkmagazin.de\/vdn\/#\/schema\/person\/d71357578c318b6db03be60b1f60396b\",\"name\":\"beatrixlosem\",\"url\":\"https:\/\/www.naturparkmagazin.de\/vdn\/author\/beatrixlosem\/\"}]}<\/script>\n<!-- \/ Yoast SEO plugin. -->","yoast_head_json":{"title":"Anja Obenaus","description":"ist Bl\u00fctenk\u00f6nigin 2016\/2017 im Naturpark Niederlausitzer Heidelandschaft. Was Sie an Ihrer Heimat liebt und was das Amt der Bl\u00fctenk\u00f6nigin f\u00fcr Sie bedeutet, verraten wir Ihnen hier.","robots":{"index":"index","follow":"follow","max-snippet":"max-snippet:-1","max-image-preview":"max-image-preview:large","max-video-preview":"max-video-preview:-1"},"canonical":"https:\/\/www.naturparkmagazin.de\/vdn\/anja-obenaus\/","og_locale":"de_DE","og_type":"article","og_title":"Anja Obenaus","og_description":"ist Bl\u00fctenk\u00f6nigin 2016\/2017 im Naturpark Niederlausitzer Heidelandschaft. Was Sie an Ihrer Heimat liebt und was das Amt der Bl\u00fctenk\u00f6nigin f\u00fcr Sie bedeutet, verraten wir Ihnen hier.","og_url":"https:\/\/www.naturparkmagazin.de\/vdn\/anja-obenaus\/","og_site_name":"Verband Deutscher Naturparke","article_published_time":"2016-07-14T15:00:26+00:00","article_modified_time":"2016-07-26T11:58:24+00:00","og_image":[{"width":200,"height":200,"url":"https:\/\/www.naturparkmagazin.de\/vdn\/wp-content\/uploads\/sites\/3\/AANaturpark7Kr\u00f6nung16Bl\u00fctenk\u00f6niginAnja-R_beitragsbild.jpg","type":"image\/jpeg"}],"author":"beatrixlosem","twitter_misc":{"Verfasst von":"beatrixlosem","Gesch\u00e4tzte Lesezeit":"2\u00a0Minuten"},"schema":{"@context":"https:\/\/schema.org","@graph":[{"@type":"WebPage","@id":"https:\/\/www.naturparkmagazin.de\/vdn\/anja-obenaus\/","url":"https:\/\/www.naturparkmagazin.de\/vdn\/anja-obenaus\/","name":"Anja Obenaus","isPartOf":{"@id":"https:\/\/www.naturparkmagazin.de\/vdn\/#website"},"datePublished":"2016-07-14T15:00:26+00:00","dateModified":"2016-07-26T11:58:24+00:00","author":{"@id":"https:\/\/www.naturparkmagazin.de\/vdn\/#\/schema\/person\/d71357578c318b6db03be60b1f60396b"},"description":"ist Bl\u00fctenk\u00f6nigin 2016\/2017 im Naturpark Niederlausitzer Heidelandschaft. Was Sie an Ihrer Heimat liebt und was das Amt der Bl\u00fctenk\u00f6nigin f\u00fcr Sie bedeutet, verraten wir Ihnen hier.","breadcrumb":{"@id":"https:\/\/www.naturparkmagazin.de\/vdn\/anja-obenaus\/#breadcrumb"},"inLanguage":"de","potentialAction":[{"@type":"ReadAction","target":["https:\/\/www.naturparkmagazin.de\/vdn\/anja-obenaus\/"]}]},{"@type":"BreadcrumbList","@id":"https:\/\/www.naturparkmagazin.de\/vdn\/anja-obenaus\/#breadcrumb","itemListElement":[{"@type":"ListItem","position":1,"name":"Home","item":"https:\/\/www.naturparkmagazin.de\/vdn\/"},{"@type":"ListItem","position":2,"name":"Anja Obenaus"}]},{"@type":"WebSite","@id":"https:\/\/www.naturparkmagazin.de\/vdn\/#website","url":"https:\/\/www.naturparkmagazin.de\/vdn\/","name":"Verband Deutscher Naturparke","description":"Eine weitere Naturparkmagazin.de Netzwerk Seite","potentialAction":[{"@type":"SearchAction","target":{"@type":"EntryPoint","urlTemplate":"https:\/\/www.naturparkmagazin.de\/vdn\/?s={search_term_string}"},"query-input":"required name=search_term_string"}],"inLanguage":"de"},{"@type":"Person","@id":"https:\/\/www.naturparkmagazin.de\/vdn\/#\/schema\/person\/d71357578c318b6db03be60b1f60396b","name":"beatrixlosem","url":"https:\/\/www.naturparkmagazin.de\/vdn\/author\/beatrixlosem\/"}]}},"_links":{"self":[{"href":"https:\/\/www.naturparkmagazin.de\/vdn\/wp-json\/wp\/v2\/posts\/7461"}],"collection":[{"href":"https:\/\/www.naturparkmagazin.de\/vdn\/wp-json\/wp\/v2\/posts"}],"about":[{"href":"https:\/\/www.naturparkmagazin.de\/vdn\/wp-json\/wp\/v2\/types\/post"}],"author":[{"embeddable":true,"href":"https:\/\/www.naturparkmagazin.de\/vdn\/wp-json\/wp\/v2\/users\/51"}],"replies":[{"embeddable":true,"href":"https:\/\/www.naturparkmagazin.de\/vdn\/wp-json\/wp\/v2\/comments?post=7461"}],"version-history":[{"count":6,"href":"https:\/\/www.naturparkmagazin.de\/vdn\/wp-json\/wp\/v2\/posts\/7461\/revisions"}],"predecessor-version":[{"id":7464,"href":"https:\/\/www.naturparkmagazin.de\/vdn\/wp-json\/wp\/v2\/posts\/7461\/revisions\/7464"}],"wp:featuredmedia":[{"embeddable":true,"href":"https:\/\/www.naturparkmagazin.de\/vdn\/wp-json\/wp\/v2\/media\/7465"}],"wp:attachment":[{"href":"https:\/\/www.naturparkmagazin.de\/vdn\/wp-json\/wp\/v2\/media?parent=7461"}],"wp:term":[{"taxonomy":"category","embeddable":true,"href":"https:\/\/www.naturparkmagazin.de\/vdn\/wp-json\/wp\/v2\/categories?post=7461"},{"taxonomy":"post_tag","embeddable":true,"href":"https:\/\/www.naturparkmagazin.de\/vdn\/wp-json\/wp\/v2\/tags?post=7461"}],"curies":[{"name":"wp","href":"https:\/\/api.w.org\/{rel}","templated":true}]}}