{"id":7546,"date":"2016-08-17T10:34:19","date_gmt":"2016-08-17T08:34:19","guid":{"rendered":"http:\/\/www.naturparkmagazin.de\/vdn\/?p=7546"},"modified":"2016-08-29T11:00:20","modified_gmt":"2016-08-29T09:00:20","slug":"wege-in-die-gruene-seele-des-niederrheins","status":"publish","type":"post","link":"https:\/\/www.naturparkmagazin.de\/vdn\/wege-in-die-gruene-seele-des-niederrheins\/","title":{"rendered":"\u201eWege in die gr\u00fcne Seele des Niederrheins\u201c"},"content":{"rendered":"<div id=\"attachment_7548\" style=\"width: 510px\" class=\"wp-caption aligncenter\"><a href=\"https:\/\/www.naturparkmagazin.de\/vdn\/wp-content\/uploads\/sites\/3\/PW2-Galgenvenn-Br-cke-Baum-Schild-Beitrag-.jpg\"><img aria-describedby=\"caption-attachment-7548\" decoding=\"async\" loading=\"lazy\" class=\"size-full wp-image-7548\" src=\"https:\/\/www.naturparkmagazin.de\/vdn\/wp-content\/uploads\/sites\/3\/PW2-Galgenvenn-Br-cke-Baum-Schild-Beitrag-.jpg\" alt=\"Galgenvenn Br\u00fccke \u00a9 Naturpark Schwalm-Nette\" width=\"500\" height=\"300\" srcset=\"https:\/\/www.naturparkmagazin.de\/vdn\/wp-content\/uploads\/sites\/3\/PW2-Galgenvenn-Br-cke-Baum-Schild-Beitrag-.jpg 500w, https:\/\/www.naturparkmagazin.de\/vdn\/wp-content\/uploads\/sites\/3\/PW2-Galgenvenn-Br-cke-Baum-Schild-Beitrag--300x180.jpg 300w, https:\/\/www.naturparkmagazin.de\/vdn\/wp-content\/uploads\/sites\/3\/PW2-Galgenvenn-Br-cke-Baum-Schild-Beitrag--200x120.jpg 200w\" sizes=\"(max-width: 500px) 100vw, 500px\" \/><\/a><p id=\"caption-attachment-7548\" class=\"wp-caption-text\">Galgenvenn Br\u00fccke \u00a9 Naturpark Schwalm-Nette<\/p><\/div>\n<p>&nbsp;<\/p>\n<p>Auf den drei nahe gelegenen Premiumwanderwegen \u201eGalgenvenn\u201c mit 11,2 Km, \u201eZwei-Seen-Runde\u201c mit 6,4 Km und \u201eNette Seen\u201c mit 11,6 km, pr\u00e4sentiert sich Ihnen auf einer 2-t\u00e4gigen Wandertour von Nettetal aus die f\u00fcr diesen Naturpark so typische Wald- und Seenlandschaft erlebnisreich und erholsam zugleich.<\/p>\n<p>Das Hotel &#8222;Haus Josten&#8220; liegt in Nettetal-Hinsbeck im Herzen des Naturparks Schwalm-Nette. Direkt vor der Haust\u00fcr des Hotels liegen wundervolle Wege der \u201eWasser.Wander.Welt\u201c, die Sie mitten in die traumhaft sch\u00f6ne niederrheinische Natur f\u00fchren.<\/p>\n<p><strong><em>Kosten:\n<\/em><\/strong>Preis pro Person im DZ: 132 \u20ac, im EZ 191 \u20ac<\/p>\n<p><strong><em>Buchung:<\/em><\/strong>\nganzj\u00e4hrig<\/p>\n<p><strong><em>Leistungen:\n<\/em><\/strong>2 x \u00dcbernachtung inkl. Fr\u00fchst\u00fccksbuffet\n1 x 3-Gang Men\u00fc\nKartenmaterial\nInfopaket und Tourentipps\nhoteleigener Parkplatz<\/p>\n<p><strong><em>Unterbringung:\n<\/em><\/strong>Hotel Josten****, Nettetal-Hinsbeck<\/p>\n<p><strong><em>Reiseantritt:\n<\/em><\/strong>t\u00e4glich 2016<\/p>\n<p><strong><em>Hinweise:\n<\/em><\/strong>Evtl. anfallende Kurtaxe und Bettensteuern sind nicht im Preis enthalten und m\u00fcssen vor Ort beglichen werden.<\/p>\n<p>Zus\u00e4tzliche \u00dcbernachtung auf Anfrage m\u00f6glich.<\/p>\n<p><strong><em>Weitere Informationen<\/em><\/strong> finden Sie <a href=\"http:\/\/www.naturparke.de\/packages\/784\" target=\"_blank\">hier<\/a><\/p>\n<p>Oder:<\/p>\n<p><a href=\"http:\/\/www.2-land-reisen.de\/details\/touren\/wege_in_die_gruene_seele_des_niederrheins.html\">http:\/\/www.2-land-reisen.de\/details\/touren\/wege_in_die_gruene_seele_des_niederrheins.html<\/a><\/p>\n<p>&nbsp;<\/p>\n","protected":false},"excerpt":{"rendered":"<p>Auf einer 2-t\u00e4gigen Wandertour \u00fcber die Premiumwanderwege im Naturpark Schwalm-Nette pr\u00e4sentiert sich Ihnen von Nettetal aus die f\u00fcr diesen Naturpark so typische Wald- und Seenlandschaft erlebnisreich und erholsam zugleich.<\/p>\n","protected":false},"author":51,"featured_media":7547,"comment_status":"open","ping_status":"open","sticky":false,"template":"","format":"standard","meta":{"_links_to":"","_links_to_target":""},"categories":[617],"tags":[508,3155,91,370,231,347,208,81,682,82,41,28,501,95],"yoast_head":"<!-- This site is optimized with the Yoast SEO plugin v19.10 - https:\/\/yoast.com\/wordpress\/plugins\/seo\/ -->\n<title>\u201eWege in die gr\u00fcne Seele des Niederrheins\u201c<\/title>\n<meta name=\"description\" content=\"Auf einer 2-t\u00e4gigen Wandertour \u00fcber die Premiumwanderwege im Naturpark Schwalm-Nette pr\u00e4sentiert sich Ihnen von Nettetal aus die f\u00fcr diesen Naturpark so typische Wald- und Seenlandschaft erlebnisreich und erholsam zugleich.\" \/>\n<meta name=\"robots\" content=\"index, follow, max-snippet:-1, max-image-preview:large, max-video-preview:-1\" \/>\n<link rel=\"canonical\" href=\"https:\/\/www.naturparkmagazin.de\/vdn\/wege-in-die-gruene-seele-des-niederrheins\/\" \/>\n<meta property=\"og:locale\" content=\"de_DE\" \/>\n<meta property=\"og:type\" content=\"article\" \/>\n<meta property=\"og:title\" content=\"\u201eWege in die gr\u00fcne Seele des Niederrheins\u201c\" \/>\n<meta property=\"og:description\" content=\"Auf einer 2-t\u00e4gigen Wandertour \u00fcber die Premiumwanderwege im Naturpark Schwalm-Nette pr\u00e4sentiert sich Ihnen von Nettetal aus die f\u00fcr diesen Naturpark so typische Wald- und Seenlandschaft erlebnisreich und erholsam zugleich.\" \/>\n<meta property=\"og:url\" content=\"https:\/\/www.naturparkmagazin.de\/vdn\/wege-in-die-gruene-seele-des-niederrheins\/\" \/>\n<meta property=\"og:site_name\" content=\"Verband Deutscher Naturparke\" \/>\n<meta property=\"article:published_time\" content=\"2016-08-17T08:34:19+00:00\" \/>\n<meta property=\"article:modified_time\" content=\"2016-08-29T09:00:20+00:00\" \/>\n<meta property=\"og:image\" content=\"https:\/\/www.naturparkmagazin.de\/vdn\/wp-content\/uploads\/sites\/3\/PW2-Galgenvenn-Br-cke-Baum-Schild-Beitragsfoto-.jpg\" \/>\n\t<meta property=\"og:image:width\" content=\"200\" \/>\n\t<meta property=\"og:image:height\" content=\"200\" \/>\n\t<meta property=\"og:image:type\" content=\"image\/jpeg\" \/>\n<meta name=\"author\" content=\"beatrixlosem\" \/>\n<meta name=\"twitter:label1\" content=\"Verfasst von\" \/>\n\t<meta name=\"twitter:data1\" content=\"beatrixlosem\" \/>\n\t<meta name=\"twitter:label2\" content=\"Gesch\u00e4tzte Lesezeit\" \/>\n\t<meta name=\"twitter:data2\" content=\"1\u00a0Minute\" \/>\n<script type=\"application\/ld+json\" class=\"yoast-schema-graph\">{\"@context\":\"https:\/\/schema.org\",\"@graph\":[{\"@type\":\"WebPage\",\"@id\":\"https:\/\/www.naturparkmagazin.de\/vdn\/wege-in-die-gruene-seele-des-niederrheins\/\",\"url\":\"https:\/\/www.naturparkmagazin.de\/vdn\/wege-in-die-gruene-seele-des-niederrheins\/\",\"name\":\"\u201eWege in die gr\u00fcne Seele des Niederrheins\u201c\",\"isPartOf\":{\"@id\":\"https:\/\/www.naturparkmagazin.de\/vdn\/#website\"},\"datePublished\":\"2016-08-17T08:34:19+00:00\",\"dateModified\":\"2016-08-29T09:00:20+00:00\",\"author\":{\"@id\":\"https:\/\/www.naturparkmagazin.de\/vdn\/#\/schema\/person\/d71357578c318b6db03be60b1f60396b\"},\"description\":\"Auf einer 2-t\u00e4gigen Wandertour \u00fcber die Premiumwanderwege im Naturpark Schwalm-Nette pr\u00e4sentiert sich Ihnen von Nettetal aus die f\u00fcr diesen Naturpark so typische Wald- und Seenlandschaft erlebnisreich und erholsam zugleich.\",\"breadcrumb\":{\"@id\":\"https:\/\/www.naturparkmagazin.de\/vdn\/wege-in-die-gruene-seele-des-niederrheins\/#breadcrumb\"},\"inLanguage\":\"de\",\"potentialAction\":[{\"@type\":\"ReadAction\",\"target\":[\"https:\/\/www.naturparkmagazin.de\/vdn\/wege-in-die-gruene-seele-des-niederrheins\/\"]}]},{\"@type\":\"BreadcrumbList\",\"@id\":\"https:\/\/www.naturparkmagazin.de\/vdn\/wege-in-die-gruene-seele-des-niederrheins\/#breadcrumb\",\"itemListElement\":[{\"@type\":\"ListItem\",\"position\":1,\"name\":\"Home\",\"item\":\"https:\/\/www.naturparkmagazin.de\/vdn\/\"},{\"@type\":\"ListItem\",\"position\":2,\"name\":\"\u201eWege in die gr\u00fcne Seele des Niederrheins\u201c\"}]},{\"@type\":\"WebSite\",\"@id\":\"https:\/\/www.naturparkmagazin.de\/vdn\/#website\",\"url\":\"https:\/\/www.naturparkmagazin.de\/vdn\/\",\"name\":\"Verband Deutscher Naturparke\",\"description\":\"Eine weitere Naturparkmagazin.de Netzwerk Seite\",\"potentialAction\":[{\"@type\":\"SearchAction\",\"target\":{\"@type\":\"EntryPoint\",\"urlTemplate\":\"https:\/\/www.naturparkmagazin.de\/vdn\/?s={search_term_string}\"},\"query-input\":\"required name=search_term_string\"}],\"inLanguage\":\"de\"},{\"@type\":\"Person\",\"@id\":\"https:\/\/www.naturparkmagazin.de\/vdn\/#\/schema\/person\/d71357578c318b6db03be60b1f60396b\",\"name\":\"beatrixlosem\",\"url\":\"https:\/\/www.naturparkmagazin.de\/vdn\/author\/beatrixlosem\/\"}]}<\/script>\n<!-- \/ Yoast SEO plugin. -->","yoast_head_json":{"title":"\u201eWege in die gr\u00fcne Seele des Niederrheins\u201c","description":"Auf einer 2-t\u00e4gigen Wandertour \u00fcber die Premiumwanderwege im Naturpark Schwalm-Nette pr\u00e4sentiert sich Ihnen von Nettetal aus die f\u00fcr diesen Naturpark so typische Wald- und Seenlandschaft erlebnisreich und erholsam zugleich.","robots":{"index":"index","follow":"follow","max-snippet":"max-snippet:-1","max-image-preview":"max-image-preview:large","max-video-preview":"max-video-preview:-1"},"canonical":"https:\/\/www.naturparkmagazin.de\/vdn\/wege-in-die-gruene-seele-des-niederrheins\/","og_locale":"de_DE","og_type":"article","og_title":"\u201eWege in die gr\u00fcne Seele des Niederrheins\u201c","og_description":"Auf einer 2-t\u00e4gigen Wandertour \u00fcber die Premiumwanderwege im Naturpark Schwalm-Nette pr\u00e4sentiert sich Ihnen von Nettetal aus die f\u00fcr diesen Naturpark so typische Wald- und Seenlandschaft erlebnisreich und erholsam zugleich.","og_url":"https:\/\/www.naturparkmagazin.de\/vdn\/wege-in-die-gruene-seele-des-niederrheins\/","og_site_name":"Verband Deutscher Naturparke","article_published_time":"2016-08-17T08:34:19+00:00","article_modified_time":"2016-08-29T09:00:20+00:00","og_image":[{"width":200,"height":200,"url":"https:\/\/www.naturparkmagazin.de\/vdn\/wp-content\/uploads\/sites\/3\/PW2-Galgenvenn-Br-cke-Baum-Schild-Beitragsfoto-.jpg","type":"image\/jpeg"}],"author":"beatrixlosem","twitter_misc":{"Verfasst von":"beatrixlosem","Gesch\u00e4tzte Lesezeit":"1\u00a0Minute"},"schema":{"@context":"https:\/\/schema.org","@graph":[{"@type":"WebPage","@id":"https:\/\/www.naturparkmagazin.de\/vdn\/wege-in-die-gruene-seele-des-niederrheins\/","url":"https:\/\/www.naturparkmagazin.de\/vdn\/wege-in-die-gruene-seele-des-niederrheins\/","name":"\u201eWege in die gr\u00fcne Seele des Niederrheins\u201c","isPartOf":{"@id":"https:\/\/www.naturparkmagazin.de\/vdn\/#website"},"datePublished":"2016-08-17T08:34:19+00:00","dateModified":"2016-08-29T09:00:20+00:00","author":{"@id":"https:\/\/www.naturparkmagazin.de\/vdn\/#\/schema\/person\/d71357578c318b6db03be60b1f60396b"},"description":"Auf einer 2-t\u00e4gigen Wandertour \u00fcber die Premiumwanderwege im Naturpark Schwalm-Nette pr\u00e4sentiert sich Ihnen von Nettetal aus die f\u00fcr diesen Naturpark so typische Wald- und Seenlandschaft erlebnisreich und erholsam zugleich.","breadcrumb":{"@id":"https:\/\/www.naturparkmagazin.de\/vdn\/wege-in-die-gruene-seele-des-niederrheins\/#breadcrumb"},"inLanguage":"de","potentialAction":[{"@type":"ReadAction","target":["https:\/\/www.naturparkmagazin.de\/vdn\/wege-in-die-gruene-seele-des-niederrheins\/"]}]},{"@type":"BreadcrumbList","@id":"https:\/\/www.naturparkmagazin.de\/vdn\/wege-in-die-gruene-seele-des-niederrheins\/#breadcrumb","itemListElement":[{"@type":"ListItem","position":1,"name":"Home","item":"https:\/\/www.naturparkmagazin.de\/vdn\/"},{"@type":"ListItem","position":2,"name":"\u201eWege in die gr\u00fcne Seele des Niederrheins\u201c"}]},{"@type":"WebSite","@id":"https:\/\/www.naturparkmagazin.de\/vdn\/#website","url":"https:\/\/www.naturparkmagazin.de\/vdn\/","name":"Verband Deutscher Naturparke","description":"Eine weitere Naturparkmagazin.de Netzwerk Seite","potentialAction":[{"@type":"SearchAction","target":{"@type":"EntryPoint","urlTemplate":"https:\/\/www.naturparkmagazin.de\/vdn\/?s={search_term_string}"},"query-input":"required name=search_term_string"}],"inLanguage":"de"},{"@type":"Person","@id":"https:\/\/www.naturparkmagazin.de\/vdn\/#\/schema\/person\/d71357578c318b6db03be60b1f60396b","name":"beatrixlosem","url":"https:\/\/www.naturparkmagazin.de\/vdn\/author\/beatrixlosem\/"}]}},"_links":{"self":[{"href":"https:\/\/www.naturparkmagazin.de\/vdn\/wp-json\/wp\/v2\/posts\/7546"}],"collection":[{"href":"https:\/\/www.naturparkmagazin.de\/vdn\/wp-json\/wp\/v2\/posts"}],"about":[{"href":"https:\/\/www.naturparkmagazin.de\/vdn\/wp-json\/wp\/v2\/types\/post"}],"author":[{"embeddable":true,"href":"https:\/\/www.naturparkmagazin.de\/vdn\/wp-json\/wp\/v2\/users\/51"}],"replies":[{"embeddable":true,"href":"https:\/\/www.naturparkmagazin.de\/vdn\/wp-json\/wp\/v2\/comments?post=7546"}],"version-history":[{"count":6,"href":"https:\/\/www.naturparkmagazin.de\/vdn\/wp-json\/wp\/v2\/posts\/7546\/revisions"}],"predecessor-version":[{"id":7678,"href":"https:\/\/www.naturparkmagazin.de\/vdn\/wp-json\/wp\/v2\/posts\/7546\/revisions\/7678"}],"wp:featuredmedia":[{"embeddable":true,"href":"https:\/\/www.naturparkmagazin.de\/vdn\/wp-json\/wp\/v2\/media\/7547"}],"wp:attachment":[{"href":"https:\/\/www.naturparkmagazin.de\/vdn\/wp-json\/wp\/v2\/media?parent=7546"}],"wp:term":[{"taxonomy":"category","embeddable":true,"href":"https:\/\/www.naturparkmagazin.de\/vdn\/wp-json\/wp\/v2\/categories?post=7546"},{"taxonomy":"post_tag","embeddable":true,"href":"https:\/\/www.naturparkmagazin.de\/vdn\/wp-json\/wp\/v2\/tags?post=7546"}],"curies":[{"name":"wp","href":"https:\/\/api.w.org\/{rel}","templated":true}]}}