{"id":7591,"date":"2016-08-17T14:25:41","date_gmt":"2016-08-17T12:25:41","guid":{"rendered":"http:\/\/www.naturparkmagazin.de\/vdn\/?p=7591"},"modified":"2016-08-17T15:26:26","modified_gmt":"2016-08-17T13:26:26","slug":"rainer-bonhof","status":"publish","type":"post","link":"https:\/\/www.naturparkmagazin.de\/vdn\/rainer-bonhof\/","title":{"rendered":"Rainer Bonhof"},"content":{"rendered":"<div id=\"attachment_7592\" style=\"width: 310px\" class=\"wp-caption aligncenter\"><a href=\"https:\/\/www.naturparkmagazin.de\/vdn\/wp-content\/uploads\/sites\/3\/Portrait-Bonhof-Beitrag.jpg\"><img aria-describedby=\"caption-attachment-7592\" decoding=\"async\" loading=\"lazy\" class=\"size-full wp-image-7592\" src=\"https:\/\/www.naturparkmagazin.de\/vdn\/wp-content\/uploads\/sites\/3\/Portrait-Bonhof-Beitrag.jpg\" alt=\"Rainer Bonhof\" width=\"300\" height=\"500\" srcset=\"https:\/\/www.naturparkmagazin.de\/vdn\/wp-content\/uploads\/sites\/3\/Portrait-Bonhof-Beitrag.jpg 300w, https:\/\/www.naturparkmagazin.de\/vdn\/wp-content\/uploads\/sites\/3\/Portrait-Bonhof-Beitrag-200x333.jpg 200w\" sizes=\"(max-width: 300px) 100vw, 300px\" \/><\/a><p id=\"caption-attachment-7592\" class=\"wp-caption-text\">Rainer Bonhof<\/p><\/div>\n<p>Rainer Bonhof ist Vize-Pr\u00e4sident von Borussia M\u00f6nchengladbach. In seiner aktiven Fu\u00dfballkarriere spielte er f\u00fcr Borussia M\u00f6nchengladbach sowie f\u00fcr den 1. FC K\u00f6ln, Hertha BSC Berlin und den FC Valencia. Im Dress des DFB brachte er es auf 53 Spiele und gewann mit der Fu\u00dfballnationalmannschaft 1974 die Weltmeisterschaft sowie 1972 und 1980 jeweils die Europameisterschaft.<\/p>\n<p>Seit der Naturparkschau \u201eWandervolle Wasserwelt\u201c 2012 ist Rainer Bonhof als Botschafter des Naturparks Schwalm-Nette aktiv. Besonders am Herzen liegen ihm die neun Premium-Wanderwege des Naturparks, die einzigen ihrer Art im Flachland. J\u00e4hrlich belohnt er beispielsweise die flei\u00dfigsten Wanderer im Gebiet von Nette und Schwalm mit Freikarten f\u00fcr ein Spiel der Borussia. Um an der Verlosung der begehrten Tickets teilzunehmen, m\u00fcssen die Interessierten einen Wanderpass des Naturparks Schwalm-Nette mit Stempeln aller neun Premium-Wanderwege abgeben. Die Strecken des Naturparks kennt er pers\u00f6nlich bereits seit seiner Zeit als aktiver Spieler. Hier hielt er sich bei Waldl\u00e4ufen und ausgedehnten Spazierg\u00e4ngen mit seinem Husky \u201eDjango\u201c fit.<\/p>\n<p>&nbsp;<\/p>\n<div id=\"attachment_7628\" style=\"width: 510px\" class=\"wp-caption aligncenter\"><a href=\"https:\/\/www.naturparkmagazin.de\/vdn\/wp-content\/uploads\/sites\/3\/Rainer_Bonhof.jpg\"><img aria-describedby=\"caption-attachment-7628\" decoding=\"async\" loading=\"lazy\" class=\"wp-image-7628 size-full\" src=\"https:\/\/www.naturparkmagazin.de\/vdn\/wp-content\/uploads\/sites\/3\/Rainer_Bonhof.jpg\" alt=\"Copyright: Naturpark Schwalm-Nette\" width=\"500\" height=\"300\" srcset=\"https:\/\/www.naturparkmagazin.de\/vdn\/wp-content\/uploads\/sites\/3\/Rainer_Bonhof.jpg 500w, https:\/\/www.naturparkmagazin.de\/vdn\/wp-content\/uploads\/sites\/3\/Rainer_Bonhof-300x180.jpg 300w, https:\/\/www.naturparkmagazin.de\/vdn\/wp-content\/uploads\/sites\/3\/Rainer_Bonhof-200x120.jpg 200w\" sizes=\"(max-width: 500px) 100vw, 500px\" \/><\/a><p id=\"caption-attachment-7628\" class=\"wp-caption-text\">Copyright: Naturpark Schwalm-Nette<\/p><\/div>\n<p>&nbsp;<\/p>\n<p>&nbsp;<\/p>\n","protected":false},"excerpt":{"rendered":"<p>ist der Vize-Pr\u00e4sident von Borussia M\u00f6nchengladbach und seit der Naturparkschau \u201eWandervolle Wasserwelt\u201c 2012 als Botschafter des Naturparks Schwalm-Nette aktiv. <\/p>\n","protected":false},"author":51,"featured_media":7593,"comment_status":"open","ping_status":"open","sticky":false,"template":"","format":"standard","meta":{"_links_to":"","_links_to_target":""},"categories":[8],"tags":[508,458,263,262,35,3155,91,370,231,422,86,81,252,682,82,703,41,501],"yoast_head":"<!-- This site is optimized with the Yoast SEO plugin v19.10 - https:\/\/yoast.com\/wordpress\/plugins\/seo\/ -->\n<title>Rainer Bonhof<\/title>\n<meta name=\"description\" content=\"ist der Vize-Pr\u00e4sident von Borussia M\u00f6nchengladbach und seit der Naturparkschau \u201eWandervolle Wasserwelt\u201c 2012 als Botschafter des Naturparks Schwalm-Nette aktiv.\" \/>\n<meta name=\"robots\" content=\"index, follow, max-snippet:-1, max-image-preview:large, max-video-preview:-1\" \/>\n<link rel=\"canonical\" href=\"https:\/\/www.naturparkmagazin.de\/vdn\/rainer-bonhof\/\" \/>\n<meta property=\"og:locale\" content=\"de_DE\" \/>\n<meta property=\"og:type\" content=\"article\" \/>\n<meta property=\"og:title\" content=\"Rainer Bonhof\" \/>\n<meta property=\"og:description\" content=\"ist der Vize-Pr\u00e4sident von Borussia M\u00f6nchengladbach und seit der Naturparkschau \u201eWandervolle Wasserwelt\u201c 2012 als Botschafter des Naturparks Schwalm-Nette aktiv.\" \/>\n<meta property=\"og:url\" content=\"https:\/\/www.naturparkmagazin.de\/vdn\/rainer-bonhof\/\" \/>\n<meta property=\"og:site_name\" content=\"Verband Deutscher Naturparke\" \/>\n<meta property=\"article:published_time\" content=\"2016-08-17T12:25:41+00:00\" \/>\n<meta property=\"article:modified_time\" content=\"2016-08-17T13:26:26+00:00\" \/>\n<meta property=\"og:image\" content=\"https:\/\/www.naturparkmagazin.de\/vdn\/wp-content\/uploads\/sites\/3\/Portrait-Bonhof-Beitragsfoto.jpg\" \/>\n\t<meta property=\"og:image:width\" content=\"200\" \/>\n\t<meta property=\"og:image:height\" content=\"200\" \/>\n\t<meta property=\"og:image:type\" content=\"image\/jpeg\" \/>\n<meta name=\"author\" content=\"beatrixlosem\" \/>\n<meta name=\"twitter:label1\" content=\"Verfasst von\" \/>\n\t<meta name=\"twitter:data1\" content=\"beatrixlosem\" \/>\n\t<meta name=\"twitter:label2\" content=\"Gesch\u00e4tzte Lesezeit\" \/>\n\t<meta name=\"twitter:data2\" content=\"1\u00a0Minute\" \/>\n<script type=\"application\/ld+json\" class=\"yoast-schema-graph\">{\"@context\":\"https:\/\/schema.org\",\"@graph\":[{\"@type\":\"WebPage\",\"@id\":\"https:\/\/www.naturparkmagazin.de\/vdn\/rainer-bonhof\/\",\"url\":\"https:\/\/www.naturparkmagazin.de\/vdn\/rainer-bonhof\/\",\"name\":\"Rainer Bonhof\",\"isPartOf\":{\"@id\":\"https:\/\/www.naturparkmagazin.de\/vdn\/#website\"},\"datePublished\":\"2016-08-17T12:25:41+00:00\",\"dateModified\":\"2016-08-17T13:26:26+00:00\",\"author\":{\"@id\":\"https:\/\/www.naturparkmagazin.de\/vdn\/#\/schema\/person\/d71357578c318b6db03be60b1f60396b\"},\"description\":\"ist der Vize-Pr\u00e4sident von Borussia M\u00f6nchengladbach und seit der Naturparkschau \u201eWandervolle Wasserwelt\u201c 2012 als Botschafter des Naturparks Schwalm-Nette aktiv.\",\"breadcrumb\":{\"@id\":\"https:\/\/www.naturparkmagazin.de\/vdn\/rainer-bonhof\/#breadcrumb\"},\"inLanguage\":\"de\",\"potentialAction\":[{\"@type\":\"ReadAction\",\"target\":[\"https:\/\/www.naturparkmagazin.de\/vdn\/rainer-bonhof\/\"]}]},{\"@type\":\"BreadcrumbList\",\"@id\":\"https:\/\/www.naturparkmagazin.de\/vdn\/rainer-bonhof\/#breadcrumb\",\"itemListElement\":[{\"@type\":\"ListItem\",\"position\":1,\"name\":\"Home\",\"item\":\"https:\/\/www.naturparkmagazin.de\/vdn\/\"},{\"@type\":\"ListItem\",\"position\":2,\"name\":\"Rainer Bonhof\"}]},{\"@type\":\"WebSite\",\"@id\":\"https:\/\/www.naturparkmagazin.de\/vdn\/#website\",\"url\":\"https:\/\/www.naturparkmagazin.de\/vdn\/\",\"name\":\"Verband Deutscher Naturparke\",\"description\":\"Eine weitere Naturparkmagazin.de Netzwerk Seite\",\"potentialAction\":[{\"@type\":\"SearchAction\",\"target\":{\"@type\":\"EntryPoint\",\"urlTemplate\":\"https:\/\/www.naturparkmagazin.de\/vdn\/?s={search_term_string}\"},\"query-input\":\"required name=search_term_string\"}],\"inLanguage\":\"de\"},{\"@type\":\"Person\",\"@id\":\"https:\/\/www.naturparkmagazin.de\/vdn\/#\/schema\/person\/d71357578c318b6db03be60b1f60396b\",\"name\":\"beatrixlosem\",\"url\":\"https:\/\/www.naturparkmagazin.de\/vdn\/author\/beatrixlosem\/\"}]}<\/script>\n<!-- \/ Yoast SEO plugin. -->","yoast_head_json":{"title":"Rainer Bonhof","description":"ist der Vize-Pr\u00e4sident von Borussia M\u00f6nchengladbach und seit der Naturparkschau \u201eWandervolle Wasserwelt\u201c 2012 als Botschafter des Naturparks Schwalm-Nette aktiv.","robots":{"index":"index","follow":"follow","max-snippet":"max-snippet:-1","max-image-preview":"max-image-preview:large","max-video-preview":"max-video-preview:-1"},"canonical":"https:\/\/www.naturparkmagazin.de\/vdn\/rainer-bonhof\/","og_locale":"de_DE","og_type":"article","og_title":"Rainer Bonhof","og_description":"ist der Vize-Pr\u00e4sident von Borussia M\u00f6nchengladbach und seit der Naturparkschau \u201eWandervolle Wasserwelt\u201c 2012 als Botschafter des Naturparks Schwalm-Nette aktiv.","og_url":"https:\/\/www.naturparkmagazin.de\/vdn\/rainer-bonhof\/","og_site_name":"Verband Deutscher Naturparke","article_published_time":"2016-08-17T12:25:41+00:00","article_modified_time":"2016-08-17T13:26:26+00:00","og_image":[{"width":200,"height":200,"url":"https:\/\/www.naturparkmagazin.de\/vdn\/wp-content\/uploads\/sites\/3\/Portrait-Bonhof-Beitragsfoto.jpg","type":"image\/jpeg"}],"author":"beatrixlosem","twitter_misc":{"Verfasst von":"beatrixlosem","Gesch\u00e4tzte Lesezeit":"1\u00a0Minute"},"schema":{"@context":"https:\/\/schema.org","@graph":[{"@type":"WebPage","@id":"https:\/\/www.naturparkmagazin.de\/vdn\/rainer-bonhof\/","url":"https:\/\/www.naturparkmagazin.de\/vdn\/rainer-bonhof\/","name":"Rainer Bonhof","isPartOf":{"@id":"https:\/\/www.naturparkmagazin.de\/vdn\/#website"},"datePublished":"2016-08-17T12:25:41+00:00","dateModified":"2016-08-17T13:26:26+00:00","author":{"@id":"https:\/\/www.naturparkmagazin.de\/vdn\/#\/schema\/person\/d71357578c318b6db03be60b1f60396b"},"description":"ist der Vize-Pr\u00e4sident von Borussia M\u00f6nchengladbach und seit der Naturparkschau \u201eWandervolle Wasserwelt\u201c 2012 als Botschafter des Naturparks Schwalm-Nette aktiv.","breadcrumb":{"@id":"https:\/\/www.naturparkmagazin.de\/vdn\/rainer-bonhof\/#breadcrumb"},"inLanguage":"de","potentialAction":[{"@type":"ReadAction","target":["https:\/\/www.naturparkmagazin.de\/vdn\/rainer-bonhof\/"]}]},{"@type":"BreadcrumbList","@id":"https:\/\/www.naturparkmagazin.de\/vdn\/rainer-bonhof\/#breadcrumb","itemListElement":[{"@type":"ListItem","position":1,"name":"Home","item":"https:\/\/www.naturparkmagazin.de\/vdn\/"},{"@type":"ListItem","position":2,"name":"Rainer Bonhof"}]},{"@type":"WebSite","@id":"https:\/\/www.naturparkmagazin.de\/vdn\/#website","url":"https:\/\/www.naturparkmagazin.de\/vdn\/","name":"Verband Deutscher Naturparke","description":"Eine weitere Naturparkmagazin.de Netzwerk Seite","potentialAction":[{"@type":"SearchAction","target":{"@type":"EntryPoint","urlTemplate":"https:\/\/www.naturparkmagazin.de\/vdn\/?s={search_term_string}"},"query-input":"required name=search_term_string"}],"inLanguage":"de"},{"@type":"Person","@id":"https:\/\/www.naturparkmagazin.de\/vdn\/#\/schema\/person\/d71357578c318b6db03be60b1f60396b","name":"beatrixlosem","url":"https:\/\/www.naturparkmagazin.de\/vdn\/author\/beatrixlosem\/"}]}},"_links":{"self":[{"href":"https:\/\/www.naturparkmagazin.de\/vdn\/wp-json\/wp\/v2\/posts\/7591"}],"collection":[{"href":"https:\/\/www.naturparkmagazin.de\/vdn\/wp-json\/wp\/v2\/posts"}],"about":[{"href":"https:\/\/www.naturparkmagazin.de\/vdn\/wp-json\/wp\/v2\/types\/post"}],"author":[{"embeddable":true,"href":"https:\/\/www.naturparkmagazin.de\/vdn\/wp-json\/wp\/v2\/users\/51"}],"replies":[{"embeddable":true,"href":"https:\/\/www.naturparkmagazin.de\/vdn\/wp-json\/wp\/v2\/comments?post=7591"}],"version-history":[{"count":7,"href":"https:\/\/www.naturparkmagazin.de\/vdn\/wp-json\/wp\/v2\/posts\/7591\/revisions"}],"predecessor-version":[{"id":7634,"href":"https:\/\/www.naturparkmagazin.de\/vdn\/wp-json\/wp\/v2\/posts\/7591\/revisions\/7634"}],"wp:featuredmedia":[{"embeddable":true,"href":"https:\/\/www.naturparkmagazin.de\/vdn\/wp-json\/wp\/v2\/media\/7593"}],"wp:attachment":[{"href":"https:\/\/www.naturparkmagazin.de\/vdn\/wp-json\/wp\/v2\/media?parent=7591"}],"wp:term":[{"taxonomy":"category","embeddable":true,"href":"https:\/\/www.naturparkmagazin.de\/vdn\/wp-json\/wp\/v2\/categories?post=7591"},{"taxonomy":"post_tag","embeddable":true,"href":"https:\/\/www.naturparkmagazin.de\/vdn\/wp-json\/wp\/v2\/tags?post=7591"}],"curies":[{"name":"wp","href":"https:\/\/api.w.org\/{rel}","templated":true}]}}