{"id":7605,"date":"2016-08-18T12:08:13","date_gmt":"2016-08-18T10:08:13","guid":{"rendered":"http:\/\/www.naturparkmagazin.de\/vdn\/?p=7605"},"modified":"2016-08-18T13:03:06","modified_gmt":"2016-08-18T11:03:06","slug":"freyburger-gespraeche-deutscher-naturpark-tag-2016","status":"publish","type":"post","link":"https:\/\/www.naturparkmagazin.de\/vdn\/freyburger-gespraeche-deutscher-naturpark-tag-2016\/","title":{"rendered":"\u201eFreyburger Gespr\u00e4che\u201c \u2013 Deutscher Naturpark-Tag 2016"},"content":{"rendered":"<div id=\"attachment_7606\" style=\"width: 510px\" class=\"wp-caption aligncenter\"><a href=\"https:\/\/www.naturparkmagazin.de\/vdn\/wp-content\/uploads\/sites\/3\/Fotolia_b.jpg\"><img aria-describedby=\"caption-attachment-7606\" decoding=\"async\" loading=\"lazy\" class=\"wp-image-7606 size-full\" src=\"https:\/\/www.naturparkmagazin.de\/vdn\/wp-content\/uploads\/sites\/3\/Fotolia_b.jpg\" alt=\"Freyburg im Saale-Unstrut - Weinbaugebiet \u00a9 Fotolia\" width=\"500\" height=\"300\" srcset=\"https:\/\/www.naturparkmagazin.de\/vdn\/wp-content\/uploads\/sites\/3\/Fotolia_b.jpg 500w, https:\/\/www.naturparkmagazin.de\/vdn\/wp-content\/uploads\/sites\/3\/Fotolia_b-300x180.jpg 300w, https:\/\/www.naturparkmagazin.de\/vdn\/wp-content\/uploads\/sites\/3\/Fotolia_b-200x120.jpg 200w\" sizes=\"(max-width: 500px) 100vw, 500px\" \/><\/a><p id=\"caption-attachment-7606\" class=\"wp-caption-text\">Freyburg im Saale-Unstrut &#8211; Weinbaugebiet \u00a9 Fotolia<\/p><\/div>\n<p>Vom 22.-24. September ist der Naturpark Saale-Unstrut-Triasland Gastgeber des Deutscher Naturpark-Tages 2016. Der Naturpark, der in diesem Jahr sein 25-j\u00e4hriges Bestehen feiert, l\u00e4dt mit einem mit vielen Highlights gespickten Programm nach Freyburg ein. Im Rahmen des Er\u00f6ffnungsabend am Donnerstag, 22. September findet die Auszeichnung von Naturparken im Rahmen der \u201eQualit\u00e4tsoffensive Naturparke\u201c statt.<\/p>\n<p>&nbsp;<\/p>\n","protected":false},"excerpt":{"rendered":"<p>Vom 22.-24. September ist der Naturpark Saale-Unstrut-Triasland in Freyburg Gastgeber des Deutschen Naturpark-Tages 2016.<\/p>\n","protected":false},"author":51,"featured_media":7607,"comment_status":"open","ping_status":"open","sticky":false,"template":"","format":"standard","meta":{"_links_to":"","_links_to_target":""},"categories":[7],"tags":[508,3155,91,231,695,3149,82,41,501],"yoast_head":"<!-- This site is optimized with the Yoast SEO plugin v19.10 - https:\/\/yoast.com\/wordpress\/plugins\/seo\/ -->\n<title>\u201eFreyburger Gespr\u00e4che\u201c \u2013 Deutscher Naturpark-Tag 2016<\/title>\n<meta name=\"description\" content=\"Vom 22.-24. September ist der Naturpark Saale-Unstrut-Triasland in Freyburg Gastgeber des Deutschen Naturpark-Tages 2016.\" \/>\n<meta name=\"robots\" content=\"index, follow, max-snippet:-1, max-image-preview:large, max-video-preview:-1\" \/>\n<link rel=\"canonical\" href=\"https:\/\/www.naturparkmagazin.de\/vdn\/freyburger-gespraeche-deutscher-naturpark-tag-2016\/\" \/>\n<meta property=\"og:locale\" content=\"de_DE\" \/>\n<meta property=\"og:type\" content=\"article\" \/>\n<meta property=\"og:title\" content=\"\u201eFreyburger Gespr\u00e4che\u201c \u2013 Deutscher Naturpark-Tag 2016\" \/>\n<meta property=\"og:description\" content=\"Vom 22.-24. September ist der Naturpark Saale-Unstrut-Triasland in Freyburg Gastgeber des Deutschen Naturpark-Tages 2016.\" \/>\n<meta property=\"og:url\" content=\"https:\/\/www.naturparkmagazin.de\/vdn\/freyburger-gespraeche-deutscher-naturpark-tag-2016\/\" \/>\n<meta property=\"og:site_name\" content=\"Verband Deutscher Naturparke\" \/>\n<meta property=\"article:published_time\" content=\"2016-08-18T10:08:13+00:00\" \/>\n<meta property=\"article:modified_time\" content=\"2016-08-18T11:03:06+00:00\" \/>\n<meta property=\"og:image\" content=\"https:\/\/www.naturparkmagazin.de\/vdn\/wp-content\/uploads\/sites\/3\/Fotolia_bf.jpg\" \/>\n\t<meta property=\"og:image:width\" content=\"200\" \/>\n\t<meta property=\"og:image:height\" content=\"200\" \/>\n\t<meta property=\"og:image:type\" content=\"image\/jpeg\" \/>\n<meta name=\"author\" content=\"beatrixlosem\" \/>\n<meta name=\"twitter:label1\" content=\"Verfasst von\" \/>\n\t<meta name=\"twitter:data1\" content=\"beatrixlosem\" \/>\n<script type=\"application\/ld+json\" class=\"yoast-schema-graph\">{\"@context\":\"https:\/\/schema.org\",\"@graph\":[{\"@type\":\"WebPage\",\"@id\":\"https:\/\/www.naturparkmagazin.de\/vdn\/freyburger-gespraeche-deutscher-naturpark-tag-2016\/\",\"url\":\"https:\/\/www.naturparkmagazin.de\/vdn\/freyburger-gespraeche-deutscher-naturpark-tag-2016\/\",\"name\":\"\u201eFreyburger Gespr\u00e4che\u201c \u2013 Deutscher Naturpark-Tag 2016\",\"isPartOf\":{\"@id\":\"https:\/\/www.naturparkmagazin.de\/vdn\/#website\"},\"datePublished\":\"2016-08-18T10:08:13+00:00\",\"dateModified\":\"2016-08-18T11:03:06+00:00\",\"author\":{\"@id\":\"https:\/\/www.naturparkmagazin.de\/vdn\/#\/schema\/person\/d71357578c318b6db03be60b1f60396b\"},\"description\":\"Vom 22.-24. September ist der Naturpark Saale-Unstrut-Triasland in Freyburg Gastgeber des Deutschen Naturpark-Tages 2016.\",\"breadcrumb\":{\"@id\":\"https:\/\/www.naturparkmagazin.de\/vdn\/freyburger-gespraeche-deutscher-naturpark-tag-2016\/#breadcrumb\"},\"inLanguage\":\"de\",\"potentialAction\":[{\"@type\":\"ReadAction\",\"target\":[\"https:\/\/www.naturparkmagazin.de\/vdn\/freyburger-gespraeche-deutscher-naturpark-tag-2016\/\"]}]},{\"@type\":\"BreadcrumbList\",\"@id\":\"https:\/\/www.naturparkmagazin.de\/vdn\/freyburger-gespraeche-deutscher-naturpark-tag-2016\/#breadcrumb\",\"itemListElement\":[{\"@type\":\"ListItem\",\"position\":1,\"name\":\"Home\",\"item\":\"https:\/\/www.naturparkmagazin.de\/vdn\/\"},{\"@type\":\"ListItem\",\"position\":2,\"name\":\"\u201eFreyburger Gespr\u00e4che\u201c \u2013 Deutscher Naturpark-Tag 2016\"}]},{\"@type\":\"WebSite\",\"@id\":\"https:\/\/www.naturparkmagazin.de\/vdn\/#website\",\"url\":\"https:\/\/www.naturparkmagazin.de\/vdn\/\",\"name\":\"Verband Deutscher Naturparke\",\"description\":\"Eine weitere Naturparkmagazin.de Netzwerk Seite\",\"potentialAction\":[{\"@type\":\"SearchAction\",\"target\":{\"@type\":\"EntryPoint\",\"urlTemplate\":\"https:\/\/www.naturparkmagazin.de\/vdn\/?s={search_term_string}\"},\"query-input\":\"required name=search_term_string\"}],\"inLanguage\":\"de\"},{\"@type\":\"Person\",\"@id\":\"https:\/\/www.naturparkmagazin.de\/vdn\/#\/schema\/person\/d71357578c318b6db03be60b1f60396b\",\"name\":\"beatrixlosem\",\"url\":\"https:\/\/www.naturparkmagazin.de\/vdn\/author\/beatrixlosem\/\"}]}<\/script>\n<!-- \/ Yoast SEO plugin. -->","yoast_head_json":{"title":"\u201eFreyburger Gespr\u00e4che\u201c \u2013 Deutscher Naturpark-Tag 2016","description":"Vom 22.-24. September ist der Naturpark Saale-Unstrut-Triasland in Freyburg Gastgeber des Deutschen Naturpark-Tages 2016.","robots":{"index":"index","follow":"follow","max-snippet":"max-snippet:-1","max-image-preview":"max-image-preview:large","max-video-preview":"max-video-preview:-1"},"canonical":"https:\/\/www.naturparkmagazin.de\/vdn\/freyburger-gespraeche-deutscher-naturpark-tag-2016\/","og_locale":"de_DE","og_type":"article","og_title":"\u201eFreyburger Gespr\u00e4che\u201c \u2013 Deutscher Naturpark-Tag 2016","og_description":"Vom 22.-24. September ist der Naturpark Saale-Unstrut-Triasland in Freyburg Gastgeber des Deutschen Naturpark-Tages 2016.","og_url":"https:\/\/www.naturparkmagazin.de\/vdn\/freyburger-gespraeche-deutscher-naturpark-tag-2016\/","og_site_name":"Verband Deutscher Naturparke","article_published_time":"2016-08-18T10:08:13+00:00","article_modified_time":"2016-08-18T11:03:06+00:00","og_image":[{"width":200,"height":200,"url":"https:\/\/www.naturparkmagazin.de\/vdn\/wp-content\/uploads\/sites\/3\/Fotolia_bf.jpg","type":"image\/jpeg"}],"author":"beatrixlosem","twitter_misc":{"Verfasst von":"beatrixlosem"},"schema":{"@context":"https:\/\/schema.org","@graph":[{"@type":"WebPage","@id":"https:\/\/www.naturparkmagazin.de\/vdn\/freyburger-gespraeche-deutscher-naturpark-tag-2016\/","url":"https:\/\/www.naturparkmagazin.de\/vdn\/freyburger-gespraeche-deutscher-naturpark-tag-2016\/","name":"\u201eFreyburger Gespr\u00e4che\u201c \u2013 Deutscher Naturpark-Tag 2016","isPartOf":{"@id":"https:\/\/www.naturparkmagazin.de\/vdn\/#website"},"datePublished":"2016-08-18T10:08:13+00:00","dateModified":"2016-08-18T11:03:06+00:00","author":{"@id":"https:\/\/www.naturparkmagazin.de\/vdn\/#\/schema\/person\/d71357578c318b6db03be60b1f60396b"},"description":"Vom 22.-24. September ist der Naturpark Saale-Unstrut-Triasland in Freyburg Gastgeber des Deutschen Naturpark-Tages 2016.","breadcrumb":{"@id":"https:\/\/www.naturparkmagazin.de\/vdn\/freyburger-gespraeche-deutscher-naturpark-tag-2016\/#breadcrumb"},"inLanguage":"de","potentialAction":[{"@type":"ReadAction","target":["https:\/\/www.naturparkmagazin.de\/vdn\/freyburger-gespraeche-deutscher-naturpark-tag-2016\/"]}]},{"@type":"BreadcrumbList","@id":"https:\/\/www.naturparkmagazin.de\/vdn\/freyburger-gespraeche-deutscher-naturpark-tag-2016\/#breadcrumb","itemListElement":[{"@type":"ListItem","position":1,"name":"Home","item":"https:\/\/www.naturparkmagazin.de\/vdn\/"},{"@type":"ListItem","position":2,"name":"\u201eFreyburger Gespr\u00e4che\u201c \u2013 Deutscher Naturpark-Tag 2016"}]},{"@type":"WebSite","@id":"https:\/\/www.naturparkmagazin.de\/vdn\/#website","url":"https:\/\/www.naturparkmagazin.de\/vdn\/","name":"Verband Deutscher Naturparke","description":"Eine weitere Naturparkmagazin.de Netzwerk Seite","potentialAction":[{"@type":"SearchAction","target":{"@type":"EntryPoint","urlTemplate":"https:\/\/www.naturparkmagazin.de\/vdn\/?s={search_term_string}"},"query-input":"required name=search_term_string"}],"inLanguage":"de"},{"@type":"Person","@id":"https:\/\/www.naturparkmagazin.de\/vdn\/#\/schema\/person\/d71357578c318b6db03be60b1f60396b","name":"beatrixlosem","url":"https:\/\/www.naturparkmagazin.de\/vdn\/author\/beatrixlosem\/"}]}},"_links":{"self":[{"href":"https:\/\/www.naturparkmagazin.de\/vdn\/wp-json\/wp\/v2\/posts\/7605"}],"collection":[{"href":"https:\/\/www.naturparkmagazin.de\/vdn\/wp-json\/wp\/v2\/posts"}],"about":[{"href":"https:\/\/www.naturparkmagazin.de\/vdn\/wp-json\/wp\/v2\/types\/post"}],"author":[{"embeddable":true,"href":"https:\/\/www.naturparkmagazin.de\/vdn\/wp-json\/wp\/v2\/users\/51"}],"replies":[{"embeddable":true,"href":"https:\/\/www.naturparkmagazin.de\/vdn\/wp-json\/wp\/v2\/comments?post=7605"}],"version-history":[{"count":3,"href":"https:\/\/www.naturparkmagazin.de\/vdn\/wp-json\/wp\/v2\/posts\/7605\/revisions"}],"predecessor-version":[{"id":7636,"href":"https:\/\/www.naturparkmagazin.de\/vdn\/wp-json\/wp\/v2\/posts\/7605\/revisions\/7636"}],"wp:featuredmedia":[{"embeddable":true,"href":"https:\/\/www.naturparkmagazin.de\/vdn\/wp-json\/wp\/v2\/media\/7607"}],"wp:attachment":[{"href":"https:\/\/www.naturparkmagazin.de\/vdn\/wp-json\/wp\/v2\/media?parent=7605"}],"wp:term":[{"taxonomy":"category","embeddable":true,"href":"https:\/\/www.naturparkmagazin.de\/vdn\/wp-json\/wp\/v2\/categories?post=7605"},{"taxonomy":"post_tag","embeddable":true,"href":"https:\/\/www.naturparkmagazin.de\/vdn\/wp-json\/wp\/v2\/tags?post=7605"}],"curies":[{"name":"wp","href":"https:\/\/api.w.org\/{rel}","templated":true}]}}