{"id":7609,"date":"2016-08-18T10:00:45","date_gmt":"2016-08-18T08:00:45","guid":{"rendered":"http:\/\/www.naturparkmagazin.de\/vdn\/?p=7609"},"modified":"2016-08-29T11:09:12","modified_gmt":"2016-08-29T09:09:12","slug":"deutschlands-schoenster-wanderweg-2016-2-platz-fuer-den-galgenvenn","status":"publish","type":"post","link":"https:\/\/www.naturparkmagazin.de\/vdn\/deutschlands-schoenster-wanderweg-2016-2-platz-fuer-den-galgenvenn\/","title":{"rendered":"\u201eDeutschlands sch\u00f6nster Wanderweg 2016\u201c &#8211; 2. Platz f\u00fcr den \u201eGalgenvenn\u201c"},"content":{"rendered":"<div id=\"attachment_7667\" style=\"width: 510px\" class=\"wp-caption aligncenter\"><a href=\"https:\/\/www.naturparkmagazin.de\/vdn\/wp-content\/uploads\/sites\/3\/Galgenvenn_neu.jpg\"><img aria-describedby=\"caption-attachment-7667\" decoding=\"async\" loading=\"lazy\" class=\"size-full wp-image-7667\" src=\"https:\/\/www.naturparkmagazin.de\/vdn\/wp-content\/uploads\/sites\/3\/Galgenvenn_neu.jpg\" alt=\"Galgenvenn - Copyright: Benedikt Giesbers\" width=\"500\" height=\"300\" srcset=\"https:\/\/www.naturparkmagazin.de\/vdn\/wp-content\/uploads\/sites\/3\/Galgenvenn_neu.jpg 500w, https:\/\/www.naturparkmagazin.de\/vdn\/wp-content\/uploads\/sites\/3\/Galgenvenn_neu-300x180.jpg 300w, https:\/\/www.naturparkmagazin.de\/vdn\/wp-content\/uploads\/sites\/3\/Galgenvenn_neu-200x120.jpg 200w\" sizes=\"(max-width: 500px) 100vw, 500px\" \/><\/a><p id=\"caption-attachment-7667\" class=\"wp-caption-text\">Galgenvenn &#8211; Copyright: Benedikt Giesbers<\/p><\/div>\n<p>Der Premiumwanderweg Galgenvenn des Naturparks Schwalm-Nette hat bei der Abstimmung \u201eDeutschlands sch\u00f6nster Wanderweg 2016\u201c den zweiten Platz belegt. Das Deutsche Wandermagazin lobt diesen Wettberwerb j\u00e4hrlich aus. Die Urkunde erhalten Landrat und Naturparkvorsteher Dr. Andreas Coenen und Gesch\u00e4ftsf\u00fchrer Michael Puschmann am Samstag, 3. September. Autor und Wanderexperte Manuel Andrack \u00fcberreicht die Auszeichnung im Rahmen der Wander- und Trekkingmesse \u201eTourNatur\u201c in D\u00fcsseldorf.<\/p>\n<p>\u201eWir freuen uns sehr \u00fcber dieses Ergebnis\u201c, sagt Dr. Andreas Coenen. \u201eEs ist ein Zeichen der hohen Qualit\u00e4t und besonderen Attraktivit\u00e4t der Natur in unserer Region.\u201c 19,18 Prozent der insgesamt 22.162 Stimmen entfielen bei der Abstimmung f\u00fcr den Wanderweg an der deutsch-niederl\u00e4ndischen Grenze. Als Begr\u00fcndung f\u00fcr die Nominierung nannte die Jury unter anderem das Naturschutzgebiet Heidemoore mit dem idyllischen Sonsbeck-Venn gleich zu Beginn des 11,2 Kilometer langen Rundwanderwegs.<\/p>\n<p>\u201eDas Ergebnis ist Anerkennung und Ansporn zugleich, auch weiterhin die Premiumwanderwege als Aush\u00e4ngeschilder des Naturparks in ihrem nat\u00fcrlichen Zustand f\u00fcr Wanderer zu erhalten\u201c, sagt Michael Puschmann. Insgesamt neun Premiumwanderwege betreut der Naturpark Schwalm-Nette in der Region. Die Zertifizierung wird jeweils f\u00fcr drei Jahre vom Deutschen Wanderinstitut vorgenommen, zuletzt im September 2015.<\/p>\n<p>Platz eins in der Kategorie Tagestouren belegte der Wasserfallsteig in Bad Urbach. Die Traumschleife Rheingold in Boppard landete auf dem dritten Platz.<\/p>\n<div id=\"attachment_7661\" style=\"width: 510px\" class=\"wp-caption aligncenter\"><a href=\"https:\/\/www.naturparkmagazin.de\/vdn\/wp-content\/uploads\/sites\/3\/Wandervolle-Wasserwelt-Copyright-Naturpark-Schwalm-Nette.jpg\"><img aria-describedby=\"caption-attachment-7661\" decoding=\"async\" loading=\"lazy\" class=\"size-full wp-image-7661\" src=\"https:\/\/www.naturparkmagazin.de\/vdn\/wp-content\/uploads\/sites\/3\/Wandervolle-Wasserwelt-Copyright-Naturpark-Schwalm-Nette.jpg\" alt=\"Wandervolle Wasserwelt \u00a9Naturpark Schwalm-Nette\" width=\"500\" height=\"300\" srcset=\"https:\/\/www.naturparkmagazin.de\/vdn\/wp-content\/uploads\/sites\/3\/Wandervolle-Wasserwelt-Copyright-Naturpark-Schwalm-Nette.jpg 500w, https:\/\/www.naturparkmagazin.de\/vdn\/wp-content\/uploads\/sites\/3\/Wandervolle-Wasserwelt-Copyright-Naturpark-Schwalm-Nette-300x180.jpg 300w, https:\/\/www.naturparkmagazin.de\/vdn\/wp-content\/uploads\/sites\/3\/Wandervolle-Wasserwelt-Copyright-Naturpark-Schwalm-Nette-200x120.jpg 200w\" sizes=\"(max-width: 500px) 100vw, 500px\" \/><\/a><p id=\"caption-attachment-7661\" class=\"wp-caption-text\">Wandervolle Wasserwelt \u00a9Naturpark Schwalm-Nette<\/p><\/div>\n<p>Der Wanderweg \u201eGalgenvenn\u201c \u2013 benannt nach der dortigen mittelalterlichen Gerichtsst\u00e4tte \u2013 ist einzigartig im Naturpark Schwalm-Nette und f\u00fcr die Wanderregion Niederrhein. Nirgends gibt es eine solche abwechslungsreiche Landschaft wie hier im deutsch-niederl\u00e4ndischen Grenzgebiet zwischen Kaldenkirchen und Tegelen. Die Kies- und Tonschichten im Boden erm\u00f6glichen eine facettenreiche Vegetation. Nahezu nach jeder Kurve erwartet die Wanderer eine andere Welt.<\/p>\n<p>Auf dem 11,2 Kilometer langen Rundweg geht es durch feuchte Heidemoore wie das Sonsbeek-Venn und das Lange Venn. Vom Rand der durch den Tonabbau geformten Schlucht blicken die Wanderer weit hinab ins Tal. Das H\u00fchnerkamp ist eine einmalige Heidelandschaft. Zur\u00fcck zum Galgenvenn geht es durch eine Eichenallee, vorbei an Mammutb\u00e4umen und dem malerischen Blick auf die ehemaligen Flachskuhlen. Dort ist auch ein Wasserblick des Naturparks installiert.<\/p>\n<p>&nbsp;<\/p>\n","protected":false},"excerpt":{"rendered":"<p>Bei der Online-Abstimmung des Deutschen Wandermagazins um Deutschlands sch\u00f6nsten Wanderweg 2016 kam der Premiumwanderweg \u201eGalgenvenn\u201c des Naturparks Schwalm-Nette auf Platz 2. <\/p>\n","protected":false},"author":51,"featured_media":7666,"comment_status":"open","ping_status":"open","sticky":false,"template":"","format":"standard","meta":{"_links_to":"","_links_to_target":""},"categories":[7],"tags":[508,468,458,698,699,35,697,700,3155,91,370,231,682,82,696,701,41,501,95,260],"yoast_head":"<!-- This site is optimized with the Yoast SEO plugin v19.10 - https:\/\/yoast.com\/wordpress\/plugins\/seo\/ -->\n<title>\u201eDeutschlands sch\u00f6nster Wanderweg 2016\u201c - 2. Platz f\u00fcr den \u201eGalgenvenn\u201c<\/title>\n<meta name=\"description\" content=\"Bei der Online-Abstimmung des Deutschen Wandermagazins um Deutschlands sch\u00f6nsten Wanderweg 2016 kam der Premiumwanderweg \u201eGalgenvenn\u201c des Naturparks Schwalm-Nette auf Platz 2.\" \/>\n<meta name=\"robots\" content=\"index, follow, max-snippet:-1, max-image-preview:large, max-video-preview:-1\" \/>\n<link rel=\"canonical\" href=\"https:\/\/www.naturparkmagazin.de\/vdn\/deutschlands-schoenster-wanderweg-2016-2-platz-fuer-den-galgenvenn\/\" \/>\n<meta property=\"og:locale\" content=\"de_DE\" \/>\n<meta property=\"og:type\" content=\"article\" \/>\n<meta property=\"og:title\" content=\"\u201eDeutschlands sch\u00f6nster Wanderweg 2016\u201c - 2. Platz f\u00fcr den \u201eGalgenvenn\u201c\" \/>\n<meta property=\"og:description\" content=\"Bei der Online-Abstimmung des Deutschen Wandermagazins um Deutschlands sch\u00f6nsten Wanderweg 2016 kam der Premiumwanderweg \u201eGalgenvenn\u201c des Naturparks Schwalm-Nette auf Platz 2.\" \/>\n<meta property=\"og:url\" content=\"https:\/\/www.naturparkmagazin.de\/vdn\/deutschlands-schoenster-wanderweg-2016-2-platz-fuer-den-galgenvenn\/\" \/>\n<meta property=\"og:site_name\" content=\"Verband Deutscher Naturparke\" \/>\n<meta property=\"article:published_time\" content=\"2016-08-18T08:00:45+00:00\" \/>\n<meta property=\"article:modified_time\" content=\"2016-08-29T09:09:12+00:00\" \/>\n<meta property=\"og:image\" content=\"https:\/\/www.naturparkmagazin.de\/vdn\/wp-content\/uploads\/sites\/3\/Galgenvenn_neu_beitragsbild.jpg\" \/>\n\t<meta property=\"og:image:width\" content=\"200\" \/>\n\t<meta property=\"og:image:height\" content=\"200\" \/>\n\t<meta property=\"og:image:type\" content=\"image\/jpeg\" \/>\n<meta name=\"author\" content=\"beatrixlosem\" \/>\n<meta name=\"twitter:label1\" content=\"Verfasst von\" \/>\n\t<meta name=\"twitter:data1\" content=\"beatrixlosem\" \/>\n\t<meta name=\"twitter:label2\" content=\"Gesch\u00e4tzte Lesezeit\" \/>\n\t<meta name=\"twitter:data2\" content=\"2\u00a0Minuten\" \/>\n<script type=\"application\/ld+json\" class=\"yoast-schema-graph\">{\"@context\":\"https:\/\/schema.org\",\"@graph\":[{\"@type\":\"WebPage\",\"@id\":\"https:\/\/www.naturparkmagazin.de\/vdn\/deutschlands-schoenster-wanderweg-2016-2-platz-fuer-den-galgenvenn\/\",\"url\":\"https:\/\/www.naturparkmagazin.de\/vdn\/deutschlands-schoenster-wanderweg-2016-2-platz-fuer-den-galgenvenn\/\",\"name\":\"\u201eDeutschlands sch\u00f6nster Wanderweg 2016\u201c - 2. Platz f\u00fcr den \u201eGalgenvenn\u201c\",\"isPartOf\":{\"@id\":\"https:\/\/www.naturparkmagazin.de\/vdn\/#website\"},\"datePublished\":\"2016-08-18T08:00:45+00:00\",\"dateModified\":\"2016-08-29T09:09:12+00:00\",\"author\":{\"@id\":\"https:\/\/www.naturparkmagazin.de\/vdn\/#\/schema\/person\/d71357578c318b6db03be60b1f60396b\"},\"description\":\"Bei der Online-Abstimmung des Deutschen Wandermagazins um Deutschlands sch\u00f6nsten Wanderweg 2016 kam der Premiumwanderweg \u201eGalgenvenn\u201c des Naturparks Schwalm-Nette auf Platz 2.\",\"breadcrumb\":{\"@id\":\"https:\/\/www.naturparkmagazin.de\/vdn\/deutschlands-schoenster-wanderweg-2016-2-platz-fuer-den-galgenvenn\/#breadcrumb\"},\"inLanguage\":\"de\",\"potentialAction\":[{\"@type\":\"ReadAction\",\"target\":[\"https:\/\/www.naturparkmagazin.de\/vdn\/deutschlands-schoenster-wanderweg-2016-2-platz-fuer-den-galgenvenn\/\"]}]},{\"@type\":\"BreadcrumbList\",\"@id\":\"https:\/\/www.naturparkmagazin.de\/vdn\/deutschlands-schoenster-wanderweg-2016-2-platz-fuer-den-galgenvenn\/#breadcrumb\",\"itemListElement\":[{\"@type\":\"ListItem\",\"position\":1,\"name\":\"Home\",\"item\":\"https:\/\/www.naturparkmagazin.de\/vdn\/\"},{\"@type\":\"ListItem\",\"position\":2,\"name\":\"\u201eDeutschlands sch\u00f6nster Wanderweg 2016\u201c &#8211; 2. Platz f\u00fcr den \u201eGalgenvenn\u201c\"}]},{\"@type\":\"WebSite\",\"@id\":\"https:\/\/www.naturparkmagazin.de\/vdn\/#website\",\"url\":\"https:\/\/www.naturparkmagazin.de\/vdn\/\",\"name\":\"Verband Deutscher Naturparke\",\"description\":\"Eine weitere Naturparkmagazin.de Netzwerk Seite\",\"potentialAction\":[{\"@type\":\"SearchAction\",\"target\":{\"@type\":\"EntryPoint\",\"urlTemplate\":\"https:\/\/www.naturparkmagazin.de\/vdn\/?s={search_term_string}\"},\"query-input\":\"required name=search_term_string\"}],\"inLanguage\":\"de\"},{\"@type\":\"Person\",\"@id\":\"https:\/\/www.naturparkmagazin.de\/vdn\/#\/schema\/person\/d71357578c318b6db03be60b1f60396b\",\"name\":\"beatrixlosem\",\"url\":\"https:\/\/www.naturparkmagazin.de\/vdn\/author\/beatrixlosem\/\"}]}<\/script>\n<!-- \/ Yoast SEO plugin. -->","yoast_head_json":{"title":"\u201eDeutschlands sch\u00f6nster Wanderweg 2016\u201c - 2. Platz f\u00fcr den \u201eGalgenvenn\u201c","description":"Bei der Online-Abstimmung des Deutschen Wandermagazins um Deutschlands sch\u00f6nsten Wanderweg 2016 kam der Premiumwanderweg \u201eGalgenvenn\u201c des Naturparks Schwalm-Nette auf Platz 2.","robots":{"index":"index","follow":"follow","max-snippet":"max-snippet:-1","max-image-preview":"max-image-preview:large","max-video-preview":"max-video-preview:-1"},"canonical":"https:\/\/www.naturparkmagazin.de\/vdn\/deutschlands-schoenster-wanderweg-2016-2-platz-fuer-den-galgenvenn\/","og_locale":"de_DE","og_type":"article","og_title":"\u201eDeutschlands sch\u00f6nster Wanderweg 2016\u201c - 2. Platz f\u00fcr den \u201eGalgenvenn\u201c","og_description":"Bei der Online-Abstimmung des Deutschen Wandermagazins um Deutschlands sch\u00f6nsten Wanderweg 2016 kam der Premiumwanderweg \u201eGalgenvenn\u201c des Naturparks Schwalm-Nette auf Platz 2.","og_url":"https:\/\/www.naturparkmagazin.de\/vdn\/deutschlands-schoenster-wanderweg-2016-2-platz-fuer-den-galgenvenn\/","og_site_name":"Verband Deutscher Naturparke","article_published_time":"2016-08-18T08:00:45+00:00","article_modified_time":"2016-08-29T09:09:12+00:00","og_image":[{"width":200,"height":200,"url":"https:\/\/www.naturparkmagazin.de\/vdn\/wp-content\/uploads\/sites\/3\/Galgenvenn_neu_beitragsbild.jpg","type":"image\/jpeg"}],"author":"beatrixlosem","twitter_misc":{"Verfasst von":"beatrixlosem","Gesch\u00e4tzte Lesezeit":"2\u00a0Minuten"},"schema":{"@context":"https:\/\/schema.org","@graph":[{"@type":"WebPage","@id":"https:\/\/www.naturparkmagazin.de\/vdn\/deutschlands-schoenster-wanderweg-2016-2-platz-fuer-den-galgenvenn\/","url":"https:\/\/www.naturparkmagazin.de\/vdn\/deutschlands-schoenster-wanderweg-2016-2-platz-fuer-den-galgenvenn\/","name":"\u201eDeutschlands sch\u00f6nster Wanderweg 2016\u201c - 2. Platz f\u00fcr den \u201eGalgenvenn\u201c","isPartOf":{"@id":"https:\/\/www.naturparkmagazin.de\/vdn\/#website"},"datePublished":"2016-08-18T08:00:45+00:00","dateModified":"2016-08-29T09:09:12+00:00","author":{"@id":"https:\/\/www.naturparkmagazin.de\/vdn\/#\/schema\/person\/d71357578c318b6db03be60b1f60396b"},"description":"Bei der Online-Abstimmung des Deutschen Wandermagazins um Deutschlands sch\u00f6nsten Wanderweg 2016 kam der Premiumwanderweg \u201eGalgenvenn\u201c des Naturparks Schwalm-Nette auf Platz 2.","breadcrumb":{"@id":"https:\/\/www.naturparkmagazin.de\/vdn\/deutschlands-schoenster-wanderweg-2016-2-platz-fuer-den-galgenvenn\/#breadcrumb"},"inLanguage":"de","potentialAction":[{"@type":"ReadAction","target":["https:\/\/www.naturparkmagazin.de\/vdn\/deutschlands-schoenster-wanderweg-2016-2-platz-fuer-den-galgenvenn\/"]}]},{"@type":"BreadcrumbList","@id":"https:\/\/www.naturparkmagazin.de\/vdn\/deutschlands-schoenster-wanderweg-2016-2-platz-fuer-den-galgenvenn\/#breadcrumb","itemListElement":[{"@type":"ListItem","position":1,"name":"Home","item":"https:\/\/www.naturparkmagazin.de\/vdn\/"},{"@type":"ListItem","position":2,"name":"\u201eDeutschlands sch\u00f6nster Wanderweg 2016\u201c &#8211; 2. Platz f\u00fcr den \u201eGalgenvenn\u201c"}]},{"@type":"WebSite","@id":"https:\/\/www.naturparkmagazin.de\/vdn\/#website","url":"https:\/\/www.naturparkmagazin.de\/vdn\/","name":"Verband Deutscher Naturparke","description":"Eine weitere Naturparkmagazin.de Netzwerk Seite","potentialAction":[{"@type":"SearchAction","target":{"@type":"EntryPoint","urlTemplate":"https:\/\/www.naturparkmagazin.de\/vdn\/?s={search_term_string}"},"query-input":"required name=search_term_string"}],"inLanguage":"de"},{"@type":"Person","@id":"https:\/\/www.naturparkmagazin.de\/vdn\/#\/schema\/person\/d71357578c318b6db03be60b1f60396b","name":"beatrixlosem","url":"https:\/\/www.naturparkmagazin.de\/vdn\/author\/beatrixlosem\/"}]}},"_links":{"self":[{"href":"https:\/\/www.naturparkmagazin.de\/vdn\/wp-json\/wp\/v2\/posts\/7609"}],"collection":[{"href":"https:\/\/www.naturparkmagazin.de\/vdn\/wp-json\/wp\/v2\/posts"}],"about":[{"href":"https:\/\/www.naturparkmagazin.de\/vdn\/wp-json\/wp\/v2\/types\/post"}],"author":[{"embeddable":true,"href":"https:\/\/www.naturparkmagazin.de\/vdn\/wp-json\/wp\/v2\/users\/51"}],"replies":[{"embeddable":true,"href":"https:\/\/www.naturparkmagazin.de\/vdn\/wp-json\/wp\/v2\/comments?post=7609"}],"version-history":[{"count":9,"href":"https:\/\/www.naturparkmagazin.de\/vdn\/wp-json\/wp\/v2\/posts\/7609\/revisions"}],"predecessor-version":[{"id":7683,"href":"https:\/\/www.naturparkmagazin.de\/vdn\/wp-json\/wp\/v2\/posts\/7609\/revisions\/7683"}],"wp:featuredmedia":[{"embeddable":true,"href":"https:\/\/www.naturparkmagazin.de\/vdn\/wp-json\/wp\/v2\/media\/7666"}],"wp:attachment":[{"href":"https:\/\/www.naturparkmagazin.de\/vdn\/wp-json\/wp\/v2\/media?parent=7609"}],"wp:term":[{"taxonomy":"category","embeddable":true,"href":"https:\/\/www.naturparkmagazin.de\/vdn\/wp-json\/wp\/v2\/categories?post=7609"},{"taxonomy":"post_tag","embeddable":true,"href":"https:\/\/www.naturparkmagazin.de\/vdn\/wp-json\/wp\/v2\/tags?post=7609"}],"curies":[{"name":"wp","href":"https:\/\/api.w.org\/{rel}","templated":true}]}}