{"id":7614,"date":"2016-08-18T12:46:41","date_gmt":"2016-08-18T10:46:41","guid":{"rendered":"http:\/\/www.naturparkmagazin.de\/vdn\/?p=7614"},"modified":"2016-08-29T11:04:48","modified_gmt":"2016-08-29T09:04:48","slug":"neuer-in-niedersachsen-huemmling-offiziell-zum-naturpark-erklaert","status":"publish","type":"post","link":"https:\/\/www.naturparkmagazin.de\/vdn\/neuer-in-niedersachsen-huemmling-offiziell-zum-naturpark-erklaert\/","title":{"rendered":"\u201eNeuer in Niedersachsen\u201c \u2013 H\u00fcmmling offiziell zum Naturpark erkl\u00e4rt"},"content":{"rendered":"<div id=\"attachment_7621\" style=\"width: 510px\" class=\"wp-caption aligncenter\"><a href=\"https:\/\/www.naturparkmagazin.de\/vdn\/wp-content\/uploads\/sites\/3\/15_Grosssteingraeber_Huemmling.1024b.jpg\"><img aria-describedby=\"caption-attachment-7621\" decoding=\"async\" loading=\"lazy\" class=\"wp-image-7621 size-full\" src=\"https:\/\/www.naturparkmagazin.de\/vdn\/wp-content\/uploads\/sites\/3\/15_Grosssteingraeber_Huemmling.1024b.jpg\" alt=\"Gro\u00dfsteingr\u00e4ber\u00a9Naturpark H\u00fcmmling\" width=\"500\" height=\"300\" srcset=\"https:\/\/www.naturparkmagazin.de\/vdn\/wp-content\/uploads\/sites\/3\/15_Grosssteingraeber_Huemmling.1024b.jpg 500w, https:\/\/www.naturparkmagazin.de\/vdn\/wp-content\/uploads\/sites\/3\/15_Grosssteingraeber_Huemmling.1024b-300x180.jpg 300w, https:\/\/www.naturparkmagazin.de\/vdn\/wp-content\/uploads\/sites\/3\/15_Grosssteingraeber_Huemmling.1024b-200x120.jpg 200w\" sizes=\"(max-width: 500px) 100vw, 500px\" \/><\/a><p id=\"caption-attachment-7621\" class=\"wp-caption-text\">Gro\u00dfsteingr\u00e4ber\u00a9Naturpark H\u00fcmmling<\/p><\/div>\n<p>Mit einem Festakt ist am 10. August 2016 der Naturpark H\u00fcmmling offiziell ins Leben gerufen worden. Im Beisein der B\u00fcrgermeister aller beteiligten St\u00e4dte und (Samt-)Gemeinden \u00fcbergab Niedersachsens Umweltminister Stefan Wenzel die Anerkennungsurkunde an Landrat Reinhard Winter.<\/p>\n<p>Die Idee, den insgesamt 57.700 Hektar gro\u00dfen H\u00fcmmling im Nordosten des Landkreis Emsland, davon 23.900 Hektar Natur- und Landschaftsschutzgebiete, zu einem Naturpark zu machen, stammt aus dem Jahr 2010. Ziel ist eine Weiterentwicklung der Natur und Landschaft, aber auch des Tourismus und der Wirtschaft.\nDass sechs Jahre vergingen, bis tats\u00e4chlich eine Anerkennungsurkunde \u00fcbergeben werden konnte, lag insbesondere an Protesten von Waldbesitzern, die sich mit zwei Sammelklagen vor dem Oberverwaltungsgericht (OVG) gegen die Ausweisung von Waldgebieten als Landschaftsschutzgebiet wehrten.<\/p>\n<p><a href=\"http:\/\/www.huemmling.de\">Hier<\/a> k\u00f6nnen Sie sich \u00fcber den Naturpark H\u00fcmmling informieren.<\/p>\n<div id=\"attachment_7623\" style=\"width: 510px\" class=\"wp-caption aligncenter\"><a href=\"https:\/\/www.naturparkmagazin.de\/vdn\/wp-content\/uploads\/sites\/3\/74_Wanderer_Grosssteingraeber.1024b.jpg\"><img aria-describedby=\"caption-attachment-7623\" decoding=\"async\" loading=\"lazy\" class=\"size-full wp-image-7623\" src=\"https:\/\/www.naturparkmagazin.de\/vdn\/wp-content\/uploads\/sites\/3\/74_Wanderer_Grosssteingraeber.1024b.jpg\" alt=\"Wanderer \u00a9 Naturpark H\u00fcmmling\" width=\"500\" height=\"300\" srcset=\"https:\/\/www.naturparkmagazin.de\/vdn\/wp-content\/uploads\/sites\/3\/74_Wanderer_Grosssteingraeber.1024b.jpg 500w, https:\/\/www.naturparkmagazin.de\/vdn\/wp-content\/uploads\/sites\/3\/74_Wanderer_Grosssteingraeber.1024b-300x180.jpg 300w, https:\/\/www.naturparkmagazin.de\/vdn\/wp-content\/uploads\/sites\/3\/74_Wanderer_Grosssteingraeber.1024b-200x120.jpg 200w\" sizes=\"(max-width: 500px) 100vw, 500px\" \/><\/a><p id=\"caption-attachment-7623\" class=\"wp-caption-text\">Wanderer \u00a9 Naturpark H\u00fcmmling<\/p><\/div>\n<p>&nbsp;<\/p>\n<p>&nbsp;<\/p>\n","protected":false},"excerpt":{"rendered":"<p>Mit einem Festakt ist am 10. August 2016 der Naturpark H\u00fcmmling offiziell ins Leben gerufen worden.<\/p>\n","protected":false},"author":51,"featured_media":7620,"comment_status":"open","ping_status":"open","sticky":false,"template":"","format":"standard","meta":{"_links_to":"","_links_to_target":""},"categories":[7],"tags":[508,3155,91,370,231,86,81,702,82,41,501],"yoast_head":"<!-- This site is optimized with the Yoast SEO plugin v19.10 - https:\/\/yoast.com\/wordpress\/plugins\/seo\/ -->\n<title>\u201eNeuer in Niedersachsen\u201c \u2013 H\u00fcmmling offiziell zum Naturpark erkl\u00e4rt<\/title>\n<meta name=\"description\" content=\"Mit einem Festakt ist am 10. August 2016 der Naturpark H\u00fcmmling offiziell ins Leben gerufen worden.\" \/>\n<meta name=\"robots\" content=\"index, follow, max-snippet:-1, max-image-preview:large, max-video-preview:-1\" \/>\n<link rel=\"canonical\" href=\"https:\/\/www.naturparkmagazin.de\/vdn\/neuer-in-niedersachsen-huemmling-offiziell-zum-naturpark-erklaert\/\" \/>\n<meta property=\"og:locale\" content=\"de_DE\" \/>\n<meta property=\"og:type\" content=\"article\" \/>\n<meta property=\"og:title\" content=\"\u201eNeuer in Niedersachsen\u201c \u2013 H\u00fcmmling offiziell zum Naturpark erkl\u00e4rt\" \/>\n<meta property=\"og:description\" content=\"Mit einem Festakt ist am 10. August 2016 der Naturpark H\u00fcmmling offiziell ins Leben gerufen worden.\" \/>\n<meta property=\"og:url\" content=\"https:\/\/www.naturparkmagazin.de\/vdn\/neuer-in-niedersachsen-huemmling-offiziell-zum-naturpark-erklaert\/\" \/>\n<meta property=\"og:site_name\" content=\"Verband Deutscher Naturparke\" \/>\n<meta property=\"article:published_time\" content=\"2016-08-18T10:46:41+00:00\" \/>\n<meta property=\"article:modified_time\" content=\"2016-08-29T09:04:48+00:00\" \/>\n<meta property=\"og:image\" content=\"https:\/\/www.naturparkmagazin.de\/vdn\/wp-content\/uploads\/sites\/3\/15_Grosssteingraeber_Huemmling.1024bf.jpg\" \/>\n\t<meta property=\"og:image:width\" content=\"293\" \/>\n\t<meta property=\"og:image:height\" content=\"293\" \/>\n\t<meta property=\"og:image:type\" content=\"image\/jpeg\" \/>\n<meta name=\"author\" content=\"beatrixlosem\" \/>\n<meta name=\"twitter:label1\" content=\"Verfasst von\" \/>\n\t<meta name=\"twitter:data1\" content=\"beatrixlosem\" \/>\n\t<meta name=\"twitter:label2\" content=\"Gesch\u00e4tzte Lesezeit\" \/>\n\t<meta name=\"twitter:data2\" content=\"1\u00a0Minute\" \/>\n<script type=\"application\/ld+json\" class=\"yoast-schema-graph\">{\"@context\":\"https:\/\/schema.org\",\"@graph\":[{\"@type\":\"WebPage\",\"@id\":\"https:\/\/www.naturparkmagazin.de\/vdn\/neuer-in-niedersachsen-huemmling-offiziell-zum-naturpark-erklaert\/\",\"url\":\"https:\/\/www.naturparkmagazin.de\/vdn\/neuer-in-niedersachsen-huemmling-offiziell-zum-naturpark-erklaert\/\",\"name\":\"\u201eNeuer in Niedersachsen\u201c \u2013 H\u00fcmmling offiziell zum Naturpark erkl\u00e4rt\",\"isPartOf\":{\"@id\":\"https:\/\/www.naturparkmagazin.de\/vdn\/#website\"},\"datePublished\":\"2016-08-18T10:46:41+00:00\",\"dateModified\":\"2016-08-29T09:04:48+00:00\",\"author\":{\"@id\":\"https:\/\/www.naturparkmagazin.de\/vdn\/#\/schema\/person\/d71357578c318b6db03be60b1f60396b\"},\"description\":\"Mit einem Festakt ist am 10. August 2016 der Naturpark H\u00fcmmling offiziell ins Leben gerufen worden.\",\"breadcrumb\":{\"@id\":\"https:\/\/www.naturparkmagazin.de\/vdn\/neuer-in-niedersachsen-huemmling-offiziell-zum-naturpark-erklaert\/#breadcrumb\"},\"inLanguage\":\"de\",\"potentialAction\":[{\"@type\":\"ReadAction\",\"target\":[\"https:\/\/www.naturparkmagazin.de\/vdn\/neuer-in-niedersachsen-huemmling-offiziell-zum-naturpark-erklaert\/\"]}]},{\"@type\":\"BreadcrumbList\",\"@id\":\"https:\/\/www.naturparkmagazin.de\/vdn\/neuer-in-niedersachsen-huemmling-offiziell-zum-naturpark-erklaert\/#breadcrumb\",\"itemListElement\":[{\"@type\":\"ListItem\",\"position\":1,\"name\":\"Home\",\"item\":\"https:\/\/www.naturparkmagazin.de\/vdn\/\"},{\"@type\":\"ListItem\",\"position\":2,\"name\":\"\u201eNeuer in Niedersachsen\u201c \u2013 H\u00fcmmling offiziell zum Naturpark erkl\u00e4rt\"}]},{\"@type\":\"WebSite\",\"@id\":\"https:\/\/www.naturparkmagazin.de\/vdn\/#website\",\"url\":\"https:\/\/www.naturparkmagazin.de\/vdn\/\",\"name\":\"Verband Deutscher Naturparke\",\"description\":\"Eine weitere Naturparkmagazin.de Netzwerk Seite\",\"potentialAction\":[{\"@type\":\"SearchAction\",\"target\":{\"@type\":\"EntryPoint\",\"urlTemplate\":\"https:\/\/www.naturparkmagazin.de\/vdn\/?s={search_term_string}\"},\"query-input\":\"required name=search_term_string\"}],\"inLanguage\":\"de\"},{\"@type\":\"Person\",\"@id\":\"https:\/\/www.naturparkmagazin.de\/vdn\/#\/schema\/person\/d71357578c318b6db03be60b1f60396b\",\"name\":\"beatrixlosem\",\"url\":\"https:\/\/www.naturparkmagazin.de\/vdn\/author\/beatrixlosem\/\"}]}<\/script>\n<!-- \/ Yoast SEO plugin. -->","yoast_head_json":{"title":"\u201eNeuer in Niedersachsen\u201c \u2013 H\u00fcmmling offiziell zum Naturpark erkl\u00e4rt","description":"Mit einem Festakt ist am 10. August 2016 der Naturpark H\u00fcmmling offiziell ins Leben gerufen worden.","robots":{"index":"index","follow":"follow","max-snippet":"max-snippet:-1","max-image-preview":"max-image-preview:large","max-video-preview":"max-video-preview:-1"},"canonical":"https:\/\/www.naturparkmagazin.de\/vdn\/neuer-in-niedersachsen-huemmling-offiziell-zum-naturpark-erklaert\/","og_locale":"de_DE","og_type":"article","og_title":"\u201eNeuer in Niedersachsen\u201c \u2013 H\u00fcmmling offiziell zum Naturpark erkl\u00e4rt","og_description":"Mit einem Festakt ist am 10. August 2016 der Naturpark H\u00fcmmling offiziell ins Leben gerufen worden.","og_url":"https:\/\/www.naturparkmagazin.de\/vdn\/neuer-in-niedersachsen-huemmling-offiziell-zum-naturpark-erklaert\/","og_site_name":"Verband Deutscher Naturparke","article_published_time":"2016-08-18T10:46:41+00:00","article_modified_time":"2016-08-29T09:04:48+00:00","og_image":[{"width":293,"height":293,"url":"https:\/\/www.naturparkmagazin.de\/vdn\/wp-content\/uploads\/sites\/3\/15_Grosssteingraeber_Huemmling.1024bf.jpg","type":"image\/jpeg"}],"author":"beatrixlosem","twitter_misc":{"Verfasst von":"beatrixlosem","Gesch\u00e4tzte Lesezeit":"1\u00a0Minute"},"schema":{"@context":"https:\/\/schema.org","@graph":[{"@type":"WebPage","@id":"https:\/\/www.naturparkmagazin.de\/vdn\/neuer-in-niedersachsen-huemmling-offiziell-zum-naturpark-erklaert\/","url":"https:\/\/www.naturparkmagazin.de\/vdn\/neuer-in-niedersachsen-huemmling-offiziell-zum-naturpark-erklaert\/","name":"\u201eNeuer in Niedersachsen\u201c \u2013 H\u00fcmmling offiziell zum Naturpark erkl\u00e4rt","isPartOf":{"@id":"https:\/\/www.naturparkmagazin.de\/vdn\/#website"},"datePublished":"2016-08-18T10:46:41+00:00","dateModified":"2016-08-29T09:04:48+00:00","author":{"@id":"https:\/\/www.naturparkmagazin.de\/vdn\/#\/schema\/person\/d71357578c318b6db03be60b1f60396b"},"description":"Mit einem Festakt ist am 10. August 2016 der Naturpark H\u00fcmmling offiziell ins Leben gerufen worden.","breadcrumb":{"@id":"https:\/\/www.naturparkmagazin.de\/vdn\/neuer-in-niedersachsen-huemmling-offiziell-zum-naturpark-erklaert\/#breadcrumb"},"inLanguage":"de","potentialAction":[{"@type":"ReadAction","target":["https:\/\/www.naturparkmagazin.de\/vdn\/neuer-in-niedersachsen-huemmling-offiziell-zum-naturpark-erklaert\/"]}]},{"@type":"BreadcrumbList","@id":"https:\/\/www.naturparkmagazin.de\/vdn\/neuer-in-niedersachsen-huemmling-offiziell-zum-naturpark-erklaert\/#breadcrumb","itemListElement":[{"@type":"ListItem","position":1,"name":"Home","item":"https:\/\/www.naturparkmagazin.de\/vdn\/"},{"@type":"ListItem","position":2,"name":"\u201eNeuer in Niedersachsen\u201c \u2013 H\u00fcmmling offiziell zum Naturpark erkl\u00e4rt"}]},{"@type":"WebSite","@id":"https:\/\/www.naturparkmagazin.de\/vdn\/#website","url":"https:\/\/www.naturparkmagazin.de\/vdn\/","name":"Verband Deutscher Naturparke","description":"Eine weitere Naturparkmagazin.de Netzwerk Seite","potentialAction":[{"@type":"SearchAction","target":{"@type":"EntryPoint","urlTemplate":"https:\/\/www.naturparkmagazin.de\/vdn\/?s={search_term_string}"},"query-input":"required name=search_term_string"}],"inLanguage":"de"},{"@type":"Person","@id":"https:\/\/www.naturparkmagazin.de\/vdn\/#\/schema\/person\/d71357578c318b6db03be60b1f60396b","name":"beatrixlosem","url":"https:\/\/www.naturparkmagazin.de\/vdn\/author\/beatrixlosem\/"}]}},"_links":{"self":[{"href":"https:\/\/www.naturparkmagazin.de\/vdn\/wp-json\/wp\/v2\/posts\/7614"}],"collection":[{"href":"https:\/\/www.naturparkmagazin.de\/vdn\/wp-json\/wp\/v2\/posts"}],"about":[{"href":"https:\/\/www.naturparkmagazin.de\/vdn\/wp-json\/wp\/v2\/types\/post"}],"author":[{"embeddable":true,"href":"https:\/\/www.naturparkmagazin.de\/vdn\/wp-json\/wp\/v2\/users\/51"}],"replies":[{"embeddable":true,"href":"https:\/\/www.naturparkmagazin.de\/vdn\/wp-json\/wp\/v2\/comments?post=7614"}],"version-history":[{"count":7,"href":"https:\/\/www.naturparkmagazin.de\/vdn\/wp-json\/wp\/v2\/posts\/7614\/revisions"}],"predecessor-version":[{"id":7680,"href":"https:\/\/www.naturparkmagazin.de\/vdn\/wp-json\/wp\/v2\/posts\/7614\/revisions\/7680"}],"wp:featuredmedia":[{"embeddable":true,"href":"https:\/\/www.naturparkmagazin.de\/vdn\/wp-json\/wp\/v2\/media\/7620"}],"wp:attachment":[{"href":"https:\/\/www.naturparkmagazin.de\/vdn\/wp-json\/wp\/v2\/media?parent=7614"}],"wp:term":[{"taxonomy":"category","embeddable":true,"href":"https:\/\/www.naturparkmagazin.de\/vdn\/wp-json\/wp\/v2\/categories?post=7614"},{"taxonomy":"post_tag","embeddable":true,"href":"https:\/\/www.naturparkmagazin.de\/vdn\/wp-json\/wp\/v2\/tags?post=7614"}],"curies":[{"name":"wp","href":"https:\/\/api.w.org\/{rel}","templated":true}]}}