{"id":7640,"date":"2016-08-18T16:03:11","date_gmt":"2016-08-18T14:03:11","guid":{"rendered":"http:\/\/www.naturparkmagazin.de\/vdn\/?p=7640"},"modified":"2016-08-30T11:09:45","modified_gmt":"2016-08-30T09:09:45","slug":"anvertraut-naturschutz-in-naturparken","status":"publish","type":"post","link":"https:\/\/www.naturparkmagazin.de\/vdn\/anvertraut-naturschutz-in-naturparken\/","title":{"rendered":"\u201eAnvertraut\u201c \u2013 Naturschutz in Naturparken"},"content":{"rendered":"<div id=\"attachment_7643\" style=\"width: 510px\" class=\"wp-caption aligncenter\"><a href=\"https:\/\/www.naturparkmagazin.de\/vdn\/wp-content\/uploads\/sites\/3\/516.jpg\"><img aria-describedby=\"caption-attachment-7643\" decoding=\"async\" loading=\"lazy\" class=\"size-full wp-image-7643\" src=\"https:\/\/www.naturparkmagazin.de\/vdn\/wp-content\/uploads\/sites\/3\/516.jpg\" alt=\"Sch\u00f6nwetter-W\u00f6lkchen im Naturpark Holsteinische Schweiz - Copyright: VDN\/Cornelia Kammann\" width=\"500\" height=\"300\" srcset=\"https:\/\/www.naturparkmagazin.de\/vdn\/wp-content\/uploads\/sites\/3\/516.jpg 500w, https:\/\/www.naturparkmagazin.de\/vdn\/wp-content\/uploads\/sites\/3\/516-300x180.jpg 300w, https:\/\/www.naturparkmagazin.de\/vdn\/wp-content\/uploads\/sites\/3\/516-200x120.jpg 200w\" sizes=\"(max-width: 500px) 100vw, 500px\" \/><\/a><p id=\"caption-attachment-7643\" class=\"wp-caption-text\">Sch\u00f6nwetter-W\u00f6lkchen im Naturpark Holsteinische Schweiz &#8211; Copyright: VDN\/Cornelia Kammann<\/p><\/div>\n<p>Naturparke nehmen 27\u00a0% der Landesfl\u00e4che in Deutschland ein. Allein diese Fl\u00e4chendimension belegt das hohe Potenzial, welches in den Naturparken f\u00fcr den Naturschutz steckt. Ausgew\u00e4hlte Beispiele zeigen die Leistungen der Naturparke im Natur- und Artenschutz.<\/p>\n<p>&nbsp;<\/p>\n<p><strong>Naturpark D\u00fcbener Heide: Proaktives Bibermanagement<\/strong><\/p>\n<div id=\"attachment_7663\" style=\"width: 510px\" class=\"wp-caption aligncenter\"><a href=\"https:\/\/www.naturparkmagazin.de\/vdn\/wp-content\/uploads\/sites\/3\/IMG_5374_beitrag.jpg\"><img aria-describedby=\"caption-attachment-7663\" decoding=\"async\" loading=\"lazy\" class=\"size-full wp-image-7663\" src=\"https:\/\/www.naturparkmagazin.de\/vdn\/wp-content\/uploads\/sites\/3\/IMG_5374_beitrag.jpg\" alt=\"Copyright: Janine Mei\u00dfner\" width=\"500\" height=\"300\" srcset=\"https:\/\/www.naturparkmagazin.de\/vdn\/wp-content\/uploads\/sites\/3\/IMG_5374_beitrag.jpg 500w, https:\/\/www.naturparkmagazin.de\/vdn\/wp-content\/uploads\/sites\/3\/IMG_5374_beitrag-300x180.jpg 300w, https:\/\/www.naturparkmagazin.de\/vdn\/wp-content\/uploads\/sites\/3\/IMG_5374_beitrag-200x120.jpg 200w\" sizes=\"(max-width: 500px) 100vw, 500px\" \/><\/a><p id=\"caption-attachment-7663\" class=\"wp-caption-text\">Copyright: Janine Mei\u00dfner<\/p><\/div>\n<p>Seit 2015 fungiert die \u201eKontaktstelle Bibermanagement\u201c als permanent erreichbarer Berater und Dienstleister f\u00fcr Sachsen. Die Kontaktstelle hat ihren Sitz bei dem zwischen Mulde und Elbe gelegenen Naturpark D\u00fcbener Heide. Sie ist Ansprechpartnerin f\u00fcr Landnutzerinnen und Landnutzer, Beh\u00f6rden und alle weiteren Personen und Institutionen, die mit dem Biber zu tun haben. Wesentliche Aufgabe ist Konfliktmanagement. Die Kontaktstelle wirkt an der Schnittstelle zwischen Artenschutz und \u00a0Landnutzung und entwickelt gemeinsam mit Betroffenen \u201epro aktive\u201c L\u00f6sungsm\u00f6glichkeiten. <a href=\"http:\/\/www.naturpark-duebener-heide.com\/bibermanagement.htm\" target=\"_blank\">Weitere Infos<\/a><\/p>\n<p>&nbsp;<\/p>\n<p><strong>Naturpark Bayerischer Wald: Zukunft f\u00fcr den Luchs<\/strong><\/p>\n<div id=\"attachment_7644\" style=\"width: 510px\" class=\"wp-caption aligncenter\"><a href=\"https:\/\/www.naturparkmagazin.de\/vdn\/wp-content\/uploads\/sites\/3\/MG_6400.jpg\"><img aria-describedby=\"caption-attachment-7644\" decoding=\"async\" loading=\"lazy\" class=\"size-full wp-image-7644\" src=\"https:\/\/www.naturparkmagazin.de\/vdn\/wp-content\/uploads\/sites\/3\/MG_6400.jpg\" alt=\"Copyright: VDN\/Kern\" width=\"500\" height=\"300\" srcset=\"https:\/\/www.naturparkmagazin.de\/vdn\/wp-content\/uploads\/sites\/3\/MG_6400.jpg 500w, https:\/\/www.naturparkmagazin.de\/vdn\/wp-content\/uploads\/sites\/3\/MG_6400-300x180.jpg 300w, https:\/\/www.naturparkmagazin.de\/vdn\/wp-content\/uploads\/sites\/3\/MG_6400-200x120.jpg 200w\" sizes=\"(max-width: 500px) 100vw, 500px\" \/><\/a><p id=\"caption-attachment-7644\" class=\"wp-caption-text\">Copyright: VDN\/Kern<\/p><\/div>\n<p>Vor gut 150 Jahren wurde der Luchs im Bayerischen Wald ausgerottet. Seit Anfang der 90er Jahre ist er wieder Bestandteil der bayerischen Tierwelt. Im Bayerischen Wald fehlt es ihm nicht an Lebensraum, aber Toleranz und Akzeptanz m\u00fcssen noch wachsen. Seit 1996 ist der Naturpark Bayerischer Wald Projekttr\u00e4ger f\u00fcr das Artenschutzprojekt Luchs. <a href=\"http:\/\/www.luchsprojekt.de\" target=\"_blank\">www.luchsprojekt.de<\/a><\/p>\n<p>&nbsp;<\/p>\n<p><strong>Naturpark Feldberger Seenlandschaft: Schreiadler im Focus<\/strong><\/p>\n<div id=\"attachment_7645\" style=\"width: 510px\" class=\"wp-caption aligncenter\"><a href=\"https:\/\/www.naturparkmagazin.de\/vdn\/wp-content\/uploads\/sites\/3\/Schreiadler-PWA_1228.jpg\"><img aria-describedby=\"caption-attachment-7645\" decoding=\"async\" loading=\"lazy\" class=\"size-full wp-image-7645\" src=\"https:\/\/www.naturparkmagazin.de\/vdn\/wp-content\/uploads\/sites\/3\/Schreiadler-PWA_1228.jpg\" alt=\"Copyright: Peter Wernicke\" width=\"500\" height=\"300\" srcset=\"https:\/\/www.naturparkmagazin.de\/vdn\/wp-content\/uploads\/sites\/3\/Schreiadler-PWA_1228.jpg 500w, https:\/\/www.naturparkmagazin.de\/vdn\/wp-content\/uploads\/sites\/3\/Schreiadler-PWA_1228-300x180.jpg 300w, https:\/\/www.naturparkmagazin.de\/vdn\/wp-content\/uploads\/sites\/3\/Schreiadler-PWA_1228-200x120.jpg 200w\" sizes=\"(max-width: 500px) 100vw, 500px\" \/><\/a><p id=\"caption-attachment-7645\" class=\"wp-caption-text\">Copyright: Peter Wernicke<\/p><\/div>\n<p>Der Schreiadler geh\u00f6rt zu den meist bedrohten Vogelarten Deutschlands. Er kommt nur noch in wenigen Regionen Mecklenburg-Vorpommerns und Brandenburgs vor. Mit dem Schreiadlerschutzprojekt des Naturparks Feldberger Seenlandschaft und der Deutschen Wildtierstiftung sollen in den Brutw\u00e4ldern und den angrenzenden Nahrungsfl\u00e4chen die Lebensbedingungen der Schreiadler verbessert werden.<\/p>\n<p>&nbsp;<\/p>\n<p><strong>Naturpark Solling-Vogler: Hutew\u00e4lder am Reiherbach<\/strong><\/p>\n<div id=\"attachment_7646\" style=\"width: 510px\" class=\"wp-caption aligncenter\"><a href=\"https:\/\/www.naturparkmagazin.de\/vdn\/wp-content\/uploads\/sites\/3\/Bulle_10.7.07_8.jpg\"><img aria-describedby=\"caption-attachment-7646\" decoding=\"async\" loading=\"lazy\" class=\"size-full wp-image-7646\" src=\"https:\/\/www.naturparkmagazin.de\/vdn\/wp-content\/uploads\/sites\/3\/Bulle_10.7.07_8.jpg\" alt=\"Copyright: VDN\/Kurt Hapke\" width=\"500\" height=\"300\" srcset=\"https:\/\/www.naturparkmagazin.de\/vdn\/wp-content\/uploads\/sites\/3\/Bulle_10.7.07_8.jpg 500w, https:\/\/www.naturparkmagazin.de\/vdn\/wp-content\/uploads\/sites\/3\/Bulle_10.7.07_8-300x180.jpg 300w, https:\/\/www.naturparkmagazin.de\/vdn\/wp-content\/uploads\/sites\/3\/Bulle_10.7.07_8-200x120.jpg 200w\" sizes=\"(max-width: 500px) 100vw, 500px\" \/><\/a><p id=\"caption-attachment-7646\" class=\"wp-caption-text\">Copyright: VDN\/Kurt Hapke<\/p><\/div>\n<p>Der Erhalt sowie die nachhaltige Nutzung und zielgerichtete Verj\u00fcngung lichter Eichenw\u00e4lder haben eine hohe Bedeutung f\u00fcr den Arten- und Biotopschutz. Mit dem Hutewaldprojekt, in dem Eichen-Hutew\u00e4lder durch halbwild lebende Heckrinder und Exmoorponies gepflegt werden, leistet der Naturpark Solling-Vogler einen wesentlichen Beitrag f\u00fcr Naturschutz und Landschaftspflege.<\/p>\n<p>&nbsp;<\/p>\n<p><strong>Naturpark Unteres Saaletal: Natura 2000 im Unteren Saaletal<\/strong><\/p>\n<div id=\"attachment_7647\" style=\"width: 510px\" class=\"wp-caption aligncenter\"><a href=\"https:\/\/www.naturparkmagazin.de\/vdn\/wp-content\/uploads\/sites\/3\/rothenburg-saaledurchbruch-0193.jpg\"><img aria-describedby=\"caption-attachment-7647\" decoding=\"async\" loading=\"lazy\" class=\"size-full wp-image-7647\" src=\"https:\/\/www.naturparkmagazin.de\/vdn\/wp-content\/uploads\/sites\/3\/rothenburg-saaledurchbruch-0193.jpg\" alt=\"Saaledurchbruch bei Rothenburg - Copyright: VDN\/Siegfried A. Walter\" width=\"500\" height=\"300\" srcset=\"https:\/\/www.naturparkmagazin.de\/vdn\/wp-content\/uploads\/sites\/3\/rothenburg-saaledurchbruch-0193.jpg 500w, https:\/\/www.naturparkmagazin.de\/vdn\/wp-content\/uploads\/sites\/3\/rothenburg-saaledurchbruch-0193-300x180.jpg 300w, https:\/\/www.naturparkmagazin.de\/vdn\/wp-content\/uploads\/sites\/3\/rothenburg-saaledurchbruch-0193-200x120.jpg 200w\" sizes=\"(max-width: 500px) 100vw, 500px\" \/><\/a><p id=\"caption-attachment-7647\" class=\"wp-caption-text\">Saaledurchbruch bei Rothenburg &#8211; Copyright: VDN\/Siegfried A. Walter<\/p><\/div>\n<p>Im Naturpark Unteres Saaletal befinden sich europaweit bedeutsame Lebensr\u00e4ume f\u00fcr gesch\u00fctzte und gef\u00e4hrdete Pflanzen- und Tierarten. Etwa ein Zehntel des Naturparkareals sind als Flora-Fauna-Habitat-Gebiete und als Vogelschutzgebiete Bestandteile des Europ\u00e4ischen Naturschutzsystems NATURA 2000, das der Naturpark mit seiner Arbeit unterst\u00fctzt.<\/p>\n<p>&nbsp;<\/p>\n<p><strong>Naturpark Kellerwald-Edersee: Naturschutzgro\u00dfprojekt Kellerwald<\/strong><\/p>\n<div id=\"attachment_7648\" style=\"width: 510px\" class=\"wp-caption aligncenter\"><a href=\"https:\/\/www.naturparkmagazin.de\/vdn\/wp-content\/uploads\/sites\/3\/Kellerwald-neu-P8077671.jpg\"><img aria-describedby=\"caption-attachment-7648\" decoding=\"async\" loading=\"lazy\" class=\"size-full wp-image-7648\" src=\"https:\/\/www.naturparkmagazin.de\/vdn\/wp-content\/uploads\/sites\/3\/Kellerwald-neu-P8077671.jpg\" alt=\"Copyright: Naturpark Kellerwald-Edersee\" width=\"500\" height=\"300\" srcset=\"https:\/\/www.naturparkmagazin.de\/vdn\/wp-content\/uploads\/sites\/3\/Kellerwald-neu-P8077671.jpg 500w, https:\/\/www.naturparkmagazin.de\/vdn\/wp-content\/uploads\/sites\/3\/Kellerwald-neu-P8077671-300x180.jpg 300w, https:\/\/www.naturparkmagazin.de\/vdn\/wp-content\/uploads\/sites\/3\/Kellerwald-neu-P8077671-200x120.jpg 200w\" sizes=\"(max-width: 500px) 100vw, 500px\" \/><\/a><p id=\"caption-attachment-7648\" class=\"wp-caption-text\">Copyright: Naturpark Kellerwald-Edersee<\/p><\/div>\n<p>Der Naturpark Kellerwald-Edersee ist Tr\u00e4ger des Naturschutzgro\u00dfprojektes Kellerwald. Ziel ist es, einzigartige Landschaftselemente mit einer artenreichen Tier- und Pflanzenwelt zu erhalten. Die Naturschutzma\u00dfnahmen sollen in einen Kontext zur umweltvertr\u00e4glichen Regionalentwicklung und sanften, touristischen Erschlie\u00dfung gestellt werden. <a href=\"http:\/\/www.naturschutzgrossprojekt-kellerwald.de\" target=\"_blank\">www.naturschutzgrossprojekt-kellerwald.de<\/a><\/p>\n<p>&nbsp;<\/p>\n<p>&nbsp;<\/p>\n<p>&nbsp;<\/p>\n","protected":false},"excerpt":{"rendered":"<p>Naturparke liefern wesentliche Beitr\u00e4ge f\u00fcr den Naturschutz in Deutschland. Welche Leistungen Naturparke bisher erbracht haben, zeigen ausgew\u00e4hlte Beispiele im Natur- und Artenschutz. <\/p>\n","protected":false},"author":51,"featured_media":7650,"comment_status":"open","ping_status":"open","sticky":false,"template":"","format":"standard","meta":{"_links_to":"","_links_to_target":""},"categories":[51],"tags":[],"yoast_head":"<!-- This site is optimized with the Yoast SEO plugin v19.10 - https:\/\/yoast.com\/wordpress\/plugins\/seo\/ -->\n<title>\u201eAnvertraut\u201c \u2013 Naturschutz in Naturparken<\/title>\n<meta name=\"description\" content=\"Naturparke liefern wesentliche Beitr\u00e4ge f\u00fcr den Naturschutz in Deutschland. Welche Leistungen Naturparke bisher erbracht haben, zeigen ausgew\u00e4hlte Beispiele im Natur- und Artenschutz.\" \/>\n<meta name=\"robots\" content=\"index, follow, max-snippet:-1, max-image-preview:large, max-video-preview:-1\" \/>\n<link rel=\"canonical\" href=\"https:\/\/www.naturparkmagazin.de\/vdn\/anvertraut-naturschutz-in-naturparken\/\" \/>\n<meta property=\"og:locale\" content=\"de_DE\" \/>\n<meta property=\"og:type\" content=\"article\" \/>\n<meta property=\"og:title\" content=\"\u201eAnvertraut\u201c \u2013 Naturschutz in Naturparken\" \/>\n<meta property=\"og:description\" content=\"Naturparke liefern wesentliche Beitr\u00e4ge f\u00fcr den Naturschutz in Deutschland. Welche Leistungen Naturparke bisher erbracht haben, zeigen ausgew\u00e4hlte Beispiele im Natur- und Artenschutz.\" \/>\n<meta property=\"og:url\" content=\"https:\/\/www.naturparkmagazin.de\/vdn\/anvertraut-naturschutz-in-naturparken\/\" \/>\n<meta property=\"og:site_name\" content=\"Verband Deutscher Naturparke\" \/>\n<meta property=\"article:published_time\" content=\"2016-08-18T14:03:11+00:00\" \/>\n<meta property=\"article:modified_time\" content=\"2016-08-30T09:09:45+00:00\" \/>\n<meta property=\"og:image\" content=\"https:\/\/www.naturparkmagazin.de\/vdn\/wp-content\/uploads\/sites\/3\/MG_6400_beitragsbild.jpg\" \/>\n\t<meta property=\"og:image:width\" content=\"200\" \/>\n\t<meta property=\"og:image:height\" content=\"200\" \/>\n\t<meta property=\"og:image:type\" content=\"image\/jpeg\" \/>\n<meta name=\"author\" content=\"beatrixlosem\" \/>\n<meta name=\"twitter:label1\" content=\"Verfasst von\" \/>\n\t<meta name=\"twitter:data1\" content=\"beatrixlosem\" \/>\n\t<meta name=\"twitter:label2\" content=\"Gesch\u00e4tzte Lesezeit\" \/>\n\t<meta name=\"twitter:data2\" content=\"2\u00a0Minuten\" \/>\n<script type=\"application\/ld+json\" class=\"yoast-schema-graph\">{\"@context\":\"https:\/\/schema.org\",\"@graph\":[{\"@type\":\"WebPage\",\"@id\":\"https:\/\/www.naturparkmagazin.de\/vdn\/anvertraut-naturschutz-in-naturparken\/\",\"url\":\"https:\/\/www.naturparkmagazin.de\/vdn\/anvertraut-naturschutz-in-naturparken\/\",\"name\":\"\u201eAnvertraut\u201c \u2013 Naturschutz in Naturparken\",\"isPartOf\":{\"@id\":\"https:\/\/www.naturparkmagazin.de\/vdn\/#website\"},\"datePublished\":\"2016-08-18T14:03:11+00:00\",\"dateModified\":\"2016-08-30T09:09:45+00:00\",\"author\":{\"@id\":\"https:\/\/www.naturparkmagazin.de\/vdn\/#\/schema\/person\/d71357578c318b6db03be60b1f60396b\"},\"description\":\"Naturparke liefern wesentliche Beitr\u00e4ge f\u00fcr den Naturschutz in Deutschland. Welche Leistungen Naturparke bisher erbracht haben, zeigen ausgew\u00e4hlte Beispiele im Natur- und Artenschutz.\",\"breadcrumb\":{\"@id\":\"https:\/\/www.naturparkmagazin.de\/vdn\/anvertraut-naturschutz-in-naturparken\/#breadcrumb\"},\"inLanguage\":\"de\",\"potentialAction\":[{\"@type\":\"ReadAction\",\"target\":[\"https:\/\/www.naturparkmagazin.de\/vdn\/anvertraut-naturschutz-in-naturparken\/\"]}]},{\"@type\":\"BreadcrumbList\",\"@id\":\"https:\/\/www.naturparkmagazin.de\/vdn\/anvertraut-naturschutz-in-naturparken\/#breadcrumb\",\"itemListElement\":[{\"@type\":\"ListItem\",\"position\":1,\"name\":\"Home\",\"item\":\"https:\/\/www.naturparkmagazin.de\/vdn\/\"},{\"@type\":\"ListItem\",\"position\":2,\"name\":\"\u201eAnvertraut\u201c \u2013 Naturschutz in Naturparken\"}]},{\"@type\":\"WebSite\",\"@id\":\"https:\/\/www.naturparkmagazin.de\/vdn\/#website\",\"url\":\"https:\/\/www.naturparkmagazin.de\/vdn\/\",\"name\":\"Verband Deutscher Naturparke\",\"description\":\"Eine weitere Naturparkmagazin.de Netzwerk Seite\",\"potentialAction\":[{\"@type\":\"SearchAction\",\"target\":{\"@type\":\"EntryPoint\",\"urlTemplate\":\"https:\/\/www.naturparkmagazin.de\/vdn\/?s={search_term_string}\"},\"query-input\":\"required name=search_term_string\"}],\"inLanguage\":\"de\"},{\"@type\":\"Person\",\"@id\":\"https:\/\/www.naturparkmagazin.de\/vdn\/#\/schema\/person\/d71357578c318b6db03be60b1f60396b\",\"name\":\"beatrixlosem\",\"url\":\"https:\/\/www.naturparkmagazin.de\/vdn\/author\/beatrixlosem\/\"}]}<\/script>\n<!-- \/ Yoast SEO plugin. -->","yoast_head_json":{"title":"\u201eAnvertraut\u201c \u2013 Naturschutz in Naturparken","description":"Naturparke liefern wesentliche Beitr\u00e4ge f\u00fcr den Naturschutz in Deutschland. Welche Leistungen Naturparke bisher erbracht haben, zeigen ausgew\u00e4hlte Beispiele im Natur- und Artenschutz.","robots":{"index":"index","follow":"follow","max-snippet":"max-snippet:-1","max-image-preview":"max-image-preview:large","max-video-preview":"max-video-preview:-1"},"canonical":"https:\/\/www.naturparkmagazin.de\/vdn\/anvertraut-naturschutz-in-naturparken\/","og_locale":"de_DE","og_type":"article","og_title":"\u201eAnvertraut\u201c \u2013 Naturschutz in Naturparken","og_description":"Naturparke liefern wesentliche Beitr\u00e4ge f\u00fcr den Naturschutz in Deutschland. Welche Leistungen Naturparke bisher erbracht haben, zeigen ausgew\u00e4hlte Beispiele im Natur- und Artenschutz.","og_url":"https:\/\/www.naturparkmagazin.de\/vdn\/anvertraut-naturschutz-in-naturparken\/","og_site_name":"Verband Deutscher Naturparke","article_published_time":"2016-08-18T14:03:11+00:00","article_modified_time":"2016-08-30T09:09:45+00:00","og_image":[{"width":200,"height":200,"url":"https:\/\/www.naturparkmagazin.de\/vdn\/wp-content\/uploads\/sites\/3\/MG_6400_beitragsbild.jpg","type":"image\/jpeg"}],"author":"beatrixlosem","twitter_misc":{"Verfasst von":"beatrixlosem","Gesch\u00e4tzte Lesezeit":"2\u00a0Minuten"},"schema":{"@context":"https:\/\/schema.org","@graph":[{"@type":"WebPage","@id":"https:\/\/www.naturparkmagazin.de\/vdn\/anvertraut-naturschutz-in-naturparken\/","url":"https:\/\/www.naturparkmagazin.de\/vdn\/anvertraut-naturschutz-in-naturparken\/","name":"\u201eAnvertraut\u201c \u2013 Naturschutz in Naturparken","isPartOf":{"@id":"https:\/\/www.naturparkmagazin.de\/vdn\/#website"},"datePublished":"2016-08-18T14:03:11+00:00","dateModified":"2016-08-30T09:09:45+00:00","author":{"@id":"https:\/\/www.naturparkmagazin.de\/vdn\/#\/schema\/person\/d71357578c318b6db03be60b1f60396b"},"description":"Naturparke liefern wesentliche Beitr\u00e4ge f\u00fcr den Naturschutz in Deutschland. Welche Leistungen Naturparke bisher erbracht haben, zeigen ausgew\u00e4hlte Beispiele im Natur- und Artenschutz.","breadcrumb":{"@id":"https:\/\/www.naturparkmagazin.de\/vdn\/anvertraut-naturschutz-in-naturparken\/#breadcrumb"},"inLanguage":"de","potentialAction":[{"@type":"ReadAction","target":["https:\/\/www.naturparkmagazin.de\/vdn\/anvertraut-naturschutz-in-naturparken\/"]}]},{"@type":"BreadcrumbList","@id":"https:\/\/www.naturparkmagazin.de\/vdn\/anvertraut-naturschutz-in-naturparken\/#breadcrumb","itemListElement":[{"@type":"ListItem","position":1,"name":"Home","item":"https:\/\/www.naturparkmagazin.de\/vdn\/"},{"@type":"ListItem","position":2,"name":"\u201eAnvertraut\u201c \u2013 Naturschutz in Naturparken"}]},{"@type":"WebSite","@id":"https:\/\/www.naturparkmagazin.de\/vdn\/#website","url":"https:\/\/www.naturparkmagazin.de\/vdn\/","name":"Verband Deutscher Naturparke","description":"Eine weitere Naturparkmagazin.de Netzwerk Seite","potentialAction":[{"@type":"SearchAction","target":{"@type":"EntryPoint","urlTemplate":"https:\/\/www.naturparkmagazin.de\/vdn\/?s={search_term_string}"},"query-input":"required name=search_term_string"}],"inLanguage":"de"},{"@type":"Person","@id":"https:\/\/www.naturparkmagazin.de\/vdn\/#\/schema\/person\/d71357578c318b6db03be60b1f60396b","name":"beatrixlosem","url":"https:\/\/www.naturparkmagazin.de\/vdn\/author\/beatrixlosem\/"}]}},"_links":{"self":[{"href":"https:\/\/www.naturparkmagazin.de\/vdn\/wp-json\/wp\/v2\/posts\/7640"}],"collection":[{"href":"https:\/\/www.naturparkmagazin.de\/vdn\/wp-json\/wp\/v2\/posts"}],"about":[{"href":"https:\/\/www.naturparkmagazin.de\/vdn\/wp-json\/wp\/v2\/types\/post"}],"author":[{"embeddable":true,"href":"https:\/\/www.naturparkmagazin.de\/vdn\/wp-json\/wp\/v2\/users\/51"}],"replies":[{"embeddable":true,"href":"https:\/\/www.naturparkmagazin.de\/vdn\/wp-json\/wp\/v2\/comments?post=7640"}],"version-history":[{"count":6,"href":"https:\/\/www.naturparkmagazin.de\/vdn\/wp-json\/wp\/v2\/posts\/7640\/revisions"}],"predecessor-version":[{"id":7688,"href":"https:\/\/www.naturparkmagazin.de\/vdn\/wp-json\/wp\/v2\/posts\/7640\/revisions\/7688"}],"wp:featuredmedia":[{"embeddable":true,"href":"https:\/\/www.naturparkmagazin.de\/vdn\/wp-json\/wp\/v2\/media\/7650"}],"wp:attachment":[{"href":"https:\/\/www.naturparkmagazin.de\/vdn\/wp-json\/wp\/v2\/media?parent=7640"}],"wp:term":[{"taxonomy":"category","embeddable":true,"href":"https:\/\/www.naturparkmagazin.de\/vdn\/wp-json\/wp\/v2\/categories?post=7640"},{"taxonomy":"post_tag","embeddable":true,"href":"https:\/\/www.naturparkmagazin.de\/vdn\/wp-json\/wp\/v2\/tags?post=7640"}],"curies":[{"name":"wp","href":"https:\/\/api.w.org\/{rel}","templated":true}]}}