{"id":7703,"date":"2016-09-15T10:20:18","date_gmt":"2016-09-15T08:20:18","guid":{"rendered":"http:\/\/www.naturparkmagazin.de\/vdn\/?p=7703"},"modified":"2016-09-28T15:12:01","modified_gmt":"2016-09-28T13:12:01","slug":"indian-summer-im-fullener-wald","status":"publish","type":"post","link":"https:\/\/www.naturparkmagazin.de\/vdn\/indian-summer-im-fullener-wald\/","title":{"rendered":"Indian Summer im Fullener Wald"},"content":{"rendered":"<div id=\"attachment_7706\" style=\"width: 510px\" class=\"wp-caption aligncenter\"><a href=\"https:\/\/www.naturparkmagazin.de\/vdn\/wp-content\/uploads\/sites\/3\/NaturparkMoor_bodenprofil_fullenerwald-Beitrag.jpg\"><img aria-describedby=\"caption-attachment-7706\" decoding=\"async\" loading=\"lazy\" class=\"size-full wp-image-7706\" src=\"https:\/\/www.naturparkmagazin.de\/vdn\/wp-content\/uploads\/sites\/3\/NaturparkMoor_bodenprofil_fullenerwald-Beitrag.jpg\" alt=\"\u00a9Internationaler Naturpark Bourtanger Moor - Bargerveen\" width=\"500\" height=\"300\" srcset=\"https:\/\/www.naturparkmagazin.de\/vdn\/wp-content\/uploads\/sites\/3\/NaturparkMoor_bodenprofil_fullenerwald-Beitrag.jpg 500w, https:\/\/www.naturparkmagazin.de\/vdn\/wp-content\/uploads\/sites\/3\/NaturparkMoor_bodenprofil_fullenerwald-Beitrag-300x180.jpg 300w, https:\/\/www.naturparkmagazin.de\/vdn\/wp-content\/uploads\/sites\/3\/NaturparkMoor_bodenprofil_fullenerwald-Beitrag-200x120.jpg 200w\" sizes=\"(max-width: 500px) 100vw, 500px\" \/><\/a><p id=\"caption-attachment-7706\" class=\"wp-caption-text\">\u00a9Internationaler Naturpark Bourtanger Moor &#8211; Bargerveen<\/p><\/div>\n<p>Im Internationalen Naturpark Bourtanger Moor \u2013 Bargerveen sind Waldvorkommen eher selten. Das liegt daran, dass Pflanzen auf den n\u00e4hrstoffarmen, nassen Moorb\u00f6den schlecht gedeihen. Doch mit dem Fullener Wald hat sich auf ehemaligem, tief gepfl\u00fcgtem Moorgebiet ein heute 285 Hektar gro\u00dfer, \u00fcppiger Wald entwickelt. Die Naturpark-F\u00fchrung unter dem Titel \u201eIndian Summer im Fullener Wald\u201c am Samstag, 29. Oktober, um 15.00 Uhr \u2013 f\u00fchrt mitten hinein in den jungen Mischwald.\nZwischen 1980 und 1995 wurden auf den abgetorften Fl\u00e4chen insgesamt 1,3 Millionen B\u00e4ume ges\u00e4t und gepflanzt. Entstanden ist ein wertvoller Lebensraum f\u00fcr unterschiedlichste Tiere und Pflanzen, eine Erholungslandschaft f\u00fcr den Menschen und ein f\u00fcr die Holzwirtschaft zunehmend interessantes Terrain. Mit dem Fullener Waldweg und dem Fullener Moorweg haben sich zwei Spazierwege etabliert, auf denen der Wandel vom Moor zum Wald erlebbar wird. So eine Entdeckungsreise bietet auch diese F\u00fchrung, in deren Verlauf Entstehung und Entwicklung des erst 35 Jahre alten Waldes erl\u00e4utert werden \u2013 in all seinen Facetten, inklusive Teichen und Wiesen, Feucht- und sonstigen Freilandbiotopen.<\/p>\n<div id=\"attachment_7707\" style=\"width: 510px\" class=\"wp-caption aligncenter\"><a href=\"https:\/\/www.naturparkmagazin.de\/vdn\/wp-content\/uploads\/sites\/3\/NaturparkMoor_fullenerwald_anjapoker-Beitrag.jpg\"><img aria-describedby=\"caption-attachment-7707\" decoding=\"async\" loading=\"lazy\" class=\"size-full wp-image-7707\" src=\"https:\/\/www.naturparkmagazin.de\/vdn\/wp-content\/uploads\/sites\/3\/NaturparkMoor_fullenerwald_anjapoker-Beitrag.jpg\" alt=\"Naturpark Moor - Fullener Wald \u00a9Anja Poker\" width=\"500\" height=\"300\" srcset=\"https:\/\/www.naturparkmagazin.de\/vdn\/wp-content\/uploads\/sites\/3\/NaturparkMoor_fullenerwald_anjapoker-Beitrag.jpg 500w, https:\/\/www.naturparkmagazin.de\/vdn\/wp-content\/uploads\/sites\/3\/NaturparkMoor_fullenerwald_anjapoker-Beitrag-300x180.jpg 300w, https:\/\/www.naturparkmagazin.de\/vdn\/wp-content\/uploads\/sites\/3\/NaturparkMoor_fullenerwald_anjapoker-Beitrag-200x120.jpg 200w\" sizes=\"(max-width: 500px) 100vw, 500px\" \/><\/a><p id=\"caption-attachment-7707\" class=\"wp-caption-text\">Naturpark Moor &#8211; Fullener Wald \u00a9Anja Poker<\/p><\/div>\n<p>&nbsp;<\/p>\n","protected":false},"excerpt":{"rendered":"<p>Leuchtendes Herbstlaub vor blauem Himmel \u2013 das allein macht zwar noch keinen \u201eIndian Summer\u201c, weckt aber entsprechende Gef\u00fchle und bezaubert die Betrachter im Internationalen Naturpark Bourtanger Moor \u2013 Bargerveen.<\/p>\n","protected":false},"author":51,"featured_media":7792,"comment_status":"open","ping_status":"open","sticky":false,"template":"","format":"standard","meta":{"_links_to":"","_links_to_target":""},"categories":[617],"tags":[508,263,705,704,3155,91,370,231,86,347,208,81,3154,82,41,137,95,260],"yoast_head":"<!-- This site is optimized with the Yoast SEO plugin v19.10 - https:\/\/yoast.com\/wordpress\/plugins\/seo\/ -->\n<title>Indian Summer im Fullener Wald<\/title>\n<meta name=\"description\" content=\"Leuchtendes Herbstlaub vor blauem Himmel \u2013 das allein macht zwar noch keinen \u201eIndian Summer\u201c, weckt aber entsprechende Gef\u00fchle und bezaubert die Betrachter im Internationalen Naturpark Bourtanger Moor \u2013 Bargerveen.\" \/>\n<meta name=\"robots\" content=\"index, follow, max-snippet:-1, max-image-preview:large, max-video-preview:-1\" \/>\n<link rel=\"canonical\" href=\"https:\/\/www.naturparkmagazin.de\/vdn\/indian-summer-im-fullener-wald\/\" \/>\n<meta property=\"og:locale\" content=\"de_DE\" \/>\n<meta property=\"og:type\" content=\"article\" \/>\n<meta property=\"og:title\" content=\"Indian Summer im Fullener Wald\" \/>\n<meta property=\"og:description\" content=\"Leuchtendes Herbstlaub vor blauem Himmel \u2013 das allein macht zwar noch keinen \u201eIndian Summer\u201c, weckt aber entsprechende Gef\u00fchle und bezaubert die Betrachter im Internationalen Naturpark Bourtanger Moor \u2013 Bargerveen.\" \/>\n<meta property=\"og:url\" content=\"https:\/\/www.naturparkmagazin.de\/vdn\/indian-summer-im-fullener-wald\/\" \/>\n<meta property=\"og:site_name\" content=\"Verband Deutscher Naturparke\" \/>\n<meta property=\"article:published_time\" content=\"2016-09-15T08:20:18+00:00\" \/>\n<meta property=\"article:modified_time\" content=\"2016-09-28T13:12:01+00:00\" \/>\n<meta property=\"og:image\" content=\"https:\/\/www.naturparkmagazin.de\/vdn\/wp-content\/uploads\/sites\/3\/V2IMG_6256_ShiftN-beitragsphoto.jpg\" \/>\n\t<meta property=\"og:image:width\" content=\"200\" \/>\n\t<meta property=\"og:image:height\" content=\"200\" \/>\n\t<meta property=\"og:image:type\" content=\"image\/jpeg\" \/>\n<meta name=\"author\" content=\"beatrixlosem\" \/>\n<meta name=\"twitter:label1\" content=\"Verfasst von\" \/>\n\t<meta name=\"twitter:data1\" content=\"beatrixlosem\" \/>\n\t<meta name=\"twitter:label2\" content=\"Gesch\u00e4tzte Lesezeit\" \/>\n\t<meta name=\"twitter:data2\" content=\"1\u00a0Minute\" \/>\n<script type=\"application\/ld+json\" class=\"yoast-schema-graph\">{\"@context\":\"https:\/\/schema.org\",\"@graph\":[{\"@type\":\"WebPage\",\"@id\":\"https:\/\/www.naturparkmagazin.de\/vdn\/indian-summer-im-fullener-wald\/\",\"url\":\"https:\/\/www.naturparkmagazin.de\/vdn\/indian-summer-im-fullener-wald\/\",\"name\":\"Indian Summer im Fullener Wald\",\"isPartOf\":{\"@id\":\"https:\/\/www.naturparkmagazin.de\/vdn\/#website\"},\"datePublished\":\"2016-09-15T08:20:18+00:00\",\"dateModified\":\"2016-09-28T13:12:01+00:00\",\"author\":{\"@id\":\"https:\/\/www.naturparkmagazin.de\/vdn\/#\/schema\/person\/d71357578c318b6db03be60b1f60396b\"},\"description\":\"Leuchtendes Herbstlaub vor blauem Himmel \u2013 das allein macht zwar noch keinen \u201eIndian Summer\u201c, weckt aber entsprechende Gef\u00fchle und bezaubert die Betrachter im Internationalen Naturpark Bourtanger Moor \u2013 Bargerveen.\",\"breadcrumb\":{\"@id\":\"https:\/\/www.naturparkmagazin.de\/vdn\/indian-summer-im-fullener-wald\/#breadcrumb\"},\"inLanguage\":\"de\",\"potentialAction\":[{\"@type\":\"ReadAction\",\"target\":[\"https:\/\/www.naturparkmagazin.de\/vdn\/indian-summer-im-fullener-wald\/\"]}]},{\"@type\":\"BreadcrumbList\",\"@id\":\"https:\/\/www.naturparkmagazin.de\/vdn\/indian-summer-im-fullener-wald\/#breadcrumb\",\"itemListElement\":[{\"@type\":\"ListItem\",\"position\":1,\"name\":\"Home\",\"item\":\"https:\/\/www.naturparkmagazin.de\/vdn\/\"},{\"@type\":\"ListItem\",\"position\":2,\"name\":\"Indian Summer im Fullener Wald\"}]},{\"@type\":\"WebSite\",\"@id\":\"https:\/\/www.naturparkmagazin.de\/vdn\/#website\",\"url\":\"https:\/\/www.naturparkmagazin.de\/vdn\/\",\"name\":\"Verband Deutscher Naturparke\",\"description\":\"Eine weitere Naturparkmagazin.de Netzwerk Seite\",\"potentialAction\":[{\"@type\":\"SearchAction\",\"target\":{\"@type\":\"EntryPoint\",\"urlTemplate\":\"https:\/\/www.naturparkmagazin.de\/vdn\/?s={search_term_string}\"},\"query-input\":\"required name=search_term_string\"}],\"inLanguage\":\"de\"},{\"@type\":\"Person\",\"@id\":\"https:\/\/www.naturparkmagazin.de\/vdn\/#\/schema\/person\/d71357578c318b6db03be60b1f60396b\",\"name\":\"beatrixlosem\",\"url\":\"https:\/\/www.naturparkmagazin.de\/vdn\/author\/beatrixlosem\/\"}]}<\/script>\n<!-- \/ Yoast SEO plugin. -->","yoast_head_json":{"title":"Indian Summer im Fullener Wald","description":"Leuchtendes Herbstlaub vor blauem Himmel \u2013 das allein macht zwar noch keinen \u201eIndian Summer\u201c, weckt aber entsprechende Gef\u00fchle und bezaubert die Betrachter im Internationalen Naturpark Bourtanger Moor \u2013 Bargerveen.","robots":{"index":"index","follow":"follow","max-snippet":"max-snippet:-1","max-image-preview":"max-image-preview:large","max-video-preview":"max-video-preview:-1"},"canonical":"https:\/\/www.naturparkmagazin.de\/vdn\/indian-summer-im-fullener-wald\/","og_locale":"de_DE","og_type":"article","og_title":"Indian Summer im Fullener Wald","og_description":"Leuchtendes Herbstlaub vor blauem Himmel \u2013 das allein macht zwar noch keinen \u201eIndian Summer\u201c, weckt aber entsprechende Gef\u00fchle und bezaubert die Betrachter im Internationalen Naturpark Bourtanger Moor \u2013 Bargerveen.","og_url":"https:\/\/www.naturparkmagazin.de\/vdn\/indian-summer-im-fullener-wald\/","og_site_name":"Verband Deutscher Naturparke","article_published_time":"2016-09-15T08:20:18+00:00","article_modified_time":"2016-09-28T13:12:01+00:00","og_image":[{"width":200,"height":200,"url":"https:\/\/www.naturparkmagazin.de\/vdn\/wp-content\/uploads\/sites\/3\/V2IMG_6256_ShiftN-beitragsphoto.jpg","type":"image\/jpeg"}],"author":"beatrixlosem","twitter_misc":{"Verfasst von":"beatrixlosem","Gesch\u00e4tzte Lesezeit":"1\u00a0Minute"},"schema":{"@context":"https:\/\/schema.org","@graph":[{"@type":"WebPage","@id":"https:\/\/www.naturparkmagazin.de\/vdn\/indian-summer-im-fullener-wald\/","url":"https:\/\/www.naturparkmagazin.de\/vdn\/indian-summer-im-fullener-wald\/","name":"Indian Summer im Fullener Wald","isPartOf":{"@id":"https:\/\/www.naturparkmagazin.de\/vdn\/#website"},"datePublished":"2016-09-15T08:20:18+00:00","dateModified":"2016-09-28T13:12:01+00:00","author":{"@id":"https:\/\/www.naturparkmagazin.de\/vdn\/#\/schema\/person\/d71357578c318b6db03be60b1f60396b"},"description":"Leuchtendes Herbstlaub vor blauem Himmel \u2013 das allein macht zwar noch keinen \u201eIndian Summer\u201c, weckt aber entsprechende Gef\u00fchle und bezaubert die Betrachter im Internationalen Naturpark Bourtanger Moor \u2013 Bargerveen.","breadcrumb":{"@id":"https:\/\/www.naturparkmagazin.de\/vdn\/indian-summer-im-fullener-wald\/#breadcrumb"},"inLanguage":"de","potentialAction":[{"@type":"ReadAction","target":["https:\/\/www.naturparkmagazin.de\/vdn\/indian-summer-im-fullener-wald\/"]}]},{"@type":"BreadcrumbList","@id":"https:\/\/www.naturparkmagazin.de\/vdn\/indian-summer-im-fullener-wald\/#breadcrumb","itemListElement":[{"@type":"ListItem","position":1,"name":"Home","item":"https:\/\/www.naturparkmagazin.de\/vdn\/"},{"@type":"ListItem","position":2,"name":"Indian Summer im Fullener Wald"}]},{"@type":"WebSite","@id":"https:\/\/www.naturparkmagazin.de\/vdn\/#website","url":"https:\/\/www.naturparkmagazin.de\/vdn\/","name":"Verband Deutscher Naturparke","description":"Eine weitere Naturparkmagazin.de Netzwerk Seite","potentialAction":[{"@type":"SearchAction","target":{"@type":"EntryPoint","urlTemplate":"https:\/\/www.naturparkmagazin.de\/vdn\/?s={search_term_string}"},"query-input":"required name=search_term_string"}],"inLanguage":"de"},{"@type":"Person","@id":"https:\/\/www.naturparkmagazin.de\/vdn\/#\/schema\/person\/d71357578c318b6db03be60b1f60396b","name":"beatrixlosem","url":"https:\/\/www.naturparkmagazin.de\/vdn\/author\/beatrixlosem\/"}]}},"_links":{"self":[{"href":"https:\/\/www.naturparkmagazin.de\/vdn\/wp-json\/wp\/v2\/posts\/7703"}],"collection":[{"href":"https:\/\/www.naturparkmagazin.de\/vdn\/wp-json\/wp\/v2\/posts"}],"about":[{"href":"https:\/\/www.naturparkmagazin.de\/vdn\/wp-json\/wp\/v2\/types\/post"}],"author":[{"embeddable":true,"href":"https:\/\/www.naturparkmagazin.de\/vdn\/wp-json\/wp\/v2\/users\/51"}],"replies":[{"embeddable":true,"href":"https:\/\/www.naturparkmagazin.de\/vdn\/wp-json\/wp\/v2\/comments?post=7703"}],"version-history":[{"count":2,"href":"https:\/\/www.naturparkmagazin.de\/vdn\/wp-json\/wp\/v2\/posts\/7703\/revisions"}],"predecessor-version":[{"id":7710,"href":"https:\/\/www.naturparkmagazin.de\/vdn\/wp-json\/wp\/v2\/posts\/7703\/revisions\/7710"}],"wp:featuredmedia":[{"embeddable":true,"href":"https:\/\/www.naturparkmagazin.de\/vdn\/wp-json\/wp\/v2\/media\/7792"}],"wp:attachment":[{"href":"https:\/\/www.naturparkmagazin.de\/vdn\/wp-json\/wp\/v2\/media?parent=7703"}],"wp:term":[{"taxonomy":"category","embeddable":true,"href":"https:\/\/www.naturparkmagazin.de\/vdn\/wp-json\/wp\/v2\/categories?post=7703"},{"taxonomy":"post_tag","embeddable":true,"href":"https:\/\/www.naturparkmagazin.de\/vdn\/wp-json\/wp\/v2\/tags?post=7703"}],"curies":[{"name":"wp","href":"https:\/\/api.w.org\/{rel}","templated":true}]}}