{"id":7705,"date":"2016-09-15T11:07:48","date_gmt":"2016-09-15T09:07:48","guid":{"rendered":"http:\/\/www.naturparkmagazin.de\/vdn\/?p=7705"},"modified":"2016-09-15T11:10:30","modified_gmt":"2016-09-15T09:10:30","slug":"streuobstwiesen-von-ulrike-sobick","status":"publish","type":"post","link":"https:\/\/www.naturparkmagazin.de\/vdn\/streuobstwiesen-von-ulrike-sobick\/","title":{"rendered":"\u201eStreuobstwiesen\u201c von Ulrike Sobick"},"content":{"rendered":"<p>&nbsp;<\/p>\n<div id=\"attachment_7713\" style=\"width: 510px\" class=\"wp-caption aligncenter\"><a href=\"https:\/\/www.naturparkmagazin.de\/vdn\/wp-content\/uploads\/sites\/3\/compstreu-bien_Beitrag.jpg\"><img aria-describedby=\"caption-attachment-7713\" decoding=\"async\" loading=\"lazy\" class=\"size-full wp-image-7713\" src=\"https:\/\/www.naturparkmagazin.de\/vdn\/wp-content\/uploads\/sites\/3\/compstreu-bien_Beitrag.jpg\" alt=\"Streuobstwiese - Eldorado f\u00fcr die Bienen\u00a9VDN\/Ulrike Sobick\" width=\"500\" height=\"300\" srcset=\"https:\/\/www.naturparkmagazin.de\/vdn\/wp-content\/uploads\/sites\/3\/compstreu-bien_Beitrag.jpg 500w, https:\/\/www.naturparkmagazin.de\/vdn\/wp-content\/uploads\/sites\/3\/compstreu-bien_Beitrag-300x180.jpg 300w, https:\/\/www.naturparkmagazin.de\/vdn\/wp-content\/uploads\/sites\/3\/compstreu-bien_Beitrag-200x120.jpg 200w\" sizes=\"(max-width: 500px) 100vw, 500px\" \/><\/a><p id=\"caption-attachment-7713\" class=\"wp-caption-text\">Streuobstwiese &#8211; Eldorado f\u00fcr die Bienen \u00a9 VDN\/Ulrike Sobick<\/p><\/div>\n<p>Ulrike Sobicks Siegerfoto verbildlicht das Monatsthema &#8222;Streuobstwiesen&#8220; sehr klar, einfach und direkt. Die Details der Fotografie unterscheiden sie laut Jury dabei von anderen, ihr \u00e4hnlichen Darstellungen. Etwa vier F\u00fcnftel der horizontal gegliederten Aufnahme sind diesem Naturph\u00e4nomen gewidmet. Im unteren F\u00fcnftel des Bildes stehen im Schatten der B\u00e4ume Beh\u00e4lter, die Bienenv\u00f6lker beherbergen. Auch f\u00fcr sie muss die Zeit der Apfelbl\u00fcte eine Besonderheit darstellen. Der zu sammelnde Nektar steht ihnen in unendlichem \u00dcberfluss ohne weite Wege zur Verf\u00fcgung. Die Vorstellung des Summens tausender Bienen verleiht der Aufnahme beinahe akustische Qualit\u00e4ten.<\/p>\n","protected":false},"excerpt":{"rendered":"<p>In unserem Bild des Monats zeigt die Fotografin Ulrike Sobick eine Streuobstwiese als Eldorado f\u00fcr Bienen und wurde daf\u00fcr mit dem 1. Platz des Fotowettbewerbs \u201eAugenblick Natur\u201c im Monat Juli belohnt.<\/p>\n","protected":false},"author":51,"featured_media":7708,"comment_status":"open","ping_status":"open","sticky":false,"template":"","format":"standard","meta":{"_links_to":"","_links_to_target":""},"categories":[10],"tags":[365,684,3150,22,244,677],"yoast_head":"<!-- This site is optimized with the Yoast SEO plugin v19.10 - https:\/\/yoast.com\/wordpress\/plugins\/seo\/ -->\n<title>\u201eStreuobstwiesen\u201c von Ulrike Sobick<\/title>\n<meta name=\"description\" content=\"In unserem Bild des Monats zeigt die Fotografin Ulrike Sobick eine Streuobstwiese als Eldorado f\u00fcr Bienen und wurde daf\u00fcr mit dem 1. Platz des Fotowettbewerbs \u201eAugenblick Natur\u201c im Monat Juli belohnt.\" \/>\n<meta name=\"robots\" content=\"index, follow, max-snippet:-1, max-image-preview:large, max-video-preview:-1\" \/>\n<link rel=\"canonical\" href=\"https:\/\/www.naturparkmagazin.de\/vdn\/streuobstwiesen-von-ulrike-sobick\/\" \/>\n<meta property=\"og:locale\" content=\"de_DE\" \/>\n<meta property=\"og:type\" content=\"article\" \/>\n<meta property=\"og:title\" content=\"\u201eStreuobstwiesen\u201c von Ulrike Sobick\" \/>\n<meta property=\"og:description\" content=\"In unserem Bild des Monats zeigt die Fotografin Ulrike Sobick eine Streuobstwiese als Eldorado f\u00fcr Bienen und wurde daf\u00fcr mit dem 1. Platz des Fotowettbewerbs \u201eAugenblick Natur\u201c im Monat Juli belohnt.\" \/>\n<meta property=\"og:url\" content=\"https:\/\/www.naturparkmagazin.de\/vdn\/streuobstwiesen-von-ulrike-sobick\/\" \/>\n<meta property=\"og:site_name\" content=\"Verband Deutscher Naturparke\" \/>\n<meta property=\"article:published_time\" content=\"2016-09-15T09:07:48+00:00\" \/>\n<meta property=\"article:modified_time\" content=\"2016-09-15T09:10:30+00:00\" \/>\n<meta property=\"og:image\" content=\"https:\/\/www.naturparkmagazin.de\/vdn\/wp-content\/uploads\/sites\/3\/compstreu-bien_200x200.jpg\" \/>\n\t<meta property=\"og:image:width\" content=\"200\" \/>\n\t<meta property=\"og:image:height\" content=\"200\" \/>\n\t<meta property=\"og:image:type\" content=\"image\/jpeg\" \/>\n<meta name=\"author\" content=\"beatrixlosem\" \/>\n<meta name=\"twitter:label1\" content=\"Verfasst von\" \/>\n\t<meta name=\"twitter:data1\" content=\"beatrixlosem\" \/>\n\t<meta name=\"twitter:label2\" content=\"Gesch\u00e4tzte Lesezeit\" \/>\n\t<meta name=\"twitter:data2\" content=\"1\u00a0Minute\" \/>\n<script type=\"application\/ld+json\" class=\"yoast-schema-graph\">{\"@context\":\"https:\/\/schema.org\",\"@graph\":[{\"@type\":\"WebPage\",\"@id\":\"https:\/\/www.naturparkmagazin.de\/vdn\/streuobstwiesen-von-ulrike-sobick\/\",\"url\":\"https:\/\/www.naturparkmagazin.de\/vdn\/streuobstwiesen-von-ulrike-sobick\/\",\"name\":\"\u201eStreuobstwiesen\u201c von Ulrike Sobick\",\"isPartOf\":{\"@id\":\"https:\/\/www.naturparkmagazin.de\/vdn\/#website\"},\"datePublished\":\"2016-09-15T09:07:48+00:00\",\"dateModified\":\"2016-09-15T09:10:30+00:00\",\"author\":{\"@id\":\"https:\/\/www.naturparkmagazin.de\/vdn\/#\/schema\/person\/d71357578c318b6db03be60b1f60396b\"},\"description\":\"In unserem Bild des Monats zeigt die Fotografin Ulrike Sobick eine Streuobstwiese als Eldorado f\u00fcr Bienen und wurde daf\u00fcr mit dem 1. Platz des Fotowettbewerbs \u201eAugenblick Natur\u201c im Monat Juli belohnt.\",\"breadcrumb\":{\"@id\":\"https:\/\/www.naturparkmagazin.de\/vdn\/streuobstwiesen-von-ulrike-sobick\/#breadcrumb\"},\"inLanguage\":\"de\",\"potentialAction\":[{\"@type\":\"ReadAction\",\"target\":[\"https:\/\/www.naturparkmagazin.de\/vdn\/streuobstwiesen-von-ulrike-sobick\/\"]}]},{\"@type\":\"BreadcrumbList\",\"@id\":\"https:\/\/www.naturparkmagazin.de\/vdn\/streuobstwiesen-von-ulrike-sobick\/#breadcrumb\",\"itemListElement\":[{\"@type\":\"ListItem\",\"position\":1,\"name\":\"Home\",\"item\":\"https:\/\/www.naturparkmagazin.de\/vdn\/\"},{\"@type\":\"ListItem\",\"position\":2,\"name\":\"\u201eStreuobstwiesen\u201c von Ulrike Sobick\"}]},{\"@type\":\"WebSite\",\"@id\":\"https:\/\/www.naturparkmagazin.de\/vdn\/#website\",\"url\":\"https:\/\/www.naturparkmagazin.de\/vdn\/\",\"name\":\"Verband Deutscher Naturparke\",\"description\":\"Eine weitere Naturparkmagazin.de Netzwerk Seite\",\"potentialAction\":[{\"@type\":\"SearchAction\",\"target\":{\"@type\":\"EntryPoint\",\"urlTemplate\":\"https:\/\/www.naturparkmagazin.de\/vdn\/?s={search_term_string}\"},\"query-input\":\"required name=search_term_string\"}],\"inLanguage\":\"de\"},{\"@type\":\"Person\",\"@id\":\"https:\/\/www.naturparkmagazin.de\/vdn\/#\/schema\/person\/d71357578c318b6db03be60b1f60396b\",\"name\":\"beatrixlosem\",\"url\":\"https:\/\/www.naturparkmagazin.de\/vdn\/author\/beatrixlosem\/\"}]}<\/script>\n<!-- \/ Yoast SEO plugin. -->","yoast_head_json":{"title":"\u201eStreuobstwiesen\u201c von Ulrike Sobick","description":"In unserem Bild des Monats zeigt die Fotografin Ulrike Sobick eine Streuobstwiese als Eldorado f\u00fcr Bienen und wurde daf\u00fcr mit dem 1. Platz des Fotowettbewerbs \u201eAugenblick Natur\u201c im Monat Juli belohnt.","robots":{"index":"index","follow":"follow","max-snippet":"max-snippet:-1","max-image-preview":"max-image-preview:large","max-video-preview":"max-video-preview:-1"},"canonical":"https:\/\/www.naturparkmagazin.de\/vdn\/streuobstwiesen-von-ulrike-sobick\/","og_locale":"de_DE","og_type":"article","og_title":"\u201eStreuobstwiesen\u201c von Ulrike Sobick","og_description":"In unserem Bild des Monats zeigt die Fotografin Ulrike Sobick eine Streuobstwiese als Eldorado f\u00fcr Bienen und wurde daf\u00fcr mit dem 1. Platz des Fotowettbewerbs \u201eAugenblick Natur\u201c im Monat Juli belohnt.","og_url":"https:\/\/www.naturparkmagazin.de\/vdn\/streuobstwiesen-von-ulrike-sobick\/","og_site_name":"Verband Deutscher Naturparke","article_published_time":"2016-09-15T09:07:48+00:00","article_modified_time":"2016-09-15T09:10:30+00:00","og_image":[{"width":200,"height":200,"url":"https:\/\/www.naturparkmagazin.de\/vdn\/wp-content\/uploads\/sites\/3\/compstreu-bien_200x200.jpg","type":"image\/jpeg"}],"author":"beatrixlosem","twitter_misc":{"Verfasst von":"beatrixlosem","Gesch\u00e4tzte Lesezeit":"1\u00a0Minute"},"schema":{"@context":"https:\/\/schema.org","@graph":[{"@type":"WebPage","@id":"https:\/\/www.naturparkmagazin.de\/vdn\/streuobstwiesen-von-ulrike-sobick\/","url":"https:\/\/www.naturparkmagazin.de\/vdn\/streuobstwiesen-von-ulrike-sobick\/","name":"\u201eStreuobstwiesen\u201c von Ulrike Sobick","isPartOf":{"@id":"https:\/\/www.naturparkmagazin.de\/vdn\/#website"},"datePublished":"2016-09-15T09:07:48+00:00","dateModified":"2016-09-15T09:10:30+00:00","author":{"@id":"https:\/\/www.naturparkmagazin.de\/vdn\/#\/schema\/person\/d71357578c318b6db03be60b1f60396b"},"description":"In unserem Bild des Monats zeigt die Fotografin Ulrike Sobick eine Streuobstwiese als Eldorado f\u00fcr Bienen und wurde daf\u00fcr mit dem 1. Platz des Fotowettbewerbs \u201eAugenblick Natur\u201c im Monat Juli belohnt.","breadcrumb":{"@id":"https:\/\/www.naturparkmagazin.de\/vdn\/streuobstwiesen-von-ulrike-sobick\/#breadcrumb"},"inLanguage":"de","potentialAction":[{"@type":"ReadAction","target":["https:\/\/www.naturparkmagazin.de\/vdn\/streuobstwiesen-von-ulrike-sobick\/"]}]},{"@type":"BreadcrumbList","@id":"https:\/\/www.naturparkmagazin.de\/vdn\/streuobstwiesen-von-ulrike-sobick\/#breadcrumb","itemListElement":[{"@type":"ListItem","position":1,"name":"Home","item":"https:\/\/www.naturparkmagazin.de\/vdn\/"},{"@type":"ListItem","position":2,"name":"\u201eStreuobstwiesen\u201c von Ulrike Sobick"}]},{"@type":"WebSite","@id":"https:\/\/www.naturparkmagazin.de\/vdn\/#website","url":"https:\/\/www.naturparkmagazin.de\/vdn\/","name":"Verband Deutscher Naturparke","description":"Eine weitere Naturparkmagazin.de Netzwerk Seite","potentialAction":[{"@type":"SearchAction","target":{"@type":"EntryPoint","urlTemplate":"https:\/\/www.naturparkmagazin.de\/vdn\/?s={search_term_string}"},"query-input":"required name=search_term_string"}],"inLanguage":"de"},{"@type":"Person","@id":"https:\/\/www.naturparkmagazin.de\/vdn\/#\/schema\/person\/d71357578c318b6db03be60b1f60396b","name":"beatrixlosem","url":"https:\/\/www.naturparkmagazin.de\/vdn\/author\/beatrixlosem\/"}]}},"_links":{"self":[{"href":"https:\/\/www.naturparkmagazin.de\/vdn\/wp-json\/wp\/v2\/posts\/7705"}],"collection":[{"href":"https:\/\/www.naturparkmagazin.de\/vdn\/wp-json\/wp\/v2\/posts"}],"about":[{"href":"https:\/\/www.naturparkmagazin.de\/vdn\/wp-json\/wp\/v2\/types\/post"}],"author":[{"embeddable":true,"href":"https:\/\/www.naturparkmagazin.de\/vdn\/wp-json\/wp\/v2\/users\/51"}],"replies":[{"embeddable":true,"href":"https:\/\/www.naturparkmagazin.de\/vdn\/wp-json\/wp\/v2\/comments?post=7705"}],"version-history":[{"count":4,"href":"https:\/\/www.naturparkmagazin.de\/vdn\/wp-json\/wp\/v2\/posts\/7705\/revisions"}],"predecessor-version":[{"id":7715,"href":"https:\/\/www.naturparkmagazin.de\/vdn\/wp-json\/wp\/v2\/posts\/7705\/revisions\/7715"}],"wp:featuredmedia":[{"embeddable":true,"href":"https:\/\/www.naturparkmagazin.de\/vdn\/wp-json\/wp\/v2\/media\/7708"}],"wp:attachment":[{"href":"https:\/\/www.naturparkmagazin.de\/vdn\/wp-json\/wp\/v2\/media?parent=7705"}],"wp:term":[{"taxonomy":"category","embeddable":true,"href":"https:\/\/www.naturparkmagazin.de\/vdn\/wp-json\/wp\/v2\/categories?post=7705"},{"taxonomy":"post_tag","embeddable":true,"href":"https:\/\/www.naturparkmagazin.de\/vdn\/wp-json\/wp\/v2\/tags?post=7705"}],"curies":[{"name":"wp","href":"https:\/\/api.w.org\/{rel}","templated":true}]}}