{"id":7732,"date":"2016-09-15T13:44:14","date_gmt":"2016-09-15T11:44:14","guid":{"rendered":"http:\/\/www.naturparkmagazin.de\/vdn\/?p=7732"},"modified":"2016-10-17T17:22:51","modified_gmt":"2016-10-17T15:22:51","slug":"weissburgunder-chardonnay-aus-dem-naturpark-schwaebisch-fraenkischer-wald","status":"publish","type":"post","link":"https:\/\/www.naturparkmagazin.de\/vdn\/weissburgunder-chardonnay-aus-dem-naturpark-schwaebisch-fraenkischer-wald\/","title":{"rendered":"Wei\u00dfburgunder Chardonnay aus dem Naturpark Schw\u00e4bisch-Fr\u00e4nkischer Wald"},"content":{"rendered":"<div id=\"attachment_7733\" style=\"width: 510px\" class=\"wp-caption aligncenter\"><a href=\"https:\/\/www.naturparkmagazin.de\/vdn\/wp-content\/uploads\/sites\/3\/Weissburgunder_beitrag.jpg\"><img aria-describedby=\"caption-attachment-7733\" decoding=\"async\" loading=\"lazy\" class=\"size-full wp-image-7733\" src=\"https:\/\/www.naturparkmagazin.de\/vdn\/wp-content\/uploads\/sites\/3\/Weissburgunder_beitrag.jpg\" alt=\"Smothie-Senf\u00a9Naturgenuss\" width=\"500\" height=\"500\" srcset=\"https:\/\/www.naturparkmagazin.de\/vdn\/wp-content\/uploads\/sites\/3\/Weissburgunder_beitrag.jpg 500w, https:\/\/www.naturparkmagazin.de\/vdn\/wp-content\/uploads\/sites\/3\/Weissburgunder_beitrag-300x300.jpg 300w, https:\/\/www.naturparkmagazin.de\/vdn\/wp-content\/uploads\/sites\/3\/Weissburgunder_beitrag-200x200.jpg 200w, https:\/\/www.naturparkmagazin.de\/vdn\/wp-content\/uploads\/sites\/3\/Weissburgunder_beitrag-30x30.jpg 30w\" sizes=\"(max-width: 500px) 100vw, 500px\" \/><\/a><p id=\"caption-attachment-7733\" class=\"wp-caption-text\">Weissburgunder Chardonnay \u00a9Schw\u00e4bisch Fr\u00e4nkischer Wald<\/p><\/div>\n<p>Helles goldgelb im Glas, im Duft die burgundische Fruchtf\u00fclle wie Quitte und Pfirsich. Im Geschmack dann die Kraft des Chardonnay, der diese Cuv\u00e9e hervorragend erg\u00e4nzt. Nicht nur als Begleiter eines guten Essen ist der Wei\u00dfburgunder Chardonnay aus dem Weingut F\u00fcrst Hohenlohe Oehringen im Naturpark Schw\u00e4bisch-Fr\u00e4nkischer Wald ein Genuss.<\/p>\n<p>Das Weingut F\u00fcrst Hohenlohe Oehringen arbeitet nach den strengen Richtlinien des VDP (Verband Deutscher Pr\u00e4dikatsweing\u00fcter) und ist Mitglied in den Vereinigungen HADES, Deutsches Barrique Forum und Quadriga. Die Klassifizierung &#8222;Erste Lage&#8220; und das Logo &#8222;GG&#8220; f\u00fcr &#8222;Gro\u00dfes Gew\u00e4chs&#8220; auf Weinflaschen b\u00fcrgen f\u00fcr Wein, angebaut auf hochwertigsten, parzellengenau abgegrenzten Terroirs und eine selektive Handlese. Der Ertrag wird auf 50 hl\/ha begrenzt.<\/p>\n<p>Wei\u00dfburgunder Chardonnay aus dem Naturpark Schw\u00e4bisch-Fr\u00e4nkischer Wald sowie viele weitere Spezialit\u00e4ten k\u00f6nnen Sie im <a href=\"http:\/\/www.naturpark-spezialitaeten.de\/pg\/produkt-des-monats\" target=\"_blank\">Naturpark-Spezialit\u00e4ten-Shop<\/a> bestellen.<\/p>\n","protected":false},"excerpt":{"rendered":"<p>Helles goldgelb im Glas, im Duft die burgundische Fruchtf\u00fclle wie Quitte und Pfirsich. Im Geschmack dann die Kraft des Chardonnay, der diese Cuv\u00e9e hervorragend erg\u00e4nzt. Nicht nur als Begleiter eines guten Essen ist der Wei\u00dfburgunder Chardonnay aus dem Naturpark Schw\u00e4bisch-Fr\u00e4nkischer Wald  ein Genuss.<\/p>\n","protected":false},"author":51,"featured_media":7734,"comment_status":"open","ping_status":"open","sticky":false,"template":"","format":"standard","meta":{"_links_to":"","_links_to_target":""},"categories":[13],"tags":[721,3151,190],"yoast_head":"<!-- This site is optimized with the Yoast SEO plugin v19.10 - https:\/\/yoast.com\/wordpress\/plugins\/seo\/ -->\n<title>Wei\u00dfburgunder Chardonnay aus dem Naturpark Schw\u00e4bisch-Fr\u00e4nkischer Wald<\/title>\n<meta name=\"description\" content=\"Helles goldgelb im Glas, im Duft die burgundische Fruchtf\u00fclle wie Quitte und Pfirsich. Im Geschmack dann die Kraft des Chardonnay, der diese Cuv\u00e9e hervorragend erg\u00e4nzt. Nicht nur als Begleiter eines guten Essen ist der Wei\u00dfburgunder Chardonnay aus dem Naturpark Schw\u00e4bisch-Fr\u00e4nkischer Wald ein Genuss.\" \/>\n<meta name=\"robots\" content=\"index, follow, max-snippet:-1, max-image-preview:large, max-video-preview:-1\" \/>\n<link rel=\"canonical\" href=\"https:\/\/www.naturparkmagazin.de\/vdn\/weissburgunder-chardonnay-aus-dem-naturpark-schwaebisch-fraenkischer-wald\/\" \/>\n<meta property=\"og:locale\" content=\"de_DE\" \/>\n<meta property=\"og:type\" content=\"article\" \/>\n<meta property=\"og:title\" content=\"Wei\u00dfburgunder Chardonnay aus dem Naturpark Schw\u00e4bisch-Fr\u00e4nkischer Wald\" \/>\n<meta property=\"og:description\" content=\"Helles goldgelb im Glas, im Duft die burgundische Fruchtf\u00fclle wie Quitte und Pfirsich. Im Geschmack dann die Kraft des Chardonnay, der diese Cuv\u00e9e hervorragend erg\u00e4nzt. Nicht nur als Begleiter eines guten Essen ist der Wei\u00dfburgunder Chardonnay aus dem Naturpark Schw\u00e4bisch-Fr\u00e4nkischer Wald ein Genuss.\" \/>\n<meta property=\"og:url\" content=\"https:\/\/www.naturparkmagazin.de\/vdn\/weissburgunder-chardonnay-aus-dem-naturpark-schwaebisch-fraenkischer-wald\/\" \/>\n<meta property=\"og:site_name\" content=\"Verband Deutscher Naturparke\" \/>\n<meta property=\"article:published_time\" content=\"2016-09-15T11:44:14+00:00\" \/>\n<meta property=\"article:modified_time\" content=\"2016-10-17T15:22:51+00:00\" \/>\n<meta property=\"og:image\" content=\"https:\/\/www.naturparkmagazin.de\/vdn\/wp-content\/uploads\/sites\/3\/Weissburgunder_beitragsbild.jpg\" \/>\n\t<meta property=\"og:image:width\" content=\"200\" \/>\n\t<meta property=\"og:image:height\" content=\"200\" \/>\n\t<meta property=\"og:image:type\" content=\"image\/jpeg\" \/>\n<meta name=\"author\" content=\"beatrixlosem\" \/>\n<meta name=\"twitter:label1\" content=\"Verfasst von\" \/>\n\t<meta name=\"twitter:data1\" content=\"beatrixlosem\" \/>\n\t<meta name=\"twitter:label2\" content=\"Gesch\u00e4tzte Lesezeit\" \/>\n\t<meta name=\"twitter:data2\" content=\"1\u00a0Minute\" \/>\n<script type=\"application\/ld+json\" class=\"yoast-schema-graph\">{\"@context\":\"https:\/\/schema.org\",\"@graph\":[{\"@type\":\"WebPage\",\"@id\":\"https:\/\/www.naturparkmagazin.de\/vdn\/weissburgunder-chardonnay-aus-dem-naturpark-schwaebisch-fraenkischer-wald\/\",\"url\":\"https:\/\/www.naturparkmagazin.de\/vdn\/weissburgunder-chardonnay-aus-dem-naturpark-schwaebisch-fraenkischer-wald\/\",\"name\":\"Wei\u00dfburgunder Chardonnay aus dem Naturpark Schw\u00e4bisch-Fr\u00e4nkischer Wald\",\"isPartOf\":{\"@id\":\"https:\/\/www.naturparkmagazin.de\/vdn\/#website\"},\"datePublished\":\"2016-09-15T11:44:14+00:00\",\"dateModified\":\"2016-10-17T15:22:51+00:00\",\"author\":{\"@id\":\"https:\/\/www.naturparkmagazin.de\/vdn\/#\/schema\/person\/d71357578c318b6db03be60b1f60396b\"},\"description\":\"Helles goldgelb im Glas, im Duft die burgundische Fruchtf\u00fclle wie Quitte und Pfirsich. Im Geschmack dann die Kraft des Chardonnay, der diese Cuv\u00e9e hervorragend erg\u00e4nzt. Nicht nur als Begleiter eines guten Essen ist der Wei\u00dfburgunder Chardonnay aus dem Naturpark Schw\u00e4bisch-Fr\u00e4nkischer Wald ein Genuss.\",\"breadcrumb\":{\"@id\":\"https:\/\/www.naturparkmagazin.de\/vdn\/weissburgunder-chardonnay-aus-dem-naturpark-schwaebisch-fraenkischer-wald\/#breadcrumb\"},\"inLanguage\":\"de\",\"potentialAction\":[{\"@type\":\"ReadAction\",\"target\":[\"https:\/\/www.naturparkmagazin.de\/vdn\/weissburgunder-chardonnay-aus-dem-naturpark-schwaebisch-fraenkischer-wald\/\"]}]},{\"@type\":\"BreadcrumbList\",\"@id\":\"https:\/\/www.naturparkmagazin.de\/vdn\/weissburgunder-chardonnay-aus-dem-naturpark-schwaebisch-fraenkischer-wald\/#breadcrumb\",\"itemListElement\":[{\"@type\":\"ListItem\",\"position\":1,\"name\":\"Home\",\"item\":\"https:\/\/www.naturparkmagazin.de\/vdn\/\"},{\"@type\":\"ListItem\",\"position\":2,\"name\":\"Wei\u00dfburgunder Chardonnay aus dem Naturpark Schw\u00e4bisch-Fr\u00e4nkischer Wald\"}]},{\"@type\":\"WebSite\",\"@id\":\"https:\/\/www.naturparkmagazin.de\/vdn\/#website\",\"url\":\"https:\/\/www.naturparkmagazin.de\/vdn\/\",\"name\":\"Verband Deutscher Naturparke\",\"description\":\"Eine weitere Naturparkmagazin.de Netzwerk Seite\",\"potentialAction\":[{\"@type\":\"SearchAction\",\"target\":{\"@type\":\"EntryPoint\",\"urlTemplate\":\"https:\/\/www.naturparkmagazin.de\/vdn\/?s={search_term_string}\"},\"query-input\":\"required name=search_term_string\"}],\"inLanguage\":\"de\"},{\"@type\":\"Person\",\"@id\":\"https:\/\/www.naturparkmagazin.de\/vdn\/#\/schema\/person\/d71357578c318b6db03be60b1f60396b\",\"name\":\"beatrixlosem\",\"url\":\"https:\/\/www.naturparkmagazin.de\/vdn\/author\/beatrixlosem\/\"}]}<\/script>\n<!-- \/ Yoast SEO plugin. -->","yoast_head_json":{"title":"Wei\u00dfburgunder Chardonnay aus dem Naturpark Schw\u00e4bisch-Fr\u00e4nkischer Wald","description":"Helles goldgelb im Glas, im Duft die burgundische Fruchtf\u00fclle wie Quitte und Pfirsich. Im Geschmack dann die Kraft des Chardonnay, der diese Cuv\u00e9e hervorragend erg\u00e4nzt. Nicht nur als Begleiter eines guten Essen ist der Wei\u00dfburgunder Chardonnay aus dem Naturpark Schw\u00e4bisch-Fr\u00e4nkischer Wald ein Genuss.","robots":{"index":"index","follow":"follow","max-snippet":"max-snippet:-1","max-image-preview":"max-image-preview:large","max-video-preview":"max-video-preview:-1"},"canonical":"https:\/\/www.naturparkmagazin.de\/vdn\/weissburgunder-chardonnay-aus-dem-naturpark-schwaebisch-fraenkischer-wald\/","og_locale":"de_DE","og_type":"article","og_title":"Wei\u00dfburgunder Chardonnay aus dem Naturpark Schw\u00e4bisch-Fr\u00e4nkischer Wald","og_description":"Helles goldgelb im Glas, im Duft die burgundische Fruchtf\u00fclle wie Quitte und Pfirsich. Im Geschmack dann die Kraft des Chardonnay, der diese Cuv\u00e9e hervorragend erg\u00e4nzt. Nicht nur als Begleiter eines guten Essen ist der Wei\u00dfburgunder Chardonnay aus dem Naturpark Schw\u00e4bisch-Fr\u00e4nkischer Wald ein Genuss.","og_url":"https:\/\/www.naturparkmagazin.de\/vdn\/weissburgunder-chardonnay-aus-dem-naturpark-schwaebisch-fraenkischer-wald\/","og_site_name":"Verband Deutscher Naturparke","article_published_time":"2016-09-15T11:44:14+00:00","article_modified_time":"2016-10-17T15:22:51+00:00","og_image":[{"width":200,"height":200,"url":"https:\/\/www.naturparkmagazin.de\/vdn\/wp-content\/uploads\/sites\/3\/Weissburgunder_beitragsbild.jpg","type":"image\/jpeg"}],"author":"beatrixlosem","twitter_misc":{"Verfasst von":"beatrixlosem","Gesch\u00e4tzte Lesezeit":"1\u00a0Minute"},"schema":{"@context":"https:\/\/schema.org","@graph":[{"@type":"WebPage","@id":"https:\/\/www.naturparkmagazin.de\/vdn\/weissburgunder-chardonnay-aus-dem-naturpark-schwaebisch-fraenkischer-wald\/","url":"https:\/\/www.naturparkmagazin.de\/vdn\/weissburgunder-chardonnay-aus-dem-naturpark-schwaebisch-fraenkischer-wald\/","name":"Wei\u00dfburgunder Chardonnay aus dem Naturpark Schw\u00e4bisch-Fr\u00e4nkischer Wald","isPartOf":{"@id":"https:\/\/www.naturparkmagazin.de\/vdn\/#website"},"datePublished":"2016-09-15T11:44:14+00:00","dateModified":"2016-10-17T15:22:51+00:00","author":{"@id":"https:\/\/www.naturparkmagazin.de\/vdn\/#\/schema\/person\/d71357578c318b6db03be60b1f60396b"},"description":"Helles goldgelb im Glas, im Duft die burgundische Fruchtf\u00fclle wie Quitte und Pfirsich. Im Geschmack dann die Kraft des Chardonnay, der diese Cuv\u00e9e hervorragend erg\u00e4nzt. Nicht nur als Begleiter eines guten Essen ist der Wei\u00dfburgunder Chardonnay aus dem Naturpark Schw\u00e4bisch-Fr\u00e4nkischer Wald ein Genuss.","breadcrumb":{"@id":"https:\/\/www.naturparkmagazin.de\/vdn\/weissburgunder-chardonnay-aus-dem-naturpark-schwaebisch-fraenkischer-wald\/#breadcrumb"},"inLanguage":"de","potentialAction":[{"@type":"ReadAction","target":["https:\/\/www.naturparkmagazin.de\/vdn\/weissburgunder-chardonnay-aus-dem-naturpark-schwaebisch-fraenkischer-wald\/"]}]},{"@type":"BreadcrumbList","@id":"https:\/\/www.naturparkmagazin.de\/vdn\/weissburgunder-chardonnay-aus-dem-naturpark-schwaebisch-fraenkischer-wald\/#breadcrumb","itemListElement":[{"@type":"ListItem","position":1,"name":"Home","item":"https:\/\/www.naturparkmagazin.de\/vdn\/"},{"@type":"ListItem","position":2,"name":"Wei\u00dfburgunder Chardonnay aus dem Naturpark Schw\u00e4bisch-Fr\u00e4nkischer Wald"}]},{"@type":"WebSite","@id":"https:\/\/www.naturparkmagazin.de\/vdn\/#website","url":"https:\/\/www.naturparkmagazin.de\/vdn\/","name":"Verband Deutscher Naturparke","description":"Eine weitere Naturparkmagazin.de Netzwerk Seite","potentialAction":[{"@type":"SearchAction","target":{"@type":"EntryPoint","urlTemplate":"https:\/\/www.naturparkmagazin.de\/vdn\/?s={search_term_string}"},"query-input":"required name=search_term_string"}],"inLanguage":"de"},{"@type":"Person","@id":"https:\/\/www.naturparkmagazin.de\/vdn\/#\/schema\/person\/d71357578c318b6db03be60b1f60396b","name":"beatrixlosem","url":"https:\/\/www.naturparkmagazin.de\/vdn\/author\/beatrixlosem\/"}]}},"_links":{"self":[{"href":"https:\/\/www.naturparkmagazin.de\/vdn\/wp-json\/wp\/v2\/posts\/7732"}],"collection":[{"href":"https:\/\/www.naturparkmagazin.de\/vdn\/wp-json\/wp\/v2\/posts"}],"about":[{"href":"https:\/\/www.naturparkmagazin.de\/vdn\/wp-json\/wp\/v2\/types\/post"}],"author":[{"embeddable":true,"href":"https:\/\/www.naturparkmagazin.de\/vdn\/wp-json\/wp\/v2\/users\/51"}],"replies":[{"embeddable":true,"href":"https:\/\/www.naturparkmagazin.de\/vdn\/wp-json\/wp\/v2\/comments?post=7732"}],"version-history":[{"count":4,"href":"https:\/\/www.naturparkmagazin.de\/vdn\/wp-json\/wp\/v2\/posts\/7732\/revisions"}],"predecessor-version":[{"id":7909,"href":"https:\/\/www.naturparkmagazin.de\/vdn\/wp-json\/wp\/v2\/posts\/7732\/revisions\/7909"}],"wp:featuredmedia":[{"embeddable":true,"href":"https:\/\/www.naturparkmagazin.de\/vdn\/wp-json\/wp\/v2\/media\/7734"}],"wp:attachment":[{"href":"https:\/\/www.naturparkmagazin.de\/vdn\/wp-json\/wp\/v2\/media?parent=7732"}],"wp:term":[{"taxonomy":"category","embeddable":true,"href":"https:\/\/www.naturparkmagazin.de\/vdn\/wp-json\/wp\/v2\/categories?post=7732"},{"taxonomy":"post_tag","embeddable":true,"href":"https:\/\/www.naturparkmagazin.de\/vdn\/wp-json\/wp\/v2\/tags?post=7732"}],"curies":[{"name":"wp","href":"https:\/\/api.w.org\/{rel}","templated":true}]}}