{"id":7736,"date":"2016-09-15T13:51:06","date_gmt":"2016-09-15T11:51:06","guid":{"rendered":"http:\/\/www.naturparkmagazin.de\/vdn\/?p=7736"},"modified":"2016-09-28T15:08:46","modified_gmt":"2016-09-28T13:08:46","slug":"michel-schneider","status":"publish","type":"post","link":"https:\/\/www.naturparkmagazin.de\/vdn\/michel-schneider\/","title":{"rendered":"Michel Schneider"},"content":{"rendered":"<div id=\"attachment_7798\" style=\"width: 510px\" class=\"wp-caption aligncenter\"><a href=\"https:\/\/www.naturparkmagazin.de\/vdn\/wp-content\/uploads\/sites\/3\/DSC_3959b_kl-beitrag.jpg\"><img aria-describedby=\"caption-attachment-7798\" decoding=\"async\" loading=\"lazy\" class=\"size-full wp-image-7798\" src=\"https:\/\/www.naturparkmagazin.de\/vdn\/wp-content\/uploads\/sites\/3\/DSC_3959b_kl-beitrag.jpg\" alt=\"Michel Schneider \u00a9 Thomas Gretler\" width=\"500\" height=\"300\" srcset=\"https:\/\/www.naturparkmagazin.de\/vdn\/wp-content\/uploads\/sites\/3\/DSC_3959b_kl-beitrag.jpg 500w, https:\/\/www.naturparkmagazin.de\/vdn\/wp-content\/uploads\/sites\/3\/DSC_3959b_kl-beitrag-300x180.jpg 300w, https:\/\/www.naturparkmagazin.de\/vdn\/wp-content\/uploads\/sites\/3\/DSC_3959b_kl-beitrag-200x120.jpg 200w\" sizes=\"(max-width: 500px) 100vw, 500px\" \/><\/a><p id=\"caption-attachment-7798\" class=\"wp-caption-text\">Michel Schneider \u00a9 Thomas Gretler<\/p><\/div>\n<p>Michael Schneider ist \u201eUrgestein\u201c ist im Naturpark Nagelfluhkette. Geboren und aufgewachsen auf der Alpe H\u00f6rmoos an der Nordseite der Nagelfluhkette, gab er nach 20 Jahren Wirt des Alpengasthofes H\u00f6rmoos den gastronomischen Betrieb an seinen Bruder weiter. Mit seiner Frau Gerda behielt er die Alpe am Hochh\u00e4derich auf einem Hochmoor-Plateau, auf der das Vieh von den Talbauern auf 1300m ges\u00f6mmert wird und legte einen Kr\u00e4utergarten an &#8211; den Grundstein f\u00fcr \u201eMichels Kr\u00e4uter-Alp\u201c. Kr\u00e4uter, Wurzeln und Fr\u00fcchte der Bergregion &#8211; geerntet nach Mond- und Sonnenstand &#8211; verarbeitet Schneider hier zu unterst\u00fctzenden Wohlf\u00fchlprodukten und edlen Tr\u00f6pfchen, die in Pr\u00e4mierungen Goldmedaillen abr\u00e4umten.<\/p>\n<div id=\"attachment_7797\" style=\"width: 510px\" class=\"wp-caption aligncenter\"><a href=\"https:\/\/www.naturparkmagazin.de\/vdn\/wp-content\/uploads\/sites\/3\/DSC_3938bkl-beitrag.jpg\"><img aria-describedby=\"caption-attachment-7797\" decoding=\"async\" loading=\"lazy\" class=\"size-full wp-image-7797\" src=\"https:\/\/www.naturparkmagazin.de\/vdn\/wp-content\/uploads\/sites\/3\/DSC_3938bkl-beitrag.jpg\" alt=\"Michel Schneider \u00a9 Thomas Gretler\" width=\"500\" height=\"300\" srcset=\"https:\/\/www.naturparkmagazin.de\/vdn\/wp-content\/uploads\/sites\/3\/DSC_3938bkl-beitrag.jpg 500w, https:\/\/www.naturparkmagazin.de\/vdn\/wp-content\/uploads\/sites\/3\/DSC_3938bkl-beitrag-300x180.jpg 300w, https:\/\/www.naturparkmagazin.de\/vdn\/wp-content\/uploads\/sites\/3\/DSC_3938bkl-beitrag-200x120.jpg 200w\" sizes=\"(max-width: 500px) 100vw, 500px\" \/><\/a><p id=\"caption-attachment-7797\" class=\"wp-caption-text\">Michel Schneider \u00a9 Thomas Gretler<\/p><\/div>\n<p>&nbsp;<\/p>\n","protected":false},"excerpt":{"rendered":"<p>ist auf der Alpe H\u00f6rmoos an der Nordseite der Nagelfluhkette geboren und aufgewachsen. Nach 20 Jahren Wirt des Alpengasthofes H\u00f6rmoos gab er den gastronomischen Betrieb weiter, und legte auf der Alpe einen Kr\u00e4utergarten an, den Grundstein f\u00fcr \u201eMichels Kr\u00e4uter-Alp\u201c, in der Kr\u00e4uter, Wurzeln und Fr\u00fcchte der Bergregion zu unterst\u00fctzenden Wohlf\u00fchlprodukten verarbeitet werden. Im Haus steht auch die h\u00f6chstgelegene Destille des Allg\u00e4us. Geerntet nach Mond- und Sonnenstand, verarbeitet Michel Schneider hier Kr\u00e4uter aus eigenem Anbau und Wildwuchs zu edlen Tr\u00f6pfchen von h\u00f6chster Qualit\u00e4t.<\/p>\n","protected":false},"author":51,"featured_media":7801,"comment_status":"open","ping_status":"open","sticky":false,"template":"","format":"standard","meta":{"_links_to":"","_links_to_target":""},"categories":[8],"tags":[],"yoast_head":"<!-- This site is optimized with the Yoast SEO plugin v19.10 - https:\/\/yoast.com\/wordpress\/plugins\/seo\/ -->\n<title>Michel Schneider<\/title>\n<meta name=\"description\" content=\"ist auf der Alpe H\u00f6rmoos an der Nordseite der Nagelfluhkette geboren und aufgewachsen. Nach 20 Jahren Wirt des Alpengasthofes H\u00f6rmoos gab er den gastronomischen Betrieb weiter, und legte auf der Alpe einen Kr\u00e4utergarten an, den Grundstein f\u00fcr \u201eMichels Kr\u00e4uter-Alp\u201c, in der Kr\u00e4uter, Wurzeln und Fr\u00fcchte der Bergregion zu unterst\u00fctzenden Wohlf\u00fchlprodukten verarbeitet werden. Im Haus steht auch die h\u00f6chstgelegene Destille des Allg\u00e4us. Geerntet nach Mond- und Sonnenstand, verarbeitet Michel Schneider hier Kr\u00e4uter aus eigenem Anbau und Wildwuchs zu edlen Tr\u00f6pfchen von h\u00f6chster Qualit\u00e4t.\" \/>\n<meta name=\"robots\" content=\"index, follow, max-snippet:-1, max-image-preview:large, max-video-preview:-1\" \/>\n<link rel=\"canonical\" href=\"https:\/\/www.naturparkmagazin.de\/vdn\/michel-schneider\/\" \/>\n<meta property=\"og:locale\" content=\"de_DE\" \/>\n<meta property=\"og:type\" content=\"article\" \/>\n<meta property=\"og:title\" content=\"Michel Schneider\" \/>\n<meta property=\"og:description\" content=\"ist auf der Alpe H\u00f6rmoos an der Nordseite der Nagelfluhkette geboren und aufgewachsen. Nach 20 Jahren Wirt des Alpengasthofes H\u00f6rmoos gab er den gastronomischen Betrieb weiter, und legte auf der Alpe einen Kr\u00e4utergarten an, den Grundstein f\u00fcr \u201eMichels Kr\u00e4uter-Alp\u201c, in der Kr\u00e4uter, Wurzeln und Fr\u00fcchte der Bergregion zu unterst\u00fctzenden Wohlf\u00fchlprodukten verarbeitet werden. Im Haus steht auch die h\u00f6chstgelegene Destille des Allg\u00e4us. Geerntet nach Mond- und Sonnenstand, verarbeitet Michel Schneider hier Kr\u00e4uter aus eigenem Anbau und Wildwuchs zu edlen Tr\u00f6pfchen von h\u00f6chster Qualit\u00e4t.\" \/>\n<meta property=\"og:url\" content=\"https:\/\/www.naturparkmagazin.de\/vdn\/michel-schneider\/\" \/>\n<meta property=\"og:site_name\" content=\"Verband Deutscher Naturparke\" \/>\n<meta property=\"article:published_time\" content=\"2016-09-15T11:51:06+00:00\" \/>\n<meta property=\"article:modified_time\" content=\"2016-09-28T13:08:46+00:00\" \/>\n<meta property=\"og:image\" content=\"https:\/\/www.naturparkmagazin.de\/vdn\/wp-content\/uploads\/sites\/3\/DSC_3938bkl-beitragsfoto.jpg\" \/>\n\t<meta property=\"og:image:width\" content=\"200\" \/>\n\t<meta property=\"og:image:height\" content=\"200\" \/>\n\t<meta property=\"og:image:type\" content=\"image\/jpeg\" \/>\n<meta name=\"author\" content=\"beatrixlosem\" \/>\n<meta name=\"twitter:label1\" content=\"Verfasst von\" \/>\n\t<meta name=\"twitter:data1\" content=\"beatrixlosem\" \/>\n\t<meta name=\"twitter:label2\" content=\"Gesch\u00e4tzte Lesezeit\" \/>\n\t<meta name=\"twitter:data2\" content=\"1\u00a0Minute\" \/>\n<script type=\"application\/ld+json\" class=\"yoast-schema-graph\">{\"@context\":\"https:\/\/schema.org\",\"@graph\":[{\"@type\":\"WebPage\",\"@id\":\"https:\/\/www.naturparkmagazin.de\/vdn\/michel-schneider\/\",\"url\":\"https:\/\/www.naturparkmagazin.de\/vdn\/michel-schneider\/\",\"name\":\"Michel Schneider\",\"isPartOf\":{\"@id\":\"https:\/\/www.naturparkmagazin.de\/vdn\/#website\"},\"datePublished\":\"2016-09-15T11:51:06+00:00\",\"dateModified\":\"2016-09-28T13:08:46+00:00\",\"author\":{\"@id\":\"https:\/\/www.naturparkmagazin.de\/vdn\/#\/schema\/person\/d71357578c318b6db03be60b1f60396b\"},\"description\":\"ist auf der Alpe H\u00f6rmoos an der Nordseite der Nagelfluhkette geboren und aufgewachsen. Nach 20 Jahren Wirt des Alpengasthofes H\u00f6rmoos gab er den gastronomischen Betrieb weiter, und legte auf der Alpe einen Kr\u00e4utergarten an, den Grundstein f\u00fcr \u201eMichels Kr\u00e4uter-Alp\u201c, in der Kr\u00e4uter, Wurzeln und Fr\u00fcchte der Bergregion zu unterst\u00fctzenden Wohlf\u00fchlprodukten verarbeitet werden. Im Haus steht auch die h\u00f6chstgelegene Destille des Allg\u00e4us. Geerntet nach Mond- und Sonnenstand, verarbeitet Michel Schneider hier Kr\u00e4uter aus eigenem Anbau und Wildwuchs zu edlen Tr\u00f6pfchen von h\u00f6chster Qualit\u00e4t.\",\"breadcrumb\":{\"@id\":\"https:\/\/www.naturparkmagazin.de\/vdn\/michel-schneider\/#breadcrumb\"},\"inLanguage\":\"de\",\"potentialAction\":[{\"@type\":\"ReadAction\",\"target\":[\"https:\/\/www.naturparkmagazin.de\/vdn\/michel-schneider\/\"]}]},{\"@type\":\"BreadcrumbList\",\"@id\":\"https:\/\/www.naturparkmagazin.de\/vdn\/michel-schneider\/#breadcrumb\",\"itemListElement\":[{\"@type\":\"ListItem\",\"position\":1,\"name\":\"Home\",\"item\":\"https:\/\/www.naturparkmagazin.de\/vdn\/\"},{\"@type\":\"ListItem\",\"position\":2,\"name\":\"Michel Schneider\"}]},{\"@type\":\"WebSite\",\"@id\":\"https:\/\/www.naturparkmagazin.de\/vdn\/#website\",\"url\":\"https:\/\/www.naturparkmagazin.de\/vdn\/\",\"name\":\"Verband Deutscher Naturparke\",\"description\":\"Eine weitere Naturparkmagazin.de Netzwerk Seite\",\"potentialAction\":[{\"@type\":\"SearchAction\",\"target\":{\"@type\":\"EntryPoint\",\"urlTemplate\":\"https:\/\/www.naturparkmagazin.de\/vdn\/?s={search_term_string}\"},\"query-input\":\"required name=search_term_string\"}],\"inLanguage\":\"de\"},{\"@type\":\"Person\",\"@id\":\"https:\/\/www.naturparkmagazin.de\/vdn\/#\/schema\/person\/d71357578c318b6db03be60b1f60396b\",\"name\":\"beatrixlosem\",\"url\":\"https:\/\/www.naturparkmagazin.de\/vdn\/author\/beatrixlosem\/\"}]}<\/script>\n<!-- \/ Yoast SEO plugin. -->","yoast_head_json":{"title":"Michel Schneider","description":"ist auf der Alpe H\u00f6rmoos an der Nordseite der Nagelfluhkette geboren und aufgewachsen. Nach 20 Jahren Wirt des Alpengasthofes H\u00f6rmoos gab er den gastronomischen Betrieb weiter, und legte auf der Alpe einen Kr\u00e4utergarten an, den Grundstein f\u00fcr \u201eMichels Kr\u00e4uter-Alp\u201c, in der Kr\u00e4uter, Wurzeln und Fr\u00fcchte der Bergregion zu unterst\u00fctzenden Wohlf\u00fchlprodukten verarbeitet werden. Im Haus steht auch die h\u00f6chstgelegene Destille des Allg\u00e4us. Geerntet nach Mond- und Sonnenstand, verarbeitet Michel Schneider hier Kr\u00e4uter aus eigenem Anbau und Wildwuchs zu edlen Tr\u00f6pfchen von h\u00f6chster Qualit\u00e4t.","robots":{"index":"index","follow":"follow","max-snippet":"max-snippet:-1","max-image-preview":"max-image-preview:large","max-video-preview":"max-video-preview:-1"},"canonical":"https:\/\/www.naturparkmagazin.de\/vdn\/michel-schneider\/","og_locale":"de_DE","og_type":"article","og_title":"Michel Schneider","og_description":"ist auf der Alpe H\u00f6rmoos an der Nordseite der Nagelfluhkette geboren und aufgewachsen. Nach 20 Jahren Wirt des Alpengasthofes H\u00f6rmoos gab er den gastronomischen Betrieb weiter, und legte auf der Alpe einen Kr\u00e4utergarten an, den Grundstein f\u00fcr \u201eMichels Kr\u00e4uter-Alp\u201c, in der Kr\u00e4uter, Wurzeln und Fr\u00fcchte der Bergregion zu unterst\u00fctzenden Wohlf\u00fchlprodukten verarbeitet werden. Im Haus steht auch die h\u00f6chstgelegene Destille des Allg\u00e4us. Geerntet nach Mond- und Sonnenstand, verarbeitet Michel Schneider hier Kr\u00e4uter aus eigenem Anbau und Wildwuchs zu edlen Tr\u00f6pfchen von h\u00f6chster Qualit\u00e4t.","og_url":"https:\/\/www.naturparkmagazin.de\/vdn\/michel-schneider\/","og_site_name":"Verband Deutscher Naturparke","article_published_time":"2016-09-15T11:51:06+00:00","article_modified_time":"2016-09-28T13:08:46+00:00","og_image":[{"width":200,"height":200,"url":"https:\/\/www.naturparkmagazin.de\/vdn\/wp-content\/uploads\/sites\/3\/DSC_3938bkl-beitragsfoto.jpg","type":"image\/jpeg"}],"author":"beatrixlosem","twitter_misc":{"Verfasst von":"beatrixlosem","Gesch\u00e4tzte Lesezeit":"1\u00a0Minute"},"schema":{"@context":"https:\/\/schema.org","@graph":[{"@type":"WebPage","@id":"https:\/\/www.naturparkmagazin.de\/vdn\/michel-schneider\/","url":"https:\/\/www.naturparkmagazin.de\/vdn\/michel-schneider\/","name":"Michel Schneider","isPartOf":{"@id":"https:\/\/www.naturparkmagazin.de\/vdn\/#website"},"datePublished":"2016-09-15T11:51:06+00:00","dateModified":"2016-09-28T13:08:46+00:00","author":{"@id":"https:\/\/www.naturparkmagazin.de\/vdn\/#\/schema\/person\/d71357578c318b6db03be60b1f60396b"},"description":"ist auf der Alpe H\u00f6rmoos an der Nordseite der Nagelfluhkette geboren und aufgewachsen. Nach 20 Jahren Wirt des Alpengasthofes H\u00f6rmoos gab er den gastronomischen Betrieb weiter, und legte auf der Alpe einen Kr\u00e4utergarten an, den Grundstein f\u00fcr \u201eMichels Kr\u00e4uter-Alp\u201c, in der Kr\u00e4uter, Wurzeln und Fr\u00fcchte der Bergregion zu unterst\u00fctzenden Wohlf\u00fchlprodukten verarbeitet werden. Im Haus steht auch die h\u00f6chstgelegene Destille des Allg\u00e4us. Geerntet nach Mond- und Sonnenstand, verarbeitet Michel Schneider hier Kr\u00e4uter aus eigenem Anbau und Wildwuchs zu edlen Tr\u00f6pfchen von h\u00f6chster Qualit\u00e4t.","breadcrumb":{"@id":"https:\/\/www.naturparkmagazin.de\/vdn\/michel-schneider\/#breadcrumb"},"inLanguage":"de","potentialAction":[{"@type":"ReadAction","target":["https:\/\/www.naturparkmagazin.de\/vdn\/michel-schneider\/"]}]},{"@type":"BreadcrumbList","@id":"https:\/\/www.naturparkmagazin.de\/vdn\/michel-schneider\/#breadcrumb","itemListElement":[{"@type":"ListItem","position":1,"name":"Home","item":"https:\/\/www.naturparkmagazin.de\/vdn\/"},{"@type":"ListItem","position":2,"name":"Michel Schneider"}]},{"@type":"WebSite","@id":"https:\/\/www.naturparkmagazin.de\/vdn\/#website","url":"https:\/\/www.naturparkmagazin.de\/vdn\/","name":"Verband Deutscher Naturparke","description":"Eine weitere Naturparkmagazin.de Netzwerk Seite","potentialAction":[{"@type":"SearchAction","target":{"@type":"EntryPoint","urlTemplate":"https:\/\/www.naturparkmagazin.de\/vdn\/?s={search_term_string}"},"query-input":"required name=search_term_string"}],"inLanguage":"de"},{"@type":"Person","@id":"https:\/\/www.naturparkmagazin.de\/vdn\/#\/schema\/person\/d71357578c318b6db03be60b1f60396b","name":"beatrixlosem","url":"https:\/\/www.naturparkmagazin.de\/vdn\/author\/beatrixlosem\/"}]}},"_links":{"self":[{"href":"https:\/\/www.naturparkmagazin.de\/vdn\/wp-json\/wp\/v2\/posts\/7736"}],"collection":[{"href":"https:\/\/www.naturparkmagazin.de\/vdn\/wp-json\/wp\/v2\/posts"}],"about":[{"href":"https:\/\/www.naturparkmagazin.de\/vdn\/wp-json\/wp\/v2\/types\/post"}],"author":[{"embeddable":true,"href":"https:\/\/www.naturparkmagazin.de\/vdn\/wp-json\/wp\/v2\/users\/51"}],"replies":[{"embeddable":true,"href":"https:\/\/www.naturparkmagazin.de\/vdn\/wp-json\/wp\/v2\/comments?post=7736"}],"version-history":[{"count":5,"href":"https:\/\/www.naturparkmagazin.de\/vdn\/wp-json\/wp\/v2\/posts\/7736\/revisions"}],"predecessor-version":[{"id":7803,"href":"https:\/\/www.naturparkmagazin.de\/vdn\/wp-json\/wp\/v2\/posts\/7736\/revisions\/7803"}],"wp:featuredmedia":[{"embeddable":true,"href":"https:\/\/www.naturparkmagazin.de\/vdn\/wp-json\/wp\/v2\/media\/7801"}],"wp:attachment":[{"href":"https:\/\/www.naturparkmagazin.de\/vdn\/wp-json\/wp\/v2\/media?parent=7736"}],"wp:term":[{"taxonomy":"category","embeddable":true,"href":"https:\/\/www.naturparkmagazin.de\/vdn\/wp-json\/wp\/v2\/categories?post=7736"},{"taxonomy":"post_tag","embeddable":true,"href":"https:\/\/www.naturparkmagazin.de\/vdn\/wp-json\/wp\/v2\/tags?post=7736"}],"curies":[{"name":"wp","href":"https:\/\/api.w.org\/{rel}","templated":true}]}}