{"id":7744,"date":"2016-09-15T14:05:03","date_gmt":"2016-09-15T12:05:03","guid":{"rendered":"http:\/\/www.naturparkmagazin.de\/vdn\/?p=7744"},"modified":"2016-09-28T15:06:05","modified_gmt":"2016-09-28T13:06:05","slug":"grenzenlose-vielfalt-im-allgaeu-und-bregenzerwald-naturpark-nagelfluhkette","status":"publish","type":"post","link":"https:\/\/www.naturparkmagazin.de\/vdn\/grenzenlose-vielfalt-im-allgaeu-und-bregenzerwald-naturpark-nagelfluhkette\/","title":{"rendered":"Grenzenlose Vielfalt im Allg\u00e4u und Bregenzerwald \u2013 Naturpark Nagelfluhkette"},"content":{"rendered":"<div id=\"attachment_7795\" style=\"width: 510px\" class=\"wp-caption aligncenter\"><a href=\"https:\/\/www.naturparkmagazin.de\/vdn\/wp-content\/uploads\/sites\/3\/THO_1762bkl-beitrag.jpg\"><img aria-describedby=\"caption-attachment-7795\" decoding=\"async\" loading=\"lazy\" class=\"size-full wp-image-7795\" src=\"https:\/\/www.naturparkmagazin.de\/vdn\/wp-content\/uploads\/sites\/3\/THO_1762bkl-beitrag.jpg\" alt=\"B\u00e4ume im Alpgebiet der Unteren Lauchalpe in Steibis \u00a9 Thomas Gretler\" width=\"500\" height=\"300\" srcset=\"https:\/\/www.naturparkmagazin.de\/vdn\/wp-content\/uploads\/sites\/3\/THO_1762bkl-beitrag.jpg 500w, https:\/\/www.naturparkmagazin.de\/vdn\/wp-content\/uploads\/sites\/3\/THO_1762bkl-beitrag-300x180.jpg 300w, https:\/\/www.naturparkmagazin.de\/vdn\/wp-content\/uploads\/sites\/3\/THO_1762bkl-beitrag-200x120.jpg 200w\" sizes=\"(max-width: 500px) 100vw, 500px\" \/><\/a><p id=\"caption-attachment-7795\" class=\"wp-caption-text\">B\u00e4ume im Alpgebiet der Unteren Lauchalpe in Steibis \u00a9 Thomas Gretler<\/p><\/div>\n<p>Wo die Alpen beginnen, der Bodensee nah ist und ein besonderes Gestein die Landschaft pr\u00e4gt, liegt der Naturpark Nagelfluhkette. An der Schnittstelle zwischen Allg\u00e4u und Bregenzerwald hat sich \u00fcber viele Jahrhunderte hinweg eine gro\u00dfartige Kulturlandschaft entwickelt.<\/p>\n<p>Der Naturpark Nagelfluhkette ist der erste grenz\u00fcberschreitende Naturpark zwischen Bayern und \u00d6sterreich. Er vereint die Gemeinden aus dem s\u00fcdlichen Allg\u00e4u und dem vorderen Bregenzerwald, die alle um den allseits bekannten Gebirgszug der Nagelfluhkette angeordnet sind. Dieser Gebirgszug besteht nahezu vollst\u00e4ndig aus unz\u00e4hligen, unterschiedlich gro\u00dfen, aber immer mehr oder weniger runden Steinen, die zu einem Konglomerat, dem sogenannten Nagelfluh, zusammengepresst wurden. H\u00f6chster Berg ist der Hochgrat, der mit 1.834\u00a0m die umliegenden T\u00e4ler um \u00fcber 1.000\u00a0m \u00fcberragt.<\/p>\n<div id=\"attachment_7758\" style=\"width: 510px\" class=\"wp-caption aligncenter\"><a href=\"https:\/\/www.naturparkmagazin.de\/vdn\/wp-content\/uploads\/sites\/3\/Nagelfluhkette-hochgrat-015-beitrag.jpg\"><img aria-describedby=\"caption-attachment-7758\" decoding=\"async\" loading=\"lazy\" class=\"wp-image-7758 size-full\" src=\"https:\/\/www.naturparkmagazin.de\/vdn\/wp-content\/uploads\/sites\/3\/Nagelfluhkette-hochgrat-015-beitrag.jpg\" alt=\"Hochgrat \u00a9 Oberstaufen Tourismus\" width=\"500\" height=\"300\" srcset=\"https:\/\/www.naturparkmagazin.de\/vdn\/wp-content\/uploads\/sites\/3\/Nagelfluhkette-hochgrat-015-beitrag.jpg 500w, https:\/\/www.naturparkmagazin.de\/vdn\/wp-content\/uploads\/sites\/3\/Nagelfluhkette-hochgrat-015-beitrag-300x180.jpg 300w, https:\/\/www.naturparkmagazin.de\/vdn\/wp-content\/uploads\/sites\/3\/Nagelfluhkette-hochgrat-015-beitrag-200x120.jpg 200w\" sizes=\"(max-width: 500px) 100vw, 500px\" \/><\/a><p id=\"caption-attachment-7758\" class=\"wp-caption-text\">Hochgrat \u00a9 Oberstaufen Tourismus<\/p><\/div>\n<p>Vier gro\u00dfe T\u00e4ler bilden einen reizvollen Gegensatz zur Bergwelt des Naturparks. Sie verlaufen allesamt in West-Ost-Richtung und folgen so dem Verlauf der gro\u00dfen Bergketten am Alpenrand. Lage, Geologie und Klima bilden zusammen die naturr\u00e4umliche Grundlage f\u00fcr diese vielf\u00e4ltige Landschaft.<\/p>\n<p>Die hohe Vielfalt an Lebensr\u00e4umen auf engstem Raum, die sich sowohl nat\u00fcrlich als auch kulturell bedingt entwickelt hat, gibt der Region zwischen Iller und Bregenzerach ein unverwechselbares Gesicht. Aus diesem Grund wurde 2008 dem Gebiet das Pr\u00e4dikat &#8222;Naturpark&#8220; verliehen. Dabei stehen die Aufgabenfelder Schutz, Erholung, Bildung und Regionalentwicklung gleichberechtigt nebeneinander.<\/p>\n<div id=\"attachment_7762\" style=\"width: 510px\" class=\"wp-caption aligncenter\"><a href=\"https:\/\/www.naturparkmagazin.de\/vdn\/wp-content\/uploads\/sites\/3\/Birkhuhn_HenningWerth-beitrag.jpg\"><img aria-describedby=\"caption-attachment-7762\" decoding=\"async\" loading=\"lazy\" class=\"size-full wp-image-7762\" src=\"https:\/\/www.naturparkmagazin.de\/vdn\/wp-content\/uploads\/sites\/3\/Birkhuhn_HenningWerth-beitrag.jpg\" alt=\"Birkhahn \u00a9 Henning Werth\" width=\"500\" height=\"300\" srcset=\"https:\/\/www.naturparkmagazin.de\/vdn\/wp-content\/uploads\/sites\/3\/Birkhuhn_HenningWerth-beitrag.jpg 500w, https:\/\/www.naturparkmagazin.de\/vdn\/wp-content\/uploads\/sites\/3\/Birkhuhn_HenningWerth-beitrag-300x180.jpg 300w, https:\/\/www.naturparkmagazin.de\/vdn\/wp-content\/uploads\/sites\/3\/Birkhuhn_HenningWerth-beitrag-200x120.jpg 200w\" sizes=\"(max-width: 500px) 100vw, 500px\" \/><\/a><p id=\"caption-attachment-7762\" class=\"wp-caption-text\">Birkhahn \u00a9 Henning Werth<\/p><\/div>\n<p>Mit der gro\u00dfen Anzahl unterschiedlicher Lebensr\u00e4ume hat sich auch eine speziell daran angepasste Tier- und Pflanzengemeinschaft entwickelt. Auer- und Birkhuhn leben hier oder auch Steinadler und Wei\u00dfr\u00fcckenspecht. Pflanzenkenner k\u00f6nnen sich an Purpur-Enzian, Stein-Nelke oder an der stattlichen Wei\u00dftanne erfreuen. Gemeinsam mit dem Naturschutzgebiet Allg\u00e4uer Hochalpen und den Lechtaler Alpen geh\u00f6rt der Naturpark zu den \u201eHot Spots der Artenvielfalt\u201c im Alpenraum. Er eignet sich somit besonders als Schwerpunktgebiet f\u00fcr Schutzma\u00dfnahmen.<\/p>\n<div id=\"attachment_7763\" style=\"width: 510px\" class=\"wp-caption aligncenter\"><a href=\"https:\/\/www.naturparkmagazin.de\/vdn\/wp-content\/uploads\/sites\/3\/TGR-Alpsee-beitrag.jpg\"><img aria-describedby=\"caption-attachment-7763\" decoding=\"async\" loading=\"lazy\" class=\"size-full wp-image-7763\" src=\"https:\/\/www.naturparkmagazin.de\/vdn\/wp-content\/uploads\/sites\/3\/TGR-Alpsee-beitrag.jpg\" alt=\"Alpsee \u00a9 Thomas Gretler\" width=\"500\" height=\"300\" srcset=\"https:\/\/www.naturparkmagazin.de\/vdn\/wp-content\/uploads\/sites\/3\/TGR-Alpsee-beitrag.jpg 500w, https:\/\/www.naturparkmagazin.de\/vdn\/wp-content\/uploads\/sites\/3\/TGR-Alpsee-beitrag-300x180.jpg 300w, https:\/\/www.naturparkmagazin.de\/vdn\/wp-content\/uploads\/sites\/3\/TGR-Alpsee-beitrag-200x120.jpg 200w\" sizes=\"(max-width: 500px) 100vw, 500px\" \/><\/a><p id=\"caption-attachment-7763\" class=\"wp-caption-text\">Alpsee \u00a9 Thomas Gretler<\/p><\/div>\n<p>F\u00fcr Besucher der Nagelfluhkette gibt es grenzenlose M\u00f6glichkeiten, den Naturpark zu entdecken. Ob auf eigene Faust oder auf gef\u00fchrten Touren, bei einem Besuch im Naturparkzentrum im Alpseehaus oder bei kulinarischen Streifz\u00fcgen durch die regionale K\u00fcche der zahlreichen LandZunge-Gasth\u00f6fe, der Naturpark Nagelfluhkette ist mehr als eine Reise wert.<\/p>\n<p><strong><em>Weitere Informationen: <a href=\"http:\/\/www.nagelfluhkette.info\" target=\"_blank\">www.nagelfluhkette.info<\/a><\/em><\/strong><\/p>\n<p>&nbsp;<\/p>\n","protected":false},"excerpt":{"rendered":"<p>Wo die Alpen beginnen, der Bodensee nah ist und ein besonderes Gestein die Landschaft pr\u00e4gt, liegt der Naturpark Nagelfluhkette. An der Schnittstelle zwischen Allg\u00e4u und Bregenzerwald hat sich \u00fcber viele Jahrhunderte hinweg eine gro\u00dfartige Kulturlandschaft entwickelt. F\u00fcr Besucher der Nagelfluhkette gibt es grenzenlose M\u00f6glichkeiten, den Naturpark zu entdecken. Ob auf eigene Faust oder auf gef\u00fchrten Touren, bei einem Besuch im Naturparkzentrum im Alpseehaus oder bei kulinarischen Streifz\u00fcgen durch die regionale K\u00fcche der zahlreichen LandZunge-Gasth\u00f6fe, der Naturpark Nagelfluhkette ist mehr als eine Reise wert.<\/p>\n","protected":false},"author":51,"featured_media":7759,"comment_status":"open","ping_status":"open","sticky":false,"template":"","format":"standard","meta":{"_links_to":"","_links_to_target":""},"categories":[15],"tags":[732,730,725,731,724,723,710,729,726,727,728],"yoast_head":"<!-- This site is optimized with the Yoast SEO plugin v19.10 - https:\/\/yoast.com\/wordpress\/plugins\/seo\/ -->\n<title>Grenzenlose Vielfalt im Allg\u00e4u und Bregenzerwald \u2013 Naturpark Nagelfluhkette<\/title>\n<meta name=\"description\" content=\"Wo die Alpen beginnen, der Bodensee nah ist und ein besonderes Gestein die Landschaft pr\u00e4gt, liegt der Naturpark Nagelfluhkette. An der Schnittstelle zwischen Allg\u00e4u und Bregenzerwald hat sich \u00fcber viele Jahrhunderte hinweg eine gro\u00dfartige Kulturlandschaft entwickelt. F\u00fcr Besucher der Nagelfluhkette gibt es grenzenlose M\u00f6glichkeiten, den Naturpark zu entdecken. Ob auf eigene Faust oder auf gef\u00fchrten Touren, bei einem Besuch im Naturparkzentrum im Alpseehaus oder bei kulinarischen Streifz\u00fcgen durch die regionale K\u00fcche der zahlreichen LandZunge-Gasth\u00f6fe, der Naturpark Nagelfluhkette ist mehr als eine Reise wert.\" \/>\n<meta name=\"robots\" content=\"index, follow, max-snippet:-1, max-image-preview:large, max-video-preview:-1\" \/>\n<link rel=\"canonical\" href=\"https:\/\/www.naturparkmagazin.de\/vdn\/grenzenlose-vielfalt-im-allgaeu-und-bregenzerwald-naturpark-nagelfluhkette\/\" \/>\n<meta property=\"og:locale\" content=\"de_DE\" \/>\n<meta property=\"og:type\" content=\"article\" \/>\n<meta property=\"og:title\" content=\"Grenzenlose Vielfalt im Allg\u00e4u und Bregenzerwald \u2013 Naturpark Nagelfluhkette\" \/>\n<meta property=\"og:description\" content=\"Wo die Alpen beginnen, der Bodensee nah ist und ein besonderes Gestein die Landschaft pr\u00e4gt, liegt der Naturpark Nagelfluhkette. An der Schnittstelle zwischen Allg\u00e4u und Bregenzerwald hat sich \u00fcber viele Jahrhunderte hinweg eine gro\u00dfartige Kulturlandschaft entwickelt. F\u00fcr Besucher der Nagelfluhkette gibt es grenzenlose M\u00f6glichkeiten, den Naturpark zu entdecken. Ob auf eigene Faust oder auf gef\u00fchrten Touren, bei einem Besuch im Naturparkzentrum im Alpseehaus oder bei kulinarischen Streifz\u00fcgen durch die regionale K\u00fcche der zahlreichen LandZunge-Gasth\u00f6fe, der Naturpark Nagelfluhkette ist mehr als eine Reise wert.\" \/>\n<meta property=\"og:url\" content=\"https:\/\/www.naturparkmagazin.de\/vdn\/grenzenlose-vielfalt-im-allgaeu-und-bregenzerwald-naturpark-nagelfluhkette\/\" \/>\n<meta property=\"og:site_name\" content=\"Verband Deutscher Naturparke\" \/>\n<meta property=\"article:published_time\" content=\"2016-09-15T12:05:03+00:00\" \/>\n<meta property=\"article:modified_time\" content=\"2016-09-28T13:06:05+00:00\" \/>\n<meta property=\"og:image\" content=\"https:\/\/www.naturparkmagazin.de\/vdn\/wp-content\/uploads\/sites\/3\/Nagelfluhkette-hochgrat-015-beitragsfoto.jpg\" \/>\n\t<meta property=\"og:image:width\" content=\"200\" \/>\n\t<meta property=\"og:image:height\" content=\"200\" \/>\n\t<meta property=\"og:image:type\" content=\"image\/jpeg\" \/>\n<meta name=\"author\" content=\"beatrixlosem\" \/>\n<meta name=\"twitter:label1\" content=\"Verfasst von\" \/>\n\t<meta name=\"twitter:data1\" content=\"beatrixlosem\" \/>\n\t<meta name=\"twitter:label2\" content=\"Gesch\u00e4tzte Lesezeit\" \/>\n\t<meta name=\"twitter:data2\" content=\"2\u00a0Minuten\" \/>\n<script type=\"application\/ld+json\" class=\"yoast-schema-graph\">{\"@context\":\"https:\/\/schema.org\",\"@graph\":[{\"@type\":\"WebPage\",\"@id\":\"https:\/\/www.naturparkmagazin.de\/vdn\/grenzenlose-vielfalt-im-allgaeu-und-bregenzerwald-naturpark-nagelfluhkette\/\",\"url\":\"https:\/\/www.naturparkmagazin.de\/vdn\/grenzenlose-vielfalt-im-allgaeu-und-bregenzerwald-naturpark-nagelfluhkette\/\",\"name\":\"Grenzenlose Vielfalt im Allg\u00e4u und Bregenzerwald \u2013 Naturpark Nagelfluhkette\",\"isPartOf\":{\"@id\":\"https:\/\/www.naturparkmagazin.de\/vdn\/#website\"},\"datePublished\":\"2016-09-15T12:05:03+00:00\",\"dateModified\":\"2016-09-28T13:06:05+00:00\",\"author\":{\"@id\":\"https:\/\/www.naturparkmagazin.de\/vdn\/#\/schema\/person\/d71357578c318b6db03be60b1f60396b\"},\"description\":\"Wo die Alpen beginnen, der Bodensee nah ist und ein besonderes Gestein die Landschaft pr\u00e4gt, liegt der Naturpark Nagelfluhkette. An der Schnittstelle zwischen Allg\u00e4u und Bregenzerwald hat sich \u00fcber viele Jahrhunderte hinweg eine gro\u00dfartige Kulturlandschaft entwickelt. F\u00fcr Besucher der Nagelfluhkette gibt es grenzenlose M\u00f6glichkeiten, den Naturpark zu entdecken. Ob auf eigene Faust oder auf gef\u00fchrten Touren, bei einem Besuch im Naturparkzentrum im Alpseehaus oder bei kulinarischen Streifz\u00fcgen durch die regionale K\u00fcche der zahlreichen LandZunge-Gasth\u00f6fe, der Naturpark Nagelfluhkette ist mehr als eine Reise wert.\",\"breadcrumb\":{\"@id\":\"https:\/\/www.naturparkmagazin.de\/vdn\/grenzenlose-vielfalt-im-allgaeu-und-bregenzerwald-naturpark-nagelfluhkette\/#breadcrumb\"},\"inLanguage\":\"de\",\"potentialAction\":[{\"@type\":\"ReadAction\",\"target\":[\"https:\/\/www.naturparkmagazin.de\/vdn\/grenzenlose-vielfalt-im-allgaeu-und-bregenzerwald-naturpark-nagelfluhkette\/\"]}]},{\"@type\":\"BreadcrumbList\",\"@id\":\"https:\/\/www.naturparkmagazin.de\/vdn\/grenzenlose-vielfalt-im-allgaeu-und-bregenzerwald-naturpark-nagelfluhkette\/#breadcrumb\",\"itemListElement\":[{\"@type\":\"ListItem\",\"position\":1,\"name\":\"Home\",\"item\":\"https:\/\/www.naturparkmagazin.de\/vdn\/\"},{\"@type\":\"ListItem\",\"position\":2,\"name\":\"Grenzenlose Vielfalt im Allg\u00e4u und Bregenzerwald \u2013 Naturpark Nagelfluhkette\"}]},{\"@type\":\"WebSite\",\"@id\":\"https:\/\/www.naturparkmagazin.de\/vdn\/#website\",\"url\":\"https:\/\/www.naturparkmagazin.de\/vdn\/\",\"name\":\"Verband Deutscher Naturparke\",\"description\":\"Eine weitere Naturparkmagazin.de Netzwerk Seite\",\"potentialAction\":[{\"@type\":\"SearchAction\",\"target\":{\"@type\":\"EntryPoint\",\"urlTemplate\":\"https:\/\/www.naturparkmagazin.de\/vdn\/?s={search_term_string}\"},\"query-input\":\"required name=search_term_string\"}],\"inLanguage\":\"de\"},{\"@type\":\"Person\",\"@id\":\"https:\/\/www.naturparkmagazin.de\/vdn\/#\/schema\/person\/d71357578c318b6db03be60b1f60396b\",\"name\":\"beatrixlosem\",\"url\":\"https:\/\/www.naturparkmagazin.de\/vdn\/author\/beatrixlosem\/\"}]}<\/script>\n<!-- \/ Yoast SEO plugin. -->","yoast_head_json":{"title":"Grenzenlose Vielfalt im Allg\u00e4u und Bregenzerwald \u2013 Naturpark Nagelfluhkette","description":"Wo die Alpen beginnen, der Bodensee nah ist und ein besonderes Gestein die Landschaft pr\u00e4gt, liegt der Naturpark Nagelfluhkette. An der Schnittstelle zwischen Allg\u00e4u und Bregenzerwald hat sich \u00fcber viele Jahrhunderte hinweg eine gro\u00dfartige Kulturlandschaft entwickelt. F\u00fcr Besucher der Nagelfluhkette gibt es grenzenlose M\u00f6glichkeiten, den Naturpark zu entdecken. Ob auf eigene Faust oder auf gef\u00fchrten Touren, bei einem Besuch im Naturparkzentrum im Alpseehaus oder bei kulinarischen Streifz\u00fcgen durch die regionale K\u00fcche der zahlreichen LandZunge-Gasth\u00f6fe, der Naturpark Nagelfluhkette ist mehr als eine Reise wert.","robots":{"index":"index","follow":"follow","max-snippet":"max-snippet:-1","max-image-preview":"max-image-preview:large","max-video-preview":"max-video-preview:-1"},"canonical":"https:\/\/www.naturparkmagazin.de\/vdn\/grenzenlose-vielfalt-im-allgaeu-und-bregenzerwald-naturpark-nagelfluhkette\/","og_locale":"de_DE","og_type":"article","og_title":"Grenzenlose Vielfalt im Allg\u00e4u und Bregenzerwald \u2013 Naturpark Nagelfluhkette","og_description":"Wo die Alpen beginnen, der Bodensee nah ist und ein besonderes Gestein die Landschaft pr\u00e4gt, liegt der Naturpark Nagelfluhkette. An der Schnittstelle zwischen Allg\u00e4u und Bregenzerwald hat sich \u00fcber viele Jahrhunderte hinweg eine gro\u00dfartige Kulturlandschaft entwickelt. F\u00fcr Besucher der Nagelfluhkette gibt es grenzenlose M\u00f6glichkeiten, den Naturpark zu entdecken. Ob auf eigene Faust oder auf gef\u00fchrten Touren, bei einem Besuch im Naturparkzentrum im Alpseehaus oder bei kulinarischen Streifz\u00fcgen durch die regionale K\u00fcche der zahlreichen LandZunge-Gasth\u00f6fe, der Naturpark Nagelfluhkette ist mehr als eine Reise wert.","og_url":"https:\/\/www.naturparkmagazin.de\/vdn\/grenzenlose-vielfalt-im-allgaeu-und-bregenzerwald-naturpark-nagelfluhkette\/","og_site_name":"Verband Deutscher Naturparke","article_published_time":"2016-09-15T12:05:03+00:00","article_modified_time":"2016-09-28T13:06:05+00:00","og_image":[{"width":200,"height":200,"url":"https:\/\/www.naturparkmagazin.de\/vdn\/wp-content\/uploads\/sites\/3\/Nagelfluhkette-hochgrat-015-beitragsfoto.jpg","type":"image\/jpeg"}],"author":"beatrixlosem","twitter_misc":{"Verfasst von":"beatrixlosem","Gesch\u00e4tzte Lesezeit":"2\u00a0Minuten"},"schema":{"@context":"https:\/\/schema.org","@graph":[{"@type":"WebPage","@id":"https:\/\/www.naturparkmagazin.de\/vdn\/grenzenlose-vielfalt-im-allgaeu-und-bregenzerwald-naturpark-nagelfluhkette\/","url":"https:\/\/www.naturparkmagazin.de\/vdn\/grenzenlose-vielfalt-im-allgaeu-und-bregenzerwald-naturpark-nagelfluhkette\/","name":"Grenzenlose Vielfalt im Allg\u00e4u und Bregenzerwald \u2013 Naturpark Nagelfluhkette","isPartOf":{"@id":"https:\/\/www.naturparkmagazin.de\/vdn\/#website"},"datePublished":"2016-09-15T12:05:03+00:00","dateModified":"2016-09-28T13:06:05+00:00","author":{"@id":"https:\/\/www.naturparkmagazin.de\/vdn\/#\/schema\/person\/d71357578c318b6db03be60b1f60396b"},"description":"Wo die Alpen beginnen, der Bodensee nah ist und ein besonderes Gestein die Landschaft pr\u00e4gt, liegt der Naturpark Nagelfluhkette. An der Schnittstelle zwischen Allg\u00e4u und Bregenzerwald hat sich \u00fcber viele Jahrhunderte hinweg eine gro\u00dfartige Kulturlandschaft entwickelt. F\u00fcr Besucher der Nagelfluhkette gibt es grenzenlose M\u00f6glichkeiten, den Naturpark zu entdecken. Ob auf eigene Faust oder auf gef\u00fchrten Touren, bei einem Besuch im Naturparkzentrum im Alpseehaus oder bei kulinarischen Streifz\u00fcgen durch die regionale K\u00fcche der zahlreichen LandZunge-Gasth\u00f6fe, der Naturpark Nagelfluhkette ist mehr als eine Reise wert.","breadcrumb":{"@id":"https:\/\/www.naturparkmagazin.de\/vdn\/grenzenlose-vielfalt-im-allgaeu-und-bregenzerwald-naturpark-nagelfluhkette\/#breadcrumb"},"inLanguage":"de","potentialAction":[{"@type":"ReadAction","target":["https:\/\/www.naturparkmagazin.de\/vdn\/grenzenlose-vielfalt-im-allgaeu-und-bregenzerwald-naturpark-nagelfluhkette\/"]}]},{"@type":"BreadcrumbList","@id":"https:\/\/www.naturparkmagazin.de\/vdn\/grenzenlose-vielfalt-im-allgaeu-und-bregenzerwald-naturpark-nagelfluhkette\/#breadcrumb","itemListElement":[{"@type":"ListItem","position":1,"name":"Home","item":"https:\/\/www.naturparkmagazin.de\/vdn\/"},{"@type":"ListItem","position":2,"name":"Grenzenlose Vielfalt im Allg\u00e4u und Bregenzerwald \u2013 Naturpark Nagelfluhkette"}]},{"@type":"WebSite","@id":"https:\/\/www.naturparkmagazin.de\/vdn\/#website","url":"https:\/\/www.naturparkmagazin.de\/vdn\/","name":"Verband Deutscher Naturparke","description":"Eine weitere Naturparkmagazin.de Netzwerk Seite","potentialAction":[{"@type":"SearchAction","target":{"@type":"EntryPoint","urlTemplate":"https:\/\/www.naturparkmagazin.de\/vdn\/?s={search_term_string}"},"query-input":"required name=search_term_string"}],"inLanguage":"de"},{"@type":"Person","@id":"https:\/\/www.naturparkmagazin.de\/vdn\/#\/schema\/person\/d71357578c318b6db03be60b1f60396b","name":"beatrixlosem","url":"https:\/\/www.naturparkmagazin.de\/vdn\/author\/beatrixlosem\/"}]}},"_links":{"self":[{"href":"https:\/\/www.naturparkmagazin.de\/vdn\/wp-json\/wp\/v2\/posts\/7744"}],"collection":[{"href":"https:\/\/www.naturparkmagazin.de\/vdn\/wp-json\/wp\/v2\/posts"}],"about":[{"href":"https:\/\/www.naturparkmagazin.de\/vdn\/wp-json\/wp\/v2\/types\/post"}],"author":[{"embeddable":true,"href":"https:\/\/www.naturparkmagazin.de\/vdn\/wp-json\/wp\/v2\/users\/51"}],"replies":[{"embeddable":true,"href":"https:\/\/www.naturparkmagazin.de\/vdn\/wp-json\/wp\/v2\/comments?post=7744"}],"version-history":[{"count":7,"href":"https:\/\/www.naturparkmagazin.de\/vdn\/wp-json\/wp\/v2\/posts\/7744\/revisions"}],"predecessor-version":[{"id":7796,"href":"https:\/\/www.naturparkmagazin.de\/vdn\/wp-json\/wp\/v2\/posts\/7744\/revisions\/7796"}],"wp:featuredmedia":[{"embeddable":true,"href":"https:\/\/www.naturparkmagazin.de\/vdn\/wp-json\/wp\/v2\/media\/7759"}],"wp:attachment":[{"href":"https:\/\/www.naturparkmagazin.de\/vdn\/wp-json\/wp\/v2\/media?parent=7744"}],"wp:term":[{"taxonomy":"category","embeddable":true,"href":"https:\/\/www.naturparkmagazin.de\/vdn\/wp-json\/wp\/v2\/categories?post=7744"},{"taxonomy":"post_tag","embeddable":true,"href":"https:\/\/www.naturparkmagazin.de\/vdn\/wp-json\/wp\/v2\/tags?post=7744"}],"curies":[{"name":"wp","href":"https:\/\/api.w.org\/{rel}","templated":true}]}}