{"id":7768,"date":"2016-09-15T16:00:00","date_gmt":"2016-09-15T14:00:00","guid":{"rendered":"http:\/\/www.naturparkmagazin.de\/vdn\/?p=7768"},"modified":"2016-09-28T15:01:28","modified_gmt":"2016-09-28T13:01:28","slug":"30-jahre-bmub-vdn-auf-dem-festival-der-zukunft-in-berlin","status":"publish","type":"post","link":"https:\/\/www.naturparkmagazin.de\/vdn\/30-jahre-bmub-vdn-auf-dem-festival-der-zukunft-in-berlin\/","title":{"rendered":"\u201e30 Jahre BMUB\u201c \u2013 VDN auf dem \u201eFestival der Zukunft\u201c in Berlin"},"content":{"rendered":"<div id=\"attachment_7772\" style=\"width: 510px\" class=\"wp-caption aligncenter\"><a href=\"https:\/\/www.naturparkmagazin.de\/vdn\/wp-content\/uploads\/sites\/3\/DSC_0015-beitrag.jpg\"><img aria-describedby=\"caption-attachment-7772\" decoding=\"async\" loading=\"lazy\" class=\"size-full wp-image-7772\" src=\"https:\/\/www.naturparkmagazin.de\/vdn\/wp-content\/uploads\/sites\/3\/DSC_0015-beitrag.jpg\" alt=\"Festival der Zukunft \u00a9 VDN\" width=\"500\" height=\"300\" srcset=\"https:\/\/www.naturparkmagazin.de\/vdn\/wp-content\/uploads\/sites\/3\/DSC_0015-beitrag.jpg 500w, https:\/\/www.naturparkmagazin.de\/vdn\/wp-content\/uploads\/sites\/3\/DSC_0015-beitrag-300x180.jpg 300w, https:\/\/www.naturparkmagazin.de\/vdn\/wp-content\/uploads\/sites\/3\/DSC_0015-beitrag-200x120.jpg 200w\" sizes=\"(max-width: 500px) 100vw, 500px\" \/><\/a><p id=\"caption-attachment-7772\" class=\"wp-caption-text\">Festival der Zukunft \u00a9 VDN<\/p><\/div>\n<p>Am 11. Und 12. September feierte das Bundesumweltministerium unter dem Motto \u201eUmweltpolitik 3.0 \u2013 Das Festival der Zukunft\u201c seinen 30. Geburtstag auf dem EUREF-Gel\u00e4nde am Sch\u00f6neberger Gasometer. \u00dcber 100 Organisationen, Verb\u00e4nde und Umwelt-Initiativen aus dem In- und Ausland waren der Einladung von Bundesumweltministerin Barbara Hendricks gefolgt und pr\u00e4sentierten ihre Themen, Schwerpunkte und Ideen f\u00fcr die Umweltpolitik der Zukunft.<\/p>\n<p>Unter dem Motto \u201eLandschaften voller Leben\u201c pr\u00e4sentierte auch der Verband Deutscher Naturparke seine Visionen f\u00fcr die Zukunft der Naturparkarbeit. Besonderen Spa\u00df machte dabei den Besuchern das zu diesem Anlass konzipierte Gewinnspiel \u201eDes R\u00e4tsels L\u00f6sung?\u201c bei dem die Bildb\u00e4nde \u00fcber Naturparke \u201eParadiese vor der Haust\u00fcr \u2013 Deutschlands Naturparke\u201c als Gewinn ausgelobt wurden.<\/p>\n<div id=\"attachment_7770\" style=\"width: 510px\" class=\"wp-caption aligncenter\"><a href=\"https:\/\/www.naturparkmagazin.de\/vdn\/wp-content\/uploads\/sites\/3\/DSC_0016-beitrag.jpg\"><img aria-describedby=\"caption-attachment-7770\" decoding=\"async\" loading=\"lazy\" class=\"size-full wp-image-7770\" src=\"https:\/\/www.naturparkmagazin.de\/vdn\/wp-content\/uploads\/sites\/3\/DSC_0016-beitrag.jpg\" alt=\"Festival der Zukunft \u00a9 VDN\" width=\"500\" height=\"337\" srcset=\"https:\/\/www.naturparkmagazin.de\/vdn\/wp-content\/uploads\/sites\/3\/DSC_0016-beitrag.jpg 500w, https:\/\/www.naturparkmagazin.de\/vdn\/wp-content\/uploads\/sites\/3\/DSC_0016-beitrag-300x202.jpg 300w, https:\/\/www.naturparkmagazin.de\/vdn\/wp-content\/uploads\/sites\/3\/DSC_0016-beitrag-200x135.jpg 200w\" sizes=\"(max-width: 500px) 100vw, 500px\" \/><\/a><p id=\"caption-attachment-7770\" class=\"wp-caption-text\">Festival der Zukunft \u00a9 VDN<\/p><\/div>\n<p>In rund 170 gro\u00dfen und kleinen Foren und Workshops wurde \u00fcber s\u00e4mtliche Bereiche der Umweltpolitik informiert und diskutiert: von Naturschutz, Landwirtschaft und gesunder Ern\u00e4hrung bis hin zu Klimaschutz, Globalisierung und Nachhaltigkeit im Sport. In einem Forum mit B\u00fcrgern und Experten stellten der VDN und Naturparkvertreter Naturparke als Chance f\u00fcr nachhaltige Entwicklung und biologische Vielfalt im l\u00e4ndlichen Raum vor.<\/p>\n<p>Die Besucher konnten ihre Ideen und Forderungen zur Umweltpolitik auf verschiedene Weise einbringen \u2013 durch Wortmeldungen in den Veranstaltungen, \u00fcber soziale Medien oder durch Wortmeldungen an einer \u201eSpeaker\u2019s Corner\u201c.<\/p>\n<p>Von den vielen Ideen und Beitr\u00e4gen soll nichts verloren gehen: Wissenschaftler des Forschungszentrums f\u00fcr Umweltpolitik (FFU) an der Freien Universit\u00e4t Berlin dokumentierten und analysierten das Spektrum an Perspektiven und Impulsen, damit es f\u00fcr die Weiterentwicklung der umweltpolitischen Debatte genutzt werden kann.<\/p>\n<p>&nbsp;<\/p>\n<p><a href=\"http:\/\/www.bmub.bund.de\/presse\/pressemitteilungen\/pm\/artikel\/hendricks-laedt-zum-festival-der-zukunft-in-berlin\/?tx_ttnews%5BbackPid%5D=103&amp;cHash=88da805d18adb76d1edb1349e4214b1f\" target=\"_blank\">Hier k\u00f6nnen Sie die Pressemitteilung downloaden<\/a><\/p>\n<p>&nbsp;<\/p>\n","protected":false},"excerpt":{"rendered":"<p>Unter dem Motto \u201eLandschaften voller Leben\u201c pr\u00e4sentierte der Verband Deutscher Naturparke seine Visionen f\u00fcr die Zukunft der Naturparkarbeit auf der Jubil\u00e4umsveranstaltung des BMUB.<\/p>\n","protected":false},"author":51,"featured_media":7769,"comment_status":"open","ping_status":"open","sticky":false,"template":"","format":"standard","meta":{"_links_to":"","_links_to_target":""},"categories":[7],"tags":[736,733,735,734,41],"yoast_head":"<!-- This site is optimized with the Yoast SEO plugin v19.10 - https:\/\/yoast.com\/wordpress\/plugins\/seo\/ -->\n<title>\u201e30 Jahre BMUB\u201c \u2013 VDN auf dem \u201eFestival der Zukunft\u201c in Berlin<\/title>\n<meta name=\"description\" content=\"Unter dem Motto \u201eLandschaften voller Leben\u201c pr\u00e4sentierte der Verband Deutscher Naturparke seine Visionen f\u00fcr die Zukunft der Naturparkarbeit auf der Jubil\u00e4umsveranstaltung des BMUB.\" \/>\n<meta name=\"robots\" content=\"index, follow, max-snippet:-1, max-image-preview:large, max-video-preview:-1\" \/>\n<link rel=\"canonical\" href=\"https:\/\/www.naturparkmagazin.de\/vdn\/30-jahre-bmub-vdn-auf-dem-festival-der-zukunft-in-berlin\/\" \/>\n<meta property=\"og:locale\" content=\"de_DE\" \/>\n<meta property=\"og:type\" content=\"article\" \/>\n<meta property=\"og:title\" content=\"\u201e30 Jahre BMUB\u201c \u2013 VDN auf dem \u201eFestival der Zukunft\u201c in Berlin\" \/>\n<meta property=\"og:description\" content=\"Unter dem Motto \u201eLandschaften voller Leben\u201c pr\u00e4sentierte der Verband Deutscher Naturparke seine Visionen f\u00fcr die Zukunft der Naturparkarbeit auf der Jubil\u00e4umsveranstaltung des BMUB.\" \/>\n<meta property=\"og:url\" content=\"https:\/\/www.naturparkmagazin.de\/vdn\/30-jahre-bmub-vdn-auf-dem-festival-der-zukunft-in-berlin\/\" \/>\n<meta property=\"og:site_name\" content=\"Verband Deutscher Naturparke\" \/>\n<meta property=\"article:published_time\" content=\"2016-09-15T14:00:00+00:00\" \/>\n<meta property=\"article:modified_time\" content=\"2016-09-28T13:01:28+00:00\" \/>\n<meta property=\"og:image\" content=\"https:\/\/www.naturparkmagazin.de\/vdn\/wp-content\/uploads\/sites\/3\/DSC_0015-beitragsphoto.jpg\" \/>\n\t<meta property=\"og:image:width\" content=\"200\" \/>\n\t<meta property=\"og:image:height\" content=\"200\" \/>\n\t<meta property=\"og:image:type\" content=\"image\/jpeg\" \/>\n<meta name=\"author\" content=\"beatrixlosem\" \/>\n<meta name=\"twitter:label1\" content=\"Verfasst von\" \/>\n\t<meta name=\"twitter:data1\" content=\"beatrixlosem\" \/>\n\t<meta name=\"twitter:label2\" content=\"Gesch\u00e4tzte Lesezeit\" \/>\n\t<meta name=\"twitter:data2\" content=\"1\u00a0Minute\" \/>\n<script type=\"application\/ld+json\" class=\"yoast-schema-graph\">{\"@context\":\"https:\/\/schema.org\",\"@graph\":[{\"@type\":\"WebPage\",\"@id\":\"https:\/\/www.naturparkmagazin.de\/vdn\/30-jahre-bmub-vdn-auf-dem-festival-der-zukunft-in-berlin\/\",\"url\":\"https:\/\/www.naturparkmagazin.de\/vdn\/30-jahre-bmub-vdn-auf-dem-festival-der-zukunft-in-berlin\/\",\"name\":\"\u201e30 Jahre BMUB\u201c \u2013 VDN auf dem \u201eFestival der Zukunft\u201c in Berlin\",\"isPartOf\":{\"@id\":\"https:\/\/www.naturparkmagazin.de\/vdn\/#website\"},\"datePublished\":\"2016-09-15T14:00:00+00:00\",\"dateModified\":\"2016-09-28T13:01:28+00:00\",\"author\":{\"@id\":\"https:\/\/www.naturparkmagazin.de\/vdn\/#\/schema\/person\/d71357578c318b6db03be60b1f60396b\"},\"description\":\"Unter dem Motto \u201eLandschaften voller Leben\u201c pr\u00e4sentierte der Verband Deutscher Naturparke seine Visionen f\u00fcr die Zukunft der Naturparkarbeit auf der Jubil\u00e4umsveranstaltung des BMUB.\",\"breadcrumb\":{\"@id\":\"https:\/\/www.naturparkmagazin.de\/vdn\/30-jahre-bmub-vdn-auf-dem-festival-der-zukunft-in-berlin\/#breadcrumb\"},\"inLanguage\":\"de\",\"potentialAction\":[{\"@type\":\"ReadAction\",\"target\":[\"https:\/\/www.naturparkmagazin.de\/vdn\/30-jahre-bmub-vdn-auf-dem-festival-der-zukunft-in-berlin\/\"]}]},{\"@type\":\"BreadcrumbList\",\"@id\":\"https:\/\/www.naturparkmagazin.de\/vdn\/30-jahre-bmub-vdn-auf-dem-festival-der-zukunft-in-berlin\/#breadcrumb\",\"itemListElement\":[{\"@type\":\"ListItem\",\"position\":1,\"name\":\"Home\",\"item\":\"https:\/\/www.naturparkmagazin.de\/vdn\/\"},{\"@type\":\"ListItem\",\"position\":2,\"name\":\"\u201e30 Jahre BMUB\u201c \u2013 VDN auf dem \u201eFestival der Zukunft\u201c in Berlin\"}]},{\"@type\":\"WebSite\",\"@id\":\"https:\/\/www.naturparkmagazin.de\/vdn\/#website\",\"url\":\"https:\/\/www.naturparkmagazin.de\/vdn\/\",\"name\":\"Verband Deutscher Naturparke\",\"description\":\"Eine weitere Naturparkmagazin.de Netzwerk Seite\",\"potentialAction\":[{\"@type\":\"SearchAction\",\"target\":{\"@type\":\"EntryPoint\",\"urlTemplate\":\"https:\/\/www.naturparkmagazin.de\/vdn\/?s={search_term_string}\"},\"query-input\":\"required name=search_term_string\"}],\"inLanguage\":\"de\"},{\"@type\":\"Person\",\"@id\":\"https:\/\/www.naturparkmagazin.de\/vdn\/#\/schema\/person\/d71357578c318b6db03be60b1f60396b\",\"name\":\"beatrixlosem\",\"url\":\"https:\/\/www.naturparkmagazin.de\/vdn\/author\/beatrixlosem\/\"}]}<\/script>\n<!-- \/ Yoast SEO plugin. -->","yoast_head_json":{"title":"\u201e30 Jahre BMUB\u201c \u2013 VDN auf dem \u201eFestival der Zukunft\u201c in Berlin","description":"Unter dem Motto \u201eLandschaften voller Leben\u201c pr\u00e4sentierte der Verband Deutscher Naturparke seine Visionen f\u00fcr die Zukunft der Naturparkarbeit auf der Jubil\u00e4umsveranstaltung des BMUB.","robots":{"index":"index","follow":"follow","max-snippet":"max-snippet:-1","max-image-preview":"max-image-preview:large","max-video-preview":"max-video-preview:-1"},"canonical":"https:\/\/www.naturparkmagazin.de\/vdn\/30-jahre-bmub-vdn-auf-dem-festival-der-zukunft-in-berlin\/","og_locale":"de_DE","og_type":"article","og_title":"\u201e30 Jahre BMUB\u201c \u2013 VDN auf dem \u201eFestival der Zukunft\u201c in Berlin","og_description":"Unter dem Motto \u201eLandschaften voller Leben\u201c pr\u00e4sentierte der Verband Deutscher Naturparke seine Visionen f\u00fcr die Zukunft der Naturparkarbeit auf der Jubil\u00e4umsveranstaltung des BMUB.","og_url":"https:\/\/www.naturparkmagazin.de\/vdn\/30-jahre-bmub-vdn-auf-dem-festival-der-zukunft-in-berlin\/","og_site_name":"Verband Deutscher Naturparke","article_published_time":"2016-09-15T14:00:00+00:00","article_modified_time":"2016-09-28T13:01:28+00:00","og_image":[{"width":200,"height":200,"url":"https:\/\/www.naturparkmagazin.de\/vdn\/wp-content\/uploads\/sites\/3\/DSC_0015-beitragsphoto.jpg","type":"image\/jpeg"}],"author":"beatrixlosem","twitter_misc":{"Verfasst von":"beatrixlosem","Gesch\u00e4tzte Lesezeit":"1\u00a0Minute"},"schema":{"@context":"https:\/\/schema.org","@graph":[{"@type":"WebPage","@id":"https:\/\/www.naturparkmagazin.de\/vdn\/30-jahre-bmub-vdn-auf-dem-festival-der-zukunft-in-berlin\/","url":"https:\/\/www.naturparkmagazin.de\/vdn\/30-jahre-bmub-vdn-auf-dem-festival-der-zukunft-in-berlin\/","name":"\u201e30 Jahre BMUB\u201c \u2013 VDN auf dem \u201eFestival der Zukunft\u201c in Berlin","isPartOf":{"@id":"https:\/\/www.naturparkmagazin.de\/vdn\/#website"},"datePublished":"2016-09-15T14:00:00+00:00","dateModified":"2016-09-28T13:01:28+00:00","author":{"@id":"https:\/\/www.naturparkmagazin.de\/vdn\/#\/schema\/person\/d71357578c318b6db03be60b1f60396b"},"description":"Unter dem Motto \u201eLandschaften voller Leben\u201c pr\u00e4sentierte der Verband Deutscher Naturparke seine Visionen f\u00fcr die Zukunft der Naturparkarbeit auf der Jubil\u00e4umsveranstaltung des BMUB.","breadcrumb":{"@id":"https:\/\/www.naturparkmagazin.de\/vdn\/30-jahre-bmub-vdn-auf-dem-festival-der-zukunft-in-berlin\/#breadcrumb"},"inLanguage":"de","potentialAction":[{"@type":"ReadAction","target":["https:\/\/www.naturparkmagazin.de\/vdn\/30-jahre-bmub-vdn-auf-dem-festival-der-zukunft-in-berlin\/"]}]},{"@type":"BreadcrumbList","@id":"https:\/\/www.naturparkmagazin.de\/vdn\/30-jahre-bmub-vdn-auf-dem-festival-der-zukunft-in-berlin\/#breadcrumb","itemListElement":[{"@type":"ListItem","position":1,"name":"Home","item":"https:\/\/www.naturparkmagazin.de\/vdn\/"},{"@type":"ListItem","position":2,"name":"\u201e30 Jahre BMUB\u201c \u2013 VDN auf dem \u201eFestival der Zukunft\u201c in Berlin"}]},{"@type":"WebSite","@id":"https:\/\/www.naturparkmagazin.de\/vdn\/#website","url":"https:\/\/www.naturparkmagazin.de\/vdn\/","name":"Verband Deutscher Naturparke","description":"Eine weitere Naturparkmagazin.de Netzwerk Seite","potentialAction":[{"@type":"SearchAction","target":{"@type":"EntryPoint","urlTemplate":"https:\/\/www.naturparkmagazin.de\/vdn\/?s={search_term_string}"},"query-input":"required name=search_term_string"}],"inLanguage":"de"},{"@type":"Person","@id":"https:\/\/www.naturparkmagazin.de\/vdn\/#\/schema\/person\/d71357578c318b6db03be60b1f60396b","name":"beatrixlosem","url":"https:\/\/www.naturparkmagazin.de\/vdn\/author\/beatrixlosem\/"}]}},"_links":{"self":[{"href":"https:\/\/www.naturparkmagazin.de\/vdn\/wp-json\/wp\/v2\/posts\/7768"}],"collection":[{"href":"https:\/\/www.naturparkmagazin.de\/vdn\/wp-json\/wp\/v2\/posts"}],"about":[{"href":"https:\/\/www.naturparkmagazin.de\/vdn\/wp-json\/wp\/v2\/types\/post"}],"author":[{"embeddable":true,"href":"https:\/\/www.naturparkmagazin.de\/vdn\/wp-json\/wp\/v2\/users\/51"}],"replies":[{"embeddable":true,"href":"https:\/\/www.naturparkmagazin.de\/vdn\/wp-json\/wp\/v2\/comments?post=7768"}],"version-history":[{"count":7,"href":"https:\/\/www.naturparkmagazin.de\/vdn\/wp-json\/wp\/v2\/posts\/7768\/revisions"}],"predecessor-version":[{"id":7819,"href":"https:\/\/www.naturparkmagazin.de\/vdn\/wp-json\/wp\/v2\/posts\/7768\/revisions\/7819"}],"wp:featuredmedia":[{"embeddable":true,"href":"https:\/\/www.naturparkmagazin.de\/vdn\/wp-json\/wp\/v2\/media\/7769"}],"wp:attachment":[{"href":"https:\/\/www.naturparkmagazin.de\/vdn\/wp-json\/wp\/v2\/media?parent=7768"}],"wp:term":[{"taxonomy":"category","embeddable":true,"href":"https:\/\/www.naturparkmagazin.de\/vdn\/wp-json\/wp\/v2\/categories?post=7768"},{"taxonomy":"post_tag","embeddable":true,"href":"https:\/\/www.naturparkmagazin.de\/vdn\/wp-json\/wp\/v2\/tags?post=7768"}],"curies":[{"name":"wp","href":"https:\/\/api.w.org\/{rel}","templated":true}]}}