{"id":7777,"date":"2016-09-15T15:22:44","date_gmt":"2016-09-15T13:22:44","guid":{"rendered":"http:\/\/www.naturparkmagazin.de\/vdn\/?p=7777"},"modified":"2016-09-28T15:02:00","modified_gmt":"2016-09-28T13:02:00","slug":"gruenes-band-europas-lebensader-gemeinsam-entwickeln","status":"publish","type":"post","link":"https:\/\/www.naturparkmagazin.de\/vdn\/gruenes-band-europas-lebensader-gemeinsam-entwickeln\/","title":{"rendered":"\u201eGr\u00fcnes Band\u201c \u2013 Europas Lebensader gemeinsam entwickeln"},"content":{"rendered":"<div id=\"attachment_7780\" style=\"width: 510px\" class=\"wp-caption aligncenter\"><a href=\"https:\/\/www.naturparkmagazin.de\/vdn\/wp-content\/uploads\/sites\/3\/Gruppenbild_Fischern_1_Karl_Paulus_27.7.2016-IMGP4450-beitrag.jpg\"><img aria-describedby=\"caption-attachment-7780\" decoding=\"async\" loading=\"lazy\" class=\"size-full wp-image-7780\" src=\"https:\/\/www.naturparkmagazin.de\/vdn\/wp-content\/uploads\/sites\/3\/Gruppenbild_Fischern_1_Karl_Paulus_27.7.2016-IMGP4450-beitrag.jpg\" alt=\"Ronald Lederm\u00fcller (Gesch\u00e4ftsf\u00fchrer des Naturparks Fichtelgebirge), Jindrich Horacek (Leiter des LSG Slavkovsky Les), Melanie Kreutz (Projektb\u00fcro Gr\u00fcnes Band), Jakub Kudela (Bildungszentrum REVIS Tachov), Prof. Hubert Weiger (Voritzender Bund Naturschutz und BUND), Fred Terporten-L\u00f6hner (Vorsitzender BN-Kreisgruppe Wunsiedel), Liane Geidezis (Projektb\u00fcro Gr\u00fcnes Band), B\u00fcrgermeister J\u00fcrgen Hoffmann (Hohenberg) und B\u00fcrgermeisterin Karin Fleischer (Schirnding) und stellv. Landrat Gerald Schade. \u00a9Naturpark Fichtelgebirge\" width=\"500\" height=\"300\" srcset=\"https:\/\/www.naturparkmagazin.de\/vdn\/wp-content\/uploads\/sites\/3\/Gruppenbild_Fischern_1_Karl_Paulus_27.7.2016-IMGP4450-beitrag.jpg 500w, https:\/\/www.naturparkmagazin.de\/vdn\/wp-content\/uploads\/sites\/3\/Gruppenbild_Fischern_1_Karl_Paulus_27.7.2016-IMGP4450-beitrag-300x180.jpg 300w, https:\/\/www.naturparkmagazin.de\/vdn\/wp-content\/uploads\/sites\/3\/Gruppenbild_Fischern_1_Karl_Paulus_27.7.2016-IMGP4450-beitrag-200x120.jpg 200w\" sizes=\"(max-width: 500px) 100vw, 500px\" \/><\/a><p id=\"caption-attachment-7780\" class=\"wp-caption-text\">Ronald Lederm\u00fcller (Gesch\u00e4ftsf\u00fchrer des Naturparks Fichtelgebirge), Jindrich Horacek (Leiter des LSG Slavkovsky Les), Melanie Kreutz (Projektb\u00fcro Gr\u00fcnes Band), Jakub Kudela (Bildungszentrum REVIS Tachov), Prof. Hubert Weiger (Voritzender Bund Naturschutz und BUND), Fred Terporten-L\u00f6hner (Vorsitzender BN-Kreisgruppe Wunsiedel), Liane Geidezis (Projektb\u00fcro Gr\u00fcnes Band), B\u00fcrgermeister J\u00fcrgen Hoffmann (Hohenberg) und B\u00fcrgermeisterin Karin Fleischer (Schirnding) und stellv. Landrat Gerald Schade. \u00a9Naturpark Fichtelgebirge<\/p><\/div>\n<p>Einst trennte die Grenze zwischen Ost und West die Menschen auf unerbittliche und brutale Art und Weise. Aus der ehemals t\u00f6dlichen Grenze soll ein einzigartiges Band des Lebens entstehen: das Gr\u00fcne Band Europa. Denn im Schatten und Schutz von Grenzz\u00e4unen, T\u00fcrmen und Wachanlagen konnte sich die Natur in einer Vielfalt erhalten, wie sie heute h\u00f6chst selten geworden ist. Der Naturpark Fichtelgebirge und das Tschechische Landschaftschutzgebiet Slavkovsky Les wollen gemeinsam an der Entwicklung dieses einzigartigen Projektes mitwirken.<\/p>\n<p>Das Ziel, den ehemaligen Grenzstreifen als wertvollen Biotopverbund zu erhalten und zu sch\u00fctzen, verfolgt der Bund Naturschutz seit dem Fall des Eisernen Vorhanges. Aus der urspr\u00fcnglichen Idee, die innerdeutsche Grenze als Lebensraumverbund zu erhalten, ist inzwischen das gr\u00f6\u00dfte Naturschutzprojekt der Welt geworden. Vom Polarmeer bis zum Schwarzen Meer, insgesamt 12.500 Kilometer, dehnte sich die Ost-West-Grenze einst aus. Mittlerweile ist sie in vielen L\u00e4ndern als Naturraum gesch\u00fctzt und entwickelt sich auch als touristischer Anziehungspunkt ganz hervorragend, wie viele Beispiele aus Deutschland und anderen Staaten bereits belegen.<\/p>\n<p>Bei einer Pressefahrt berichteten Prof. Hubert Weiger, der Vorsitzende des BUND und Bund Naturschutz Deutschland, und Liane Geidezis vom Projektb\u00fcro Gr\u00fcnes Band in N\u00fcrnberg von entsprechenden Erfolgsgeschichten. Treffpunkt f\u00fcr Natursch\u00fctzer und Journalisten war der Schirndinger Ortsteil Fischern. In Sichtweite der Burg Hohenberg f\u00fchrten Karl Paulus und Fred Terporten-L\u00f6hner von der Kreisgruppe des BN durch das \u00f6kologische Kleinod an der Bayerisch-tschechischen Grenze, wo der BN in den letzten Jahren Fl\u00e4chen angekauft hat und sie in Zusammenarbeit mit \u00f6rtlichen Landwirten \u00f6kologisch bewirtschaftet. \u201eWir haben hier eine immense Artenvielfalt in diesen Aubereichen\u201c, bekr\u00e4ftigten die beiden Natursch\u00fctzer den Wert der Fl\u00e4chen. Ein schillernder Eisvogel, der sich nur wenige Meter entfernt von der Gruppe auf einen Ast setzte, um nach kleinen Fischen Ausschau zu halten, unterstrich diese Tatsache sehr lebendig.<\/p>\n<p>Prof. Hubert Weiger warb f\u00fcr eine unter Schutzstellung des ehemaligen Grenzstreifens auch auf bayerischer Seite: \u201eFast in ganz Deutschland und Europa ist diese einzigartige Lebensader mittlerweile entsprechend gesch\u00fctzt und es gibt in Zusammenarbeit mit den \u00f6rtlichen Bewirtschaftern entsprechende Ma\u00dfnahmen. Auch auf tschechischer Seite. Es fehlt alleine noch das St\u00fcck zwischen Hof und Cham.\u201c Dass damit auch eine echte Chance f\u00fcr den Tourismus entstehen kann, erl\u00e4uterte Liane Geidezis. Durch Wander- und Radwege sei es inzwischen m\u00f6glich, Deutschlands Natur auf unvergleichliche Art und Weise zu erleben. Tierfilme, B\u00fccher und Dokumentationen widmen sich mittlerweile zuhauf dem Gr\u00fcnen Band.<\/p>\n<p>Dessen sind sich auch die B\u00fcrgermeisterin Karin Fleischer aus Schirnding und B\u00fcrgermeister J\u00fcrgen Hofmann aus Hohenberg an der Eger bewusst. Es sei in ihrem Interesse, diesen Naturschatz zu bewahren und auch gleichzeitig von den positiven Wirkungen zu profitieren. Interessant w\u00e4re auch die vertiefte Zusammenarbeit mit dem Landschaftsschutzgebiet Slavkovsky Les (Kaiserwald) auf tschechischer Seite. Dessen Leiter Jindrich Horacek aus Marienbad und Jakub Kudela vom Bildungszentrum Revis Tachov waren ebenfalls der Einladung nach Fischern gefolgt. Es sei eine echte Chance, gemeinsam ein weltweit bedeutendes Naturschutz-Projekt von h\u00f6chstem Wert umzusetzen und als gemeinsame grenz\u00fcbergeifende Region davon zu profitieren. Dass dies f\u00fcr den Naturpark Fichtelgebirge eine einmalige Chance sowohl \u00f6kologisch als auch touristisch sein k\u00f6nnte, davon ist auch Naturpark-Gesch\u00e4ftsf\u00fchrer Ronald Lederm\u00fcller \u00fcberzeugt: \u201eDas Gr\u00fcne Band ist der weltweit gr\u00f6\u00dfte Lebensraumverbund und auf dem besten Weg, zum Weltnaturerbe gerechnet zu werden. Teil dieses einmaligen Projektes zu sein, ist eine gro\u00dfe Chance f\u00fcr unsere Region, national und international auf uns aufmerksam zu machen.\u201c<\/p>\n","protected":false},"excerpt":{"rendered":"<p>Einst trennte die Grenze zwischen Ost und West die Menschen auf unerbittliche Art und Weise. Nun soll dort ein einzigartiges Band des Lebens entstehen: das Gr\u00fcne Band Europa. <\/p>\n","protected":false},"author":51,"featured_media":7781,"comment_status":"open","ping_status":"open","sticky":false,"template":"","format":"standard","meta":{"_links_to":"","_links_to_target":""},"categories":[7],"tags":[738,740,739,737],"yoast_head":"<!-- This site is optimized with the Yoast SEO plugin v19.10 - https:\/\/yoast.com\/wordpress\/plugins\/seo\/ -->\n<title>\u201eGr\u00fcnes Band\u201c \u2013 Europas Lebensader gemeinsam entwickeln<\/title>\n<meta name=\"description\" content=\"Einst trennte die Grenze zwischen Ost und West die Menschen auf unerbittliche Art und Weise. Nun soll dort ein einzigartiges Band des Lebens entstehen: das Gr\u00fcne Band Europa.\" \/>\n<meta name=\"robots\" content=\"index, follow, max-snippet:-1, max-image-preview:large, max-video-preview:-1\" \/>\n<link rel=\"canonical\" href=\"https:\/\/www.naturparkmagazin.de\/vdn\/gruenes-band-europas-lebensader-gemeinsam-entwickeln\/\" \/>\n<meta property=\"og:locale\" content=\"de_DE\" \/>\n<meta property=\"og:type\" content=\"article\" \/>\n<meta property=\"og:title\" content=\"\u201eGr\u00fcnes Band\u201c \u2013 Europas Lebensader gemeinsam entwickeln\" \/>\n<meta property=\"og:description\" content=\"Einst trennte die Grenze zwischen Ost und West die Menschen auf unerbittliche Art und Weise. Nun soll dort ein einzigartiges Band des Lebens entstehen: das Gr\u00fcne Band Europa.\" \/>\n<meta property=\"og:url\" content=\"https:\/\/www.naturparkmagazin.de\/vdn\/gruenes-band-europas-lebensader-gemeinsam-entwickeln\/\" \/>\n<meta property=\"og:site_name\" content=\"Verband Deutscher Naturparke\" \/>\n<meta property=\"article:published_time\" content=\"2016-09-15T13:22:44+00:00\" \/>\n<meta property=\"article:modified_time\" content=\"2016-09-28T13:02:00+00:00\" \/>\n<meta property=\"og:image\" content=\"https:\/\/www.naturparkmagazin.de\/vdn\/wp-content\/uploads\/sites\/3\/Gruppenbild_Fischern_1_Karl_Paulus_27.7.2016-IMGP4450-beitragsfoto.jpg\" \/>\n\t<meta property=\"og:image:width\" content=\"200\" \/>\n\t<meta property=\"og:image:height\" content=\"200\" \/>\n\t<meta property=\"og:image:type\" content=\"image\/jpeg\" \/>\n<meta name=\"author\" content=\"beatrixlosem\" \/>\n<meta name=\"twitter:label1\" content=\"Verfasst von\" \/>\n\t<meta name=\"twitter:data1\" content=\"beatrixlosem\" \/>\n\t<meta name=\"twitter:label2\" content=\"Gesch\u00e4tzte Lesezeit\" \/>\n\t<meta name=\"twitter:data2\" content=\"3\u00a0Minuten\" \/>\n<script type=\"application\/ld+json\" class=\"yoast-schema-graph\">{\"@context\":\"https:\/\/schema.org\",\"@graph\":[{\"@type\":\"WebPage\",\"@id\":\"https:\/\/www.naturparkmagazin.de\/vdn\/gruenes-band-europas-lebensader-gemeinsam-entwickeln\/\",\"url\":\"https:\/\/www.naturparkmagazin.de\/vdn\/gruenes-band-europas-lebensader-gemeinsam-entwickeln\/\",\"name\":\"\u201eGr\u00fcnes Band\u201c \u2013 Europas Lebensader gemeinsam entwickeln\",\"isPartOf\":{\"@id\":\"https:\/\/www.naturparkmagazin.de\/vdn\/#website\"},\"datePublished\":\"2016-09-15T13:22:44+00:00\",\"dateModified\":\"2016-09-28T13:02:00+00:00\",\"author\":{\"@id\":\"https:\/\/www.naturparkmagazin.de\/vdn\/#\/schema\/person\/d71357578c318b6db03be60b1f60396b\"},\"description\":\"Einst trennte die Grenze zwischen Ost und West die Menschen auf unerbittliche Art und Weise. Nun soll dort ein einzigartiges Band des Lebens entstehen: das Gr\u00fcne Band Europa.\",\"breadcrumb\":{\"@id\":\"https:\/\/www.naturparkmagazin.de\/vdn\/gruenes-band-europas-lebensader-gemeinsam-entwickeln\/#breadcrumb\"},\"inLanguage\":\"de\",\"potentialAction\":[{\"@type\":\"ReadAction\",\"target\":[\"https:\/\/www.naturparkmagazin.de\/vdn\/gruenes-band-europas-lebensader-gemeinsam-entwickeln\/\"]}]},{\"@type\":\"BreadcrumbList\",\"@id\":\"https:\/\/www.naturparkmagazin.de\/vdn\/gruenes-band-europas-lebensader-gemeinsam-entwickeln\/#breadcrumb\",\"itemListElement\":[{\"@type\":\"ListItem\",\"position\":1,\"name\":\"Home\",\"item\":\"https:\/\/www.naturparkmagazin.de\/vdn\/\"},{\"@type\":\"ListItem\",\"position\":2,\"name\":\"\u201eGr\u00fcnes Band\u201c \u2013 Europas Lebensader gemeinsam entwickeln\"}]},{\"@type\":\"WebSite\",\"@id\":\"https:\/\/www.naturparkmagazin.de\/vdn\/#website\",\"url\":\"https:\/\/www.naturparkmagazin.de\/vdn\/\",\"name\":\"Verband Deutscher Naturparke\",\"description\":\"Eine weitere Naturparkmagazin.de Netzwerk Seite\",\"potentialAction\":[{\"@type\":\"SearchAction\",\"target\":{\"@type\":\"EntryPoint\",\"urlTemplate\":\"https:\/\/www.naturparkmagazin.de\/vdn\/?s={search_term_string}\"},\"query-input\":\"required name=search_term_string\"}],\"inLanguage\":\"de\"},{\"@type\":\"Person\",\"@id\":\"https:\/\/www.naturparkmagazin.de\/vdn\/#\/schema\/person\/d71357578c318b6db03be60b1f60396b\",\"name\":\"beatrixlosem\",\"url\":\"https:\/\/www.naturparkmagazin.de\/vdn\/author\/beatrixlosem\/\"}]}<\/script>\n<!-- \/ Yoast SEO plugin. -->","yoast_head_json":{"title":"\u201eGr\u00fcnes Band\u201c \u2013 Europas Lebensader gemeinsam entwickeln","description":"Einst trennte die Grenze zwischen Ost und West die Menschen auf unerbittliche Art und Weise. Nun soll dort ein einzigartiges Band des Lebens entstehen: das Gr\u00fcne Band Europa.","robots":{"index":"index","follow":"follow","max-snippet":"max-snippet:-1","max-image-preview":"max-image-preview:large","max-video-preview":"max-video-preview:-1"},"canonical":"https:\/\/www.naturparkmagazin.de\/vdn\/gruenes-band-europas-lebensader-gemeinsam-entwickeln\/","og_locale":"de_DE","og_type":"article","og_title":"\u201eGr\u00fcnes Band\u201c \u2013 Europas Lebensader gemeinsam entwickeln","og_description":"Einst trennte die Grenze zwischen Ost und West die Menschen auf unerbittliche Art und Weise. Nun soll dort ein einzigartiges Band des Lebens entstehen: das Gr\u00fcne Band Europa.","og_url":"https:\/\/www.naturparkmagazin.de\/vdn\/gruenes-band-europas-lebensader-gemeinsam-entwickeln\/","og_site_name":"Verband Deutscher Naturparke","article_published_time":"2016-09-15T13:22:44+00:00","article_modified_time":"2016-09-28T13:02:00+00:00","og_image":[{"width":200,"height":200,"url":"https:\/\/www.naturparkmagazin.de\/vdn\/wp-content\/uploads\/sites\/3\/Gruppenbild_Fischern_1_Karl_Paulus_27.7.2016-IMGP4450-beitragsfoto.jpg","type":"image\/jpeg"}],"author":"beatrixlosem","twitter_misc":{"Verfasst von":"beatrixlosem","Gesch\u00e4tzte Lesezeit":"3\u00a0Minuten"},"schema":{"@context":"https:\/\/schema.org","@graph":[{"@type":"WebPage","@id":"https:\/\/www.naturparkmagazin.de\/vdn\/gruenes-band-europas-lebensader-gemeinsam-entwickeln\/","url":"https:\/\/www.naturparkmagazin.de\/vdn\/gruenes-band-europas-lebensader-gemeinsam-entwickeln\/","name":"\u201eGr\u00fcnes Band\u201c \u2013 Europas Lebensader gemeinsam entwickeln","isPartOf":{"@id":"https:\/\/www.naturparkmagazin.de\/vdn\/#website"},"datePublished":"2016-09-15T13:22:44+00:00","dateModified":"2016-09-28T13:02:00+00:00","author":{"@id":"https:\/\/www.naturparkmagazin.de\/vdn\/#\/schema\/person\/d71357578c318b6db03be60b1f60396b"},"description":"Einst trennte die Grenze zwischen Ost und West die Menschen auf unerbittliche Art und Weise. Nun soll dort ein einzigartiges Band des Lebens entstehen: das Gr\u00fcne Band Europa.","breadcrumb":{"@id":"https:\/\/www.naturparkmagazin.de\/vdn\/gruenes-band-europas-lebensader-gemeinsam-entwickeln\/#breadcrumb"},"inLanguage":"de","potentialAction":[{"@type":"ReadAction","target":["https:\/\/www.naturparkmagazin.de\/vdn\/gruenes-band-europas-lebensader-gemeinsam-entwickeln\/"]}]},{"@type":"BreadcrumbList","@id":"https:\/\/www.naturparkmagazin.de\/vdn\/gruenes-band-europas-lebensader-gemeinsam-entwickeln\/#breadcrumb","itemListElement":[{"@type":"ListItem","position":1,"name":"Home","item":"https:\/\/www.naturparkmagazin.de\/vdn\/"},{"@type":"ListItem","position":2,"name":"\u201eGr\u00fcnes Band\u201c \u2013 Europas Lebensader gemeinsam entwickeln"}]},{"@type":"WebSite","@id":"https:\/\/www.naturparkmagazin.de\/vdn\/#website","url":"https:\/\/www.naturparkmagazin.de\/vdn\/","name":"Verband Deutscher Naturparke","description":"Eine weitere Naturparkmagazin.de Netzwerk Seite","potentialAction":[{"@type":"SearchAction","target":{"@type":"EntryPoint","urlTemplate":"https:\/\/www.naturparkmagazin.de\/vdn\/?s={search_term_string}"},"query-input":"required name=search_term_string"}],"inLanguage":"de"},{"@type":"Person","@id":"https:\/\/www.naturparkmagazin.de\/vdn\/#\/schema\/person\/d71357578c318b6db03be60b1f60396b","name":"beatrixlosem","url":"https:\/\/www.naturparkmagazin.de\/vdn\/author\/beatrixlosem\/"}]}},"_links":{"self":[{"href":"https:\/\/www.naturparkmagazin.de\/vdn\/wp-json\/wp\/v2\/posts\/7777"}],"collection":[{"href":"https:\/\/www.naturparkmagazin.de\/vdn\/wp-json\/wp\/v2\/posts"}],"about":[{"href":"https:\/\/www.naturparkmagazin.de\/vdn\/wp-json\/wp\/v2\/types\/post"}],"author":[{"embeddable":true,"href":"https:\/\/www.naturparkmagazin.de\/vdn\/wp-json\/wp\/v2\/users\/51"}],"replies":[{"embeddable":true,"href":"https:\/\/www.naturparkmagazin.de\/vdn\/wp-json\/wp\/v2\/comments?post=7777"}],"version-history":[{"count":1,"href":"https:\/\/www.naturparkmagazin.de\/vdn\/wp-json\/wp\/v2\/posts\/7777\/revisions"}],"predecessor-version":[{"id":7786,"href":"https:\/\/www.naturparkmagazin.de\/vdn\/wp-json\/wp\/v2\/posts\/7777\/revisions\/7786"}],"wp:featuredmedia":[{"embeddable":true,"href":"https:\/\/www.naturparkmagazin.de\/vdn\/wp-json\/wp\/v2\/media\/7781"}],"wp:attachment":[{"href":"https:\/\/www.naturparkmagazin.de\/vdn\/wp-json\/wp\/v2\/media?parent=7777"}],"wp:term":[{"taxonomy":"category","embeddable":true,"href":"https:\/\/www.naturparkmagazin.de\/vdn\/wp-json\/wp\/v2\/categories?post=7777"},{"taxonomy":"post_tag","embeddable":true,"href":"https:\/\/www.naturparkmagazin.de\/vdn\/wp-json\/wp\/v2\/tags?post=7777"}],"curies":[{"name":"wp","href":"https:\/\/api.w.org\/{rel}","templated":true}]}}